{"id":56989,"date":"2021-02-11T07:46:17","date_gmt":"2021-02-11T13:46:17","guid":{"rendered":"http:\/\/www.grieta.org.mx\/?p=56989"},"modified":"2021-02-16T07:59:11","modified_gmt":"2021-02-16T13:59:11","slug":"ejidatarios-protestan-por-venta-ilegal-de-tierras-en-muxupip-yucatan","status":"publish","type":"post","link":"https:\/\/www.grieta.org.mx\/index.php\/2021\/02\/11\/ejidatarios-protestan-por-venta-ilegal-de-tierras-en-muxupip-yucatan\/","title":{"rendered":"Ejidatarios protestan por venta ilegal de tierras en Muxupip (Yucat\u00e1n)"},"content":{"rendered":"<p><img loading=\"lazy\" decoding=\"async\" data-attachment-id=\"56990\" data-permalink=\"https:\/\/www.grieta.org.mx\/index.php\/2021\/02\/11\/ejidatarios-protestan-por-venta-ilegal-de-tierras-en-muxupip-yucatan\/ejidatarios-de-muxupip-scaled\/\" data-orig-file=\"https:\/\/www.grieta.org.mx\/wp-content\/uploads\/2021\/02\/Ejidatarios-de-Muxupip-scaled-1.jpg\" data-orig-size=\"768,431\" data-comments-opened=\"0\" data-image-meta=\"{&quot;aperture&quot;:&quot;0&quot;,&quot;credit&quot;:&quot;&quot;,&quot;camera&quot;:&quot;&quot;,&quot;caption&quot;:&quot;&quot;,&quot;created_timestamp&quot;:&quot;1613051918&quot;,&quot;copyright&quot;:&quot;&quot;,&quot;focal_length&quot;:&quot;0&quot;,&quot;iso&quot;:&quot;0&quot;,&quot;shutter_speed&quot;:&quot;0&quot;,&quot;title&quot;:&quot;&quot;,&quot;orientation&quot;:&quot;1&quot;}\" data-image-title=\"Ejidatarios-de-Muxupip-scaled\" data-image-description=\"\" data-image-caption=\"\" data-medium-file=\"https:\/\/www.grieta.org.mx\/wp-content\/uploads\/2021\/02\/Ejidatarios-de-Muxupip-scaled-1-300x168.jpg\" data-large-file=\"https:\/\/www.grieta.org.mx\/wp-content\/uploads\/2021\/02\/Ejidatarios-de-Muxupip-scaled-1.jpg\" src=\"http:\/\/www.grieta.org.mx\/wp-content\/uploads\/2021\/02\/Ejidatarios-de-Muxupip-scaled-1.jpg\" alt=\"\" width=\"768\" height=\"431\" class=\"alignnone size-full wp-image-56990\" srcset=\"https:\/\/www.grieta.org.mx\/wp-content\/uploads\/2021\/02\/Ejidatarios-de-Muxupip-scaled-1.jpg 768w, https:\/\/www.grieta.org.mx\/wp-content\/uploads\/2021\/02\/Ejidatarios-de-Muxupip-scaled-1-300x168.jpg 300w\" sizes=\"auto, (max-width: 768px) 100vw, 768px\" \/><\/p>\n<p>Reporteros Hoy<\/p>\n<p>M\u00e9rida, Yucat\u00e1n; 11 de febrero de 2021 (ACOM).- Unos 80 ejidatarios del municipio de Muxupip se manifestaron en el Tribunal Agrario Unitario de M\u00e9rida para exigir la devoluci\u00f3n de mil 600 hect\u00e1reas de terreno que habr\u00edan sido vendidas de manera ilegal a 3 empresarios.<\/p>\n<p>Los quejosos, quienes gritaban injurias y portaban pancartas de rechazo, afirmaron que la magistrada del tribunal, Isabel Ochoa, aval\u00f3 la venta de dichos terrenos ejidales, aunque estos afirman que la asamblea en la que se har\u00eda la transacci\u00f3n no alcanz\u00f3 el qu\u00f3rum necesario, por lo que esta no fue legal.<\/p>\n<p>Santos Mart\u00edn Mex, comisario ejidal de Muxupip, tambi\u00e9n denunci\u00f3 que dicha funcionaria anul\u00f3 la elecci\u00f3n que este gan\u00f3 en octubre del a\u00f1o pasado, situaci\u00f3n que los campesinos calificaron como un acto de corrupci\u00f3n.<\/p>\n<p>Exigieron que las autoridades agrarias den marcha atr\u00e1s a este proceso y se\u00f1alaron que no es la primera vez que son presas de este tipo de artima\u00f1as. Insistieron en que dicho tribunal est\u00e1 al servicio de intereses obscuros.<\/p>\n<p>Durante la protesta, los quejosos se enfrentaron a una persona a la que se\u00f1alan como presunta orquestadora de los atropellos en contra del ejido, la cual intent\u00f3 revirar, aunque al final tuvo que huir de los campesinos.<\/p>\n<p>Se averigu\u00f3 que un grupo de ejidatarios fue atendido en la dependencia federal para aclarar esta situaci\u00f3n.<\/p>\n<p><a href=\"https:\/\/reporteroshoy.mx\/noticias\/ejidatarios-protestan-por-venta-ilegal-de-tierras-en-muxupip\/\" rel=\"noopener\" target=\"_blank\">https:\/\/reporteroshoy.mx\/noticias\/ejidatarios-protestan-por-venta-ilegal-de-tierras-en-muxupip\/<\/a><\/p>\n","protected":false},"excerpt":{"rendered":"<p>Reporteros Hoy M\u00e9rida, Yucat\u00e1n; 11 de febrero de 2021 (ACOM).- Unos 80 ejidatarios del municipio de Muxupip se manifestaron en el Tribunal Agrario Unitario de M\u00e9rida para exigir la devoluci\u00f3n &hellip; <a href=\"https:\/\/www.grieta.org.mx\/index.php\/2021\/02\/11\/ejidatarios-protestan-por-venta-ilegal-de-tierras-en-muxupip-yucatan\/\" class=\"more-link\">Leer m\u00e1s<\/a><\/p>\n","protected":false},"author":2,"featured_media":56990,"comment_status":"closed","ping_status":"closed","sticky":false,"template":"","format":"standard","meta":{"ngg_post_thumbnail":0,"_jetpack_newsletter_access":"","_jetpack_dont_email_post_to_subs":false,"_jetpack_newsletter_tier_id":0,"_jetpack_memberships_contains_paywalled_content":false,"_jetpack_memberships_contains_paid_content":false,"footnotes":""},"categories":[80,2,1071,36],"tags":[184,2311,175,1817],"class_list":["post-56989","post","type-post","status-publish","format-standard","has-post-thumbnail","hentry","category-cintillo","category-noticias-nacionales","category-resistencia-al-despojo-de-tierras-ejidales-en-yucatan","category-yucatan","tag-despojo","tag-despojo-de-tierras","tag-ejidatarios","tag-tierras-ejidales","entry"],"jetpack_featured_media_url":"https:\/\/www.grieta.org.mx\/wp-content\/uploads\/2021\/02\/Ejidatarios-de-Muxupip-scaled-1.jpg","jetpack_sharing_enabled":true,"jetpack_shortlink":"https:\/\/wp.me\/p7ZJR4-ePb","jetpack_likes_enabled":false,"jetpack-related-posts":[{"id":40898,"url":"https:\/\/www.grieta.org.mx\/index.php\/2019\/11\/02\/pretenden-obligar-a-desistirse-de-su-denuncia-contra-venta-amanada-de-tierras-a-ejidatarios-que-se-oponen-en-chochola-yucatan\/","url_meta":{"origin":56989,"position":0},"title":"Pretenden obligar a desistirse de su denuncia contra venta ama\u00f1ada de tierras a ejidatarios que se oponen en Chochol\u00e1 (Yucat\u00e1n)","author":"grieta","date":"2 noviembre, 2019","format":false,"excerpt":"https:\/\/youtu.be\/hBL2UFMSF2M Redacci\u00f3n\/ Infolliteras Los ejidatarios que han denunciado las maniobras empresariales para apropiarse ilegalmente de tierras en el municipio de Chochol\u00e1 y que se oponen a la venta de tierras a empresarios conocidos en Yucat\u00e1n, dieron a conocer las amenazas a trav\u00e9s de las cuales se les pretende obligar a\u2026","rel":"","context":"En &quot;CINTILLO&quot;","block_context":{"text":"CINTILLO","link":"https:\/\/www.grieta.org.mx\/index.php\/category\/cintillo\/"},"img":{"alt_text":"","src":"https:\/\/i0.wp.com\/www.grieta.org.mx\/wp-content\/uploads\/2019\/11\/RechazanChochola.png?resize=350%2C200&ssl=1","width":350,"height":200,"srcset":"https:\/\/i0.wp.com\/www.grieta.org.mx\/wp-content\/uploads\/2019\/11\/RechazanChochola.png?resize=350%2C200&ssl=1 1x, https:\/\/i0.wp.com\/www.grieta.org.mx\/wp-content\/uploads\/2019\/11\/RechazanChochola.png?resize=525%2C300&ssl=1 1.5x, https:\/\/i0.wp.com\/www.grieta.org.mx\/wp-content\/uploads\/2019\/11\/RechazanChochola.png?resize=700%2C400&ssl=1 2x"},"classes":[]},{"id":56992,"url":"https:\/\/www.grieta.org.mx\/index.php\/2021\/02\/14\/turba-de-ejidatarios-suspende-asamblea-informativa-en-acanceh-yucatan\/","url_meta":{"origin":56989,"position":1},"title":"Turba de ejidatarios suspende asamblea informativa en Acanceh (Yucat\u00e1n)","author":"grieta","date":"14 febrero, 2021","format":false,"excerpt":"Por Esto! El grupo de campesinos ingres\u00f3 a la fuerza para evitar que se realizara la asamblea Una turba de ejidatarios ingres\u00f3 a la fuerza a la casa ejidal de Acanceh para suspender la asamblea informativa en donde se aprobar\u00eda la venta de terrenos ejidales y se acordar\u00eda el pago\u2026","rel":"","context":"En &quot;CINTILLO&quot;","block_context":{"text":"CINTILLO","link":"https:\/\/www.grieta.org.mx\/index.php\/category\/cintillo\/"},"img":{"alt_text":"","src":"https:\/\/i0.wp.com\/www.grieta.org.mx\/wp-content\/uploads\/2021\/02\/Acanche.png?resize=350%2C200&ssl=1","width":350,"height":200,"srcset":"https:\/\/i0.wp.com\/www.grieta.org.mx\/wp-content\/uploads\/2021\/02\/Acanche.png?resize=350%2C200&ssl=1 1x, https:\/\/i0.wp.com\/www.grieta.org.mx\/wp-content\/uploads\/2021\/02\/Acanche.png?resize=525%2C300&ssl=1 1.5x"},"classes":[]},{"id":64477,"url":"https:\/\/www.grieta.org.mx\/index.php\/2022\/06\/29\/tribunal-agrario-de-yucatan-senalado-por-participacion-en-transas-ejidales-en-municipios\/","url_meta":{"origin":56989,"position":2},"title":"Tribunal Agrario de Yucat\u00e1n, se\u00f1alado por participaci\u00f3n en transas ejidales en municipios","author":"grieta","date":"29 junio, 2022","format":false,"excerpt":"Daniel Santiago \/ Por Esto! Tras la manifestaci\u00f3n de ejidatarios de cuatro municipios, a las afueras del Tribunal Unitario Agrario n\u00famero 34 para denunciar supuestos despojos de tierras, el coordinador del Frente Campesino, Pedro Quijano, dijo, en entrevista para POR ESTO!, que hay m\u00e1s comunidades con problemas de supuestas transas\u2026","rel":"","context":"En &quot;CINTILLO&quot;","block_context":{"text":"CINTILLO","link":"https:\/\/www.grieta.org.mx\/index.php\/category\/cintillo\/"},"img":{"alt_text":"","src":"https:\/\/i0.wp.com\/www.grieta.org.mx\/wp-content\/uploads\/2022\/07\/TribunalAgrarioDespojo-e1656872148232.png?resize=350%2C200&ssl=1","width":350,"height":200,"srcset":"https:\/\/i0.wp.com\/www.grieta.org.mx\/wp-content\/uploads\/2022\/07\/TribunalAgrarioDespojo-e1656872148232.png?resize=350%2C200&ssl=1 1x, https:\/\/i0.wp.com\/www.grieta.org.mx\/wp-content\/uploads\/2022\/07\/TribunalAgrarioDespojo-e1656872148232.png?resize=525%2C300&ssl=1 1.5x, https:\/\/i0.wp.com\/www.grieta.org.mx\/wp-content\/uploads\/2022\/07\/TribunalAgrarioDespojo-e1656872148232.png?resize=700%2C400&ssl=1 2x"},"classes":[]},{"id":43351,"url":"https:\/\/www.grieta.org.mx\/index.php\/2020\/01\/21\/dan-marcha-atras-presunta-venta-de-tierras-ejidales-en-kimbila-yucatan\/","url_meta":{"origin":56989,"position":3},"title":"Dan marcha atr\u00e1s presunta venta de tierras ejidales en Kimbil\u00e1 (Yucat\u00e1n)","author":"grieta","date":"21 enero, 2020","format":false,"excerpt":"Reporteros Hoy Izamal, Yucat\u00e1n; (ACOM).- Unas 100 personas fueron a buscar a su casa al comisario Ejidal Casiano Pat May a fin de que d\u00e9 explicaciones sobre la presunta venta de tierras ejidales que se encuentran dentro de la reserva de terrenos para el crecimiento urbano de la localidad. El\u2026","rel":"","context":"En &quot;CINTILLO&quot;","block_context":{"text":"CINTILLO","link":"https:\/\/www.grieta.org.mx\/index.php\/category\/cintillo\/"},"img":{"alt_text":"","src":"https:\/\/i0.wp.com\/www.grieta.org.mx\/wp-content\/uploads\/2020\/01\/Kimbila1.jpg?resize=350%2C200&ssl=1","width":350,"height":200,"srcset":"https:\/\/i0.wp.com\/www.grieta.org.mx\/wp-content\/uploads\/2020\/01\/Kimbila1.jpg?resize=350%2C200&ssl=1 1x, https:\/\/i0.wp.com\/www.grieta.org.mx\/wp-content\/uploads\/2020\/01\/Kimbila1.jpg?resize=525%2C300&ssl=1 1.5x, https:\/\/i0.wp.com\/www.grieta.org.mx\/wp-content\/uploads\/2020\/01\/Kimbila1.jpg?resize=700%2C400&ssl=1 2x"},"classes":[]},{"id":71599,"url":"https:\/\/www.grieta.org.mx\/index.php\/2025\/04\/12\/despojados-de-168-hectareas-yucatan\/","url_meta":{"origin":56989,"position":4},"title":"Despojados de 168 hect\u00e1reas (Yucat\u00e1n)","author":"grieta","date":"12 abril, 2025","format":false,"excerpt":"Sol Yucat\u00e1n Ejidatarios del municipio de Baca, han alzado la voz para denunciar el despojo y la deforestaci\u00f3n ilegal de al menos 168 hect\u00e1reas de tierras ejidales de uso com\u00fan sin el permiso correspondiente. Ejidatarios del municipio de Baca, han alzado la voz para denunciar el despojo y la deforestaci\u00f3n\u2026","rel":"","context":"En &quot;CINTILLO&quot;","block_context":{"text":"CINTILLO","link":"https:\/\/www.grieta.org.mx\/index.php\/category\/cintillo\/"},"img":{"alt_text":"","src":"https:\/\/i0.wp.com\/www.grieta.org.mx\/wp-content\/uploads\/2025\/04\/Baca-e1744760844210.jpg?resize=350%2C200&ssl=1","width":350,"height":200,"srcset":"https:\/\/i0.wp.com\/www.grieta.org.mx\/wp-content\/uploads\/2025\/04\/Baca-e1744760844210.jpg?resize=350%2C200&ssl=1 1x, https:\/\/i0.wp.com\/www.grieta.org.mx\/wp-content\/uploads\/2025\/04\/Baca-e1744760844210.jpg?resize=525%2C300&ssl=1 1.5x, https:\/\/i0.wp.com\/www.grieta.org.mx\/wp-content\/uploads\/2025\/04\/Baca-e1744760844210.jpg?resize=700%2C400&ssl=1 2x"},"classes":[]},{"id":54108,"url":"https:\/\/www.grieta.org.mx\/index.php\/2020\/10\/12\/denuncian-agresion-contra-ejidatarios-de-samahil-por-no-vender-tierras-yucatan\/","url_meta":{"origin":56989,"position":5},"title":"Denuncian agresi\u00f3n contra ejidatarios de Samahil por no vender tierras (Yucat\u00e1n)","author":"grieta","date":"12 octubre, 2020","format":false,"excerpt":"Karen Clemente \/ Quadrat\u00edn Yucat\u00e1n SAMAHIL, Yuc., .- Integrantes del Frente Campesino en Defensa de la Tierra y la Vida, denunciaron p\u00fablicamente la agresi\u00f3n que sufri\u00f3 el se\u00f1or Wilberth Chuil Quintal el pasado viernes a manos de tres sujetos, presuntamente por no querer vender sus terrenos a especuladores de tierras.\u2026","rel":"","context":"En &quot;CINTILLO&quot;","block_context":{"text":"CINTILLO","link":"https:\/\/www.grieta.org.mx\/index.php\/category\/cintillo\/"},"img":{"alt_text":"","src":"https:\/\/i0.wp.com\/www.grieta.org.mx\/wp-content\/uploads\/2020\/10\/edjitadarios-samahil-1160x700-1-e1602553464393.jpg?resize=350%2C200&ssl=1","width":350,"height":200,"srcset":"https:\/\/i0.wp.com\/www.grieta.org.mx\/wp-content\/uploads\/2020\/10\/edjitadarios-samahil-1160x700-1-e1602553464393.jpg?resize=350%2C200&ssl=1 1x, https:\/\/i0.wp.com\/www.grieta.org.mx\/wp-content\/uploads\/2020\/10\/edjitadarios-samahil-1160x700-1-e1602553464393.jpg?resize=525%2C300&ssl=1 1.5x, https:\/\/i0.wp.com\/www.grieta.org.mx\/wp-content\/uploads\/2020\/10\/edjitadarios-samahil-1160x700-1-e1602553464393.jpg?resize=700%2C400&ssl=1 2x"},"classes":[]}],"_links":{"self":[{"href":"https:\/\/www.grieta.org.mx\/index.php\/wp-json\/wp\/v2\/posts\/56989","targetHints":{"allow":["GET"]}}],"collection":[{"href":"https:\/\/www.grieta.org.mx\/index.php\/wp-json\/wp\/v2\/posts"}],"about":[{"href":"https:\/\/www.grieta.org.mx\/index.php\/wp-json\/wp\/v2\/types\/post"}],"author":[{"embeddable":true,"href":"https:\/\/www.grieta.org.mx\/index.php\/wp-json\/wp\/v2\/users\/2"}],"replies":[{"embeddable":true,"href":"https:\/\/www.grieta.org.mx\/index.php\/wp-json\/wp\/v2\/comments?post=56989"}],"version-history":[{"count":1,"href":"https:\/\/www.grieta.org.mx\/index.php\/wp-json\/wp\/v2\/posts\/56989\/revisions"}],"predecessor-version":[{"id":56991,"href":"https:\/\/www.grieta.org.mx\/index.php\/wp-json\/wp\/v2\/posts\/56989\/revisions\/56991"}],"wp:featuredmedia":[{"embeddable":true,"href":"https:\/\/www.grieta.org.mx\/index.php\/wp-json\/wp\/v2\/media\/56990"}],"wp:attachment":[{"href":"https:\/\/www.grieta.org.mx\/index.php\/wp-json\/wp\/v2\/media?parent=56989"}],"wp:term":[{"taxonomy":"category","embeddable":true,"href":"https:\/\/www.grieta.org.mx\/index.php\/wp-json\/wp\/v2\/categories?post=56989"},{"taxonomy":"post_tag","embeddable":true,"href":"https:\/\/www.grieta.org.mx\/index.php\/wp-json\/wp\/v2\/tags?post=56989"}],"curies":[{"name":"wp","href":"https:\/\/api.w.org\/{rel}","templated":true}]}}