{"id":56971,"date":"2021-02-10T21:44:03","date_gmt":"2021-02-11T03:44:03","guid":{"rendered":"http:\/\/www.grieta.org.mx\/?p=56971"},"modified":"2021-02-15T21:54:03","modified_gmt":"2021-02-16T03:54:03","slug":"de-aqui-no-nos-vamos-a-mover-familiares-de-desaparecidos-realizan-planton-en-ijcf-para-exigir-se-acelere-la-identificacion-forense-jalisco","status":"publish","type":"post","link":"https:\/\/www.grieta.org.mx\/index.php\/2021\/02\/10\/de-aqui-no-nos-vamos-a-mover-familiares-de-desaparecidos-realizan-planton-en-ijcf-para-exigir-se-acelere-la-identificacion-forense-jalisco\/","title":{"rendered":"\u201cDe aqu\u00ed no nos vamos a mover\u201d: Familiares de desaparecidos realizan plant\u00f3n en IJCF para exigir se acelere la identificaci\u00f3n forense (Jalisco)"},"content":{"rendered":"<p><img loading=\"lazy\" decoding=\"async\" data-attachment-id=\"56972\" data-permalink=\"https:\/\/www.grieta.org.mx\/index.php\/2021\/02\/10\/de-aqui-no-nos-vamos-a-mover-familiares-de-desaparecidos-realizan-planton-en-ijcf-para-exigir-se-acelere-la-identificacion-forense-jalisco\/forense-5\/\" data-orig-file=\"https:\/\/www.grieta.org.mx\/wp-content\/uploads\/2021\/02\/forense-5.jpeg\" data-orig-size=\"800,533\" data-comments-opened=\"0\" data-image-meta=\"{&quot;aperture&quot;:&quot;0&quot;,&quot;credit&quot;:&quot;&quot;,&quot;camera&quot;:&quot;&quot;,&quot;caption&quot;:&quot;&quot;,&quot;created_timestamp&quot;:&quot;0&quot;,&quot;copyright&quot;:&quot;&quot;,&quot;focal_length&quot;:&quot;0&quot;,&quot;iso&quot;:&quot;0&quot;,&quot;shutter_speed&quot;:&quot;0&quot;,&quot;title&quot;:&quot;&quot;,&quot;orientation&quot;:&quot;0&quot;}\" data-image-title=\"forense-5\" data-image-description=\"\" data-image-caption=\"\" data-medium-file=\"https:\/\/www.grieta.org.mx\/wp-content\/uploads\/2021\/02\/forense-5-300x200.jpeg\" data-large-file=\"https:\/\/www.grieta.org.mx\/wp-content\/uploads\/2021\/02\/forense-5.jpeg\" class=\"size-full wp-image-56972 aligncenter\" src=\"http:\/\/www.grieta.org.mx\/wp-content\/uploads\/2021\/02\/forense-5.jpeg\" alt=\"\" width=\"800\" height=\"533\" srcset=\"https:\/\/www.grieta.org.mx\/wp-content\/uploads\/2021\/02\/forense-5.jpeg 800w, https:\/\/www.grieta.org.mx\/wp-content\/uploads\/2021\/02\/forense-5-300x200.jpeg 300w, https:\/\/www.grieta.org.mx\/wp-content\/uploads\/2021\/02\/forense-5-768x512.jpeg 768w, https:\/\/www.grieta.org.mx\/wp-content\/uploads\/2021\/02\/forense-5-750x500.jpeg 750w\" sizes=\"auto, (max-width: 800px) 100vw, 800px\" \/><\/p>\n<p>Foto: Zona Docs<\/p>\n<p><strong>Por la falta de resultados en las confrontas gen\u00e9ticas entre las tomas de ADN de familiares de desaparecidos y las obtenidas de los cuerpos de personas fallecidas no identificadas, pero sobre todo por el calvario que implica el recuperar el cuerpo de sus familiares luego de identificarlos, integrantes de Familias Unidas por Nuestros Desaparecidos Jalisco (FUNDEJ) realizan un plant\u00f3n permanente en el Instituto Jalisciense de Ciencias Forenses que no se mover\u00e1 hasta que esta instancia y la Fiscal\u00eda del Estado de Jalisco realicen acciones urgentes para superar la crisis forense.<\/strong><\/p>\n<p>Christian Cantero \/ Zona Docs<\/p>\n<p>Mujeres integrantes del colectivo<i>\u00a0Familias Unidas Por Nuestros Desaparecidos Jalisco<\/i>\u00a0(FUNDEJ) se manifestaron frente al Instituto Jalisciense de Ciencias Forenses (IJCF) para reclamar y ejercer presi\u00f3n para la pronta identificaci\u00f3n de las personas fallecidas no identificadas que est\u00e1n bajo el resguardo del IJCF y la Fiscal\u00eda del Estado de Jalisco<strong>; anunciaron que, adem\u00e1s, permanecer\u00e1n en un plant\u00f3n permanente hasta que se realicen acciones urgentes que permiten la entrega de los cuerpos de quienes ya han sido identificados\u00a0<\/strong><\/p>\n<p>Guadalupe Aguilar, vocera de FUNDEJ, comunic\u00f3:\u00a0<strong>\u201cEstaremos aqu\u00ed d\u00eda y noche hasta que se nos d\u00e9 una respuesta a nuestras peticiones\u201d,<\/strong>\u00a0las cuales recalcaron como<strong>\u00a0\u201cexigencias factibles de llevar a cabo (\u2026), as\u00ed que queremos que quede claro que no estamos aqu\u00ed por gusto, estamos aqu\u00ed porque los amamos\u201d.<\/strong><\/p>\n<p>Entre las exigencias del colectivo de familiares de personas desaparecidas\u00a0<strong>est\u00e1n la realizaci\u00f3n inmediata de las confrontas gen\u00e9ticas entre el ADN que les han tomado como familiares y el ADN de las personas fallecidas no identificadas bajo resguardo de la autoridad; as\u00ed como la publicitaci\u00f3n de dichos resultados para que familias puedan recuperar a su ser querido desaparecido<\/strong>; tambi\u00e9n piden que se contrate a personal capacitado para hacer estos trabajos; por ejemplo, peritos, genetistas, m\u00e9dicos y antrop\u00f3logos forenses, pues esto ayudar\u00eda a la pronta identificaci\u00f3n de los cuerpos\u00a0 segmentados que en los \u00faltimos a\u00f1os han sido localizados en fosas clandestinas.<\/p>\n<p><em><strong>\u201cDesafortunadamente, la delincuencia nos los ha entregado en segmentos, nos est\u00e1n haciendo sufrir m\u00e1s, cada d\u00eda, y si alguno de ellos nos escucha, les pedimos que, si ya nos los mataron, nos los dejen donde los podamos encontrar, porque a ustedes tambi\u00e9n los busca su mam\u00e1\u201d manifest\u00f3 Guadalupe Aguilar de FUNDEJ.<\/strong><\/em><\/p>\n<p>Conforme a los datos presentados, el pasado 29 de enero de 2021, por la Secretar\u00eda de Gobernaci\u00f3n,<strong>\u00a0Jalisco concentra el 40% de todos los cuerpos de personas fallecidas no identificadas que se han localizado en fosas clandestinas en los \u00faltimos dos a\u00f1os.<\/strong><\/p>\n<p>Los municipios con m\u00e1s exhumaciones de cuerpos o partes de \u00e9ste son:\u00a0<strong>El Salto (189 cuerpos), Tlaquepaque (88) y Zapopan (46).<\/strong><\/p>\n<p>Esta dura realidad se materializ\u00f3 en la manifestaci\u00f3n en la carpeta que Guadalupe Aguilar mostr\u00f3 con las hojas de las integrantes de FUNDEJ que ya localizaron a sus desaparecidos tras el hallazgo de las fosas y que, sin embargo, no han sido entregados a sus familiares.<\/p>\n<p><em>\u201c<strong>Todas estas (hojas dentro de una carpeta) ya encontraron un resto de sus hijos, ya tienen la certeza de que est\u00e1n muertos y que est\u00e1n aqu\u00ed, pero a\u00fan no se los entregan, pues les falta que conformen todo el cuerpo, ya que la delincuencia nos los est\u00e1 dejando en segmentos. Entonces, ya identificaron un segmento o dos o tres, y nosotras les estamos ayudando\u201d explic\u00f3 Guadalupe al remarcar la relevancia que tiene el proceso de \u201cconfronta\u201d.<\/strong><\/em><\/p>\n<p><em><strong>\u201cPero, el Instituto no nos da respuesta en cuanto al ADN y a las confrontas \u00bfpor qu\u00e9 no nos dan respuesta? Adjudican falta de personal, pero principalmente porque no tienen una base de datos, eso no lo dicen ellos, eso no lo digo yo porque l\u00f3gicamente, si tuviesen una base de datos nada m\u00e1s ser\u00eda confrontar con todo, pero esa base de datos no existe, por lo tanto les cuesta m\u00e1s trabajo hacer las confrontas y darnos una respuesta de gen\u00e9tica\u201d.<\/strong><\/em><\/p>\n<p>Adem\u00e1s explic\u00f3 que es necesario llegar a un acuerdo entre la Fiscal\u00eda del Estado de Jalisco, la Comisi\u00f3n Estatal de B\u00fasqueda de Personas, la Comisi\u00f3n Estatal de Atenci\u00f3n a V\u00edctimas y el Instituto Jalisciense de Ciencias Forenses, pues todas estas instituciones deben trabajar de manera coordinada y siempre con las familias de las y los desaparecidos al centro.<\/p>\n<p><em><strong>\u201cLas autoridades tienen mucho que ver tambi\u00e9n en la revictimizaci\u00f3n que se est\u00e1 haciendo a todas las se\u00f1oras\u2026 porque a\u00fan cuando ya est\u00e1n a punto de que van a entregar un cuerpo, nos la hacen cansada en Fiscal\u00eda, porque no es posible que ah\u00ed haya casi tres mil cuerpos y no sepan de qui\u00e9nes son, y nosotras busque y busque (\u2026) Exigimos una mesa de di\u00e1logo para respuestas contundentes porque no estamos aqu\u00ed por gusto, estamos aqu\u00ed porque tenemos desaparecidos\u201d puntualiz\u00f3 Guadalupe Aguilar.<\/strong><\/em><\/p>\n<p><b>\u00bfPor qu\u00e9 no nos entregan los cuerpos de nuestros familiares?<\/b><\/p>\n<p>Guadalupe Gallardo identific\u00f3 el cuerpo de su hermano hace un poco m\u00e1s de dos meses, pero debido a las largas que le dan y al entorpecido proceso entre la Fiscal\u00eda del Estado de Jalisco y el IJCF no le ha sido posible recuperar el cuerpo de su hermano.<\/p>\n<p><em><strong>\u201cA mi hermano lo identifiqu\u00e9 por su ropa, por sus cadenitas y despu\u00e9s fue positivo y supimos que era \u00e9l, pero no hay respuestas claras\u2026 no sabemos el por qu\u00e9 no nos lo entregan. Es una cosa muy fea saber que \u00e9l est\u00e1 aqu\u00ed y no nos lo entregan, llegar a mi casa y decirle a mi madre que todav\u00eda nada, porque te dan esperanzas, pero no pasa de ah\u00ed\u201d.<\/strong><\/em><\/p>\n<p>Esto lo precis\u00f3 Guadalupe quien decidi\u00f3 unirse con FUNDEJ al plat\u00f3n porque ya desea darle paz a su madre y familia.<\/p>\n<p><em>\u201c<strong>Hoy estoy en este plant\u00f3n estoy para exigir que ya me entreguen a mi hermano, yo s\u00e9 que ya est\u00e1 aqu\u00ed, pero con las confrontas todav\u00eda no tenemos respuesta de cu\u00e1ndo nos lo vayan a entregar; nada m\u00e1s nos dicen que est\u00e1 en proceso y que vente en quince d\u00edas, vente en quince d\u00edas, y pues de quince en quince as\u00ed nos traen\u201d explic\u00f3<\/strong><\/em><\/p>\n<p>El hermano de Guadalupe es\u00a0<strong>Juan de Dios Gallardo P\u00e9rez, \u00e9l fue desaparecido el 16 de julio de 2020 en la colonia Ermita en El Salto, Jalisco.<\/strong><\/p>\n<p>Esta terrible circunstancia tambi\u00e9n la padece Consuelo Mart\u00ednez;\u00a0<strong>ella est\u00e1 buscando a su hijo desaparecido, pero hace un poco m\u00e1s de un a\u00f1o lo encontr\u00f3 e identific\u00f3 entre los cuerpos resguardados en el SEMEFO del IJCF<\/strong>; sin embargo, es fecha que no logra recuperar su cuerpo porque le hace falta los resultados de la Direcci\u00f3n de Gen\u00e9tica del IJCF.<\/p>\n<p><em><strong>\u201cNosotras ya sabemos que es tardado, pero no tanto, yo tengo confronta de la cabeza y un brazo desde el 14 de agosto, y hasta ahorita (6 meses despu\u00e9s) no ha salido el resultado\u201d.<\/strong><\/em><\/p>\n<p>El cuerpo de su hijo lleg\u00f3 al ICFJ el 30 de enero del 2020; desde, entonces, ha comenzado un duro peregrinar para recuperar el cuerpo de su hijo.<\/p>\n<p><em><strong>\u201cMe dijeron que iba a ser tardado, de tres a cuatro meses, pero ya es m\u00e1s de un a\u00f1o. Yo no he dejado de venir, yo vengo cada ocho d\u00edas, pero las excusas que nos dan son: todav\u00eda no hay nada, no se desespere\u201d y, \u00faltimamente, dicen que es por culpa del COVID-19\u2026 que, porque est\u00e1n incapacitados, que les hace falta gente, porque la mayor\u00eda eran personas adultas y las tuvieron que descansar. Yo soy diab\u00e9tica e hipertensa y aqu\u00ed estoy\u201d.<\/strong><\/em><\/p>\n<p>De su hijo, a la fecha, tiene ya identificados un brazo, la cabeza, el torso y los pies, pero a pesar de ello dicen que se los entregar\u00e1n hasta que est\u00e9 completo:<\/p>\n<p><em><strong>\u201cYa es mucho, un a\u00f1o y no me entregan a mi hijo, todav\u00eda en las condiciones que se encontr\u00f3, y permanecer un a\u00f1o aqu\u00ed, es muy desgastante, el dolor es mucho, s\u00f3lo quiero que me lo den para darle santa sepultura, tener un lugar a donde llorarle, no aqu\u00ed\u201d.<\/strong><\/em><\/p>\n<p><strong>El hijo de Consuelo se llama Salvador Guadalupe Mungu\u00eda Mart\u00ednez fue desaparecido el 21 de octubre de 2019.<\/strong><\/p>\n<p>Por su parte, Silvia Ramos busca a su hija\u00a0<strong>Tania Marita Francine Ch\u00e1vez Ramos, de 25 a\u00f1os, quien fue desaparecida junto a su pareja el 5 de marzo de 2020 en la colonia Villas de San Agust\u00edn en Tlajomulco de Z\u00fa\u00f1iga.<\/strong><\/p>\n<p>Para el d\u00eda 7 de Marzo, el cuerpo de la pareja de su hija ya estaba en el IJCF, pero no fue hasta el mes de junio que, preguntando, ella se enter\u00f3:\u00a0<strong>\u201ca \u00e9l ya lo sepult\u00e9, ya s\u00f3lo queda encontrar a mi hija\u201d<\/strong>, pero de ella, en la Fiscal\u00eda nunca tiene avances: \u201c<strong>yo les habl\u00e9 para decirles que ya hab\u00eda enterrado a mi yerno, me dijeron que ni se acordaban\u201d<\/strong><strong>.<\/strong><\/p>\n<p>Desde el primer d\u00eda que su hija fue desaparecida, levant\u00f3 denuncia, hizo los tr\u00e1mites correspondientes y acudi\u00f3 a hacer su registro de ADN en la Direcci\u00f3n de Gen\u00e9tica del IJCF, pero no hay noticias de sus resultados<\/p>\n<p><em>\u201c<strong>En el instituto s\u00f3lo dicen que hay personas que han tra\u00eddo en bolsas, pero tienes que esperar a que salga la prueba de gen\u00e9tica. Mi hija tiene 11 meses desaparecida, pero las madres nunca se cansan, yo la busco porque la amo y no me voy a detener hasta encontrarla\u201d dijo la se\u00f1ora Silvia.<\/strong><\/em><\/p>\n<p>Las madres, familiares e integrantes de\u00a0<em>Familias Unidas por Nuestros Desaparecidos Jalisco<\/em>, han comunicado que\u00a0<strong>se van a quedar a las afueras del IJCF hasta que sea necesario,\u00a0<\/strong>lo que esperan, como lo precisaron en su comunicado, es incidir en la identificaci\u00f3n de los m\u00e1s de tres mil cuerpos de personas fallecidas no identificadas que est\u00e1n bajo el resguardo del IJCF y la Fiscal\u00eda del Estado de Jalisco;\u00a0<strong>as\u00ed como agilizar la entrega de quienes ya han sido identificados, pues lo que les hacen vivir por meses o a\u00f1os es un calvario.\u00a0<\/strong><\/p>\n<p><a href=\"https:\/\/www.zonadocs.mx\/2021\/02\/10\/de-aqui-no-nos-vamos-a-mover-familiares-de-desaparecidos-realizan-planton-en-ijcf-para-exigir-se-acelere-la-identificacion-forense\/\">https:\/\/www.zonadocs.mx\/2021\/02\/10\/de-aqui-no-nos-vamos-a-mover-familiares-de-desaparecidos-realizan-planton-en-ijcf-para-exigir-se-acelere-la-identificacion-forense\/<\/a><\/p>\n","protected":false},"excerpt":{"rendered":"<p>Foto: Zona Docs Por la falta de resultados en las confrontas gen\u00e9ticas entre las tomas de ADN de familiares de desaparecidos y las obtenidas de los cuerpos de personas fallecidas &hellip; <a href=\"https:\/\/www.grieta.org.mx\/index.php\/2021\/02\/10\/de-aqui-no-nos-vamos-a-mover-familiares-de-desaparecidos-realizan-planton-en-ijcf-para-exigir-se-acelere-la-identificacion-forense-jalisco\/\" class=\"more-link\">Leer m\u00e1s<\/a><\/p>\n","protected":false},"author":2,"featured_media":56972,"comment_status":"closed","ping_status":"closed","sticky":false,"template":"","format":"standard","meta":{"ngg_post_thumbnail":0,"_jetpack_newsletter_access":"","_jetpack_dont_email_post_to_subs":false,"_jetpack_newsletter_tier_id":0,"_jetpack_memberships_contains_paywalled_content":false,"_jetpack_memberships_contains_paid_content":false,"footnotes":""},"categories":[80,87,1032,20,2,83],"tags":[1828,3018,2002,1668],"class_list":["post-56971","post","type-post","status-publish","format-standard","has-post-thumbnail","hentry","category-cintillo","category-desaparecidos","category-desaparecidos-en-jalisco","category-jalisco","category-noticias-nacionales","category-temas-nacionales","tag-busqueda-de-desaparecidos","tag-colectivos-de-busqueda-de-desaparecidos","tag-desaparecido","tag-familiares-de-desaparecidos","entry"],"jetpack_featured_media_url":"https:\/\/www.grieta.org.mx\/wp-content\/uploads\/2021\/02\/forense-5.jpeg","jetpack_sharing_enabled":true,"jetpack_shortlink":"https:\/\/wp.me\/p7ZJR4-eOT","jetpack_likes_enabled":false,"jetpack-related-posts":[{"id":60186,"url":"https:\/\/www.grieta.org.mx\/index.php\/2021\/06\/21\/familiares-exigen-resultados-en-busqueda-de-desaparecidos-jalisco\/","url_meta":{"origin":56971,"position":0},"title":"Familiares exigen resultados en b\u00fasqueda de desaparecidos (Jalisco)","author":"grieta","date":"21 junio, 2021","format":false,"excerpt":"Foto: Edgar Flores Edgar Flores \/ El Diario NTR Familiares de cinco j\u00f3venes desaparecidos se manifiestan en Palacio de Gobierno luego de haber partido esta ma\u00f1ana desde la Glorieta de los Ni\u00f1os H\u00e9roes. Exigen respuesta por parte de las autoridades, a quienes acusan de ser omisas y de filtrar v\u00eddeos\u2026","rel":"","context":"En &quot;CINTILLO&quot;","block_context":{"text":"CINTILLO","link":"https:\/\/www.grieta.org.mx\/index.php\/category\/cintillo\/"},"img":{"alt_text":"","src":"https:\/\/i0.wp.com\/www.grieta.org.mx\/wp-content\/uploads\/2021\/06\/2021-06-21_01-06-06___8810.jpg?resize=350%2C200&ssl=1","width":350,"height":200,"srcset":"https:\/\/i0.wp.com\/www.grieta.org.mx\/wp-content\/uploads\/2021\/06\/2021-06-21_01-06-06___8810.jpg?resize=350%2C200&ssl=1 1x, https:\/\/i0.wp.com\/www.grieta.org.mx\/wp-content\/uploads\/2021\/06\/2021-06-21_01-06-06___8810.jpg?resize=525%2C300&ssl=1 1.5x, https:\/\/i0.wp.com\/www.grieta.org.mx\/wp-content\/uploads\/2021\/06\/2021-06-21_01-06-06___8810.jpg?resize=700%2C400&ssl=1 2x"},"classes":[]},{"id":51093,"url":"https:\/\/www.grieta.org.mx\/index.php\/2020\/06\/18\/familiares-y-amigos-continuan-busqueda-de-desaparecidos-en-chapala-jalisco\/","url_meta":{"origin":56971,"position":1},"title":"Familiares y amigos contin\u00faan b\u00fasqueda de desaparecidos en Chapala (Jalisco)","author":"grieta","date":"18 junio, 2020","format":false,"excerpt":"Foto: Pablo Toledo Pablo Toledo \/ UDGTV Familiares y amigos de personas desaparecidas en el municipio de Chapala contin\u00faan en la b\u00fasqueda incansable de sus seres queridos.\u00a0En esta ocasi\u00f3n realizaron una rueda de prensa en el municipio ribere\u00f1o para dar a conocer que pese a ya haber encontrado a algunos\u2026","rel":"","context":"En &quot;CINTILLO&quot;","block_context":{"text":"CINTILLO","link":"https:\/\/www.grieta.org.mx\/index.php\/category\/cintillo\/"},"img":{"alt_text":"","src":"https:\/\/i0.wp.com\/www.grieta.org.mx\/wp-content\/uploads\/2020\/06\/Desaparecidos-Pablo-Toledo-1-696x394.jpeg?resize=350%2C200&ssl=1","width":350,"height":200,"srcset":"https:\/\/i0.wp.com\/www.grieta.org.mx\/wp-content\/uploads\/2020\/06\/Desaparecidos-Pablo-Toledo-1-696x394.jpeg?resize=350%2C200&ssl=1 1x, https:\/\/i0.wp.com\/www.grieta.org.mx\/wp-content\/uploads\/2020\/06\/Desaparecidos-Pablo-Toledo-1-696x394.jpeg?resize=525%2C300&ssl=1 1.5x"},"classes":[]},{"id":60522,"url":"https:\/\/www.grieta.org.mx\/index.php\/2021\/07\/12\/crisis-forense-en-el-ijcf-atrae-a-caravanas-nacionales-de-busqueda-guadalupe-aguilar-familias-unidas-por-nuestros-desaparecidos-jalisco\/","url_meta":{"origin":56971,"position":2},"title":"Crisis forense en el IJCF atrae a caravanas nacionales de b\u00fasqueda: Guadalupe Aguilar, Familias Unidas por Nuestros Desaparecidos Jalisco","author":"grieta","date":"12 julio, 2021","format":false,"excerpt":"Foto: Jorge Alberto Mendoza Redacci\u00f3n \/ El Diario NTR La crisis que se vive en el Instituto Jalisciense de Ciencias Forenses (IJCF) es un punto de referencia para las caravanas nacionales de b\u00fasqueda, explic\u00f3 Guadalupe Aguilar, integrante de Familias Unidas por Nuestros Desaparecidos Jalisco. En el IJCF hay cientos de\u2026","rel":"","context":"En &quot;CINTILLO&quot;","block_context":{"text":"CINTILLO","link":"https:\/\/www.grieta.org.mx\/index.php\/category\/cintillo\/"},"img":{"alt_text":"","src":"https:\/\/i0.wp.com\/www.grieta.org.mx\/wp-content\/uploads\/2021\/07\/2021-07-12_05-07-31___6234.jpg?resize=350%2C200&ssl=1","width":350,"height":200,"srcset":"https:\/\/i0.wp.com\/www.grieta.org.mx\/wp-content\/uploads\/2021\/07\/2021-07-12_05-07-31___6234.jpg?resize=350%2C200&ssl=1 1x, https:\/\/i0.wp.com\/www.grieta.org.mx\/wp-content\/uploads\/2021\/07\/2021-07-12_05-07-31___6234.jpg?resize=525%2C300&ssl=1 1.5x, https:\/\/i0.wp.com\/www.grieta.org.mx\/wp-content\/uploads\/2021\/07\/2021-07-12_05-07-31___6234.jpg?resize=700%2C400&ssl=1 2x"},"classes":[]},{"id":39368,"url":"https:\/\/www.grieta.org.mx\/index.php\/2019\/09\/13\/espera-colectivo-desaparecidos-de-colima-localizar-a-sus-familiares-en-jalisco\/","url_meta":{"origin":56971,"position":3},"title":"Espera colectivo Desaparecidos de Colima localizar a sus familiares en Jalisco","author":"grieta","date":"13 septiembre, 2019","format":false,"excerpt":"Foto: El Comentario Juan Ram\u00f3n Jim\u00e9nez Fuentes \/ El Comentario La representante del\u00a0colectivo Desaparecidos de Colima, Carmen Sep\u00falveda, dio a conocer que\u00a0familiares\u00a0de personas desaparecidas\u00a0viajar\u00e1n\u00a0 al estado de Jalisco, luego de que se dio a conocer el\u00a0hallazgo de m\u00e1s de 115 bolsas\u00a0que conten\u00edan\u00a0restos humanos\u00a0en el municipio de\u00a0Zapopan. De acuerdo a lo\u2026","rel":"","context":"En &quot;CINTILLO&quot;","block_context":{"text":"CINTILLO","link":"https:\/\/www.grieta.org.mx\/index.php\/category\/cintillo\/"},"img":{"alt_text":"","src":"https:\/\/i0.wp.com\/www.grieta.org.mx\/wp-content\/uploads\/2019\/09\/11ad6d8c109d4d0d3718085ea877bbc8-6.jpg?resize=350%2C200&ssl=1","width":350,"height":200,"srcset":"https:\/\/i0.wp.com\/www.grieta.org.mx\/wp-content\/uploads\/2019\/09\/11ad6d8c109d4d0d3718085ea877bbc8-6.jpg?resize=350%2C200&ssl=1 1x, https:\/\/i0.wp.com\/www.grieta.org.mx\/wp-content\/uploads\/2019\/09\/11ad6d8c109d4d0d3718085ea877bbc8-6.jpg?resize=525%2C300&ssl=1 1.5x, https:\/\/i0.wp.com\/www.grieta.org.mx\/wp-content\/uploads\/2019\/09\/11ad6d8c109d4d0d3718085ea877bbc8-6.jpg?resize=700%2C400&ssl=1 2x"},"classes":[]},{"id":41969,"url":"https:\/\/www.grieta.org.mx\/index.php\/2019\/12\/03\/familiares-de-desaparecidos-reclamaron-la-falta-de-trabajos-y-de-resultados-jalisco\/","url_meta":{"origin":56971,"position":4},"title":"Familiares de desaparecidos reclamaron la falta de trabajos y de resultados (Jalisco)","author":"grieta","date":"3 diciembre, 2019","format":false,"excerpt":"Foto: Especial Juan Levario \/ El Diario NTR Durante la presentaci\u00f3n de un proyecto de colaboraci\u00f3n con expertos guatemaltecos para b\u00fasqueda de personas\u00a0en Jalisco, familiares de desaparecidos reclamaron a Enrique Ibarra Pedroza, secretario general de Gobierno,\u00a0y a otros funcionarios la falta de trabajos y de resultados. Representantes de los colectivos\u2026","rel":"","context":"En &quot;CINTILLO&quot;","block_context":{"text":"CINTILLO","link":"https:\/\/www.grieta.org.mx\/index.php\/category\/cintillo\/"},"img":{"alt_text":"","src":"https:\/\/i0.wp.com\/www.grieta.org.mx\/wp-content\/uploads\/2019\/12\/2019-12-02_11-12-13___5378.jpg?resize=350%2C200&ssl=1","width":350,"height":200,"srcset":"https:\/\/i0.wp.com\/www.grieta.org.mx\/wp-content\/uploads\/2019\/12\/2019-12-02_11-12-13___5378.jpg?resize=350%2C200&ssl=1 1x, https:\/\/i0.wp.com\/www.grieta.org.mx\/wp-content\/uploads\/2019\/12\/2019-12-02_11-12-13___5378.jpg?resize=525%2C300&ssl=1 1.5x, https:\/\/i0.wp.com\/www.grieta.org.mx\/wp-content\/uploads\/2019\/12\/2019-12-02_11-12-13___5378.jpg?resize=700%2C400&ssl=1 2x"},"classes":[]},{"id":60398,"url":"https:\/\/www.grieta.org.mx\/index.php\/2021\/07\/06\/familias-de-colima-recorren-jalisco-buscando-a-sus-desaparecidos\/","url_meta":{"origin":56971,"position":5},"title":"Familias de Colima recorren Jalisco buscando a sus desaparecidos","author":"grieta","date":"6 julio, 2021","format":false,"excerpt":"Foto:\u00a0 Diario Avanzada Heidi de Le\u00f3n Guti\u00e9rrez \/ Diario Avanzada Colima, M\u00e9xico, Avanzada (06\/07\/2021).- Integrantes de la Red de Personas Desaparecidas en Colima se encuentran en Jalisco para buscar a sus familiares \u00a0en hospitales, albergues,\u00a0 centros penitenciarios \u00a0y en distintos puntos de esa entidad como parte de la Jornada Nacional\u2026","rel":"","context":"En &quot;CINTILLO&quot;","block_context":{"text":"CINTILLO","link":"https:\/\/www.grieta.org.mx\/index.php\/category\/cintillo\/"},"img":{"alt_text":"","src":"https:\/\/i0.wp.com\/www.grieta.org.mx\/wp-content\/uploads\/2021\/07\/Des.png?resize=350%2C200&ssl=1","width":350,"height":200},"classes":[]}],"_links":{"self":[{"href":"https:\/\/www.grieta.org.mx\/index.php\/wp-json\/wp\/v2\/posts\/56971","targetHints":{"allow":["GET"]}}],"collection":[{"href":"https:\/\/www.grieta.org.mx\/index.php\/wp-json\/wp\/v2\/posts"}],"about":[{"href":"https:\/\/www.grieta.org.mx\/index.php\/wp-json\/wp\/v2\/types\/post"}],"author":[{"embeddable":true,"href":"https:\/\/www.grieta.org.mx\/index.php\/wp-json\/wp\/v2\/users\/2"}],"replies":[{"embeddable":true,"href":"https:\/\/www.grieta.org.mx\/index.php\/wp-json\/wp\/v2\/comments?post=56971"}],"version-history":[{"count":1,"href":"https:\/\/www.grieta.org.mx\/index.php\/wp-json\/wp\/v2\/posts\/56971\/revisions"}],"predecessor-version":[{"id":56973,"href":"https:\/\/www.grieta.org.mx\/index.php\/wp-json\/wp\/v2\/posts\/56971\/revisions\/56973"}],"wp:featuredmedia":[{"embeddable":true,"href":"https:\/\/www.grieta.org.mx\/index.php\/wp-json\/wp\/v2\/media\/56972"}],"wp:attachment":[{"href":"https:\/\/www.grieta.org.mx\/index.php\/wp-json\/wp\/v2\/media?parent=56971"}],"wp:term":[{"taxonomy":"category","embeddable":true,"href":"https:\/\/www.grieta.org.mx\/index.php\/wp-json\/wp\/v2\/categories?post=56971"},{"taxonomy":"post_tag","embeddable":true,"href":"https:\/\/www.grieta.org.mx\/index.php\/wp-json\/wp\/v2\/tags?post=56971"}],"curies":[{"name":"wp","href":"https:\/\/api.w.org\/{rel}","templated":true}]}}