{"id":56951,"date":"2021-02-14T20:53:08","date_gmt":"2021-02-15T02:53:08","guid":{"rendered":"http:\/\/www.grieta.org.mx\/?p=56951"},"modified":"2021-02-14T20:53:08","modified_gmt":"2021-02-15T02:53:08","slug":"brechas-maestros-de-michoacan-avanzan-a-cdmx-a-exigir-que-el-gobierno-cumpla-los-acuerdos-de-2020","status":"publish","type":"post","link":"https:\/\/www.grieta.org.mx\/index.php\/2021\/02\/14\/brechas-maestros-de-michoacan-avanzan-a-cdmx-a-exigir-que-el-gobierno-cumpla-los-acuerdos-de-2020\/","title":{"rendered":"Brechas Maestros de Michoac\u00e1n avanzan a CDMX a exigir que el gobierno cumpla los acuerdos de 2020"},"content":{"rendered":"<blockquote><p>El magisterio michoacano agrupado en la CNTE busca entrevistarse con el presidente Andr\u00e9s Manuel L\u00f3pez Obrador para exigir el pago de la n\u00f3mina de docentes y la basificaci\u00f3n de eventuales y reci\u00e9n egresados de las escuelas normales, como hab\u00edan acordado desde agosto de 2020<\/p><\/blockquote>\n<figure id=\"attachment_56954\" aria-describedby=\"caption-attachment-56954\" style=\"width: 750px\" class=\"wp-caption alignnone\"><img loading=\"lazy\" decoding=\"async\" data-attachment-id=\"56954\" data-permalink=\"https:\/\/www.grieta.org.mx\/index.php\/2021\/02\/14\/brechas-maestros-de-michoacan-avanzan-a-cdmx-a-exigir-que-el-gobierno-cumpla-los-acuerdos-de-2020\/seccionxviii_sntecnte03\/\" data-orig-file=\"https:\/\/www.grieta.org.mx\/wp-content\/uploads\/2021\/02\/seccionxviii_sntecnte03.jpg\" data-orig-size=\"1280,841\" data-comments-opened=\"0\" data-image-meta=\"{&quot;aperture&quot;:&quot;0&quot;,&quot;credit&quot;:&quot;&quot;,&quot;camera&quot;:&quot;&quot;,&quot;caption&quot;:&quot;&quot;,&quot;created_timestamp&quot;:&quot;0&quot;,&quot;copyright&quot;:&quot;&quot;,&quot;focal_length&quot;:&quot;0&quot;,&quot;iso&quot;:&quot;0&quot;,&quot;shutter_speed&quot;:&quot;0&quot;,&quot;title&quot;:&quot;&quot;,&quot;orientation&quot;:&quot;0&quot;}\" data-image-title=\"seccionxviii_sntecnte03\" data-image-description=\"\" data-image-caption=\"&lt;p&gt;Foto: Cortes\u00eda&lt;\/p&gt;\n\" data-medium-file=\"https:\/\/www.grieta.org.mx\/wp-content\/uploads\/2021\/02\/seccionxviii_sntecnte03-300x197.jpg\" data-large-file=\"https:\/\/www.grieta.org.mx\/wp-content\/uploads\/2021\/02\/seccionxviii_sntecnte03-1024x673.jpg\" class=\"wp-image-56954\" src=\"http:\/\/www.grieta.org.mx\/wp-content\/uploads\/2021\/02\/seccionxviii_sntecnte03.jpg\" alt=\"\" width=\"750\" height=\"493\" srcset=\"https:\/\/www.grieta.org.mx\/wp-content\/uploads\/2021\/02\/seccionxviii_sntecnte03.jpg 1280w, https:\/\/www.grieta.org.mx\/wp-content\/uploads\/2021\/02\/seccionxviii_sntecnte03-300x197.jpg 300w, https:\/\/www.grieta.org.mx\/wp-content\/uploads\/2021\/02\/seccionxviii_sntecnte03-1024x673.jpg 1024w, https:\/\/www.grieta.org.mx\/wp-content\/uploads\/2021\/02\/seccionxviii_sntecnte03-768x505.jpg 768w, https:\/\/www.grieta.org.mx\/wp-content\/uploads\/2021\/02\/seccionxviii_sntecnte03-761x500.jpg 761w\" sizes=\"auto, (max-width: 750px) 100vw, 750px\" \/><figcaption id=\"caption-attachment-56954\" class=\"wp-caption-text\">Foto: Cortes\u00eda de la Secci\u00f3n XVIII del SNTE-CNTE<\/figcaption><\/figure>\n<p>Texto: Alejandro Ruiz, Pie de P\u00e1gina 9 de febrero de 2021<\/p>\n<p>Fotos: Cortes\u00eda de la Secci\u00f3n XVIII del SNTE-CNTE<\/p>\n<p>MICHOAC\u00c1N.- Los maestros de la Coordinadora Nacional de Trabajadores de la Educaci\u00f3n (CNTE) en Michoac\u00e1n vuelven a la capital del pa\u00eds para exigir que el gobierno federal cumpla los acuerdos de basificaci\u00f3n y pago de salarios pendientes.<\/p>\n<p>El pasado 6 de febrero, el magisterio michoacano, agrupado en la Secci\u00f3n XVIII de la CNTE, arranc\u00f3 la caravana motorizada por la estabilidad laboral y salarial; esto, despu\u00e9s de que durante 8 d\u00edas integrantes de la Coordinadora sostuvieran un plant\u00f3n en las inmediaciones de la zona portuaria del municipio de L\u00e1zaro C\u00e1rdenas para exigirle al gobierno federal el cumplimiento dos en el mes de agosto del 2020.<\/p>\n<p>El secretario general de la Secci\u00f3n XVIII, Gamaliel Guzm\u00e1n Cruz, sostiene que ante la falta de respuesta del ejecutivo federal a los compromisos emanados de las mesas de trabajo que sostuvieron con representantes de la Secretar\u00eda de Gobernaci\u00f3n, la Secretar\u00eda de Educaci\u00f3n P\u00fablica y el Gobierno del Estado de Michoac\u00e1n, las y los docentes de la Coordinadora acordaron realizar esta jornada de lucha para exigir que sus demandas se solucionen inmediatamente.<\/p>\n<p>\u201cNosotros hemos tenido una buena respuesta de la federaci\u00f3n\u201d, puntualiza el profesor Gamaliel \u201cpues hemos sostenido 18 mesas de negociaci\u00f3n. Sin embargo no ha habido soluci\u00f3n a nuestras demandas, por lo que determinamos venir a dialogar con el presidente. Pues esta situaci\u00f3n no puede continuar as\u00ed\u201d.<\/p>\n<p>Pese a que integrantes de la Secci\u00f3n XVIII aseguran que la Federaci\u00f3n se ha prestado al di\u00e1logo, afirman que desde que anunciaron esta caravana motorizada, representantes de los gobiernos federal y de Michoac\u00e1n los han llamado a desistir de sus acciones pues \u201char\u00e1n enojar al presidente.\u201d<br \/>\nBasificaci\u00f3n y pago de n\u00f3mina, los pendientes<\/p>\n<p>En agosto del 2020, estudiantes normalistas y maestros de Michoac\u00e1n instalaron un plant\u00f3n en el z\u00f3calo capitalino para exigir la basificaci\u00f3n y el pago de en ese entonces cinco meses de n\u00f3mina a mil 200 profesores que laboraban como eventuales, as\u00ed como la asignaci\u00f3n de claves docentes a mil 400 egresados de las escuelas normales.<\/p>\n<p>Pese a que el presidente Andr\u00e9s Manuel L\u00f3pez Obrador recibi\u00f3 las peticiones de los docentes y se comprometi\u00f3 a resolver las demandas del magisterio, durante todo el 2020 la problem\u00e1tica, lejos de solucionarse, se agrav\u00f3.<\/p>\n<p>Aidee Morales es una docente que actualmente se encuentra laborando como eventual, pese a los m\u00e1s de 14 a\u00f1os que est\u00e1 frente a un grupo escolar.<\/p>\n<p>\u201cPara nosotros esta es una situaci\u00f3n insostenible\u201d, relata, \u201cpues algunos compa\u00f1eros tienen ya m\u00e1s de 6 meses sin cobrar un salario, o poder acceder a un seguro social, lo cual en esta \u00e9poca de pandemia es esencial, pues laboramos en condiciones que nos ponen en riesgo\u201d.<\/p>\n<p>Uno de los acuerdos emanados del 19 de agosto del 2020 era que a los maestros reci\u00e9n egresados de las normales rurales y a los que trabajan como eventuales se les otorgar\u00edan claves escolares y basificaci\u00f3n despu\u00e9s de una decimoquinta etapa de jubilaci\u00f3n, donde se promover\u00eda, a trav\u00e9s de beneficios, a que los profesores que cumplieran la temporalidad estipulada en la ley se pudieran jubilar y les cedieran sus plazas a los eventuales y de las las nuevas generaciones.<\/p>\n<p>Aidee Morales, quien tambi\u00e9n es representante de las y los maestros eventuales, afirma que esto no se ha podido concretar debido a la falta de disposici\u00f3n de las autoridades federales y de Michoac\u00e1n, quienes, asegura, han dilatado la fecha de la jornada masiva de jubilaci\u00f3n bajo argumentos como la pandemia, el mal estado financiero del estado de Michoac\u00e1n, y la ausencia del gobernador Silvano Aureoles Conejo.<\/p>\n<p>\u201cEstamos esperando desde el 19 de agosto que el acuerdo al que llegamos con la Federaci\u00f3n, la SEP y el gobierno del estado se haga realidad, pero nos han dado largas y no han resuelto nuestras demandas, por eso nosotros vamos a exigir nuestro derecho, pues as\u00ed como nos exigen una calificaci\u00f3n, o que sigamos laborando bajo condiciones de riesgo, nosotros vamos a exigir nuestra dignidad como trabajadores\u201d, puntualiz\u00f3.<\/p>\n<p>Respecto a los salarios devengados, las y los profesores de la CNTE reconocen que a mediados de enero se les pag\u00f3 una parte a la mitad de los eventuales que demandaban el pago de su n\u00f3mina, sin embargo esto tan s\u00f3lo represent\u00f3 el 25% del total del adeudo, por lo que adem\u00e1s de la basificaci\u00f3n, los maestros exigen que se les paguen sus salarios.<\/p>\n<p>\u201cHemos puesto de nuestra bolsa para cumplir con nuestra labor\u201d, se\u00f1ala Aidee Morales, \u201cy en esta \u00e9poca de pandemia nuestros gastos se han incrementado, pues tuvimos que comprar tel\u00e9fonos nuevos para poder comunicarnos con nuestros alumnos, y contratar internet para no dejar sin educaci\u00f3n a nuestros grupos, y eso es responsabilidad del gobierno.\u201d<\/p>\n<p>La profesora se\u00f1ala que una de las razones centrales por las que exigen su basificaci\u00f3n es para poder acceder a una certeza jur\u00eddica que les permita tener condiciones de estabilidad laboral, adem\u00e1s de ser dados de alta en el seguro social.<\/p>\n<p>\u201cClaro que al salir a protestar nos estamos exponiendo a un riesgo\u201d, concluye Aidee, \u201cpero es nuestro derecho pelear por lo que es nuestro, pues despu\u00e9s de estar trabajando 14 a\u00f1os como eventual, sin seguro, salario fijo y prestaciones, nos encontramos m\u00e1s vulnerables ahora en la pandemia, pues tenemos que salir a buscar nuestro sustento.\u201d<\/p>\n<figure id=\"attachment_56952\" aria-describedby=\"caption-attachment-56952\" style=\"width: 750px\" class=\"wp-caption alignnone\"><img loading=\"lazy\" decoding=\"async\" data-attachment-id=\"56952\" data-permalink=\"https:\/\/www.grieta.org.mx\/index.php\/2021\/02\/14\/brechas-maestros-de-michoacan-avanzan-a-cdmx-a-exigir-que-el-gobierno-cumpla-los-acuerdos-de-2020\/seccionxviii_sntecnte01\/\" data-orig-file=\"https:\/\/www.grieta.org.mx\/wp-content\/uploads\/2021\/02\/seccionxviii_sntecnte01.jpg\" data-orig-size=\"1280,720\" data-comments-opened=\"0\" data-image-meta=\"{&quot;aperture&quot;:&quot;0&quot;,&quot;credit&quot;:&quot;&quot;,&quot;camera&quot;:&quot;&quot;,&quot;caption&quot;:&quot;&quot;,&quot;created_timestamp&quot;:&quot;0&quot;,&quot;copyright&quot;:&quot;&quot;,&quot;focal_length&quot;:&quot;0&quot;,&quot;iso&quot;:&quot;0&quot;,&quot;shutter_speed&quot;:&quot;0&quot;,&quot;title&quot;:&quot;&quot;,&quot;orientation&quot;:&quot;0&quot;}\" data-image-title=\"seccionxviii_sntecnte01\" data-image-description=\"\" data-image-caption=\"&lt;p&gt;Foto: Cortes\u00eda de la Secci\u00f3n XVIII del SNTE-CNTE&lt;\/p&gt;\n\" data-medium-file=\"https:\/\/www.grieta.org.mx\/wp-content\/uploads\/2021\/02\/seccionxviii_sntecnte01-300x169.jpg\" data-large-file=\"https:\/\/www.grieta.org.mx\/wp-content\/uploads\/2021\/02\/seccionxviii_sntecnte01-1024x576.jpg\" class=\"wp-image-56952\" src=\"http:\/\/www.grieta.org.mx\/wp-content\/uploads\/2021\/02\/seccionxviii_sntecnte01.jpg\" alt=\"\" width=\"750\" height=\"422\" srcset=\"https:\/\/www.grieta.org.mx\/wp-content\/uploads\/2021\/02\/seccionxviii_sntecnte01.jpg 1280w, https:\/\/www.grieta.org.mx\/wp-content\/uploads\/2021\/02\/seccionxviii_sntecnte01-300x169.jpg 300w, https:\/\/www.grieta.org.mx\/wp-content\/uploads\/2021\/02\/seccionxviii_sntecnte01-1024x576.jpg 1024w, https:\/\/www.grieta.org.mx\/wp-content\/uploads\/2021\/02\/seccionxviii_sntecnte01-768x432.jpg 768w, https:\/\/www.grieta.org.mx\/wp-content\/uploads\/2021\/02\/seccionxviii_sntecnte01-889x500.jpg 889w\" sizes=\"auto, (max-width: 750px) 100vw, 750px\" \/><figcaption id=\"caption-attachment-56952\" class=\"wp-caption-text\">Foto: Cortes\u00eda de la Secci\u00f3n XVIII del SNTE-CNTE<\/figcaption><\/figure>\n<p><strong>\u00abTrabajo digno y estabilidad\u00bb, demandas de los nuevos maestros<\/strong><\/p>\n<p>Juan Hern\u00e1ndez, un profesor reci\u00e9n egresado de la Escuela Normal Rural \u201cVasco de Quiroga\u201d en Tiripet\u00edo, Michoac\u00e1n, dice que no poder ejercer su profesi\u00f3n por el reducido n\u00famero de plazas obedece a un proyecto de privatizaci\u00f3n de la educaci\u00f3n p\u00fablica que inaugur\u00f3 la Reforma Educativa de Enrique Pe\u00f1a Nieto en el 2012 y que sigue vigente.<\/p>\n<p>\u201cAunque se ech\u00f3 para abajo la Reforma pe\u00f1ista\u201d, puntualiza, \u201cla Ley General del Sistema para la Carrera de las Maestras y los Maestros es inclusive m\u00e1s agresiva, pues no garantiza que al egresar de las normales accedamos a las plazas, sino que las pone a concurso, abriendo un n\u00famero reducido de ellas, pues el 80% de los egresados quedamos fuera.\u201d<\/p>\n<p>Para Juan, ser docente es una profesi\u00f3n a la que muchas y muchos de los j\u00f3venes campesinos de M\u00e9xico aspiran, pues desde la educaci\u00f3n inicial son figuras que inspiran respeto entre la comunidad, y al ser las normales rurales un sistema que permite la formaci\u00f3n y sostenimiento de las y los j\u00f3venes durante su instrucci\u00f3n como maestros, entrar en ellas es una aspiraci\u00f3n de muchos.<\/p>\n<p>\u201cPara m\u00ed ser maestro es servir a mi comunidad, \u00bfpero c\u00f3mo voy a poder ejercer mi profesi\u00f3n si al salir me encuentro con que no hay trabajo? Por eso venimos a exigir un trabajo digno para el cual nos hemos formado durante cuatro a\u00f1os.\u201d<\/p>\n<p>El joven relata c\u00f3mo las autoridades han postergado el cumplimiento de los acuerdos. \u201cPrimero nos dieron fecha para septiembre del 2020, luego para octubre, diciembre y despu\u00e9s enero del 2021, ya estamos en febrero y no m\u00e1s nada. Ya hasta sentimos que se est\u00e1n burlando de nosotros\u201d.<\/p>\n<figure id=\"attachment_56953\" aria-describedby=\"caption-attachment-56953\" style=\"width: 750px\" class=\"wp-caption alignnone\"><img loading=\"lazy\" decoding=\"async\" data-attachment-id=\"56953\" data-permalink=\"https:\/\/www.grieta.org.mx\/index.php\/2021\/02\/14\/brechas-maestros-de-michoacan-avanzan-a-cdmx-a-exigir-que-el-gobierno-cumpla-los-acuerdos-de-2020\/seccionxviii_sntecnte02\/\" data-orig-file=\"https:\/\/www.grieta.org.mx\/wp-content\/uploads\/2021\/02\/seccionxviii_sntecnte02.jpg\" data-orig-size=\"960,1280\" data-comments-opened=\"0\" data-image-meta=\"{&quot;aperture&quot;:&quot;0&quot;,&quot;credit&quot;:&quot;&quot;,&quot;camera&quot;:&quot;&quot;,&quot;caption&quot;:&quot;&quot;,&quot;created_timestamp&quot;:&quot;0&quot;,&quot;copyright&quot;:&quot;&quot;,&quot;focal_length&quot;:&quot;0&quot;,&quot;iso&quot;:&quot;0&quot;,&quot;shutter_speed&quot;:&quot;0&quot;,&quot;title&quot;:&quot;&quot;,&quot;orientation&quot;:&quot;0&quot;}\" data-image-title=\"seccionxviii_sntecnte02\" data-image-description=\"\" data-image-caption=\"&lt;p&gt;Foto: Cortes\u00eda de la Secci\u00f3n XVIII del SNTE-CNTE &lt;\/p&gt;\n\" data-medium-file=\"https:\/\/www.grieta.org.mx\/wp-content\/uploads\/2021\/02\/seccionxviii_sntecnte02-225x300.jpg\" data-large-file=\"https:\/\/www.grieta.org.mx\/wp-content\/uploads\/2021\/02\/seccionxviii_sntecnte02-768x1024.jpg\" class=\"wp-image-56953\" src=\"http:\/\/www.grieta.org.mx\/wp-content\/uploads\/2021\/02\/seccionxviii_sntecnte02.jpg\" alt=\"\" width=\"750\" height=\"1000\" srcset=\"https:\/\/www.grieta.org.mx\/wp-content\/uploads\/2021\/02\/seccionxviii_sntecnte02.jpg 960w, https:\/\/www.grieta.org.mx\/wp-content\/uploads\/2021\/02\/seccionxviii_sntecnte02-225x300.jpg 225w, https:\/\/www.grieta.org.mx\/wp-content\/uploads\/2021\/02\/seccionxviii_sntecnte02-768x1024.jpg 768w, https:\/\/www.grieta.org.mx\/wp-content\/uploads\/2021\/02\/seccionxviii_sntecnte02-375x500.jpg 375w\" sizes=\"auto, (max-width: 750px) 100vw, 750px\" \/><figcaption id=\"caption-attachment-56953\" class=\"wp-caption-text\">Foto: Cortes\u00eda de la Secci\u00f3n XVIII del SNTE-CNTE<\/figcaption><\/figure>\n<p>Como Juan, hay otros mil 200 nuevos profesores de los ciclos escolares 2019 y 2020 que no han podido acceder a un contrato laboral que les garantice las condiciones \u00f3ptimas para el ejercicio de su profesi\u00f3n, por lo que una de las demandas centrales de la Coordinadora es la urgente contrataci\u00f3n de los reci\u00e9n egresados.<\/p>\n<p>\u201cVenimos a exigir nuestros derechos laborales\u201d, concluye Juan Hern\u00e1ndez \u201cpues hemos esperado mucho desde el plant\u00f3n de agosto del 2020, pues les dimos voto de confianza con las autoridades. No estamos en contra de AMLO, pero esperamos que se retomen los acuerdos, que tengan el grado de sensibilidad y que cumplan\u201d.<\/p>\n<p>Adem\u00e1s de la basificaci\u00f3n y el pago de n\u00f3mina pendiente, las y los profesores del magisterio michoacano exigen que se regularice la situaci\u00f3n laboral de los docentes que trabajan para el sistema estatal de educaci\u00f3n, pues hay 32 mil docentes a quienes se les adeudan 651 millones de pesos de su salario.<\/p>\n<p>\u201cNo buscamos generar problemas: buscamos resolverlos\u201d, asegura el secretario de la Secci\u00f3n XVIII, Gamaliel Guzm\u00e1n Cruz. \u201cS\u00f3lo venimos a exigir que se cumplan los acuerdos a los que las autoridades se comprometieron desde agosto\u201d.<\/p>\n<p>Respecto a esta nueva jornada de lucha de las y los profesores de la Secci\u00f3n XVIII, diversas secciones de la CNTE se han pronunciado en apoyo a las demandas del magisterio democr\u00e1tico, y anuncian de que en caso de que fuera necesario respaldar\u00e1n las acciones que las y los profesores michoacanos determinen realizar.<\/p>\n<p>La caravana motorizada cruz\u00f3 los municipios de Apatzing\u00e1n, Nueva Italia, Uruapan, P\u00e1tzcuaro, Morelia y Ciudad Hidalgo, y prev\u00e9n arribar a la capital del pa\u00eds hoy para realizar una concentraci\u00f3n en el \u00c1ngel de la Independencia y avanzar en contingente hacia el Z\u00f3calo. Exigir\u00e1n una audiencia con L\u00f3pez Obrador y, en caso de que sus demandas no se solucionen, instalar\u00e1n un plant\u00f3n para exigir su inmediata resoluci\u00f3n.<\/p>\n<p><a href=\"https:\/\/piedepagina.mx\/maestros-de-michoacan-avanzan-a-cdmx-a-exigir-que-el-gobierno-cumpla-los-acuerdos-de-2020\/\">https:\/\/piedepagina.mx\/maestros-de-michoacan-avanzan-a-cdmx-a-exigir-que-el-gobierno-cumpla-los-acuerdos-de-2020\/<\/a><\/p>\n","protected":false},"excerpt":{"rendered":"<p>El magisterio michoacano agrupado en la CNTE busca entrevistarse con el presidente Andr\u00e9s Manuel L\u00f3pez Obrador para exigir el pago de la n\u00f3mina de docentes y la basificaci\u00f3n de eventuales &hellip; <a href=\"https:\/\/www.grieta.org.mx\/index.php\/2021\/02\/14\/brechas-maestros-de-michoacan-avanzan-a-cdmx-a-exigir-que-el-gobierno-cumpla-los-acuerdos-de-2020\/\" class=\"more-link\">Leer m\u00e1s<\/a><\/p>\n","protected":false},"author":2,"featured_media":56954,"comment_status":"closed","ping_status":"closed","sticky":false,"template":"","format":"standard","meta":{"ngg_post_thumbnail":0,"_jetpack_newsletter_access":"","_jetpack_dont_email_post_to_subs":false,"_jetpack_newsletter_tier_id":0,"_jetpack_memberships_contains_paywalled_content":false,"_jetpack_memberships_contains_paid_content":false,"footnotes":""},"categories":[80,999,21,1007],"tags":[1401,2250,3457,1679],"class_list":["post-56951","post","type-post","status-publish","format-standard","has-post-thumbnail","hentry","category-cintillo","category-conflictos-laborales-en-michoacan","category-michoacan","category-movilizaciones-del-magisterio-en-michoacan","tag-conflicto-magisterial","tag-conflictos-laborales-en-el-sector-publico","tag-manifestaciones-de-maestros","tag-protestas-magisteriales","entry"],"jetpack_featured_media_url":"https:\/\/www.grieta.org.mx\/wp-content\/uploads\/2021\/02\/seccionxviii_sntecnte03.jpg","jetpack_sharing_enabled":true,"jetpack_shortlink":"https:\/\/wp.me\/p7ZJR4-eOz","jetpack_likes_enabled":false,"jetpack-related-posts":[{"id":54556,"url":"https:\/\/www.grieta.org.mx\/index.php\/2020\/08\/31\/cnte-protesta-frente-a-secretaria-de-finanzas-de-michoacan\/","url_meta":{"origin":56951,"position":0},"title":"CNTE protesta frente a Secretar\u00eda de Finanzas de Michoac\u00e1n","author":"grieta","date":"31 agosto, 2020","format":false,"excerpt":"Demandan basificaci\u00f3n de todos los egresados de 8 escuelas normales que hay en el Estado. Eje Central, 31 de agosto de 2020 Con la exigencia de plazas para egresados, miembros de la Secci\u00f3n XVIII de la Coordinadora Nacional de Trabajadores de la Educaci\u00f3n (CNTE) y egresados normalistas, protestaron frente a\u2026","rel":"","context":"En &quot;CINTILLO&quot;","block_context":{"text":"CINTILLO","link":"https:\/\/www.grieta.org.mx\/index.php\/category\/cintillo\/"},"img":{"alt_text":"","src":"https:\/\/i0.wp.com\/www.grieta.org.mx\/wp-content\/uploads\/2018\/03\/14524434_1106112876131411_958039263622046936_o.jpg?resize=350%2C200&ssl=1","width":350,"height":200,"srcset":"https:\/\/i0.wp.com\/www.grieta.org.mx\/wp-content\/uploads\/2018\/03\/14524434_1106112876131411_958039263622046936_o.jpg?resize=350%2C200&ssl=1 1x, https:\/\/i0.wp.com\/www.grieta.org.mx\/wp-content\/uploads\/2018\/03\/14524434_1106112876131411_958039263622046936_o.jpg?resize=525%2C300&ssl=1 1.5x, https:\/\/i0.wp.com\/www.grieta.org.mx\/wp-content\/uploads\/2018\/03\/14524434_1106112876131411_958039263622046936_o.jpg?resize=700%2C400&ssl=1 2x"},"classes":[]},{"id":67606,"url":"https:\/\/www.grieta.org.mx\/index.php\/2023\/05\/15\/insuficiente-el-incremento-salarial-a-los-maestros-cnte-michoacan\/","url_meta":{"origin":56951,"position":1},"title":"Insuficiente, el incremento salarial a los maestros: CNTE (Michoac\u00e1n)","author":"grieta","date":"15 mayo, 2023","format":false,"excerpt":"Dirigente de fracci\u00f3n magisterial se\u00f1ala que el aumento debe superar al 10 por ciento, dado que los aumentos no se aplican directa a ingresos","rel":"","context":"En &quot;CINTILLO&quot;","block_context":{"text":"CINTILLO","link":"https:\/\/www.grieta.org.mx\/index.php\/category\/cintillo\/"},"img":{"alt_text":"","src":"https:\/\/i0.wp.com\/www.grieta.org.mx\/wp-content\/uploads\/2023\/09\/CNTE-2-marcha-acg.jpg?resize=350%2C200&ssl=1","width":350,"height":200,"srcset":"https:\/\/i0.wp.com\/www.grieta.org.mx\/wp-content\/uploads\/2023\/09\/CNTE-2-marcha-acg.jpg?resize=350%2C200&ssl=1 1x, https:\/\/i0.wp.com\/www.grieta.org.mx\/wp-content\/uploads\/2023\/09\/CNTE-2-marcha-acg.jpg?resize=525%2C300&ssl=1 1.5x, https:\/\/i0.wp.com\/www.grieta.org.mx\/wp-content\/uploads\/2023\/09\/CNTE-2-marcha-acg.jpg?resize=700%2C400&ssl=1 2x, https:\/\/i0.wp.com\/www.grieta.org.mx\/wp-content\/uploads\/2023\/09\/CNTE-2-marcha-acg.jpg?resize=1050%2C600&ssl=1 3x, https:\/\/i0.wp.com\/www.grieta.org.mx\/wp-content\/uploads\/2023\/09\/CNTE-2-marcha-acg.jpg?resize=1400%2C800&ssl=1 4x"},"classes":[]},{"id":61023,"url":"https:\/\/www.grieta.org.mx\/index.php\/2021\/08\/16\/bloquea-cnte-plaza-altozano-en-protesta-por-sus-salarios-atrasados-michoacan\/","url_meta":{"origin":56951,"position":2},"title":"Bloquea CNTE plaza Altozano en protesta por sus salarios atrasados  (Michoac\u00e1n)","author":"grieta","date":"16 agosto, 2021","format":false,"excerpt":"Uriel Morales P\u00e9rez\/Quadrat\u00edn, 13 de agosto de 2021 MORELIA, Mich., 13 de agosto de 2021.- El magisterio michoacano encabeza este viernes una nueva jornada de manifestaciones en Morelia, como parte de su plan de acci\u00f3n acordado previamente y que ha desarrollado en los \u00faltimos d\u00edas. En esta ocasi\u00f3n, los integrantes\u2026","rel":"","context":"En &quot;CINTILLO&quot;","block_context":{"text":"CINTILLO","link":"https:\/\/www.grieta.org.mx\/index.php\/category\/cintillo\/"},"img":{"alt_text":"","src":"https:\/\/i0.wp.com\/www.grieta.org.mx\/wp-content\/uploads\/2021\/08\/WhatsApp-Image-2021-08-13-at-10.42.02-1.jpeg?resize=350%2C200&ssl=1","width":350,"height":200,"srcset":"https:\/\/i0.wp.com\/www.grieta.org.mx\/wp-content\/uploads\/2021\/08\/WhatsApp-Image-2021-08-13-at-10.42.02-1.jpeg?resize=350%2C200&ssl=1 1x, https:\/\/i0.wp.com\/www.grieta.org.mx\/wp-content\/uploads\/2021\/08\/WhatsApp-Image-2021-08-13-at-10.42.02-1.jpeg?resize=525%2C300&ssl=1 1.5x, https:\/\/i0.wp.com\/www.grieta.org.mx\/wp-content\/uploads\/2021\/08\/WhatsApp-Image-2021-08-13-at-10.42.02-1.jpeg?resize=700%2C400&ssl=1 2x, https:\/\/i0.wp.com\/www.grieta.org.mx\/wp-content\/uploads\/2021\/08\/WhatsApp-Image-2021-08-13-at-10.42.02-1.jpeg?resize=1050%2C600&ssl=1 3x, https:\/\/i0.wp.com\/www.grieta.org.mx\/wp-content\/uploads\/2021\/08\/WhatsApp-Image-2021-08-13-at-10.42.02-1.jpeg?resize=1400%2C800&ssl=1 4x"},"classes":[]},{"id":38779,"url":"https:\/\/www.grieta.org.mx\/index.php\/2019\/09\/03\/anuncia-cnte-mega-marcha-y-paro-de-72-horas-en-michoacan\/","url_meta":{"origin":56951,"position":3},"title":"Anuncia CNTE mega marcha y paro de 72 horas en Michoac\u00e1n","author":"grieta","date":"3 septiembre, 2019","format":false,"excerpt":"Entre las acciones tambi\u00e9n destacan las concentraciones y toma de la Secretar\u00eda de Finanzas Ireri Pi\u00f1a \/Contramuro, 03 de septiembre de 2019. Morelia, Michoac\u00e1n.- Para exigir el cumplimiento de los compromisos que ha hecho el gobierno de Michoac\u00e1n con el magisterio estatal, la Secci\u00f3n XVIII de la Coordinadora Nacional de\u2026","rel":"","context":"En &quot;CINTILLO&quot;","block_context":{"text":"CINTILLO","link":"https:\/\/www.grieta.org.mx\/index.php\/category\/cintillo\/"},"img":{"alt_text":"","src":"https:\/\/i0.wp.com\/www.grieta.org.mx\/wp-content\/uploads\/2019\/09\/e5e177d9-f730-4558-8480-ddae905f806c.jpg?resize=350%2C200&ssl=1","width":350,"height":200,"srcset":"https:\/\/i0.wp.com\/www.grieta.org.mx\/wp-content\/uploads\/2019\/09\/e5e177d9-f730-4558-8480-ddae905f806c.jpg?resize=350%2C200&ssl=1 1x, https:\/\/i0.wp.com\/www.grieta.org.mx\/wp-content\/uploads\/2019\/09\/e5e177d9-f730-4558-8480-ddae905f806c.jpg?resize=525%2C300&ssl=1 1.5x, https:\/\/i0.wp.com\/www.grieta.org.mx\/wp-content\/uploads\/2019\/09\/e5e177d9-f730-4558-8480-ddae905f806c.jpg?resize=700%2C400&ssl=1 2x, https:\/\/i0.wp.com\/www.grieta.org.mx\/wp-content\/uploads\/2019\/09\/e5e177d9-f730-4558-8480-ddae905f806c.jpg?resize=1050%2C600&ssl=1 3x"},"classes":[]},{"id":41975,"url":"https:\/\/www.grieta.org.mx\/index.php\/2019\/12\/06\/cnte-bloquea-vias-del-tren-en-lazaro-cardenas-michoacan\/","url_meta":{"origin":56951,"position":4},"title":"CNTE bloquea v\u00edas del tren en L\u00e1zaro C\u00e1rdenas, Michoac\u00e1n","author":"grieta","date":"6 diciembre, 2019","format":false,"excerpt":"Diario de M\u00e9xico, 06 de diciembre de 2019 M\u00e9xico.-Integrantes de la Coordinadora Nacional de Trabajadores de la Educaci\u00f3n (CNTE) bloquearon las v\u00edas del tren del municipio de L\u00e1zaro C\u00e1rdenas, Michoac\u00e1n, en exigencia del pago de quincenas pendientes, aguinaldo y bonos. Se trata de docentes de telesecundarias de la secci\u00f3n DII-185,\u2026","rel":"","context":"En &quot;CINTILLO&quot;","block_context":{"text":"CINTILLO","link":"https:\/\/www.grieta.org.mx\/index.php\/category\/cintillo\/"},"img":{"alt_text":"","src":"https:\/\/i0.wp.com\/www.grieta.org.mx\/wp-content\/uploads\/2019\/12\/dede-6-12-19.jpg?resize=350%2C200&ssl=1","width":350,"height":200,"srcset":"https:\/\/i0.wp.com\/www.grieta.org.mx\/wp-content\/uploads\/2019\/12\/dede-6-12-19.jpg?resize=350%2C200&ssl=1 1x, https:\/\/i0.wp.com\/www.grieta.org.mx\/wp-content\/uploads\/2019\/12\/dede-6-12-19.jpg?resize=525%2C300&ssl=1 1.5x, https:\/\/i0.wp.com\/www.grieta.org.mx\/wp-content\/uploads\/2019\/12\/dede-6-12-19.jpg?resize=700%2C400&ssl=1 2x, https:\/\/i0.wp.com\/www.grieta.org.mx\/wp-content\/uploads\/2019\/12\/dede-6-12-19.jpg?resize=1050%2C600&ssl=1 3x"},"classes":[]},{"id":62598,"url":"https:\/\/www.grieta.org.mx\/index.php\/2021\/10\/21\/con-protesta-en-uruapan-exigen-maestros-al-gobernador-pagos-quincenales-michoacan\/","url_meta":{"origin":56951,"position":5},"title":"Con protesta en Uruapan exigen maestros al Gobernador pagos quincenales (Michoac\u00e1n)","author":"grieta","date":"21 octubre, 2021","format":false,"excerpt":"Uriel Morales \/Quadat\u00edn, 21 de octubre de 2021 MORELIA, Mich., 21 de octubre de 2021.- \u201c\u00a1Si los m\u00e1rtires vivieran, con nosotros andar\u00edan!\u201d, con este grito, integrantes del magisterio michoacano recibieron al gobernador Alfredo Ram\u00edrez Bedolla a su llegada a Uruapan. Son docentes de la Secci\u00f3n XVIII de la Coordinadora Nacional\u2026","rel":"","context":"En &quot;Conflictos laborales en Michoac\u00e1n&quot;","block_context":{"text":"Conflictos laborales en Michoac\u00e1n","link":"https:\/\/www.grieta.org.mx\/index.php\/category\/noticias-nacionales\/michoacan\/conflictos-laborales-en-michoacan\/"},"img":{"alt_text":"","src":"https:\/\/i0.wp.com\/www.grieta.org.mx\/wp-content\/uploads\/2021\/11\/Con-protesta-en-Uruapan-exigen-maestros-al-Gobernador-pagos-quincenales-1160x700-1.jpg?resize=350%2C200&ssl=1","width":350,"height":200,"srcset":"https:\/\/i0.wp.com\/www.grieta.org.mx\/wp-content\/uploads\/2021\/11\/Con-protesta-en-Uruapan-exigen-maestros-al-Gobernador-pagos-quincenales-1160x700-1.jpg?resize=350%2C200&ssl=1 1x, https:\/\/i0.wp.com\/www.grieta.org.mx\/wp-content\/uploads\/2021\/11\/Con-protesta-en-Uruapan-exigen-maestros-al-Gobernador-pagos-quincenales-1160x700-1.jpg?resize=525%2C300&ssl=1 1.5x, https:\/\/i0.wp.com\/www.grieta.org.mx\/wp-content\/uploads\/2021\/11\/Con-protesta-en-Uruapan-exigen-maestros-al-Gobernador-pagos-quincenales-1160x700-1.jpg?resize=700%2C400&ssl=1 2x, https:\/\/i0.wp.com\/www.grieta.org.mx\/wp-content\/uploads\/2021\/11\/Con-protesta-en-Uruapan-exigen-maestros-al-Gobernador-pagos-quincenales-1160x700-1.jpg?resize=1050%2C600&ssl=1 3x"},"classes":[]}],"_links":{"self":[{"href":"https:\/\/www.grieta.org.mx\/index.php\/wp-json\/wp\/v2\/posts\/56951","targetHints":{"allow":["GET"]}}],"collection":[{"href":"https:\/\/www.grieta.org.mx\/index.php\/wp-json\/wp\/v2\/posts"}],"about":[{"href":"https:\/\/www.grieta.org.mx\/index.php\/wp-json\/wp\/v2\/types\/post"}],"author":[{"embeddable":true,"href":"https:\/\/www.grieta.org.mx\/index.php\/wp-json\/wp\/v2\/users\/2"}],"replies":[{"embeddable":true,"href":"https:\/\/www.grieta.org.mx\/index.php\/wp-json\/wp\/v2\/comments?post=56951"}],"version-history":[{"count":1,"href":"https:\/\/www.grieta.org.mx\/index.php\/wp-json\/wp\/v2\/posts\/56951\/revisions"}],"predecessor-version":[{"id":56955,"href":"https:\/\/www.grieta.org.mx\/index.php\/wp-json\/wp\/v2\/posts\/56951\/revisions\/56955"}],"wp:featuredmedia":[{"embeddable":true,"href":"https:\/\/www.grieta.org.mx\/index.php\/wp-json\/wp\/v2\/media\/56954"}],"wp:attachment":[{"href":"https:\/\/www.grieta.org.mx\/index.php\/wp-json\/wp\/v2\/media?parent=56951"}],"wp:term":[{"taxonomy":"category","embeddable":true,"href":"https:\/\/www.grieta.org.mx\/index.php\/wp-json\/wp\/v2\/categories?post=56951"},{"taxonomy":"post_tag","embeddable":true,"href":"https:\/\/www.grieta.org.mx\/index.php\/wp-json\/wp\/v2\/tags?post=56951"}],"curies":[{"name":"wp","href":"https:\/\/api.w.org\/{rel}","templated":true}]}}