{"id":56947,"date":"2021-02-01T20:04:56","date_gmt":"2021-02-02T02:04:56","guid":{"rendered":"http:\/\/www.grieta.org.mx\/?p=56947"},"modified":"2021-02-14T20:12:27","modified_gmt":"2021-02-15T02:12:27","slug":"reportan-brote-de-covid-19-en-otro-asilo-ahora-en-celaya-van-3-decesos","status":"publish","type":"post","link":"https:\/\/www.grieta.org.mx\/index.php\/2021\/02\/01\/reportan-brote-de-covid-19-en-otro-asilo-ahora-en-celaya-van-3-decesos\/","title":{"rendered":"Reportan brote de covid-19 en otro asilo, ahora en Celaya; van 3 decesos"},"content":{"rendered":"<blockquote><p>En el asilo de Ancianos de Celaya, A.C. se identificaron 45 personas contagiadas de covid-19.<\/p><\/blockquote>\n<figure id=\"attachment_56948\" aria-describedby=\"caption-attachment-56948\" style=\"width: 750px\" class=\"wp-caption alignnone\"><img loading=\"lazy\" decoding=\"async\" data-attachment-id=\"56948\" data-permalink=\"https:\/\/www.grieta.org.mx\/index.php\/2021\/02\/01\/reportan-brote-de-covid-19-en-otro-asilo-ahora-en-celaya-van-3-decesos\/f800x450-129423_180869_5050\/\" data-orig-file=\"https:\/\/www.grieta.org.mx\/wp-content\/uploads\/2021\/02\/f800x450-129423_180869_5050.jpg\" data-orig-size=\"800,450\" data-comments-opened=\"0\" data-image-meta=\"{&quot;aperture&quot;:&quot;0&quot;,&quot;credit&quot;:&quot;&quot;,&quot;camera&quot;:&quot;&quot;,&quot;caption&quot;:&quot;&quot;,&quot;created_timestamp&quot;:&quot;0&quot;,&quot;copyright&quot;:&quot;&quot;,&quot;focal_length&quot;:&quot;0&quot;,&quot;iso&quot;:&quot;0&quot;,&quot;shutter_speed&quot;:&quot;0&quot;,&quot;title&quot;:&quot;&quot;,&quot;orientation&quot;:&quot;0&quot;}\" data-image-title=\"f800x450-129423_180869_5050\" data-image-description=\"\" data-image-caption=\"&lt;p&gt;Covid. Adulto mayor en un asilo. Foto: Margarito P\u00e9rez.&lt;\/p&gt;\n\" data-medium-file=\"https:\/\/www.grieta.org.mx\/wp-content\/uploads\/2021\/02\/f800x450-129423_180869_5050-300x169.jpg\" data-large-file=\"https:\/\/www.grieta.org.mx\/wp-content\/uploads\/2021\/02\/f800x450-129423_180869_5050.jpg\" class=\"wp-image-56948\" src=\"http:\/\/www.grieta.org.mx\/wp-content\/uploads\/2021\/02\/f800x450-129423_180869_5050.jpg\" alt=\"\" width=\"750\" height=\"422\" srcset=\"https:\/\/www.grieta.org.mx\/wp-content\/uploads\/2021\/02\/f800x450-129423_180869_5050.jpg 800w, https:\/\/www.grieta.org.mx\/wp-content\/uploads\/2021\/02\/f800x450-129423_180869_5050-300x169.jpg 300w, https:\/\/www.grieta.org.mx\/wp-content\/uploads\/2021\/02\/f800x450-129423_180869_5050-768x432.jpg 768w\" sizes=\"auto, (max-width: 750px) 100vw, 750px\" \/><figcaption id=\"caption-attachment-56948\" class=\"wp-caption-text\">Covid. Adulto mayor en un asilo. Foto: Margarito P\u00e9rez.<\/figcaption><\/figure>\n<p>Por Ver\u00f3nica Espinosa \/ Proceso, lunes, 1 de febrero de 2021<\/p>\n<p>GUANAJUATO, Gto. (apro).- Otro asilo de ancianos, \u00e9ste ubicado en Celaya, present\u00f3 un brote de covid-19. En enero murieron cinco residentes, y en tres de estos casos se confirm\u00f3 que fue por coronavirus. Actualmente 45 residentes y empleados que atienden a los adultos mayores est\u00e1n contagiados.<\/p>\n<p>La Secretar\u00eda de Salud estatal envi\u00f3 una brigada de la jurisdicci\u00f3n sanitaria para efectuar un monitoreo, pero ninguno de los residentes fue hospitalizado, seg\u00fan datos proporcionados por la dependencia.<\/p>\n<p>El fin de semana, allegados al Asilo de Ancianos de Celaya, A.C., ubicado entre las calles Francisco Ju\u00e1rez y Albino Garc\u00eda, en esa ciudad, difundieron llamados de auxilio en redes sociales para pedir guantes, cubrebocas, medicamentos y otros insumos, y avisaron que hab\u00eda 35 contagiados.<\/p>\n<p>Este lunes, la Secretar\u00eda de Salud confirm\u00f3 el brote e indic\u00f3 que a trav\u00e9s del personal de la jurisdicci\u00f3n sanitaria III se efectu\u00f3 una visita y, tras realizar pruebas r\u00e1pidas, se encontr\u00f3 que 45 personas est\u00e1n contagiadas.<\/p>\n<p>Los encargados del asilo precisaron a la jurisdicci\u00f3n que el 18 de enero detectaron a dos personas con problemas respiratorios.<\/p>\n<p>D\u00edas despu\u00e9s, el 26 de enero, varios de los adultos mayores presentaron s\u00edntomas relacionados con el coronavirus, como malestar de garganta y congesti\u00f3n nasal, por lo que el m\u00e9dico que brinda atenci\u00f3n a las personas albergadas recomend\u00f3 aplicar pruebas, mismas que se hicieron en un laboratorio particular.<\/p>\n<p>Todo el personal fue revisado mediante esta v\u00eda y se confirm\u00f3 que 35 personas estaban contagiadas: 18 hombres y 17 mujeres.<\/p>\n<p>En total, en el asilo se encuentran albergados 71 adultos mayores, mientras que la plantilla de personal est\u00e1 conformada por 31 personas.<\/p>\n<p>En la visita, personal de la Jurisdicci\u00f3n Sanitaria repiti\u00f3 las pruebas y result\u00f3 que en total son 45 personas con covid-19, casi la mitad de quienes residen y laboran en el lugar.<\/p>\n<p>La directiva del asilo asegur\u00f3 a las autoridades sanitarias que desde marzo se suspendieron las visitas de los familiares y se mantiene el contacto telef\u00f3nico, adem\u00e1s de que el personal que atiende a los residentes duerme en el mismo asilo.<\/p>\n<p>En la visita de revisi\u00f3n se hicieron recomendaciones \u201cpara reforzar las medidas de prevenci\u00f3n para evitar m\u00e1s contagios y defunciones derivadas de dicho padecimiento\u201d, se\u00f1al\u00f3 la Secretar\u00eda de Salud, y anunci\u00f3 que enviar\u00e1 diariamente una brigada para monitorear la evoluci\u00f3n de los enfermos en el asilo.<\/p>\n<p>Sin embargo, no se inform\u00f3 si alguno de los adultos mayores necesit\u00f3 ser hospitalizado, despu\u00e9s de que cinco residentes fallecieron en un mes.<\/p>\n<p>La semana pasada se conoci\u00f3 de un brote en otro asilo, el hogar para ancianas pobres \u201cMar\u00eda Asunta\u201d, en Le\u00f3n, donde tres monjas y una anciana perdieron la vida en enero, y se detect\u00f3 que actualmente hay 37 personas contagiadas, entre ellas 15 de las personas albergadas, 10 monjas y 12 empleados que ayudan en las tareas de la casa hogar.<\/p>\n<p><a href=\"https:\/\/www.proceso.com.mx\/nacional\/2021\/2\/1\/reportan-brote-de-covid-19-en-otro-asilo-ahora-en-celaya-van-decesos-257422.html#&amp;gid=1&amp;pid=1\">https:\/\/www.proceso.com.mx\/nacional\/2021\/2\/1\/reportan-brote-de-covid-19-en-otro-asilo-ahora-en-celaya-van-decesos-257422.html#&amp;gid=1&amp;pid=1<\/a><\/p>\n","protected":false},"excerpt":{"rendered":"<p>En el asilo de Ancianos de Celaya, A.C. se identificaron 45 personas contagiadas de covid-19. Por Ver\u00f3nica Espinosa \/ Proceso, lunes, 1 de febrero de 2021 GUANAJUATO, Gto. (apro).- Otro &hellip; <a href=\"https:\/\/www.grieta.org.mx\/index.php\/2021\/02\/01\/reportan-brote-de-covid-19-en-otro-asilo-ahora-en-celaya-van-3-decesos\/\" class=\"more-link\">Leer m\u00e1s<\/a><\/p>\n","protected":false},"author":2,"featured_media":56948,"comment_status":"closed","ping_status":"closed","sticky":false,"template":"","format":"standard","meta":{"ngg_post_thumbnail":0,"_jetpack_newsletter_access":"","_jetpack_dont_email_post_to_subs":false,"_jetpack_newsletter_tier_id":0,"_jetpack_memberships_contains_paywalled_content":false,"_jetpack_memberships_contains_paid_content":false,"footnotes":""},"categories":[80,3239,17],"tags":[3241,1459],"class_list":["post-56947","post","type-post","status-publish","format-standard","has-post-thumbnail","hentry","category-cintillo","category-covid-19-en-guanajuato","category-guanajuato","tag-covid-19","tag-crisis-sector-salud","entry"],"jetpack_featured_media_url":"https:\/\/www.grieta.org.mx\/wp-content\/uploads\/2021\/02\/f800x450-129423_180869_5050.jpg","jetpack_sharing_enabled":true,"jetpack_shortlink":"https:\/\/wp.me\/p7ZJR4-eOv","jetpack_likes_enabled":false,"jetpack-related-posts":[{"id":48955,"url":"https:\/\/www.grieta.org.mx\/index.php\/2020\/05\/07\/hospitalizan-a-los-92-residentes-del-asilo-y-lo-cierran-nuevo-leon\/","url_meta":{"origin":56947,"position":0},"title":"Hospitalizan a los 92 residentes del asilo y lo cierran (Nuevo Le\u00f3n)","author":"grieta","date":"7 mayo, 2020","format":false,"excerpt":"Informan que cinco est\u00e1n en estado critico EL PROVENIR Ante la situaci\u00f3n ocurrida en el Asilo Luis Elizondo en el municipio de Guadalupe, la Secretaria de Salud decidi\u00f3 cerrarlo. Manuel de la O Cavazos, titular de dependencia dijo que por la situaci\u00f3n tan vulnerable de las personas de la tercera\u2026","rel":"","context":"En &quot;CINTILLO&quot;","block_context":{"text":"CINTILLO","link":"https:\/\/www.grieta.org.mx\/index.php\/category\/cintillo\/"},"img":{"alt_text":"","src":"https:\/\/i0.wp.com\/www.grieta.org.mx\/wp-content\/uploads\/2020\/05\/2.ciedrranasilo1.jpg?resize=350%2C200&ssl=1","width":350,"height":200,"srcset":"https:\/\/i0.wp.com\/www.grieta.org.mx\/wp-content\/uploads\/2020\/05\/2.ciedrranasilo1.jpg?resize=350%2C200&ssl=1 1x, https:\/\/i0.wp.com\/www.grieta.org.mx\/wp-content\/uploads\/2020\/05\/2.ciedrranasilo1.jpg?resize=525%2C300&ssl=1 1.5x, https:\/\/i0.wp.com\/www.grieta.org.mx\/wp-content\/uploads\/2020\/05\/2.ciedrranasilo1.jpg?resize=700%2C400&ssl=1 2x"},"classes":[]},{"id":17781,"url":"https:\/\/www.grieta.org.mx\/index.php\/2016\/03\/14\/conflictos-y-protestas-por-transporte-publico-en-guanajuato\/","url_meta":{"origin":56947,"position":1},"title":"Conflictos y protestas por transporte p\u00fablico en Guanajuato","author":"grieta","date":"14 marzo, 2016","format":false,"excerpt":"14\/03\/2016. Contin\u00faan las protestas contra aumento al pasaje en el transporte p\u00fablico en Le\u00f3n Peri\u00f3dico Correo 03\/03\/2016. Protestan contra aumento al pasaje en el transporte p\u00fablico en Le\u00f3n AM 20\/11\/2015. Agreden a manifestantes que exigen mantener gratuidad del transporte para ancianos en Le\u00f3nZona Franca 26\/10\/2015. Siguen las manifestaciones para exigir\u2026","rel":"","context":"En &quot;Guanajuato&quot;","block_context":{"text":"Guanajuato","link":"https:\/\/www.grieta.org.mx\/index.php\/category\/noticias-nacionales\/guanajuato\/"},"img":{"alt_text":"","src":"https:\/\/i0.wp.com\/www.grieta.org.mx\/wp-content\/uploads\/2018\/03\/14524434_1106112876131411_958039263622046936_o.jpg?resize=350%2C200&ssl=1","width":350,"height":200,"srcset":"https:\/\/i0.wp.com\/www.grieta.org.mx\/wp-content\/uploads\/2018\/03\/14524434_1106112876131411_958039263622046936_o.jpg?resize=350%2C200&ssl=1 1x, https:\/\/i0.wp.com\/www.grieta.org.mx\/wp-content\/uploads\/2018\/03\/14524434_1106112876131411_958039263622046936_o.jpg?resize=525%2C300&ssl=1 1.5x, https:\/\/i0.wp.com\/www.grieta.org.mx\/wp-content\/uploads\/2018\/03\/14524434_1106112876131411_958039263622046936_o.jpg?resize=700%2C400&ssl=1 2x"},"classes":[]},{"id":50022,"url":"https:\/\/www.grieta.org.mx\/index.php\/2020\/05\/26\/en-guanajuato-covid-19-arrebato-la-vida-a-5-trabajadores-de-la-salud-hay-102-contagiados\/","url_meta":{"origin":56947,"position":2},"title":"En Guanajuato, covid-19 arrebat\u00f3 la vida a 5 trabajadores de la salud; hay 102 contagiados","author":"grieta","date":"26 mayo, 2020","format":false,"excerpt":"Ver\u00f3nica Espinosa\/ Proceso, 26 de mayo de 2020 GUANAJUATO, Gto. (apro).- Los trabajadores de la salud fallecidos en la entidad a causa del covid-19 suman cinco hasta este mi\u00e9rcoles y 102 los contagiados, seg\u00fan el reporte la Secretar\u00eda de Salud. Ayer muri\u00f3 un m\u00e9dico de 53 a\u00f1os que laboraba en\u2026","rel":"","context":"En &quot;CINTILLO&quot;","block_context":{"text":"CINTILLO","link":"https:\/\/www.grieta.org.mx\/index.php\/category\/cintillo\/"},"img":{"alt_text":"","src":"https:\/\/i0.wp.com\/www.grieta.org.mx\/wp-content\/uploads\/2020\/05\/Guanajuato-870x522.jpg?resize=350%2C200&ssl=1","width":350,"height":200,"srcset":"https:\/\/i0.wp.com\/www.grieta.org.mx\/wp-content\/uploads\/2020\/05\/Guanajuato-870x522.jpg?resize=350%2C200&ssl=1 1x, https:\/\/i0.wp.com\/www.grieta.org.mx\/wp-content\/uploads\/2020\/05\/Guanajuato-870x522.jpg?resize=525%2C300&ssl=1 1.5x, https:\/\/i0.wp.com\/www.grieta.org.mx\/wp-content\/uploads\/2020\/05\/Guanajuato-870x522.jpg?resize=700%2C400&ssl=1 2x"},"classes":[]},{"id":30546,"url":"https:\/\/www.grieta.org.mx\/index.php\/2019\/03\/12\/mujeres-toman-las-calles-de-guanajuato-capital-y-celaya-exigen-respeto-a-sus-derechos\/","url_meta":{"origin":56947,"position":3},"title":"Mujeres toman las calles de Guanajuato capital y Celaya, exigen respeto a sus derechos","author":"grieta","date":"12 marzo, 2019","format":false,"excerpt":"Decenas de mujeres en Guanajuato capital y Celaya tomaron las calles para manifestarse en conmemoraci\u00f3n del D\u00eda Internacional de la Mujer. Tere Segura\/Luis Garc\u00eda\/ Zona Franca, 08 de marzo de 2019 Guanajuato\/Celaya, Gto. Decenas de mujeres marcharon por las principales calles de la capital del estado, para exigir el respeto\u2026","rel":"","context":"En &quot;CINTILLO&quot;","block_context":{"text":"CINTILLO","link":"https:\/\/www.grieta.org.mx\/index.php\/category\/cintillo\/"},"img":{"alt_text":"","src":"https:\/\/i0.wp.com\/www.grieta.org.mx\/wp-content\/uploads\/2019\/03\/manifestacion-3-1.jpg?resize=350%2C200&ssl=1","width":350,"height":200,"srcset":"https:\/\/i0.wp.com\/www.grieta.org.mx\/wp-content\/uploads\/2019\/03\/manifestacion-3-1.jpg?resize=350%2C200&ssl=1 1x, https:\/\/i0.wp.com\/www.grieta.org.mx\/wp-content\/uploads\/2019\/03\/manifestacion-3-1.jpg?resize=525%2C300&ssl=1 1.5x, https:\/\/i0.wp.com\/www.grieta.org.mx\/wp-content\/uploads\/2019\/03\/manifestacion-3-1.jpg?resize=700%2C400&ssl=1 2x"},"classes":[]},{"id":43071,"url":"https:\/\/www.grieta.org.mx\/index.php\/2020\/01\/10\/se-asfixia-celaya-por-altos-niveles-de-contaminacion-guanajuato\/","url_meta":{"origin":56947,"position":4},"title":"Se &#8216;asfixia&#8217; Celaya por altos niveles de contaminaci\u00f3n (Guanajuato)","author":"grieta","date":"10 enero, 2020","format":false,"excerpt":"Amanece Celaya en sem\u00e1foro rojo, podr\u00edan declarar precontingencia ambiental en el transcurso del d\u00eda. Por: Jos\u00e9 Trinidad M\u00e9ndez Valadez \/ AM Le\u00f3n Guanajuato, 10 de enero de 2020 Le\u00f3n, Guanajuato.- El Sistema Estatal de Informaci\u00f3n de Calidad del Aire (Seica) informa que Celaya amanece en sem\u00e1foro en rojo, por altos\u2026","rel":"","context":"En &quot;CINTILLO&quot;","block_context":{"text":"CINTILLO","link":"https:\/\/www.grieta.org.mx\/index.php\/category\/cintillo\/"},"img":{"alt_text":"","src":"https:\/\/i0.wp.com\/www.grieta.org.mx\/wp-content\/uploads\/2018\/03\/14524434_1106112876131411_958039263622046936_o.jpg?resize=350%2C200&ssl=1","width":350,"height":200,"srcset":"https:\/\/i0.wp.com\/www.grieta.org.mx\/wp-content\/uploads\/2018\/03\/14524434_1106112876131411_958039263622046936_o.jpg?resize=350%2C200&ssl=1 1x, https:\/\/i0.wp.com\/www.grieta.org.mx\/wp-content\/uploads\/2018\/03\/14524434_1106112876131411_958039263622046936_o.jpg?resize=525%2C300&ssl=1 1.5x, https:\/\/i0.wp.com\/www.grieta.org.mx\/wp-content\/uploads\/2018\/03\/14524434_1106112876131411_958039263622046936_o.jpg?resize=700%2C400&ssl=1 2x"},"classes":[]},{"id":47879,"url":"https:\/\/www.grieta.org.mx\/index.php\/2020\/01\/13\/ciudadanos-protestan-por-falta-de-agua-y-se-niegan-a-pagar-el-servicio-en-celaya\/","url_meta":{"origin":56947,"position":5},"title":"Ciudadanos protestan por falta de agua y se niegan a pagar el servicio, en Celaya","author":"grieta","date":"13 enero, 2020","format":false,"excerpt":"Un grupo de manifestantes de colonias Pedro Mar\u00eda Anaya y Patria Nueva piden que Jumapa asuma el control del pozo Por Ricardo Aguilar, Zona Franca, 13 de enero de 2020 Celaya, Gto.- Un grupo de aproximadamente 25 personas, representantes de las colonias Pedro Mar\u00eda Anaya y Patria Nueva, se manifestaron\u2026","rel":"","context":"En &quot;CINTILLO&quot;","block_context":{"text":"CINTILLO","link":"https:\/\/www.grieta.org.mx\/index.php\/category\/cintillo\/"},"img":{"alt_text":"","src":"https:\/\/i0.wp.com\/www.grieta.org.mx\/wp-content\/uploads\/2020\/04\/IMG_20200113_092328-scaled.jpg?resize=350%2C200&ssl=1","width":350,"height":200,"srcset":"https:\/\/i0.wp.com\/www.grieta.org.mx\/wp-content\/uploads\/2020\/04\/IMG_20200113_092328-scaled.jpg?resize=350%2C200&ssl=1 1x, https:\/\/i0.wp.com\/www.grieta.org.mx\/wp-content\/uploads\/2020\/04\/IMG_20200113_092328-scaled.jpg?resize=525%2C300&ssl=1 1.5x, https:\/\/i0.wp.com\/www.grieta.org.mx\/wp-content\/uploads\/2020\/04\/IMG_20200113_092328-scaled.jpg?resize=700%2C400&ssl=1 2x, https:\/\/i0.wp.com\/www.grieta.org.mx\/wp-content\/uploads\/2020\/04\/IMG_20200113_092328-scaled.jpg?resize=1050%2C600&ssl=1 3x, https:\/\/i0.wp.com\/www.grieta.org.mx\/wp-content\/uploads\/2020\/04\/IMG_20200113_092328-scaled.jpg?resize=1400%2C800&ssl=1 4x"},"classes":[]}],"_links":{"self":[{"href":"https:\/\/www.grieta.org.mx\/index.php\/wp-json\/wp\/v2\/posts\/56947","targetHints":{"allow":["GET"]}}],"collection":[{"href":"https:\/\/www.grieta.org.mx\/index.php\/wp-json\/wp\/v2\/posts"}],"about":[{"href":"https:\/\/www.grieta.org.mx\/index.php\/wp-json\/wp\/v2\/types\/post"}],"author":[{"embeddable":true,"href":"https:\/\/www.grieta.org.mx\/index.php\/wp-json\/wp\/v2\/users\/2"}],"replies":[{"embeddable":true,"href":"https:\/\/www.grieta.org.mx\/index.php\/wp-json\/wp\/v2\/comments?post=56947"}],"version-history":[{"count":1,"href":"https:\/\/www.grieta.org.mx\/index.php\/wp-json\/wp\/v2\/posts\/56947\/revisions"}],"predecessor-version":[{"id":56950,"href":"https:\/\/www.grieta.org.mx\/index.php\/wp-json\/wp\/v2\/posts\/56947\/revisions\/56950"}],"wp:featuredmedia":[{"embeddable":true,"href":"https:\/\/www.grieta.org.mx\/index.php\/wp-json\/wp\/v2\/media\/56948"}],"wp:attachment":[{"href":"https:\/\/www.grieta.org.mx\/index.php\/wp-json\/wp\/v2\/media?parent=56947"}],"wp:term":[{"taxonomy":"category","embeddable":true,"href":"https:\/\/www.grieta.org.mx\/index.php\/wp-json\/wp\/v2\/categories?post=56947"},{"taxonomy":"post_tag","embeddable":true,"href":"https:\/\/www.grieta.org.mx\/index.php\/wp-json\/wp\/v2\/tags?post=56947"}],"curies":[{"name":"wp","href":"https:\/\/api.w.org\/{rel}","templated":true}]}}