{"id":5690,"date":"2015-03-28T17:28:09","date_gmt":"2015-03-28T17:28:09","guid":{"rendered":"http:\/\/50.22.11.12\/~grietaor\/?p=5690"},"modified":"2016-03-27T17:42:59","modified_gmt":"2016-03-27T17:42:59","slug":"pueblos-indigenas-del-cni-en-jalisco-reciben-a-normalistas-y-madres-de-los-desaparecidos-de-ayotzinapa","status":"publish","type":"post","link":"https:\/\/www.grieta.org.mx\/index.php\/2015\/03\/28\/pueblos-indigenas-del-cni-en-jalisco-reciben-a-normalistas-y-madres-de-los-desaparecidos-de-ayotzinapa\/","title":{"rendered":"Pueblos Ind\u00edgenas del CNI en Jalisco reciben a normalistas y madres de los desaparecidos de Ayotzinapa."},"content":{"rendered":"<p><strong>28\/03\/15. <\/strong><a href=\"http:\/\/grieta.org.mx\/index.php\/2015\/03\/28\/las-madres-del-los-43-en-ayotitlan-jalisco\/\" >Las madres del los 43 en Ayotitl\u00e1n, Jalisco.<\/a><br \/><em>Radio Zapote<\/em><br  \/><\/p>\n<p><strong>25\/03\/15. <\/strong><a href=\"http:\/\/grieta.org.mx\/index.php\/2015\/03\/25\/familiares-de-normalistas-de-ayotzinapa-recorren-jalisco\/\" >Familiares de normalistas de Ayotzinapa recorren Jalisco <\/a><br \/><em>M\u00e1s por m\u00e1s GDL-Cr\u00f3nica de Sociales<\/em><br  \/><\/p>\n<p><strong>23\/03\/15. <\/strong><a href=\"http:\/\/grieta.org.mx\/index.php\/2015\/03\/24\/normalistas-y-madres-de-ayotzinapa-marcharan-en-guadalajara\/\" >Normalistas y madres de Ayotzinapa marchar\u00e1n en\u00a0Guadalajara<\/a><br \/><em>Revista N\u00f3mada<\/em><br  \/><\/p>\n","protected":false},"excerpt":{"rendered":"<p>28\/03\/15. Las madres del los 43 en Ayotitl\u00e1n, Jalisco.Radio Zapote 25\/03\/15. Familiares de normalistas de Ayotzinapa recorren Jalisco M\u00e1s por m\u00e1s GDL-Cr\u00f3nica de Sociales 23\/03\/15. Normalistas y madres de Ayotzinapa &hellip; <a href=\"https:\/\/www.grieta.org.mx\/index.php\/2015\/03\/28\/pueblos-indigenas-del-cni-en-jalisco-reciben-a-normalistas-y-madres-de-los-desaparecidos-de-ayotzinapa\/\" class=\"more-link\">Leer m\u00e1s<\/a><\/p>\n","protected":false},"author":2,"featured_media":21928,"comment_status":"closed","ping_status":"open","sticky":false,"template":"","format":"standard","meta":{"ngg_post_thumbnail":0,"_jetpack_newsletter_access":"","_jetpack_dont_email_post_to_subs":false,"_jetpack_newsletter_tier_id":0,"_jetpack_memberships_contains_paywalled_content":false,"_jetpack_memberships_contains_paid_content":false,"footnotes":""},"categories":[20,2],"tags":[],"class_list":["post-5690","post","type-post","status-publish","format-standard","has-post-thumbnail","hentry","category-jalisco","category-noticias-nacionales","entry"],"jetpack_featured_media_url":"https:\/\/www.grieta.org.mx\/wp-content\/uploads\/2018\/03\/14524434_1106112876131411_958039263622046936_o.jpg","jetpack_sharing_enabled":true,"jetpack_shortlink":"https:\/\/wp.me\/p7ZJR4-1tM","jetpack_likes_enabled":false,"jetpack-related-posts":[{"id":5705,"url":"https:\/\/www.grieta.org.mx\/index.php\/2015\/03\/24\/normalistas-y-madres-de-ayotzinapa-marcharan-en-guadalajara\/","url_meta":{"origin":5690,"position":0},"title":"Normalistas y madres de Ayotzinapa marchar\u00e1n en Guadalajara","author":"grieta","date":"24 marzo, 2015","format":false,"excerpt":"Redacci\u00f3nN\u00f3mada.- Los estudiantes de la Normal Rural Isidro Burgos subrayan la importancia de unificar las luchas y no dejar a los padres de familia solos con su dolor. Invitan a participar en la marcha del jueves 26 de marzo que conmemora seis meses del asesinato de tres estudiantes y la\u2026","rel":"","context":"En &quot;CINTILLO&quot;","block_context":{"text":"CINTILLO","link":"https:\/\/www.grieta.org.mx\/index.php\/category\/cintillo\/"},"img":{"alt_text":"","src":"https:\/\/i0.wp.com\/www.grieta.org.mx\/wp-content\/uploads\/2018\/03\/14524434_1106112876131411_958039263622046936_o.jpg?resize=350%2C200&ssl=1","width":350,"height":200,"srcset":"https:\/\/i0.wp.com\/www.grieta.org.mx\/wp-content\/uploads\/2018\/03\/14524434_1106112876131411_958039263622046936_o.jpg?resize=350%2C200&ssl=1 1x, https:\/\/i0.wp.com\/www.grieta.org.mx\/wp-content\/uploads\/2018\/03\/14524434_1106112876131411_958039263622046936_o.jpg?resize=525%2C300&ssl=1 1.5x, https:\/\/i0.wp.com\/www.grieta.org.mx\/wp-content\/uploads\/2018\/03\/14524434_1106112876131411_958039263622046936_o.jpg?resize=700%2C400&ssl=1 2x"},"classes":[]},{"id":5548,"url":"https:\/\/www.grieta.org.mx\/index.php\/2016\/01\/24\/movilizaciones-por-ayotzinapa-en-jalisco\/","url_meta":{"origin":5690,"position":1},"title":"Movilizaciones por Ayotzinapa en Jalisco","author":"grieta","date":"24 enero, 2016","format":false,"excerpt":"24\/01\/16. Caravana de padres de Ayotzinapa llega a JaliscoInformador 22\/11\/15. Padres de los normalistas desaparecidos afirman que seguir\u00e1n su luchaLa Jornada 20\/11\/15. 'No nos dejen solos', piden padres de normalistasEl Informador 27\/10\/15. Persiste demanda por AyotzinapaNtr Guadajara\/Cr\u00f3nica de Sociales 26\/09\/15. Retumbaron gritos por justicia por normalistas de Ayotzinapa tambi\u00e9n en\u2026","rel":"","context":"En &quot;Jalisco&quot;","block_context":{"text":"Jalisco","link":"https:\/\/www.grieta.org.mx\/index.php\/category\/noticias-nacionales\/jalisco\/"},"img":{"alt_text":"","src":"https:\/\/i0.wp.com\/www.grieta.org.mx\/wp-content\/uploads\/2018\/03\/14524434_1106112876131411_958039263622046936_o.jpg?resize=350%2C200&ssl=1","width":350,"height":200,"srcset":"https:\/\/i0.wp.com\/www.grieta.org.mx\/wp-content\/uploads\/2018\/03\/14524434_1106112876131411_958039263622046936_o.jpg?resize=350%2C200&ssl=1 1x, https:\/\/i0.wp.com\/www.grieta.org.mx\/wp-content\/uploads\/2018\/03\/14524434_1106112876131411_958039263622046936_o.jpg?resize=525%2C300&ssl=1 1.5x, https:\/\/i0.wp.com\/www.grieta.org.mx\/wp-content\/uploads\/2018\/03\/14524434_1106112876131411_958039263622046936_o.jpg?resize=700%2C400&ssl=1 2x"},"classes":[]},{"id":72250,"url":"https:\/\/www.grieta.org.mx\/index.php\/2025\/08\/27\/madres-y-padres-de-los-43-normalistas-exigen-a-claudia-sheinbaum-verdad-y-justicia-a-11-anos-de-ayotzinapa\/","url_meta":{"origin":5690,"position":2},"title":"Madres y padres de los 43 normalistas exigen a Claudia Sheinbaum verdad y justicia a 11 a\u00f1os de Ayotzinapa","author":"grieta","date":"27 agosto, 2025","format":false,"excerpt":"Por\u00a0Redacci\u00f3n\u00a0\/\u00a0@Somoselmedio Madres, padres y estudiantes exigen justicia y castigo a los responsables de la desaparici\u00f3n forzada de los 43 de Ayotzinapa, a 11 a\u00f1os de la tragedia. Denuncian la falta de avances en las investigaciones y la protecci\u00f3n del Ej\u00e9rcito por tres gobiernos. Ciudad de M\u00e9xico, 26 de agosto de\u2026","rel":"","context":"En &quot;CINTILLO&quot;","block_context":{"text":"CINTILLO","link":"https:\/\/www.grieta.org.mx\/index.php\/category\/cintillo\/"},"img":{"alt_text":"","src":"https:\/\/i0.wp.com\/www.grieta.org.mx\/wp-content\/uploads\/2025\/08\/Captura-de-pantalla-2025-08-28-215352.png?resize=350%2C200&ssl=1","width":350,"height":200},"classes":[]},{"id":5695,"url":"https:\/\/www.grieta.org.mx\/index.php\/2015\/03\/25\/familiares-de-normalistas-de-ayotzinapa-recorren-jalisco\/","url_meta":{"origin":5690,"position":3},"title":"Familiares de normalistas de Ayotzinapa recorren Jalisco","author":"grieta","date":"25 marzo, 2015","format":false,"excerpt":"Alejandra Guill\u00e9n. Con cheques de cientos de miles de pesos, el gobierno federal ha tratado de convencer a familiares de los 43 normalistas desaparecidos para que dejen de buscarlos; manifestantes han sido detenidos, amenazados o reprimidos por el Ej\u00e9rcito o las fuerzas policiales y la Procuradur\u00eda General de la Rep\u00fablica\u2026","rel":"","context":"En &quot;CINTILLO&quot;","block_context":{"text":"CINTILLO","link":"https:\/\/www.grieta.org.mx\/index.php\/category\/cintillo\/"},"img":{"alt_text":"","src":"https:\/\/i0.wp.com\/www.grieta.org.mx\/wp-content\/uploads\/2018\/03\/14524434_1106112876131411_958039263622046936_o.jpg?resize=350%2C200&ssl=1","width":350,"height":200,"srcset":"https:\/\/i0.wp.com\/www.grieta.org.mx\/wp-content\/uploads\/2018\/03\/14524434_1106112876131411_958039263622046936_o.jpg?resize=350%2C200&ssl=1 1x, https:\/\/i0.wp.com\/www.grieta.org.mx\/wp-content\/uploads\/2018\/03\/14524434_1106112876131411_958039263622046936_o.jpg?resize=525%2C300&ssl=1 1.5x, https:\/\/i0.wp.com\/www.grieta.org.mx\/wp-content\/uploads\/2018\/03\/14524434_1106112876131411_958039263622046936_o.jpg?resize=700%2C400&ssl=1 2x"},"classes":[]},{"id":69941,"url":"https:\/\/www.grieta.org.mx\/index.php\/2024\/09\/27\/ayotzinapa-vive-la-lucha-sigue-marchan-en-guadalajara-a-10-anos-de-la-desaparicion-de-los-43-normalistas-jalisco\/","url_meta":{"origin":5690,"position":4},"title":"\u00a1Ayotzinapa vive, la lucha sigue! Marchan en Guadalajara a 10 a\u00f1os de la desaparici\u00f3n de los 43 normalistas (Jalisco)","author":"grieta","date":"27 septiembre, 2024","format":false,"excerpt":"Imagen: Zona Docs En el marco del d\u00e9cimo aniversario de la desaparici\u00f3n forzada de los 43 normalistas de Ayotzinapa, estudiantes de la Escuela Normal Rural Miguel Hidalgo en Jalisco, se manifestaron en el centro de la ciudad de Guadalajara para mantener vigente y activo el reclamo de justicia y no\u2026","rel":"","context":"En &quot;CINTILLO&quot;","block_context":{"text":"CINTILLO","link":"https:\/\/www.grieta.org.mx\/index.php\/category\/cintillo\/"},"img":{"alt_text":"","src":"https:\/\/i0.wp.com\/www.grieta.org.mx\/wp-content\/uploads\/2024\/10\/IMG_F992B672CF6C-6.jpeg?resize=350%2C200&ssl=1","width":350,"height":200,"srcset":"https:\/\/i0.wp.com\/www.grieta.org.mx\/wp-content\/uploads\/2024\/10\/IMG_F992B672CF6C-6.jpeg?resize=350%2C200&ssl=1 1x, https:\/\/i0.wp.com\/www.grieta.org.mx\/wp-content\/uploads\/2024\/10\/IMG_F992B672CF6C-6.jpeg?resize=525%2C300&ssl=1 1.5x, https:\/\/i0.wp.com\/www.grieta.org.mx\/wp-content\/uploads\/2024\/10\/IMG_F992B672CF6C-6.jpeg?resize=700%2C400&ssl=1 2x, https:\/\/i0.wp.com\/www.grieta.org.mx\/wp-content\/uploads\/2024\/10\/IMG_F992B672CF6C-6.jpeg?resize=1050%2C600&ssl=1 3x"},"classes":[]},{"id":62118,"url":"https:\/\/www.grieta.org.mx\/index.php\/2021\/09\/27\/con-resistencia-de-la-autoridad-normalistas-de-jalisco-marchan-por-los-43-de-ayotzinapa-jalisco\/","url_meta":{"origin":5690,"position":5},"title":"Con resistencia de la autoridad, normalistas de Jalisco marchan por los 43 de Ayotzinapa (Jalisco)","author":"grieta","date":"27 septiembre, 2021","format":false,"excerpt":"Doto: Darwin Franco Sin protecci\u00f3n de vialidad y con resistencia de la polic\u00eda, m\u00e1s de 200 estudiantes de la Escuela Normal Rural \u201cMiguel Hidalgo\u201d de Atequiza, Jalisco, y el colectivo\u00a0Ayotzinapa Somos Todos y la Asamblea Popular y Solidaria de Jalisco\u00a0marcharon por las calles de Guadalajara para recordar que hace 7\u2026","rel":"","context":"En &quot;CINTILLO&quot;","block_context":{"text":"CINTILLO","link":"https:\/\/www.grieta.org.mx\/index.php\/category\/cintillo\/"},"img":{"alt_text":"","src":"https:\/\/i0.wp.com\/www.grieta.org.mx\/wp-content\/uploads\/2021\/10\/ayot10.jpg?resize=350%2C200&ssl=1","width":350,"height":200,"srcset":"https:\/\/i0.wp.com\/www.grieta.org.mx\/wp-content\/uploads\/2021\/10\/ayot10.jpg?resize=350%2C200&ssl=1 1x, https:\/\/i0.wp.com\/www.grieta.org.mx\/wp-content\/uploads\/2021\/10\/ayot10.jpg?resize=525%2C300&ssl=1 1.5x, https:\/\/i0.wp.com\/www.grieta.org.mx\/wp-content\/uploads\/2021\/10\/ayot10.jpg?resize=700%2C400&ssl=1 2x, https:\/\/i0.wp.com\/www.grieta.org.mx\/wp-content\/uploads\/2021\/10\/ayot10.jpg?resize=1050%2C600&ssl=1 3x"},"classes":[]}],"_links":{"self":[{"href":"https:\/\/www.grieta.org.mx\/index.php\/wp-json\/wp\/v2\/posts\/5690","targetHints":{"allow":["GET"]}}],"collection":[{"href":"https:\/\/www.grieta.org.mx\/index.php\/wp-json\/wp\/v2\/posts"}],"about":[{"href":"https:\/\/www.grieta.org.mx\/index.php\/wp-json\/wp\/v2\/types\/post"}],"author":[{"embeddable":true,"href":"https:\/\/www.grieta.org.mx\/index.php\/wp-json\/wp\/v2\/users\/2"}],"replies":[{"embeddable":true,"href":"https:\/\/www.grieta.org.mx\/index.php\/wp-json\/wp\/v2\/comments?post=5690"}],"version-history":[{"count":1,"href":"https:\/\/www.grieta.org.mx\/index.php\/wp-json\/wp\/v2\/posts\/5690\/revisions"}],"predecessor-version":[{"id":5709,"href":"https:\/\/www.grieta.org.mx\/index.php\/wp-json\/wp\/v2\/posts\/5690\/revisions\/5709"}],"wp:featuredmedia":[{"embeddable":true,"href":"https:\/\/www.grieta.org.mx\/index.php\/wp-json\/wp\/v2\/media\/21928"}],"wp:attachment":[{"href":"https:\/\/www.grieta.org.mx\/index.php\/wp-json\/wp\/v2\/media?parent=5690"}],"wp:term":[{"taxonomy":"category","embeddable":true,"href":"https:\/\/www.grieta.org.mx\/index.php\/wp-json\/wp\/v2\/categories?post=5690"},{"taxonomy":"post_tag","embeddable":true,"href":"https:\/\/www.grieta.org.mx\/index.php\/wp-json\/wp\/v2\/tags?post=5690"}],"curies":[{"name":"wp","href":"https:\/\/api.w.org\/{rel}","templated":true}]}}