{"id":56895,"date":"2021-02-08T12:30:08","date_gmt":"2021-02-08T18:30:08","guid":{"rendered":"http:\/\/www.grieta.org.mx\/?p=56895"},"modified":"2021-02-10T12:43:10","modified_gmt":"2021-02-10T18:43:10","slug":"confirman-suspension-para-ejecutar-obras-de-tren-maya-en-yucatan","status":"publish","type":"post","link":"https:\/\/www.grieta.org.mx\/index.php\/2021\/02\/08\/confirman-suspension-para-ejecutar-obras-de-tren-maya-en-yucatan\/","title":{"rendered":"Confirman suspensi\u00f3n para ejecutar obras de Tren Maya en Yucat\u00e1n"},"content":{"rendered":"<p><img loading=\"lazy\" decoding=\"async\" data-attachment-id=\"56896\" data-permalink=\"https:\/\/www.grieta.org.mx\/index.php\/2021\/02\/08\/confirman-suspension-para-ejecutar-obras-de-tren-maya-en-yucatan\/confirmansuspension\/\" data-orig-file=\"https:\/\/www.grieta.org.mx\/wp-content\/uploads\/2021\/02\/ConfirmanSuspension.png\" data-orig-size=\"779,465\" data-comments-opened=\"0\" data-image-meta=\"{&quot;aperture&quot;:&quot;0&quot;,&quot;credit&quot;:&quot;&quot;,&quot;camera&quot;:&quot;&quot;,&quot;caption&quot;:&quot;&quot;,&quot;created_timestamp&quot;:&quot;0&quot;,&quot;copyright&quot;:&quot;&quot;,&quot;focal_length&quot;:&quot;0&quot;,&quot;iso&quot;:&quot;0&quot;,&quot;shutter_speed&quot;:&quot;0&quot;,&quot;title&quot;:&quot;&quot;,&quot;orientation&quot;:&quot;0&quot;}\" data-image-title=\"ConfirmanSuspension\" data-image-description=\"\" data-image-caption=\"\" data-medium-file=\"https:\/\/www.grieta.org.mx\/wp-content\/uploads\/2021\/02\/ConfirmanSuspension-300x179.png\" data-large-file=\"https:\/\/www.grieta.org.mx\/wp-content\/uploads\/2021\/02\/ConfirmanSuspension.png\" src=\"http:\/\/www.grieta.org.mx\/wp-content\/uploads\/2021\/02\/ConfirmanSuspension.png\" alt=\"\" width=\"779\" height=\"465\" class=\"alignnone size-full wp-image-56896\" srcset=\"https:\/\/www.grieta.org.mx\/wp-content\/uploads\/2021\/02\/ConfirmanSuspension.png 779w, https:\/\/www.grieta.org.mx\/wp-content\/uploads\/2021\/02\/ConfirmanSuspension-300x179.png 300w, https:\/\/www.grieta.org.mx\/wp-content\/uploads\/2021\/02\/ConfirmanSuspension-768x458.png 768w\" sizes=\"auto, (max-width: 779px) 100vw, 779px\" \/><\/p>\n<p>V\u00edctor Fuentes \/ Criterio Hidalgo<\/p>\n<p>Un tribunal federal confirm\u00f3 una suspensi\u00f3n provisional que impide ejecutar obras nuevas para el Tren Maya en los municipios de M\u00e9rida, Izamal y Chochol\u00e1, todos en Yucat\u00e1n, al menos hasta el pr\u00f3ximo 19 de febrero.<\/p>\n<p>El Tribunal Colegiado en Materias del Trabajo y Administrativa, con sede en M\u00e9rida, confirm\u00f3 la suspensi\u00f3n otorgada el 20 de enero por la jueza federal Karla Dom\u00ednguez Aguilar, como parte de un amparo promovido por residentes de Yucat\u00e1n que alegan que el tren provocar\u00e1 da\u00f1os ambientales y no fue suficientemente consultado con las comunidades.<\/p>\n<p>Por unanimidad, las tres magistradas del tribunal rechazaron los argumentos de Fonatur Tren Maya en el recurso de queja 21\/2021, votado el jueves pasado, y cuya sentencia, que es inapelable, fue notificada hoy.<\/p>\n<p>La jueza resolver\u00e1 el 19 de febrero si la suspensi\u00f3n provisional se convierte en definitiva, lo que impedir\u00eda obras nuevas para el Tren Maya en los municipios mencionados por tiempo indefinido.<\/p>\n<p>La suspensi\u00f3n afecta sobre todo al tramo 3, y parcialmente al tramo 4 del Tren Maya, cuyas obras para plataformas y v\u00edas f\u00e9rreas fueron adjudicados al consorcio GAMI Ingenier\u00eda y Construcciones Urales, y a ICA Constructora, respectivamente, por un total de casi 40 mil millones de pesos, IVA incluido.<\/p>\n<p>El tramo 3 va de Calkin\u00ed, Campeche, a Izamal, Yucat\u00e1n, pasando por Chochol\u00e1 y M\u00e9rida, mientras que el 4 va de Izamal a Canc\u00fan.<\/p>\n<p>La suspensi\u00f3n es para los siguientes efectos:<\/p>\n<p>\u201cQue las autoridades responsables se abstengan de realizar actos tendientes a la ejecuci\u00f3n del proyecto Tren Maya Fase 1 derivado de la aprobaci\u00f3n de la Manifestaci\u00f3n del Impacto Ambiental (MIA) el pasado 30 de noviembre de 2020, \u00fanicamente en lo que ata\u00f1e a los municipios de M\u00e9rida, Izamal y Chochol\u00e1, pues los quejosos son habitantes de dichos municipios, es decir, para que no se ejecute ese proyecto de obra dentro de la zona geogr\u00e1fica de la referida comunidad\u201d.<\/p>\n<p>\u201cEn el entendido que dicha limitante \u00fanicamente es respecto de obras y\/o construcciones nuevas; es decir, que si el proyecto denominado Tren Maya Fase 1 requiere rehabilitar y\/o dar mantenimiento a v\u00edas f\u00e9rreas preexistentes, las autoridades responsables s\u00ed podr\u00e1n ejecutar dicho proyecto\u201d.<\/p>\n<p>La jueza consider\u00f3 que el tren puede alterar la tierra, bosques, flora, fauna, recursos naturales, medio ambiente, biodiversidad, agua y salud, entre otros, y que dichas alteraciones pueden causar da\u00f1o irreparable a los promoventes del amparo.<\/p>\n<p>Agreg\u00f3 que algunos documentos faltantes de la MIA del proyecto, fueron publicados hasta el 30 de julio de 2020, misma fecha en que concluy\u00f3 la consulta p\u00fablica sobre dicha manifestaci\u00f3n.<\/p>\n<p>\u201cLo que indiciariamente y en, apariencia del buen derecho, podr\u00eda transgredir el derecho a la participaci\u00f3n p\u00fablica democr\u00e1tica y deliberativa en relaci\u00f3n con el derecho a un medio ambiente sano\u201d, afirm\u00f3.<\/p>\n<p>Fonatur sostuvo que el tren ya cuenta con Autorizaci\u00f3n de Impacto Ambienta y rechaz\u00f3 da\u00f1os ecol\u00f3gicos irreversibles, pero el tribunal resolvi\u00f3 que precisamente ese es el tema que tendr\u00e1 que ser aclarado al dictar sentencia de fondo en el juicio de amparo, no en la suspensi\u00f3n.<\/p>\n<p>El tribunal tambi\u00e9n rechaz\u00f3 la petici\u00f3n de Fonatur de fijar a los quejosos el pago de una garant\u00eda monetaria para que siga surtiendo efectos la suspensi\u00f3n.<\/p>\n<p>V\u00edctor Fuentes<br \/>\nAgencia Reforma<\/p>\n<p><a href=\"https:\/\/criteriohidalgo.com\/noticias\/confirman-suspension-para-ejecutar-obras-de-tren-maya-en-yucatan\" rel=\"noopener\" target=\"_blank\">https:\/\/criteriohidalgo.com\/noticias\/confirman-suspension-para-ejecutar-obras-de-tren-maya-en-yucatan<\/a><\/p>\n","protected":false},"excerpt":{"rendered":"<p>V\u00edctor Fuentes \/ Criterio Hidalgo Un tribunal federal confirm\u00f3 una suspensi\u00f3n provisional que impide ejecutar obras nuevas para el Tren Maya en los municipios de M\u00e9rida, Izamal y Chochol\u00e1, todos &hellip; <a href=\"https:\/\/www.grieta.org.mx\/index.php\/2021\/02\/08\/confirman-suspension-para-ejecutar-obras-de-tren-maya-en-yucatan\/\" class=\"more-link\">Leer m\u00e1s<\/a><\/p>\n","protected":false},"author":2,"featured_media":56896,"comment_status":"closed","ping_status":"closed","sticky":false,"template":"","format":"standard","meta":{"ngg_post_thumbnail":0,"_jetpack_newsletter_access":"","_jetpack_dont_email_post_to_subs":false,"_jetpack_newsletter_tier_id":0,"_jetpack_memberships_contains_paywalled_content":false,"_jetpack_memberships_contains_paid_content":false,"footnotes":""},"categories":[11,80,3,922,926,944,952,2,28,1875,1876,1877,2026,36],"tags":[384,3107,1878],"class_list":["post-56895","post","type-post","status-publish","format-standard","has-post-thumbnail","hentry","category-campeche","category-cintillo","category-megaproyectos","category-megaproyectos-estados","category-mp-campeche","category-mp-quintana-roo","category-mp-yucatan","category-noticias-nacionales","category-quintana-roo","category-resistencia-al-tren-maya-en-la-peninsula-de-yucatan","category-resistencia-al-tren-maya-en-la-peninsula-de-yucatan-quintana-roo","category-resistencia-al-tren-maya-en-la-peninsula-de-yucatan-campeche","category-tren-maya","category-yucatan","tag-amparo","tag-suspension-del-tren-maya","tag-tren-maya","entry"],"jetpack_featured_media_url":"https:\/\/www.grieta.org.mx\/wp-content\/uploads\/2021\/02\/ConfirmanSuspension.png","jetpack_sharing_enabled":true,"jetpack_shortlink":"https:\/\/wp.me\/p7ZJR4-eNF","jetpack_likes_enabled":false,"jetpack-related-posts":[{"id":47874,"url":"https:\/\/www.grieta.org.mx\/index.php\/2020\/04\/13\/las-vias-torcidas-del-tren-maya-video\/","url_meta":{"origin":56895,"position":0},"title":"Las v\u00edas torcidas del tren maya (Video)","author":"grieta","date":"13 abril, 2020","format":false,"excerpt":"https:\/\/www.youtube.com\/watch?v=k8FRX9eT0YY","rel":"","context":"En &quot;16. Pueblo Maya&quot;","block_context":{"text":"16. Pueblo Maya","link":"https:\/\/www.grieta.org.mx\/index.php\/category\/espejos-de-la-resistencia\/16-pueblo-maya\/"},"img":{"alt_text":"","src":"https:\/\/i0.wp.com\/www.grieta.org.mx\/wp-content\/uploads\/2020\/04\/ViasTorcidasTrenMaya.png?resize=350%2C200&ssl=1","width":350,"height":200,"srcset":"https:\/\/i0.wp.com\/www.grieta.org.mx\/wp-content\/uploads\/2020\/04\/ViasTorcidasTrenMaya.png?resize=350%2C200&ssl=1 1x, https:\/\/i0.wp.com\/www.grieta.org.mx\/wp-content\/uploads\/2020\/04\/ViasTorcidasTrenMaya.png?resize=525%2C300&ssl=1 1.5x, https:\/\/i0.wp.com\/www.grieta.org.mx\/wp-content\/uploads\/2020\/04\/ViasTorcidasTrenMaya.png?resize=700%2C400&ssl=1 2x"},"classes":[]},{"id":66094,"url":"https:\/\/www.grieta.org.mx\/index.php\/2023\/01\/18\/tribunal-otorga-nueva-suspension-contra-las-obras-del-tramo-5-del-tren-maya\/","url_meta":{"origin":56895,"position":1},"title":"Tribunal otorga nueva suspensi\u00f3n contra las obras del Tramo 5 del Tren Maya","author":"grieta","date":"18 enero, 2023","format":false,"excerpt":"Octavio Mart\u00ednez \/ Revista Proceso Un Tribunal Colegiado otorg\u00f3 una suspensi\u00f3n provisional de amparo contra las obras del Tramo 5 del Tren Maya, con lo que deber\u00e1n detenerse los trabajos de desmonte en la ruta de Canc\u00fan a Tulum. CIUDAD DE M\u00c9XICO (apro).\u2013 Una suspensi\u00f3n provisional de amparo fue otorgada\u2026","rel":"","context":"En &quot;Campeche&quot;","block_context":{"text":"Campeche","link":"https:\/\/www.grieta.org.mx\/index.php\/category\/noticias-nacionales\/campeche\/"},"img":{"alt_text":"","src":"https:\/\/i0.wp.com\/www.grieta.org.mx\/wp-content\/uploads\/2023\/01\/TrenMayaAmparo-e1674338538762.jpg?resize=350%2C200&ssl=1","width":350,"height":200,"srcset":"https:\/\/i0.wp.com\/www.grieta.org.mx\/wp-content\/uploads\/2023\/01\/TrenMayaAmparo-e1674338538762.jpg?resize=350%2C200&ssl=1 1x, https:\/\/i0.wp.com\/www.grieta.org.mx\/wp-content\/uploads\/2023\/01\/TrenMayaAmparo-e1674338538762.jpg?resize=525%2C300&ssl=1 1.5x, https:\/\/i0.wp.com\/www.grieta.org.mx\/wp-content\/uploads\/2023\/01\/TrenMayaAmparo-e1674338538762.jpg?resize=700%2C400&ssl=1 2x"},"classes":[]},{"id":45360,"url":"https:\/\/www.grieta.org.mx\/index.php\/2020\/02\/27\/no-estamos-peleando-la-suspension-provisional-del-tren-maya-sino-la-definitiva-cruz-rueda\/","url_meta":{"origin":56895,"position":2},"title":"&#8220;No estamos peleando la suspensi\u00f3n provisional del Tren Maya, sino la definitiva&#8221;: Cruz Rueda","author":"grieta","date":"27 febrero, 2020","format":false,"excerpt":"Impugnaci\u00f3n de Presidencia \"no nos quita el sue\u00f1o\" Abraham Bote \/Foto: Tomada de Twitter \/La Jornada Maya M\u00e9rida, Yucat\u00e1n Respecto a la impugnaci\u00f3n que realiz\u00f3 la Presidencia de la Rep\u00fablica y el apoderado de la Naci\u00f3n Financiera (Nafin), contra la suspensi\u00f3n provisional del proyecto de Tren Maya, la asesora jur\u00eddica\u2026","rel":"","context":"En &quot;16. Pueblo Maya&quot;","block_context":{"text":"16. Pueblo Maya","link":"https:\/\/www.grieta.org.mx\/index.php\/category\/espejos-de-la-resistencia\/16-pueblo-maya\/"},"img":{"alt_text":"","src":"https:\/\/i0.wp.com\/www.grieta.org.mx\/wp-content\/uploads\/2020\/02\/TrenMallaCampeche.png?resize=350%2C200&ssl=1","width":350,"height":200,"srcset":"https:\/\/i0.wp.com\/www.grieta.org.mx\/wp-content\/uploads\/2020\/02\/TrenMallaCampeche.png?resize=350%2C200&ssl=1 1x, https:\/\/i0.wp.com\/www.grieta.org.mx\/wp-content\/uploads\/2020\/02\/TrenMallaCampeche.png?resize=525%2C300&ssl=1 1.5x, https:\/\/i0.wp.com\/www.grieta.org.mx\/wp-content\/uploads\/2020\/02\/TrenMallaCampeche.png?resize=700%2C400&ssl=1 2x"},"classes":[]},{"id":35945,"url":"https:\/\/www.grieta.org.mx\/index.php\/2019\/07\/05\/expansion-de-megaproyectos-en-la-peninsula-de-yucatan-video\/","url_meta":{"origin":56895,"position":3},"title":"Expansi\u00f3n de Megaproyectos en la Pen\u00ednsula de Yucat\u00e1n (Video)","author":"grieta","date":"5 julio, 2019","format":false,"excerpt":"https:\/\/youtu.be\/qLBARIAaBsI","rel":"","context":"En &quot;Campeche&quot;","block_context":{"text":"Campeche","link":"https:\/\/www.grieta.org.mx\/index.php\/category\/noticias-nacionales\/campeche\/"},"img":{"alt_text":"","src":"https:\/\/i0.wp.com\/img.youtube.com\/vi\/qLBARIAaBsI\/0.jpg?resize=350%2C200","width":350,"height":200},"classes":[]},{"id":56428,"url":"https:\/\/www.grieta.org.mx\/index.php\/2021\/01\/21\/juzgado-concede-suspension-provisional-de-fase-1-del-tren-maya-en-3-municipios-de-yucatan\/","url_meta":{"origin":56895,"position":4},"title":"Juzgado concede suspensi\u00f3n provisional de Fase 1 del Tren Maya en 3 municipios de Yucat\u00e1n","author":"grieta","date":"21 enero, 2021","format":false,"excerpt":"Adriana Varillas \/ El Universal La medida impide al Fonatur ejecutar obras nuevas en Chochol\u00e1, M\u00e9rida e Izamal, en lo que se decide la suspensi\u00f3n definitiva y se resuelve el juicio. Canc\u00fan, Q. Roo.- El Juzgado Tercero de Distrito con sede en Yucat\u00e1n concedi\u00f3 la suspensi\u00f3n provisional del megaproyecto \u201cTren\u2026","rel":"","context":"En &quot;Campeche&quot;","block_context":{"text":"Campeche","link":"https:\/\/www.grieta.org.mx\/index.php\/category\/noticias-nacionales\/campeche\/"},"img":{"alt_text":"","src":"https:\/\/i0.wp.com\/www.grieta.org.mx\/wp-content\/uploads\/2021\/01\/TrenSuspension.png?resize=350%2C200&ssl=1","width":350,"height":200,"srcset":"https:\/\/i0.wp.com\/www.grieta.org.mx\/wp-content\/uploads\/2021\/01\/TrenSuspension.png?resize=350%2C200&ssl=1 1x, https:\/\/i0.wp.com\/www.grieta.org.mx\/wp-content\/uploads\/2021\/01\/TrenSuspension.png?resize=525%2C300&ssl=1 1.5x, https:\/\/i0.wp.com\/www.grieta.org.mx\/wp-content\/uploads\/2021\/01\/TrenSuspension.png?resize=700%2C400&ssl=1 2x"},"classes":[]},{"id":63716,"url":"https:\/\/www.grieta.org.mx\/index.php\/2022\/03\/09\/organizacion-indigena-condena-que-amlo-afirme-que-obras-del-tren-maya-no-se-detendran\/","url_meta":{"origin":56895,"position":5},"title":"Organizaci\u00f3n ind\u00edgena condena que AMLO afirme que obras del Tren Maya no se detendr\u00e1n","author":"grieta","date":"9 marzo, 2022","format":false,"excerpt":"Gloria Leticia D\u00edaz \/ Proceso CIUDAD DE M\u00c9XICO (apro).- La Asamblea de Defensores del Territorio Maya, M\u00fauch\u2019 X\u00edinbal, conden\u00f3 las declaraciones del presidente Andr\u00e9s Manuel L\u00f3pez Obrador quien sostuvo que las obras del Tren Maya continuar\u00e1n a pesar de resoluciones del Poder Judicial que ordenan parar su construcci\u00f3n en el\u2026","rel":"","context":"En &quot;Campeche&quot;","block_context":{"text":"Campeche","link":"https:\/\/www.grieta.org.mx\/index.php\/category\/noticias-nacionales\/campeche\/"},"img":{"alt_text":"","src":"https:\/\/i0.wp.com\/www.grieta.org.mx\/wp-content\/uploads\/2022\/03\/TrenOrganizacionIndigenaCondena-e1647560160318.png?resize=350%2C200&ssl=1","width":350,"height":200,"srcset":"https:\/\/i0.wp.com\/www.grieta.org.mx\/wp-content\/uploads\/2022\/03\/TrenOrganizacionIndigenaCondena-e1647560160318.png?resize=350%2C200&ssl=1 1x, https:\/\/i0.wp.com\/www.grieta.org.mx\/wp-content\/uploads\/2022\/03\/TrenOrganizacionIndigenaCondena-e1647560160318.png?resize=525%2C300&ssl=1 1.5x, https:\/\/i0.wp.com\/www.grieta.org.mx\/wp-content\/uploads\/2022\/03\/TrenOrganizacionIndigenaCondena-e1647560160318.png?resize=700%2C400&ssl=1 2x"},"classes":[]}],"_links":{"self":[{"href":"https:\/\/www.grieta.org.mx\/index.php\/wp-json\/wp\/v2\/posts\/56895","targetHints":{"allow":["GET"]}}],"collection":[{"href":"https:\/\/www.grieta.org.mx\/index.php\/wp-json\/wp\/v2\/posts"}],"about":[{"href":"https:\/\/www.grieta.org.mx\/index.php\/wp-json\/wp\/v2\/types\/post"}],"author":[{"embeddable":true,"href":"https:\/\/www.grieta.org.mx\/index.php\/wp-json\/wp\/v2\/users\/2"}],"replies":[{"embeddable":true,"href":"https:\/\/www.grieta.org.mx\/index.php\/wp-json\/wp\/v2\/comments?post=56895"}],"version-history":[{"count":1,"href":"https:\/\/www.grieta.org.mx\/index.php\/wp-json\/wp\/v2\/posts\/56895\/revisions"}],"predecessor-version":[{"id":56897,"href":"https:\/\/www.grieta.org.mx\/index.php\/wp-json\/wp\/v2\/posts\/56895\/revisions\/56897"}],"wp:featuredmedia":[{"embeddable":true,"href":"https:\/\/www.grieta.org.mx\/index.php\/wp-json\/wp\/v2\/media\/56896"}],"wp:attachment":[{"href":"https:\/\/www.grieta.org.mx\/index.php\/wp-json\/wp\/v2\/media?parent=56895"}],"wp:term":[{"taxonomy":"category","embeddable":true,"href":"https:\/\/www.grieta.org.mx\/index.php\/wp-json\/wp\/v2\/categories?post=56895"},{"taxonomy":"post_tag","embeddable":true,"href":"https:\/\/www.grieta.org.mx\/index.php\/wp-json\/wp\/v2\/tags?post=56895"}],"curies":[{"name":"wp","href":"https:\/\/api.w.org\/{rel}","templated":true}]}}