{"id":5689,"date":"2015-03-28T17:27:10","date_gmt":"2015-03-28T17:27:10","guid":{"rendered":"http:\/\/50.22.11.12\/~grietaor\/?p=5689"},"modified":"2016-04-25T02:37:03","modified_gmt":"2016-04-25T02:37:03","slug":"las-madres-del-los-43-en-ayotitlan-jalisco","status":"publish","type":"post","link":"https:\/\/www.grieta.org.mx\/index.php\/2015\/03\/28\/las-madres-del-los-43-en-ayotitlan-jalisco\/","title":{"rendered":"Las madres del los 43 en Ayotitl\u00e1n, Jalisco."},"content":{"rendered":"<p>Airy Sindik.-<\/p>\n<p>Desde la carretera se alcanz\u00f3 a ver la exhalaci\u00f3n de la fumarola. No pasaban de las 9 de la ma\u00f1ana cuando llegamos a Tuxpan, Jalisco para recoger a la delegaci\u00f3n de madres de los 43 estudiantes desaparecidos de Ayotzinapa, Guerrero. Nos paramos en el mercado para comprar aguacates y queso. El sol sub\u00eda a su paso calentado toda la regi\u00f3n. Ya no hab\u00eda ese norte que nubl\u00f3 todo por varios d\u00edas. Llegamos a una casa de una compa\u00f1era del centro de salud, entramos a un zagu\u00e1n y un patio lleno de plantas para la cl\u00ednica de medicina tradicional ind\u00edgena. Nos sirvi\u00f3 un pozole y un jugo. Atr\u00e1s, en el patio, cantaban los gallos y se escuchaba el aleteo de las gallinas que brincaban en las ramas del naranjo. Desayunamos y esperamos a las mam\u00e1s, que podr\u00edan ser nuestras madres y por eso las acompa\u00f1amos.<\/p>\n<p>En diciembre los padres de los 43 muchachos desaparecidos fueron al encuentro de las resistencias, convocado por el EZLN, en la Realidad, Chiapas. En la silenciosa Realidad, los padres y los zapatistas se comprometieron a que visitar\u00edan las comunidades ind\u00edgenas para compartir la lucha, la experiencia, los acuerdos, las acciones. Una ara\u00f1a patona y negra en el rinc\u00f3n de la cocina desayuna junto con nosotros un peque\u00f1o bicho que se top\u00f3 con ella.<\/p>\n<p>Me levanto de la mesa y recorro ese jard\u00edn interior hasta el zagu\u00e1n, en la pared a un lado de la tele me encuentro la foto de cuando el lleg\u00f3 el Congreso Nacional Ind\u00edgena y habl\u00f3 en el Congreso de la Uni\u00f3n y habl\u00f3 muy claro, defendiendo en esos a\u00f1os que la Marcha del Color de la Tierra llegara a ser escuchada en la m\u00e1xima tribuna de la democracia occidental en M\u00e9xico. Ind\u00edgenas de todos los estados de la republica con sus trajes de gala. Desde entonces hasta hoy se han ido agotando los lugares donde hablar y defendernos de la guerra silenciosa, la guerra por las tierras, el agua, los minerales, la justicia.<\/p>\n<p>Berta, In\u00e9s, Hilda y los dos muchachos llegan con su peque\u00f1a mochila. Con un cambio, un cuaderno y una chamarra. Supongo pues son mochilas peque\u00f1as, de escuela, tal vez de sus hijos m\u00e1s peque\u00f1os. Subimos a la camioneta y salimos de Tuxpan camino a Ayotitl\u00e1n, en la sierra de Manantl\u00e1n, Jalisco. All\u00e1 es reserva de la biosfera, son ind\u00edgenas nahuas que aguantan la expoliaci\u00f3n de su territorio y pelean contra la Miner\u00eda ilegal que vende hierro a China. Hace quinientos a\u00f1os fue la plata y el oro. Y sigue siendo nuestra tierra la que levanta las econom\u00edas.<\/p>\n<p>El camino va rodeando a esos volcanes, uno descansa en un sue\u00f1o eterno, como nuestros 43 muchachos desaparecidos, que est\u00e1n ah\u00ed visibles e inalcanzables pues no aparecen, se los llev\u00f3 el ejercito y lo sabemos todos, pero y c\u00f3mo los metemos a la c\u00e1rcel si ellos son quienes vigilan las rejas. Ocasionalmente aparece una tanqueta militar en la carretera y queda atr\u00e1s y nos parece normal, pero no lo es. \u00bfQu\u00e9 hacen ah\u00ed? \u00bfA qui\u00e9n vigilan? \u00bfAl volc\u00e1n de fuego? Al volc\u00e1n dormido. La carretera rodea esos colosos y exhala nuevamente y las mam\u00e1s se asoman por las ventanas, \u00bfHay volcanes all\u00e1 en Guerrero? No, me dice In\u00e9s. Ah\u00ed vamos rodeando y viendo desde las ventanas esa fumarola que se eleva y se pierde poco a poco hasta que se hace nube. In\u00e9s ve por la ventana y le marca a alguien, le dice, Oye, te so\u00f1\u00e9; nada, s\u00f3lo que pues ha veces se hace realidad y mejor no; s\u00ed, todo bien, cuelga. Ve la ventana y el sol le da en el rostro todo el camino. Se cubre con un cuaderno maltrecho y duerme recargando su rostro contra el vidrio.<\/p>\n<p>Bertha va rega\u00f1ando a Negrito, un estudiante de la normal rural de Ayotzinapa. Negrito va comiendo una chupaleta Lucas, y se le toda la boca de rojo fosforescente, como a cualquier ni\u00f1o. Pero ya no es un ni\u00f1o, tiene 17 a\u00f1os, tal vez uno m\u00e1s y ya. El brazo lo trae raspado completamente y pienso que es de hace unas semanas cuando se pelearon con el Ej\u00e9rcito al intentar entrar al cuartel militar en Iguala, semanas o tal vez meses que se van sumando sin que lleve la cuenta. Eso pienso y le pregunt\u00f3 \u00bfQu\u00e9 te pas\u00f3? Nada, me ca\u00ed de la moto. Abreu, de Radio Universidad, le dice, Usted iba con la novia, verdad. Negrito nos responde, No, me ca\u00ed, nada m\u00e1s. Re\u00edmos y callamos. Todo lo que nos callamos. Jos\u00e9, otro de los estudiantes de Ayotzinapa, es de primer a\u00f1o. El va poniendo m\u00fasica, pone a Calle 13 y unas cuantas rancheras de amor y vuelve despu\u00e9s con Mercedes Sosa. Le sube el volumen al altavoz de su celular y todos vemos lasventanas que pierden los volcanes entre la sierra tupida.<\/p>\n<p>La terracer\u00eda entra hasta Ayotitl\u00e1n y nos recibe el Consejo de Mayores. Negrito y Jos\u00e9 para desentumirse se van a hacer le\u00f1a para el fog\u00f3n de las tortillas. Despu\u00e9s, se sientan bajo la sombra de un huizache y hablan echando un taco con sal y chile. Abreu les lleva por fin un plato de arroz y frijoles. Hablan bajo la sombra del huizache mientras el Consejo de Mayores prepara la mesa para escuchar y escucharlas.<\/p>\n<p>Dos horas transcurren, sobre esa mesa. Y habla Berta, In\u00e9s e Hilda, despu\u00e9s habla Negrito. Nos pide que nos levantemos para hablar con el respeto de sus compa\u00f1eros desaparecidos, Entonces qu\u00e9 vamos a hacer; esperar, y qu\u00e9 vamos a esperar. Berta enojada e indignada habla y nos repite las palabras con que las que las recibieron en La Realidad, Tu lucha es mi lucha, dec\u00edan en Chipas. Hilda nos dice que les han prometido todo los pol\u00edticos. Pinches pol\u00edticos, saben prometer, nada m\u00e1s. Ahora les llegaron tarjetas del Partido Verde y la solicitud para que su hijo sea jefe de casilla. No tienen madre, dice Berta.<\/p>\n<p>All\u00e1 en Ayotitl\u00e1n cuenta el Consejo que tambi\u00e9n luchan y no se dejan. Pero tambi\u00e9n duele la lucha y no sabemos cu\u00e1nto hasta que Blanca habla, es la esposa de Celedonio, abogado ind\u00edgena que fue levantado con charolas de la Federal y del que a\u00fan no se sabe nada. Y Gaudencio cuenta que lo levant\u00f3 la Fuerza \u00danica y apenas y lo alcanzaron a sacar de la manos del gobierno. Hablan los m\u00e1s del Consejo y se preguntan por la Justicia, \u00bfY a qui\u00e9n vamos a ir a pedirles justicia, a qui\u00e9n? Vamos a desbarajustar las elecciones, dice una de las mam\u00e1s. No votar es como si ganaran y nos rindi\u00e9ramos, dice alguien. Pero los partidos saben prometer y nos usan como escalones, para despu\u00e9s ponernos un valor de venta y nos venden, dicen los del Consejo; entonces nada recibe el pueblo, todos los partidos son iguales. No s\u00e9 c\u00f3mo, pero vamos a desbarajustar las elecciones, porque ah\u00ed no va a volver a gobernar un partido hasta que no aparezcan nuestros hijos y los de todos, sentencia una de las mam\u00e1s.<\/p>\n<p>A los que vemos nos tiembla la voz, nos piden que seamos alegres y que no tengamos miedo. Pero tenemos. Tenemos miedo de gobernarnos nosotros mismos.<\/p>\n<p>Gaudencio Mancilla despide con un aplauso a las madres y sirven la comida. Arroz y frijoles con tortillas reci\u00e9n echas a mano. Terminaos de comer y subimos a la camioneta y regresamos por la misma terracer\u00eda. El calor sobre la camioneta sofoca la cabina. Algunos duermen otros escuchan m\u00fasica. Berta me dice, Es que en todos la dos hay problemas, no entendemos que el problema es el gobierno. Pasamos sobre algunos r\u00edos y ella reclama al chofer por no detenerse a refrescarse un segundo. Eso queremos, detener un segundo nuestra sofocante realidad, pero nada, tenemos que llegar lo antes posible a Guadalajara para que descansen. Ma\u00f1ana las mam\u00e1s estar\u00e1n en ITESO y en UdeG, y luego la marcha, la #Acci\u00f3nGlobalporAyotzinapa. El volc\u00e1n de fuego hace una nueva exhalaci\u00f3n, pero \u00e9sta es m\u00e1s grande. Sube entre el cielo claro. Nos detenemos en un crucero de Colima, desciende de la camioneta Jos\u00e9 , quien va a acompa\u00f1ar la marcha en Colima. Tiene apenas 16 a\u00f1os, pero va s\u00f3lo. Va a hablar en Colima para que escuchen de viva voz lo que sucede en Guerrero, porque los medios no lo cuentan, porque el olvido es la estrategia del gobierno.<br \/>\nDejamos a Jos\u00e9 y recorremos esa carretera que va custodiada por los volcanes, una ultima exhalaci\u00f3n y queda atr\u00e1s esta escala de las madres de los 43. Ya para hoy, estar\u00e1n en Zacualpan, all\u00e1 la Miner\u00eda no deja de acosarlos, all\u00e1, ya est\u00e1n pensando en ser aut\u00f3nomos.<\/p>\n<p><a href=\"http:\/\/www.radiozapote.org\/las-madres-del-los-43-en-ayotitlan-jalisco\/\" target=\"_blank\">http:\/\/www.radiozapote.org\/las-madres-del-los-43-en-ayotitlan-jalisco\/<\/a><\/p>\n","protected":false},"excerpt":{"rendered":"<p>Airy Sindik.- Desde la carretera se alcanz\u00f3 a ver la exhalaci\u00f3n de la fumarola. No pasaban de las 9 de la ma\u00f1ana cuando llegamos a Tuxpan, Jalisco para recoger a &hellip; <a href=\"https:\/\/www.grieta.org.mx\/index.php\/2015\/03\/28\/las-madres-del-los-43-en-ayotitlan-jalisco\/\" class=\"more-link\">Leer m\u00e1s<\/a><\/p>\n","protected":false},"author":2,"featured_media":21928,"comment_status":"closed","ping_status":"open","sticky":false,"template":"","format":"standard","meta":{"ngg_post_thumbnail":0,"_jetpack_newsletter_access":"","_jetpack_dont_email_post_to_subs":false,"_jetpack_newsletter_tier_id":0,"_jetpack_memberships_contains_paywalled_content":false,"_jetpack_memberships_contains_paid_content":false,"footnotes":""},"categories":[80,230],"tags":[95,229],"class_list":["post-5689","post","type-post","status-publish","format-standard","has-post-thumbnail","hentry","category-cintillo","category-jalisco","tag-cni","tag-solidaridad-con-ayotzinapa","entry"],"jetpack_featured_media_url":"https:\/\/www.grieta.org.mx\/wp-content\/uploads\/2018\/03\/14524434_1106112876131411_958039263622046936_o.jpg","jetpack_sharing_enabled":true,"jetpack_shortlink":"https:\/\/wp.me\/p7ZJR4-1tL","jetpack_likes_enabled":false,"jetpack-related-posts":[{"id":5690,"url":"https:\/\/www.grieta.org.mx\/index.php\/2015\/03\/28\/pueblos-indigenas-del-cni-en-jalisco-reciben-a-normalistas-y-madres-de-los-desaparecidos-de-ayotzinapa\/","url_meta":{"origin":5689,"position":0},"title":"Pueblos Ind\u00edgenas del CNI en Jalisco reciben a normalistas y madres de los desaparecidos de Ayotzinapa.","author":"grieta","date":"28 marzo, 2015","format":false,"excerpt":"28\/03\/15. Las madres del los 43 en Ayotitl\u00e1n, Jalisco.Radio Zapote 25\/03\/15. Familiares de normalistas de Ayotzinapa recorren Jalisco M\u00e1s por m\u00e1s GDL-Cr\u00f3nica de Sociales 23\/03\/15. Normalistas y madres de Ayotzinapa marchar\u00e1n en\u00a0GuadalajaraRevista N\u00f3mada","rel":"","context":"En &quot;Jalisco&quot;","block_context":{"text":"Jalisco","link":"https:\/\/www.grieta.org.mx\/index.php\/category\/noticias-nacionales\/jalisco\/"},"img":{"alt_text":"","src":"https:\/\/i0.wp.com\/www.grieta.org.mx\/wp-content\/uploads\/2018\/03\/14524434_1106112876131411_958039263622046936_o.jpg?resize=350%2C200&ssl=1","width":350,"height":200,"srcset":"https:\/\/i0.wp.com\/www.grieta.org.mx\/wp-content\/uploads\/2018\/03\/14524434_1106112876131411_958039263622046936_o.jpg?resize=350%2C200&ssl=1 1x, https:\/\/i0.wp.com\/www.grieta.org.mx\/wp-content\/uploads\/2018\/03\/14524434_1106112876131411_958039263622046936_o.jpg?resize=525%2C300&ssl=1 1.5x, https:\/\/i0.wp.com\/www.grieta.org.mx\/wp-content\/uploads\/2018\/03\/14524434_1106112876131411_958039263622046936_o.jpg?resize=700%2C400&ssl=1 2x"},"classes":[]},{"id":5705,"url":"https:\/\/www.grieta.org.mx\/index.php\/2015\/03\/24\/normalistas-y-madres-de-ayotzinapa-marcharan-en-guadalajara\/","url_meta":{"origin":5689,"position":1},"title":"Normalistas y madres de Ayotzinapa marchar\u00e1n en Guadalajara","author":"grieta","date":"24 marzo, 2015","format":false,"excerpt":"Redacci\u00f3nN\u00f3mada.- Los estudiantes de la Normal Rural Isidro Burgos subrayan la importancia de unificar las luchas y no dejar a los padres de familia solos con su dolor. Invitan a participar en la marcha del jueves 26 de marzo que conmemora seis meses del asesinato de tres estudiantes y la\u2026","rel":"","context":"En &quot;CINTILLO&quot;","block_context":{"text":"CINTILLO","link":"https:\/\/www.grieta.org.mx\/index.php\/category\/cintillo\/"},"img":{"alt_text":"","src":"https:\/\/i0.wp.com\/www.grieta.org.mx\/wp-content\/uploads\/2018\/03\/14524434_1106112876131411_958039263622046936_o.jpg?resize=350%2C200&ssl=1","width":350,"height":200,"srcset":"https:\/\/i0.wp.com\/www.grieta.org.mx\/wp-content\/uploads\/2018\/03\/14524434_1106112876131411_958039263622046936_o.jpg?resize=350%2C200&ssl=1 1x, https:\/\/i0.wp.com\/www.grieta.org.mx\/wp-content\/uploads\/2018\/03\/14524434_1106112876131411_958039263622046936_o.jpg?resize=525%2C300&ssl=1 1.5x, https:\/\/i0.wp.com\/www.grieta.org.mx\/wp-content\/uploads\/2018\/03\/14524434_1106112876131411_958039263622046936_o.jpg?resize=700%2C400&ssl=1 2x"},"classes":[]},{"id":5583,"url":"https:\/\/www.grieta.org.mx\/index.php\/2015\/03\/27\/justicia-para-los-43\/","url_meta":{"origin":5689,"position":2},"title":"\u201c\u00a1Justicia para los 43!\u201d","author":"grieta","date":"27 marzo, 2015","format":false,"excerpt":"Por Rafael Hern\u00e1ndez Gu\u00edzar El gobierno federal no debe dar carpetazo: Madres de Ayotzinapa en Guadalajara A seis meses de la desaparici\u00f3n de los normalistas, exigen con vida a sus familiares, de quienes no se sabe nada desde el fatal s\u00e1bado 26 de septiembre pasado El gobierno federal no da\u2026","rel":"","context":"En &quot;CINTILLO&quot;","block_context":{"text":"CINTILLO","link":"https:\/\/www.grieta.org.mx\/index.php\/category\/cintillo\/"},"img":{"alt_text":"","src":"https:\/\/i0.wp.com\/www.grieta.org.mx\/wp-content\/uploads\/2018\/03\/14524434_1106112876131411_958039263622046936_o.jpg?resize=350%2C200&ssl=1","width":350,"height":200,"srcset":"https:\/\/i0.wp.com\/www.grieta.org.mx\/wp-content\/uploads\/2018\/03\/14524434_1106112876131411_958039263622046936_o.jpg?resize=350%2C200&ssl=1 1x, https:\/\/i0.wp.com\/www.grieta.org.mx\/wp-content\/uploads\/2018\/03\/14524434_1106112876131411_958039263622046936_o.jpg?resize=525%2C300&ssl=1 1.5x, https:\/\/i0.wp.com\/www.grieta.org.mx\/wp-content\/uploads\/2018\/03\/14524434_1106112876131411_958039263622046936_o.jpg?resize=700%2C400&ssl=1 2x"},"classes":[]},{"id":5695,"url":"https:\/\/www.grieta.org.mx\/index.php\/2015\/03\/25\/familiares-de-normalistas-de-ayotzinapa-recorren-jalisco\/","url_meta":{"origin":5689,"position":3},"title":"Familiares de normalistas de Ayotzinapa recorren Jalisco","author":"grieta","date":"25 marzo, 2015","format":false,"excerpt":"Alejandra Guill\u00e9n. Con cheques de cientos de miles de pesos, el gobierno federal ha tratado de convencer a familiares de los 43 normalistas desaparecidos para que dejen de buscarlos; manifestantes han sido detenidos, amenazados o reprimidos por el Ej\u00e9rcito o las fuerzas policiales y la Procuradur\u00eda General de la Rep\u00fablica\u2026","rel":"","context":"En &quot;CINTILLO&quot;","block_context":{"text":"CINTILLO","link":"https:\/\/www.grieta.org.mx\/index.php\/category\/cintillo\/"},"img":{"alt_text":"","src":"https:\/\/i0.wp.com\/www.grieta.org.mx\/wp-content\/uploads\/2018\/03\/14524434_1106112876131411_958039263622046936_o.jpg?resize=350%2C200&ssl=1","width":350,"height":200,"srcset":"https:\/\/i0.wp.com\/www.grieta.org.mx\/wp-content\/uploads\/2018\/03\/14524434_1106112876131411_958039263622046936_o.jpg?resize=350%2C200&ssl=1 1x, https:\/\/i0.wp.com\/www.grieta.org.mx\/wp-content\/uploads\/2018\/03\/14524434_1106112876131411_958039263622046936_o.jpg?resize=525%2C300&ssl=1 1.5x, https:\/\/i0.wp.com\/www.grieta.org.mx\/wp-content\/uploads\/2018\/03\/14524434_1106112876131411_958039263622046936_o.jpg?resize=700%2C400&ssl=1 2x"},"classes":[]},{"id":63568,"url":"https:\/\/www.grieta.org.mx\/index.php\/2022\/02\/25\/autoridades-no-querian-buscar-fosas-en-chulavista-recriminan-buscadoras-jalisco\/","url_meta":{"origin":5689,"position":4},"title":"Autoridades no quer\u00edan buscar fosas en Chulavista, recriminan buscadoras (Jalisco)","author":"grieta","date":"25 febrero, 2022","format":false,"excerpt":"Foto: twitter @buscadorasonora Lauro Rodr\u00edguez \/ El Diario NTR Madres buscadoras de Sonora encontraron una fosa clandestina en un parque p\u00fablico de Chulavista este jueves 24 de febrero. La zona fue revisada gracias a la insistencia de las madres, porque la autoridad no quer\u00eda acudir a la zona. \u201cFue como\u2026","rel":"","context":"En &quot;CINTILLO&quot;","block_context":{"text":"CINTILLO","link":"https:\/\/www.grieta.org.mx\/index.php\/category\/cintillo\/"},"img":{"alt_text":"","src":"https:\/\/i0.wp.com\/www.grieta.org.mx\/wp-content\/uploads\/2022\/03\/2022-02-25_01-02-31___1567.jpg?resize=350%2C200&ssl=1","width":350,"height":200,"srcset":"https:\/\/i0.wp.com\/www.grieta.org.mx\/wp-content\/uploads\/2022\/03\/2022-02-25_01-02-31___1567.jpg?resize=350%2C200&ssl=1 1x, https:\/\/i0.wp.com\/www.grieta.org.mx\/wp-content\/uploads\/2022\/03\/2022-02-25_01-02-31___1567.jpg?resize=525%2C300&ssl=1 1.5x, https:\/\/i0.wp.com\/www.grieta.org.mx\/wp-content\/uploads\/2022\/03\/2022-02-25_01-02-31___1567.jpg?resize=700%2C400&ssl=1 2x"},"classes":[]},{"id":62118,"url":"https:\/\/www.grieta.org.mx\/index.php\/2021\/09\/27\/con-resistencia-de-la-autoridad-normalistas-de-jalisco-marchan-por-los-43-de-ayotzinapa-jalisco\/","url_meta":{"origin":5689,"position":5},"title":"Con resistencia de la autoridad, normalistas de Jalisco marchan por los 43 de Ayotzinapa (Jalisco)","author":"grieta","date":"27 septiembre, 2021","format":false,"excerpt":"Doto: Darwin Franco Sin protecci\u00f3n de vialidad y con resistencia de la polic\u00eda, m\u00e1s de 200 estudiantes de la Escuela Normal Rural \u201cMiguel Hidalgo\u201d de Atequiza, Jalisco, y el colectivo\u00a0Ayotzinapa Somos Todos y la Asamblea Popular y Solidaria de Jalisco\u00a0marcharon por las calles de Guadalajara para recordar que hace 7\u2026","rel":"","context":"En &quot;CINTILLO&quot;","block_context":{"text":"CINTILLO","link":"https:\/\/www.grieta.org.mx\/index.php\/category\/cintillo\/"},"img":{"alt_text":"","src":"https:\/\/i0.wp.com\/www.grieta.org.mx\/wp-content\/uploads\/2021\/10\/ayot10.jpg?resize=350%2C200&ssl=1","width":350,"height":200,"srcset":"https:\/\/i0.wp.com\/www.grieta.org.mx\/wp-content\/uploads\/2021\/10\/ayot10.jpg?resize=350%2C200&ssl=1 1x, https:\/\/i0.wp.com\/www.grieta.org.mx\/wp-content\/uploads\/2021\/10\/ayot10.jpg?resize=525%2C300&ssl=1 1.5x, https:\/\/i0.wp.com\/www.grieta.org.mx\/wp-content\/uploads\/2021\/10\/ayot10.jpg?resize=700%2C400&ssl=1 2x, https:\/\/i0.wp.com\/www.grieta.org.mx\/wp-content\/uploads\/2021\/10\/ayot10.jpg?resize=1050%2C600&ssl=1 3x"},"classes":[]}],"_links":{"self":[{"href":"https:\/\/www.grieta.org.mx\/index.php\/wp-json\/wp\/v2\/posts\/5689","targetHints":{"allow":["GET"]}}],"collection":[{"href":"https:\/\/www.grieta.org.mx\/index.php\/wp-json\/wp\/v2\/posts"}],"about":[{"href":"https:\/\/www.grieta.org.mx\/index.php\/wp-json\/wp\/v2\/types\/post"}],"author":[{"embeddable":true,"href":"https:\/\/www.grieta.org.mx\/index.php\/wp-json\/wp\/v2\/users\/2"}],"replies":[{"embeddable":true,"href":"https:\/\/www.grieta.org.mx\/index.php\/wp-json\/wp\/v2\/comments?post=5689"}],"version-history":[{"count":1,"href":"https:\/\/www.grieta.org.mx\/index.php\/wp-json\/wp\/v2\/posts\/5689\/revisions"}],"predecessor-version":[{"id":10923,"href":"https:\/\/www.grieta.org.mx\/index.php\/wp-json\/wp\/v2\/posts\/5689\/revisions\/10923"}],"wp:featuredmedia":[{"embeddable":true,"href":"https:\/\/www.grieta.org.mx\/index.php\/wp-json\/wp\/v2\/media\/21928"}],"wp:attachment":[{"href":"https:\/\/www.grieta.org.mx\/index.php\/wp-json\/wp\/v2\/media?parent=5689"}],"wp:term":[{"taxonomy":"category","embeddable":true,"href":"https:\/\/www.grieta.org.mx\/index.php\/wp-json\/wp\/v2\/categories?post=5689"},{"taxonomy":"post_tag","embeddable":true,"href":"https:\/\/www.grieta.org.mx\/index.php\/wp-json\/wp\/v2\/tags?post=5689"}],"curies":[{"name":"wp","href":"https:\/\/api.w.org\/{rel}","templated":true}]}}