{"id":56869,"date":"2021-01-31T13:33:54","date_gmt":"2021-01-31T19:33:54","guid":{"rendered":"http:\/\/www.grieta.org.mx\/?p=56869"},"modified":"2021-02-09T13:38:21","modified_gmt":"2021-02-09T19:38:21","slug":"solo-en-elecciones-politicos-de-veracruz-se-acuerdan-de-desaparecidos-critican","status":"publish","type":"post","link":"https:\/\/www.grieta.org.mx\/index.php\/2021\/01\/31\/solo-en-elecciones-politicos-de-veracruz-se-acuerdan-de-desaparecidos-critican\/","title":{"rendered":"S\u00f3lo en elecciones pol\u00edticos de Veracruz se acuerdan de desaparecidos, critican"},"content":{"rendered":"<p><img loading=\"lazy\" decoding=\"async\" data-attachment-id=\"56868\" data-permalink=\"https:\/\/www.grieta.org.mx\/?attachment_id=56868\" data-orig-file=\"https:\/\/www.grieta.org.mx\/wp-content\/uploads\/2021\/02\/Screenshot_2021-02-09-Solo-en-elecciones-politicos-de-Veracruz-se-acuerdan-de-desaparecidos-critican.png\" data-orig-size=\"800,385\" data-comments-opened=\"0\" data-image-meta=\"{&quot;aperture&quot;:&quot;0&quot;,&quot;credit&quot;:&quot;&quot;,&quot;camera&quot;:&quot;&quot;,&quot;caption&quot;:&quot;&quot;,&quot;created_timestamp&quot;:&quot;0&quot;,&quot;copyright&quot;:&quot;&quot;,&quot;focal_length&quot;:&quot;0&quot;,&quot;iso&quot;:&quot;0&quot;,&quot;shutter_speed&quot;:&quot;0&quot;,&quot;title&quot;:&quot;&quot;,&quot;orientation&quot;:&quot;0&quot;}\" data-image-title=\"Screenshot_2021-02-09 S\u00f3lo en elecciones pol\u00edticos de Veracruz se acuerdan de desaparecidos, critican\" data-image-description=\"\" data-image-caption=\"\" data-medium-file=\"https:\/\/www.grieta.org.mx\/wp-content\/uploads\/2021\/02\/Screenshot_2021-02-09-Solo-en-elecciones-politicos-de-Veracruz-se-acuerdan-de-desaparecidos-critican-300x144.png\" data-large-file=\"https:\/\/www.grieta.org.mx\/wp-content\/uploads\/2021\/02\/Screenshot_2021-02-09-Solo-en-elecciones-politicos-de-Veracruz-se-acuerdan-de-desaparecidos-critican.png\" class=\"alignnone wp-image-56868 size-full\" src=\"http:\/\/www.grieta.org.mx\/wp-content\/uploads\/2021\/02\/Screenshot_2021-02-09-Solo-en-elecciones-politicos-de-Veracruz-se-acuerdan-de-desaparecidos-critican.png\" alt=\"\" width=\"800\" height=\"385\" srcset=\"https:\/\/www.grieta.org.mx\/wp-content\/uploads\/2021\/02\/Screenshot_2021-02-09-Solo-en-elecciones-politicos-de-Veracruz-se-acuerdan-de-desaparecidos-critican.png 800w, https:\/\/www.grieta.org.mx\/wp-content\/uploads\/2021\/02\/Screenshot_2021-02-09-Solo-en-elecciones-politicos-de-Veracruz-se-acuerdan-de-desaparecidos-critican-300x144.png 300w, https:\/\/www.grieta.org.mx\/wp-content\/uploads\/2021\/02\/Screenshot_2021-02-09-Solo-en-elecciones-politicos-de-Veracruz-se-acuerdan-de-desaparecidos-critican-768x370.png 768w\" sizes=\"auto, (max-width: 800px) 100vw, 800px\" \/><\/p>\n<p><strong>La activista Araceli Salcedo advirti\u00f3 que no habr\u00e1 votos para quien no lo merezca<\/strong><\/p>\n<p>Tania Guzm\u00e1n \/ Al calor pol\u00edtico<\/p>\n<p>La representante del Colectivo de Familiares de Desaparecidos Orizaba-C\u00f3rdoba, Araceli Salcedo, critic\u00f3 que durante las \u00e9pocas electorales los pol\u00edticos se acuerdan de las v\u00edctimas de desapariciones. Seg\u00fan la activistas, ahora que muchos diputados se quieren reelegir, sin duda vendr\u00e1n a buscar a los colectivos para intentar abanderar sus causas. <\/p>\n<p>Sin embargo, aclar\u00f3, no ir\u00e1n los votos para quienes no lo merecen. Salcedo acus\u00f3 que durante la pandemia ni un Diputado se acerc\u00f3 con las familias, a pesar de que hay muchas que necesitan ayuda. <\/p>\n<p>\u201cSimplemente se dieron la vuelta y se taparon los ojos, como si con cubrirse los ojos se acabara el problema. Es una muy lamentable situaci\u00f3n y tan s\u00f3lo cuando fue lo de Ixtac el secretario de Gobierno, Eric Cisneros, estaba ah\u00ed y nos ignor\u00f3\u201d, dijo. Record\u00f3 que el propio Gobernador se ha ido escondido de Orizaba para ni siquiera verlas.<\/p>\n<p><a href=\"https:\/\/www.alcalorpolitico.com\/informacion\/solo-en-elecciones-politicos-de-veracruz-se-acuerdan-de-desaparecidos-critican-336241.html#.YCLiAhajlPY\" rel=\"noopener\" target=\"_blank\">https:\/\/www.alcalorpolitico.com\/informacion\/solo-en-elecciones-politicos-de-veracruz-se-acuerdan-de-desaparecidos-critican-336241.html#.YCLiAhajlPY<\/a><\/p>\n","protected":false},"excerpt":{"rendered":"<p>La activista Araceli Salcedo advirti\u00f3 que no habr\u00e1 votos para quien no lo merezca Tania Guzm\u00e1n \/ Al calor pol\u00edtico La representante del Colectivo de Familiares de Desaparecidos Orizaba-C\u00f3rdoba, Araceli &hellip; <a href=\"https:\/\/www.grieta.org.mx\/index.php\/2021\/01\/31\/solo-en-elecciones-politicos-de-veracruz-se-acuerdan-de-desaparecidos-critican\/\" class=\"more-link\">Leer m\u00e1s<\/a><\/p>\n","protected":false},"author":2,"featured_media":56868,"comment_status":"closed","ping_status":"closed","sticky":false,"template":"","format":"standard","meta":{"ngg_post_thumbnail":0,"_jetpack_newsletter_access":"","_jetpack_dont_email_post_to_subs":false,"_jetpack_newsletter_tier_id":0,"_jetpack_memberships_contains_paywalled_content":false,"_jetpack_memberships_contains_paid_content":false,"footnotes":""},"categories":[80,87,1012,2,83,35],"tags":[2484,121,1668],"class_list":["post-56869","post","type-post","status-publish","format-standard","has-post-thumbnail","hentry","category-cintillo","category-desaparecidos","category-desaparecidos-en-veracruz","category-noticias-nacionales","category-temas-nacionales","category-veracruz","tag-buscadoras","tag-desaparecidos","tag-familiares-de-desaparecidos","entry"],"jetpack_featured_media_url":"https:\/\/www.grieta.org.mx\/wp-content\/uploads\/2021\/02\/Screenshot_2021-02-09-Solo-en-elecciones-politicos-de-Veracruz-se-acuerdan-de-desaparecidos-critican.png","jetpack_sharing_enabled":true,"jetpack_shortlink":"https:\/\/wp.me\/p7ZJR4-eNf","jetpack_likes_enabled":false,"jetpack-related-posts":[{"id":56846,"url":"https:\/\/www.grieta.org.mx\/index.php\/2021\/01\/26\/cuitlahuac-garcia-un-gobernador-que-solo-administra-la-impunidad-veracruz\/","url_meta":{"origin":56869,"position":0},"title":"Cuitl\u00e1huac Garc\u00eda, un gobernador que s\u00f3lo administra la impunidad (Veracruz)","author":"grieta","date":"26 enero, 2021","format":false,"excerpt":"Los familiares de los desaparecidos se dicen desencantados de las autoridades de los tres niveles: \u201cGobiernos van y vienen y s\u00f3lo administran la impunidad y toleran la acci\u00f3n delincuencial de los polic\u00edas\u201d, dice Araceli Salcedo, del colectivo Familias de Desaparecidos Orizaba-C\u00f3rdoba. No\u00e9 Zavaleta \/ Proceso En Veracruz la violencia y\u2026","rel":"","context":"En &quot;CINTILLO&quot;","block_context":{"text":"CINTILLO","link":"https:\/\/www.grieta.org.mx\/index.php\/category\/cintillo\/"},"img":{"alt_text":"","src":"https:\/\/i0.wp.com\/www.grieta.org.mx\/wp-content\/uploads\/2021\/02\/Screenshot_2021-02-08-Cuitlahuac-Garcia-un-gobernador-que-solo-administra-la-impunidad.png?resize=350%2C200&ssl=1","width":350,"height":200,"srcset":"https:\/\/i0.wp.com\/www.grieta.org.mx\/wp-content\/uploads\/2021\/02\/Screenshot_2021-02-08-Cuitlahuac-Garcia-un-gobernador-que-solo-administra-la-impunidad.png?resize=350%2C200&ssl=1 1x, https:\/\/i0.wp.com\/www.grieta.org.mx\/wp-content\/uploads\/2021\/02\/Screenshot_2021-02-08-Cuitlahuac-Garcia-un-gobernador-que-solo-administra-la-impunidad.png?resize=525%2C300&ssl=1 1.5x, https:\/\/i0.wp.com\/www.grieta.org.mx\/wp-content\/uploads\/2021\/02\/Screenshot_2021-02-08-Cuitlahuac-Garcia-un-gobernador-que-solo-administra-la-impunidad.png?resize=700%2C400&ssl=1 2x"},"classes":[]},{"id":63470,"url":"https:\/\/www.grieta.org.mx\/index.php\/2022\/02\/18\/persiste-desaparicion-de-mujeres-en-zona-centro-de-veracruz-y-esta-relacionada-con-industria-de-trata-de-personas-acusa-colectivo\/","url_meta":{"origin":56869,"position":1},"title":"Persiste desaparici\u00f3n de mujeres en zona centro de Veracruz y est\u00e1 relacionada con industria de trata de personas, acusa colectivo","author":"grieta","date":"18 febrero, 2022","format":false,"excerpt":"Nora Gabriela Lira \/ Imagen de Veracruz La desaparici\u00f3n de mujeres, principalmente j\u00f3venes, persiste en la zona centro de Veracruz, lo que hace pensar en trata de personas, indic\u00f3 Araceli Salcedo Jim\u00e9nez, representante del Colectivo de Familiares de Desaparecidos en Orizaba-C\u00f3rdoba. Record\u00f3 que apenas el mi\u00e9rcoles hubo una marcha por\u2026","rel":"","context":"En &quot;CINTILLO&quot;","block_context":{"text":"CINTILLO","link":"https:\/\/www.grieta.org.mx\/index.php\/category\/cintillo\/"},"img":{"alt_text":"","src":"https:\/\/i0.wp.com\/www.grieta.org.mx\/wp-content\/uploads\/2022\/02\/e1797428-8f98-4c56-b8ee-a3308d21127f-focus-0-0-732-549.jpg?resize=350%2C200&ssl=1","width":350,"height":200,"srcset":"https:\/\/i0.wp.com\/www.grieta.org.mx\/wp-content\/uploads\/2022\/02\/e1797428-8f98-4c56-b8ee-a3308d21127f-focus-0-0-732-549.jpg?resize=350%2C200&ssl=1 1x, https:\/\/i0.wp.com\/www.grieta.org.mx\/wp-content\/uploads\/2022\/02\/e1797428-8f98-4c56-b8ee-a3308d21127f-focus-0-0-732-549.jpg?resize=525%2C300&ssl=1 1.5x, https:\/\/i0.wp.com\/www.grieta.org.mx\/wp-content\/uploads\/2022\/02\/e1797428-8f98-4c56-b8ee-a3308d21127f-focus-0-0-732-549.jpg?resize=700%2C400&ssl=1 2x"},"classes":[]},{"id":26945,"url":"https:\/\/www.grieta.org.mx\/index.php\/2018\/09\/23\/buscan-a-poblanos-en-las-fosas-de-cadaveres-de-veracruz\/","url_meta":{"origin":56869,"position":2},"title":"Buscan a poblanos en las fosas de cad\u00e1veres de Veracruz","author":"grieta","date":"23 septiembre, 2018","format":false,"excerpt":"Patricia M\u00e9ndez \/ e-consulta Decenas de poblanos que no cuentan con el respaldo de las autoridades de su estado han acudido a la comunidad de Arbolillo, en Veracruz, para buscar a familiares desaparecidos que podr\u00edan encontrarse en la fosa clandestina que a principios de septiembre fue descubierta en aquella entidad.\u2026","rel":"","context":"En &quot;CINTILLO&quot;","block_context":{"text":"CINTILLO","link":"https:\/\/www.grieta.org.mx\/index.php\/category\/cintillo\/"},"img":{"alt_text":"","src":"https:\/\/i0.wp.com\/www.grieta.org.mx\/wp-content\/uploads\/2018\/10\/fosa_portada.jpg?resize=350%2C200&ssl=1","width":350,"height":200,"srcset":"https:\/\/i0.wp.com\/www.grieta.org.mx\/wp-content\/uploads\/2018\/10\/fosa_portada.jpg?resize=350%2C200&ssl=1 1x, https:\/\/i0.wp.com\/www.grieta.org.mx\/wp-content\/uploads\/2018\/10\/fosa_portada.jpg?resize=525%2C300&ssl=1 1.5x"},"classes":[]},{"id":11594,"url":"https:\/\/www.grieta.org.mx\/index.php\/2016\/04\/30\/denuncia-brigada-de-busqueda-hostigamiento-de-policias-a-aracely-salcedo\/","url_meta":{"origin":56869,"position":3},"title":"Denuncia Brigada de b\u00fasqueda hostigamiento de Polic\u00edas a Aracely Salcedo","author":"grieta","date":"30 abril, 2016","format":false,"excerpt":"La Brigada Nacional de B\u00fasqueda de familiares desaparecidos denunci\u00f3 a trav\u00e9s de las redes sociales hostigamiento de la polic\u00eda de Orizaba, a Aracely Salcedo, integrante del colectivo y fundadora del Colectivo de Familias de Desaparecidos C\u00f3rdoba-Orizaba. De acuerdo al comunicado los hechos se suscitaron el viernes alrededor de las 19:00\u2026","rel":"","context":"En &quot;CINTILLO&quot;","block_context":{"text":"CINTILLO","link":"https:\/\/www.grieta.org.mx\/index.php\/category\/cintillo\/"},"img":{"alt_text":"","src":"https:\/\/i0.wp.com\/www.grieta.org.mx\/wp-content\/uploads\/2018\/03\/14524434_1106112876131411_958039263622046936_o.jpg?resize=350%2C200&ssl=1","width":350,"height":200,"srcset":"https:\/\/i0.wp.com\/www.grieta.org.mx\/wp-content\/uploads\/2018\/03\/14524434_1106112876131411_958039263622046936_o.jpg?resize=350%2C200&ssl=1 1x, https:\/\/i0.wp.com\/www.grieta.org.mx\/wp-content\/uploads\/2018\/03\/14524434_1106112876131411_958039263622046936_o.jpg?resize=525%2C300&ssl=1 1.5x, https:\/\/i0.wp.com\/www.grieta.org.mx\/wp-content\/uploads\/2018\/03\/14524434_1106112876131411_958039263622046936_o.jpg?resize=700%2C400&ssl=1 2x"},"classes":[]},{"id":27877,"url":"https:\/\/www.grieta.org.mx\/index.php\/2018\/12\/13\/familiares-de-desaparecidos-terminan-planton-en-la-fiscalia-de-veracruz\/","url_meta":{"origin":56869,"position":4},"title":"Familiares de desaparecidos terminan plant\u00f3n en la Fiscal\u00eda de Veracruz","author":"grieta","date":"13 diciembre, 2018","format":false,"excerpt":"Redacci\u00f3n \/ E-consulta Veracruz A m\u00e1s de un d\u00eda de protesta, familiares pertenecientes a Colectivos reiteraron el abandono de la Fiscal\u00eda en carpetas de investigaci\u00f3n. Xalapa, Ver.- A m\u00e1s de 24 horas de protesta, familiares de personas desaparecidas que representan a 13 colectivos de b\u00fasqueda, dieron por terminado el plant\u00f3n\u2026","rel":"","context":"En &quot;CINTILLO&quot;","block_context":{"text":"CINTILLO","link":"https:\/\/www.grieta.org.mx\/index.php\/category\/cintillo\/"},"img":{"alt_text":"","src":"https:\/\/i0.wp.com\/www.grieta.org.mx\/wp-content\/uploads\/2018\/12\/protesta_23.jpg?resize=350%2C200&ssl=1","width":350,"height":200,"srcset":"https:\/\/i0.wp.com\/www.grieta.org.mx\/wp-content\/uploads\/2018\/12\/protesta_23.jpg?resize=350%2C200&ssl=1 1x, https:\/\/i0.wp.com\/www.grieta.org.mx\/wp-content\/uploads\/2018\/12\/protesta_23.jpg?resize=525%2C300&ssl=1 1.5x, https:\/\/i0.wp.com\/www.grieta.org.mx\/wp-content\/uploads\/2018\/12\/protesta_23.jpg?resize=700%2C400&ssl=1 2x"},"classes":[]},{"id":44195,"url":"https:\/\/www.grieta.org.mx\/index.php\/2020\/02\/03\/familiares-de-desaparecidos-botean-en-caseta-mexico-cuernavaca-veracruz-ciudad-de-mexico\/","url_meta":{"origin":56869,"position":5},"title":"Familiares de desaparecidos &#8220;botean&#8221; en caseta M\u00e9xico-Cuernavaca (Veracruz, Ciudad de M\u00e9xico)","author":"grieta","date":"3 febrero, 2020","format":false,"excerpt":"Jorge Gonz\u00e1lez \/ Imagen Radio La tarde de este lunes un grupo de aproximadamente 30 personas tomaron la caseta M\u00e9xico-Cuernavaca. Se reunieron en el kil\u00f3metro 23 + 750 de la autopista para realizar una protesta que consiste en tomar las taquillas de cobro tanto para ingresar como para salir de\u2026","rel":"","context":"En &quot;CINTILLO&quot;","block_context":{"text":"CINTILLO","link":"https:\/\/www.grieta.org.mx\/index.php\/category\/cintillo\/"},"img":{"alt_text":"","src":"https:\/\/i0.wp.com\/www.grieta.org.mx\/wp-content\/uploads\/2020\/02\/whatsapp_image_2020-02-03_at_3.jpg?resize=350%2C200&ssl=1","width":350,"height":200,"srcset":"https:\/\/i0.wp.com\/www.grieta.org.mx\/wp-content\/uploads\/2020\/02\/whatsapp_image_2020-02-03_at_3.jpg?resize=350%2C200&ssl=1 1x, https:\/\/i0.wp.com\/www.grieta.org.mx\/wp-content\/uploads\/2020\/02\/whatsapp_image_2020-02-03_at_3.jpg?resize=525%2C300&ssl=1 1.5x, https:\/\/i0.wp.com\/www.grieta.org.mx\/wp-content\/uploads\/2020\/02\/whatsapp_image_2020-02-03_at_3.jpg?resize=700%2C400&ssl=1 2x"},"classes":[]}],"_links":{"self":[{"href":"https:\/\/www.grieta.org.mx\/index.php\/wp-json\/wp\/v2\/posts\/56869","targetHints":{"allow":["GET"]}}],"collection":[{"href":"https:\/\/www.grieta.org.mx\/index.php\/wp-json\/wp\/v2\/posts"}],"about":[{"href":"https:\/\/www.grieta.org.mx\/index.php\/wp-json\/wp\/v2\/types\/post"}],"author":[{"embeddable":true,"href":"https:\/\/www.grieta.org.mx\/index.php\/wp-json\/wp\/v2\/users\/2"}],"replies":[{"embeddable":true,"href":"https:\/\/www.grieta.org.mx\/index.php\/wp-json\/wp\/v2\/comments?post=56869"}],"version-history":[{"count":1,"href":"https:\/\/www.grieta.org.mx\/index.php\/wp-json\/wp\/v2\/posts\/56869\/revisions"}],"predecessor-version":[{"id":56870,"href":"https:\/\/www.grieta.org.mx\/index.php\/wp-json\/wp\/v2\/posts\/56869\/revisions\/56870"}],"wp:featuredmedia":[{"embeddable":true,"href":"https:\/\/www.grieta.org.mx\/index.php\/wp-json\/wp\/v2\/media\/56868"}],"wp:attachment":[{"href":"https:\/\/www.grieta.org.mx\/index.php\/wp-json\/wp\/v2\/media?parent=56869"}],"wp:term":[{"taxonomy":"category","embeddable":true,"href":"https:\/\/www.grieta.org.mx\/index.php\/wp-json\/wp\/v2\/categories?post=56869"},{"taxonomy":"post_tag","embeddable":true,"href":"https:\/\/www.grieta.org.mx\/index.php\/wp-json\/wp\/v2\/tags?post=56869"}],"curies":[{"name":"wp","href":"https:\/\/api.w.org\/{rel}","templated":true}]}}