{"id":56849,"date":"2020-09-28T19:38:50","date_gmt":"2020-09-29T00:38:50","guid":{"rendered":"http:\/\/www.grieta.org.mx\/?p=56849"},"modified":"2021-02-08T19:45:12","modified_gmt":"2021-02-09T01:45:12","slug":"aborto-legal-ya-piden-colectivos-de-tlaxcala","status":"publish","type":"post","link":"https:\/\/www.grieta.org.mx\/index.php\/2020\/09\/28\/aborto-legal-ya-piden-colectivos-de-tlaxcala\/","title":{"rendered":"\u00a1Aborto legal ya!, piden colectivos de Tlaxcala"},"content":{"rendered":"<p><a href=\"http:\/\/www.grieta.org.mx\/wp-content\/uploads\/2021\/02\/Aborto-legal.jpg\"><img loading=\"lazy\" decoding=\"async\" data-attachment-id=\"56852\" data-permalink=\"https:\/\/www.grieta.org.mx\/index.php\/2020\/09\/28\/aborto-legal-ya-piden-colectivos-de-tlaxcala\/aborto-legal\/\" data-orig-file=\"https:\/\/www.grieta.org.mx\/wp-content\/uploads\/2021\/02\/Aborto-legal.jpg\" data-orig-size=\"768,479\" data-comments-opened=\"0\" data-image-meta=\"{&quot;aperture&quot;:&quot;0&quot;,&quot;credit&quot;:&quot;&quot;,&quot;camera&quot;:&quot;&quot;,&quot;caption&quot;:&quot;&quot;,&quot;created_timestamp&quot;:&quot;0&quot;,&quot;copyright&quot;:&quot;&quot;,&quot;focal_length&quot;:&quot;0&quot;,&quot;iso&quot;:&quot;0&quot;,&quot;shutter_speed&quot;:&quot;0&quot;,&quot;title&quot;:&quot;&quot;,&quot;orientation&quot;:&quot;0&quot;}\" data-image-title=\"Aborto legal\" data-image-description=\"\" data-image-caption=\"\" data-medium-file=\"https:\/\/www.grieta.org.mx\/wp-content\/uploads\/2021\/02\/Aborto-legal-300x187.jpg\" data-large-file=\"https:\/\/www.grieta.org.mx\/wp-content\/uploads\/2021\/02\/Aborto-legal.jpg\" class=\"aligncenter wp-image-56852\" src=\"http:\/\/www.grieta.org.mx\/wp-content\/uploads\/2021\/02\/Aborto-legal.jpg\" alt=\"\" width=\"800\" height=\"499\" srcset=\"https:\/\/www.grieta.org.mx\/wp-content\/uploads\/2021\/02\/Aborto-legal.jpg 768w, https:\/\/www.grieta.org.mx\/wp-content\/uploads\/2021\/02\/Aborto-legal-300x187.jpg 300w\" sizes=\"auto, (max-width: 800px) 100vw, 800px\" \/><\/a><\/p>\n<p>Karla Mu\u00f1et\u00f3n | El Sol de Tlaxcala<\/p>\n<p>Al entonar diversos cantos en los que aseguraron que hay un sistema patriarcal que les impide acceder al aborto legal de forma voluntaria, colectivos feministas marcharon de forma pac\u00edfica por calles principales de la capital.<\/p>\n<p>La tarde de este 28 de septiembre, D\u00eda por la Despenalizaci\u00f3n del Aborto en Am\u00e9rica Latina y el Caribe, decenas de mujeres se unieron para exigir en Tlaxcala la despenalizaci\u00f3n del aborto.<\/p>\n<p>&#8220;Exigimos el derecho a poder decidir individualmente sobre nuestros cuerpos&#8221;, &#8220;Ser\u00e1 ley en Tlaxcala&#8221;, &#8220;Nosotras parimos, nosotras decidimos&#8221;, y &#8220;una vida no se salva solo al dejarla nacer&#8221;, fueron algunas de las expresiones plasmadas en pancartas y cartulinas.<\/p>\n<p>El contingente de mujeres parti\u00f3 de las Escalinatas de los H\u00e9roes, avanz\u00f3 por calles principales de la capital y al llegar al Congreso local hizo un alto para criticar no solo que en Tlaxcala no se pueda interrumpir de forma segura un embarazo de forma voluntaria, sino que las autoridades no sean capaces de esclarecer las desapariciones de personas y castigar a los feminicidas.<\/p>\n<p>En la puerta principal de Palacio Legislativo, las quejosas colocaron un pa\u00f1uelo verde en el que escribieron &#8220;aborto legal \u00a1ya!&#8221;, para despu\u00e9s entonar &#8220;canci\u00f3n sin miedo&#8221;, melod\u00eda considerada un himno feminista mexicano hecho famoso por la cantante chilena Mon Laferte.<\/p>\n<p>En la marcha, las mujeres tambi\u00e9n se pronunciaron en contra de las desapariciones de mujeres y exigieron justicia para los 43 estudiantes desaparecidos en Ayotzinapa, Guerrero, al tiempo que exigieron celeridad a la b\u00fasqueda de Daniela Mu\u00f1oz, la joven de 22 a\u00f1os desaparecida hace m\u00e1s de dos semanas.<\/p>\n<p>&#8220;Daniela Mu\u00f1oz, nos faltas t\u00fa&#8230; No te conozco pero tambi\u00e9n me dueles&#8221;.<\/p>\n<p>Al final, entregaron a las asistentes informaci\u00f3n sobre medicamentos, cuidados y t\u00e9cnicas para que puedan abortar, y otorgaron nombre de las asociaciones en Tlaxcala que les pueden dar acompa\u00f1amiento para hacerlo de forma segura.<\/p>\n<p><a href=\"https:\/\/www.elsoldetlaxcala.com.mx\/local\/aborto-legal-ya-piden-colectivos-de-tlaxcala-5818977.html\">https:\/\/www.elsoldetlaxcala.com.mx\/local\/aborto-legal-ya-piden-colectivos-de-tlaxcala-5818977.html<\/a><\/p>\n","protected":false},"excerpt":{"rendered":"<p>Karla Mu\u00f1et\u00f3n | El Sol de Tlaxcala Al entonar diversos cantos en los que aseguraron que hay un sistema patriarcal que les impide acceder al aborto legal de forma voluntaria, &hellip; <a href=\"https:\/\/www.grieta.org.mx\/index.php\/2020\/09\/28\/aborto-legal-ya-piden-colectivos-de-tlaxcala\/\" class=\"more-link\">Leer m\u00e1s<\/a><\/p>\n","protected":false},"author":1,"featured_media":56852,"comment_status":"closed","ping_status":"closed","sticky":false,"template":"","format":"standard","meta":{"ngg_post_thumbnail":0,"_jetpack_newsletter_access":"","_jetpack_dont_email_post_to_subs":false,"_jetpack_newsletter_tier_id":0,"_jetpack_memberships_contains_paywalled_content":false,"_jetpack_memberships_contains_paid_content":false,"footnotes":""},"categories":[80,1416,2,34,3591],"tags":[3715],"class_list":["post-56849","post","type-post","status-publish","format-standard","has-post-thumbnail","hentry","category-cintillo","category-movilizaciones-contra-la-violencia-hacia-las-mujeres-en-tlaxcala","category-noticias-nacionales","category-tlaxcala","category-violencia-contra-las-mujeres-en-tlaxcala","tag-lucha-por-legalizacion-del-aborto","entry"],"jetpack_featured_media_url":"https:\/\/www.grieta.org.mx\/wp-content\/uploads\/2021\/02\/Aborto-legal.jpg","jetpack_sharing_enabled":true,"jetpack_shortlink":"https:\/\/wp.me\/p7ZJR4-eMV","jetpack_likes_enabled":false,"jetpack-related-posts":[{"id":57532,"url":"https:\/\/www.grieta.org.mx\/index.php\/2021\/03\/09\/protestan-mujeres-contra-la-violencia-en-tlaxcala\/","url_meta":{"origin":56849,"position":0},"title":"Protestan mujeres contra la violencia en Tlaxcala","author":"Admin","date":"9 marzo, 2021","format":false,"excerpt":"Fabiola V\u00e1zquez \/ El Sol de Tlaxcala Cientos de mujeres alzaron la voz para pedir un alto a la violencia de g\u00e9nero en la entidad, exigir sean respetados sus derechos y cesen los feminicidios, pero en su trayecto dejaron pintas en la infraestructura hist\u00f3rica de la capital. La tarde de\u2026","rel":"","context":"En &quot;CINTILLO&quot;","block_context":{"text":"CINTILLO","link":"https:\/\/www.grieta.org.mx\/index.php\/category\/cintillo\/"},"img":{"alt_text":"","src":"https:\/\/i0.wp.com\/www.grieta.org.mx\/wp-content\/uploads\/2021\/03\/Las-manifestantes.jpg?resize=350%2C200&ssl=1","width":350,"height":200,"srcset":"https:\/\/i0.wp.com\/www.grieta.org.mx\/wp-content\/uploads\/2021\/03\/Las-manifestantes.jpg?resize=350%2C200&ssl=1 1x, https:\/\/i0.wp.com\/www.grieta.org.mx\/wp-content\/uploads\/2021\/03\/Las-manifestantes.jpg?resize=525%2C300&ssl=1 1.5x, https:\/\/i0.wp.com\/www.grieta.org.mx\/wp-content\/uploads\/2021\/03\/Las-manifestantes.jpg?resize=700%2C400&ssl=1 2x"},"classes":[]},{"id":39707,"url":"https:\/\/www.grieta.org.mx\/index.php\/2019\/09\/28\/cientos-de-mujeres-marcharon-en-yucatan-por-la-despenalizacion-del-aborto\/","url_meta":{"origin":56849,"position":1},"title":"Cientos de mujeres marcharon en Yucat\u00e1n por la despenalizaci\u00f3n del aborto","author":"grieta","date":"28 septiembre, 2019","format":false,"excerpt":"En M\u00e9xico, del 2007 al 2016, fueron procesadas penalmente 4 mil 246 mujeres por abortar Katia Rej\u00f3n\/Foto: Enrique Osorno\/La Jornada Maya M\u00e9rida, Yucat\u00e1n Con m\u00fasica, baile, pintas y un tendedero de informaci\u00f3n sobre el panorama del aborto en M\u00e9xico y particularmente en Yucat\u00e1n, cientos de mujeres marcharon por la despenalizaci\u00f3n\u2026","rel":"","context":"En &quot;CINTILLO&quot;","block_context":{"text":"CINTILLO","link":"https:\/\/www.grieta.org.mx\/index.php\/category\/cintillo\/"},"img":{"alt_text":"","src":"https:\/\/i0.wp.com\/www.grieta.org.mx\/wp-content\/uploads\/2019\/09\/Marcha280919-e1569782447603.png?resize=350%2C200&ssl=1","width":350,"height":200,"srcset":"https:\/\/i0.wp.com\/www.grieta.org.mx\/wp-content\/uploads\/2019\/09\/Marcha280919-e1569782447603.png?resize=350%2C200&ssl=1 1x, https:\/\/i0.wp.com\/www.grieta.org.mx\/wp-content\/uploads\/2019\/09\/Marcha280919-e1569782447603.png?resize=525%2C300&ssl=1 1.5x, https:\/\/i0.wp.com\/www.grieta.org.mx\/wp-content\/uploads\/2019\/09\/Marcha280919-e1569782447603.png?resize=700%2C400&ssl=1 2x"},"classes":[]},{"id":62100,"url":"https:\/\/www.grieta.org.mx\/index.php\/2021\/09\/27\/ahora-es-cuando-marchan-por-la-despenalizacion-del-aborto-en-jalisco\/","url_meta":{"origin":56849,"position":2},"title":"\u00a1Ahora es cuando! Marchan por la despenalizaci\u00f3n del aborto en Jalisco","author":"grieta","date":"27 septiembre, 2021","format":false,"excerpt":"Foto: Dalia Souza - Ximena Torres En medio de una fuerte tormenta, la marea verde en Guadalajara march\u00f3 este domingo 26 de septiembre recorriendo las calles del centro de la capital de Jalisco para decirle a las y los legisladores que el momento de despenalizar el aborto en el estado\u2026","rel":"","context":"En &quot;CINTILLO&quot;","block_context":{"text":"CINTILLO","link":"https:\/\/www.grieta.org.mx\/index.php\/category\/cintillo\/"},"img":{"alt_text":"","src":"https:\/\/i0.wp.com\/www.grieta.org.mx\/wp-content\/uploads\/2021\/10\/photo5082717964159003119-1068x801-1.jpg?resize=350%2C200&ssl=1","width":350,"height":200,"srcset":"https:\/\/i0.wp.com\/www.grieta.org.mx\/wp-content\/uploads\/2021\/10\/photo5082717964159003119-1068x801-1.jpg?resize=350%2C200&ssl=1 1x, https:\/\/i0.wp.com\/www.grieta.org.mx\/wp-content\/uploads\/2021\/10\/photo5082717964159003119-1068x801-1.jpg?resize=525%2C300&ssl=1 1.5x, https:\/\/i0.wp.com\/www.grieta.org.mx\/wp-content\/uploads\/2021\/10\/photo5082717964159003119-1068x801-1.jpg?resize=700%2C400&ssl=1 2x, https:\/\/i0.wp.com\/www.grieta.org.mx\/wp-content\/uploads\/2021\/10\/photo5082717964159003119-1068x801-1.jpg?resize=1050%2C600&ssl=1 3x"},"classes":[]},{"id":61594,"url":"https:\/\/www.grieta.org.mx\/index.php\/2021\/09\/05\/una-rodada-por-la-despenalizacion-del-aborto-jalisco\/","url_meta":{"origin":56849,"position":3},"title":"Una rodada por la despenalizaci\u00f3n del aborto (Jalisco)","author":"grieta","date":"5 septiembre, 2021","format":false,"excerpt":"Foto: Zona Docs Camino al D\u00eda de Acci\u00f3n Global por un aborto legal, gratuito y seguro, que se celebra el 18 de septiembre, la colectiva Arp\u00edas GDL organiz\u00f3 \u201cLa Rodada por Derecho a Decidir\u201d, con la que se busc\u00f3 visibilizar que las mujeres y s\u00f3lo ellas pueden decidir sobre su\u2026","rel":"","context":"En &quot;CINTILLO&quot;","block_context":{"text":"CINTILLO","link":"https:\/\/www.grieta.org.mx\/index.php\/category\/cintillo\/"},"img":{"alt_text":"","src":"https:\/\/i0.wp.com\/www.grieta.org.mx\/wp-content\/uploads\/2021\/09\/rodda3.jpg?resize=350%2C200&ssl=1","width":350,"height":200,"srcset":"https:\/\/i0.wp.com\/www.grieta.org.mx\/wp-content\/uploads\/2021\/09\/rodda3.jpg?resize=350%2C200&ssl=1 1x, https:\/\/i0.wp.com\/www.grieta.org.mx\/wp-content\/uploads\/2021\/09\/rodda3.jpg?resize=525%2C300&ssl=1 1.5x, https:\/\/i0.wp.com\/www.grieta.org.mx\/wp-content\/uploads\/2021\/09\/rodda3.jpg?resize=700%2C400&ssl=1 2x, https:\/\/i0.wp.com\/www.grieta.org.mx\/wp-content\/uploads\/2021\/09\/rodda3.jpg?resize=1050%2C600&ssl=1 3x"},"classes":[]},{"id":49926,"url":"https:\/\/www.grieta.org.mx\/index.php\/2020\/05\/29\/busqueda-de-despenalizacion-del-aborto-seguira-en-san-lazaro-advierten-feministas-guanajuato\/","url_meta":{"origin":56849,"position":4},"title":"B\u00fasqueda de despenalizaci\u00f3n del aborto seguir\u00e1 en San L\u00e1zaro, advierten feministas (Guanajuato)","author":"grieta","date":"29 mayo, 2020","format":false,"excerpt":"El 28 de septiembre es el d\u00eda de acci\u00f3n Global por el Acceso al Aborto Legal y Seguro, fecha en la que esperan poder salir a la calle y continuar la lucha. Por Vania Jaramillo Le\u00f3n, Gto. No hay marcha atr\u00e1s\u2026 por ahora. Es la sentencia colectivos no solo guanajuatenses\u2026","rel":"","context":"En &quot;CINTILLO&quot;","block_context":{"text":"CINTILLO","link":"https:\/\/www.grieta.org.mx\/index.php\/category\/cintillo\/"},"img":{"alt_text":"","src":"https:\/\/i0.wp.com\/www.grieta.org.mx\/wp-content\/uploads\/2020\/05\/99299854_2709805612572805_5845587026866339840_n.jpg?resize=350%2C200&ssl=1","width":350,"height":200,"srcset":"https:\/\/i0.wp.com\/www.grieta.org.mx\/wp-content\/uploads\/2020\/05\/99299854_2709805612572805_5845587026866339840_n.jpg?resize=350%2C200&ssl=1 1x, https:\/\/i0.wp.com\/www.grieta.org.mx\/wp-content\/uploads\/2020\/05\/99299854_2709805612572805_5845587026866339840_n.jpg?resize=525%2C300&ssl=1 1.5x, https:\/\/i0.wp.com\/www.grieta.org.mx\/wp-content\/uploads\/2020\/05\/99299854_2709805612572805_5845587026866339840_n.jpg?resize=700%2C400&ssl=1 2x"},"classes":[]},{"id":64869,"url":"https:\/\/www.grieta.org.mx\/index.php\/2022\/08\/19\/feministas-levantan-la-mano-por-legalizacion-del-aborto-nayarit\/","url_meta":{"origin":56849,"position":5},"title":"Feministas levantan la mano por legalizaci\u00f3n del aborto (Nayarit)","author":"grieta","date":"19 agosto, 2022","format":false,"excerpt":"Imagen: Meridiano.mx Las y los diputados deben actuar con voluntad sobre el tema: \u201cEs una decisi\u00f3n muy personal, pero ninguna mujer se embaraza para abortar, por eso se est\u00e1 promoviendo la legalizaci\u00f3n del aborto para las mujeres que por diferentes razones llegan a tomar esta dif\u00edcil decisi\u00f3n\u201d, apunt\u00f3 Guadalupe Cort\u00e9s,\u2026","rel":"","context":"En &quot;CINTILLO&quot;","block_context":{"text":"CINTILLO","link":"https:\/\/www.grieta.org.mx\/index.php\/category\/cintillo\/"},"img":{"alt_text":"","src":"https:\/\/i0.wp.com\/www.grieta.org.mx\/wp-content\/uploads\/2022\/08\/PAG3-2-FEMINISTAS-A-1024x576-1.jpeg?resize=350%2C200&ssl=1","width":350,"height":200,"srcset":"https:\/\/i0.wp.com\/www.grieta.org.mx\/wp-content\/uploads\/2022\/08\/PAG3-2-FEMINISTAS-A-1024x576-1.jpeg?resize=350%2C200&ssl=1 1x, https:\/\/i0.wp.com\/www.grieta.org.mx\/wp-content\/uploads\/2022\/08\/PAG3-2-FEMINISTAS-A-1024x576-1.jpeg?resize=525%2C300&ssl=1 1.5x, https:\/\/i0.wp.com\/www.grieta.org.mx\/wp-content\/uploads\/2022\/08\/PAG3-2-FEMINISTAS-A-1024x576-1.jpeg?resize=700%2C400&ssl=1 2x"},"classes":[]}],"_links":{"self":[{"href":"https:\/\/www.grieta.org.mx\/index.php\/wp-json\/wp\/v2\/posts\/56849","targetHints":{"allow":["GET"]}}],"collection":[{"href":"https:\/\/www.grieta.org.mx\/index.php\/wp-json\/wp\/v2\/posts"}],"about":[{"href":"https:\/\/www.grieta.org.mx\/index.php\/wp-json\/wp\/v2\/types\/post"}],"author":[{"embeddable":true,"href":"https:\/\/www.grieta.org.mx\/index.php\/wp-json\/wp\/v2\/users\/1"}],"replies":[{"embeddable":true,"href":"https:\/\/www.grieta.org.mx\/index.php\/wp-json\/wp\/v2\/comments?post=56849"}],"version-history":[{"count":1,"href":"https:\/\/www.grieta.org.mx\/index.php\/wp-json\/wp\/v2\/posts\/56849\/revisions"}],"predecessor-version":[{"id":56854,"href":"https:\/\/www.grieta.org.mx\/index.php\/wp-json\/wp\/v2\/posts\/56849\/revisions\/56854"}],"wp:featuredmedia":[{"embeddable":true,"href":"https:\/\/www.grieta.org.mx\/index.php\/wp-json\/wp\/v2\/media\/56852"}],"wp:attachment":[{"href":"https:\/\/www.grieta.org.mx\/index.php\/wp-json\/wp\/v2\/media?parent=56849"}],"wp:term":[{"taxonomy":"category","embeddable":true,"href":"https:\/\/www.grieta.org.mx\/index.php\/wp-json\/wp\/v2\/categories?post=56849"},{"taxonomy":"post_tag","embeddable":true,"href":"https:\/\/www.grieta.org.mx\/index.php\/wp-json\/wp\/v2\/tags?post=56849"}],"curies":[{"name":"wp","href":"https:\/\/api.w.org\/{rel}","templated":true}]}}