{"id":56840,"date":"2021-01-21T14:23:17","date_gmt":"2021-01-21T20:23:17","guid":{"rendered":"http:\/\/www.grieta.org.mx\/?p=56840"},"modified":"2021-02-08T14:37:44","modified_gmt":"2021-02-08T20:37:44","slug":"guerreros-unidos-mato-a-20-indigentes-para-que-pgj-tuviera-pruebas-del-caso-iguala","status":"publish","type":"post","link":"https:\/\/www.grieta.org.mx\/index.php\/2021\/01\/21\/guerreros-unidos-mato-a-20-indigentes-para-que-pgj-tuviera-pruebas-del-caso-iguala\/","title":{"rendered":"Guerreros Unidos mat\u00f3 a 20 indigentes para que PGJ \u201ctuviera pruebas\u201d del caso Iguala"},"content":{"rendered":"<figure id=\"attachment_56841\" aria-describedby=\"caption-attachment-56841\" style=\"width: 700px\" class=\"wp-caption aligncenter\"><a href=\"http:\/\/www.grieta.org.mx\/wp-content\/uploads\/2021\/02\/cuartoscuro_790714_digital.jpg\"><img loading=\"lazy\" decoding=\"async\" data-attachment-id=\"56841\" data-permalink=\"https:\/\/www.grieta.org.mx\/index.php\/2021\/01\/21\/guerreros-unidos-mato-a-20-indigentes-para-que-pgj-tuviera-pruebas-del-caso-iguala\/los-padres-de-los-43-normalistas-desaparecidos-de-ayotzinapa-marcharon-en-la-manifestacion\/\" data-orig-file=\"https:\/\/www.grieta.org.mx\/wp-content\/uploads\/2021\/02\/cuartoscuro_790714_digital.jpg\" data-orig-size=\"700,467\" data-comments-opened=\"0\" data-image-meta=\"{&quot;aperture&quot;:&quot;0&quot;,&quot;credit&quot;:&quot;Dassaev T\\u00e9llez&quot;,&quot;camera&quot;:&quot;&quot;,&quot;caption&quot;:&quot;CHILPANCINGO, GUERRERO, 12DICIEMBRE2020. - Estudiantes de la Escuela Normal Rural &#039;Ra\\u00fal Isidro Burgos&#039; de Ayotzinapa, junto con los Padres y Madres de los 43, delegaciones de las 17 normales que integran la Federaci\\u00f3n de Estudiantes Campesinos Socialistas de M\\u00e9xico (FECSM), conmemoraron los 9 a\\u00f1os del asesinado de Jorge Alexis Herrera Pino y Gabriel Echeverria de Jes\\u00fas, quienes fueran asesinados por policias ministeriales en el punto conocido como &#039;El Parador del Marqu\\u00e9s&#039;, en el a\\u00f1o 2011.\\nDurante el recorrido, donde estuvieron presentes los familiares de ambos estudiantes, los estudiantes normalistas arremetieron contra las instalaciones del Comit\\u00e9 Ejecutivo Estatal (CEE) del Partido de la Revoluci\\u00f3n Democr\\u00e1tica (PRD), ya que, en el a\\u00f1o de los hechos, el partido del sol azteca era el que gobernaba el estado de Guerrero.FOTO: DASAEV T\\u00c9LLEZ ADAME \/ CUARTOSCURO.COM&quot;,&quot;created_timestamp&quot;:&quot;&quot;,&quot;copyright&quot;:&quot;Dassaev T\\u00e9llez @Cuartoscuro&quot;,&quot;focal_length&quot;:&quot;0&quot;,&quot;iso&quot;:&quot;0&quot;,&quot;shutter_speed&quot;:&quot;0&quot;,&quot;title&quot;:&quot;Los padres de los 43 normalistas desaparecidos de Ayotzinapa marcharon en la manifestaci\\u00f3n.&quot;,&quot;orientation&quot;:&quot;1&quot;}\" data-image-title=\"Los padres de los 43 normalistas desaparecidos de Ayotzinapa marcharon en la manifestaci\u00f3n.\" data-image-description=\"\" data-image-caption=\"&lt;p&gt;CHILPANCINGO, GUERRERO, 12DICIEMBRE2020. &amp;#8211; Estudiantes de la Escuela Normal Rural &amp;#8216;Ra\u00fal Isidro Burgos&amp;#8217; de Ayotzinapa, junto con los Padres y Madres de los 43, delegaciones de las 17 normales que integran la Federaci\u00f3n de Estudiantes Campesinos Socialistas de M\u00e9xico (FECSM), conmemoraron los 9 a\u00f1os del asesinado de Jorge Alexis Herrera Pino y Gabriel Echeverria de Jes\u00fas, quienes fueran asesinados por policias ministeriales en el punto conocido como &amp;#8216;El Parador del Marqu\u00e9s&amp;#8217;, en el a\u00f1o 2011.&lt;br \/&gt;\nDurante el recorrido, donde estuvieron presentes los familiares de ambos estudiantes, los estudiantes normalistas arremetieron contra las instalaciones del Comit\u00e9 Ejecutivo Estatal (CEE) del Partido de la Revoluci\u00f3n Democr\u00e1tica (PRD), ya que, en el a\u00f1o de los hechos, el partido del sol azteca era el que gobernaba el estado de Guerrero.FOTO: DASAEV T\u00c9LLEZ ADAME \/ CUARTOSCURO.COM&lt;\/p&gt;\n\" data-medium-file=\"https:\/\/www.grieta.org.mx\/wp-content\/uploads\/2021\/02\/cuartoscuro_790714_digital-300x200.jpg\" data-large-file=\"https:\/\/www.grieta.org.mx\/wp-content\/uploads\/2021\/02\/cuartoscuro_790714_digital.jpg\" class=\"size-full wp-image-56841\" src=\"http:\/\/www.grieta.org.mx\/wp-content\/uploads\/2021\/02\/cuartoscuro_790714_digital.jpg\" alt=\"\" width=\"700\" height=\"467\" srcset=\"https:\/\/www.grieta.org.mx\/wp-content\/uploads\/2021\/02\/cuartoscuro_790714_digital.jpg 700w, https:\/\/www.grieta.org.mx\/wp-content\/uploads\/2021\/02\/cuartoscuro_790714_digital-300x200.jpg 300w\" sizes=\"auto, (max-width: 700px) 100vw, 700px\" \/><\/a><figcaption id=\"caption-attachment-56841\" class=\"wp-caption-text\">CHILPANCINGO, GUERRERO, 12DICIEMBRE2020. &#8211; Estudiantes de la Escuela Normal Rural &#8216;Ra\u00fal Isidro Burgos&#8217; de Ayotzinapa, junto con los Padres y Madres de los 43, delegaciones de las 17 normales que integran la Federaci\u00f3n de Estudiantes Campesinos Socialistas de M\u00e9xico (FECSM), conmemoraron los 9 a\u00f1os del asesinado de Jorge Alexis Herrera Pino y Gabriel Echeverria de Jes\u00fas, quienes fueran asesinados por policias ministeriales en el punto conocido como &#8216;El Parador del Marqu\u00e9s&#8217;, en el a\u00f1o 2011.<br \/>Durante el recorrido, donde estuvieron presentes los familiares de ambos estudiantes, los estudiantes normalistas arremetieron contra las instalaciones del Comit\u00e9 Ejecutivo Estatal (CEE) del Partido de la Revoluci\u00f3n Democr\u00e1tica (PRD), ya que, en el a\u00f1o de los hechos, el partido del sol azteca era el que gobernaba el estado de Guerrero.FOTO: DASAEV T\u00c9LLEZ ADAME \/ CUARTOSCURO.COM<\/figcaption><\/figure>\n<p>Redacci\u00f3n \/ Sin Embargo<\/p>\n<p>Un testigo protegido de la investigaci\u00f3n, identificado como \u201cJuan\u201d, declar\u00f3 ante la Fiscal\u00eda General de la Rep\u00fablica (FGR) que el asesinato de los 20 indigentes fue para que la entonces Procuradur\u00eda General de Justicia (PGJ) de Guerrero tuviera pruebas de la desaparici\u00f3n de los 43 normalistas.<\/p>\n<p>Ciudad de M\u00e9xico, 21 de enero (SinEmbargo).\u2013 La organizaci\u00f3n criminal Guerreros Unidos habr\u00eda asesinado a 20 indigentes para simular que sus restos eran los de los 43 estudiantes normalistas de Ayotzinapa, desaparecidos la noche del 26 de septiembre de 2014, en Iguala, Guerrero, seg\u00fan revel\u00f3 esta ma\u00f1ana el peri\u00f3dico Reforma.<\/p>\n<p>De acuerdo con la declaraci\u00f3n que dio el hombre identificado como \u201cJuan\u201d, quien ser\u00eda presunto l\u00edder de Guerreros Unidos, los homicidios tuvieron el objetivo de que la entonces Procuradur\u00eda General de Justicia (PGJ) de Guerrero, encabezada en ese momento por I\u00f1aki Blanco Cabrera, tuviera pruebas de la desaparici\u00f3n de los j\u00f3venes.<\/p>\n<p>\u201cEn un primer momento agarraron a unos 20 indigentes y los metieron a las fosas, atr\u00e1s de Pueblo Viejo, y dado que el asunto estaba muy medi\u00e1tico, dijeron que la Fiscal\u00eda, o sea I\u00f1aki, que no iba a resultar y fueron a los lugares donde en un primer inicio hab\u00edan tirado los restos de los estudiantes para ir a preparar lo del basurero de Cocula\u201d, afirm\u00f3 el testigo protegido, seg\u00fan la informaci\u00f3n a la que tuvo acceso Reforma.<\/p>\n<p>Ante la Fiscal\u00eda General de la Rep\u00fablica (FGR), \u201cJuan\u201d revel\u00f3 que la estrategia fue realizada entre Guerreros Unidos y Wenceslao Elizalde Zempoalteca, excoordinador de la Polic\u00eda Ministerial, por lo que a este \u00faltimo fue a quien le entregaron las cenizas de estudiantes incinerados en la funeraria \u201cEl \u00c1ngel\u201d, las cuales fueron dispersadas con otras \u201cevidencias\u201d en el basurero de Cocula.<\/p>\n<p>\u201cSobre estas \u2018evidencias\u2019, el Gobierno estatal y la PGR [la extinta Procuradur\u00eda General de la Rep\u00fablica] construyeron la denominada \u2018verdad hist\u00f3rica&#8217;\u201d, concluy\u00f3 Reforma.<\/p>\n<p>Desde ayer, el medio dio a conocer que este mismo testigo protegido asegur\u00f3 que los estudiantes fueron detenidos por un convoy de operaci\u00f3n conjunta entre militares, polic\u00edas y sicarios.<\/p>\n<p>La persona dijo que se detuvieron a 30 personas m\u00e1s, es decir, en total a 73, pero s\u00f3lo una parte de ellas fueron interrogadas en el 27 Batall\u00f3n de Infanter\u00eda, ubicado en Iguala, Guerrero. Despu\u00e9s, fueron entregadas al grupo criminal para que las desaparecieran, algunas ya muertas.<\/p>\n<p>Derivado de estas declaraciones fue que se detuvo al militar Jos\u00e9 Mart\u00ednez Crespo, quien fue aprehendido el pasado 12 de noviembre, y se liberaron al menos 17 \u00f3rdenes de aprehensi\u00f3n m\u00e1s en contra de militares relacionados con los hechos.<\/p>\n<p>Reforma relat\u00f3 que el testigo de la FGR se\u00f1al\u00f3 al Capit\u00e1n Mart\u00ednez Crespo como el presunto operador de la detenci\u00f3n de los normalistas y que tambi\u00e9n ten\u00eda la intenci\u00f3n de capturar a algunas personas que estaban heridas y que eran atendidas en un hospital de la localidad.<\/p>\n<p>\u201cDeseo se\u00f1alar que no solamente se ejecut\u00f3 a 43 estudiantes y las personas que murieron en Santa Teresa, sino que hubo m\u00e1s personas muertas en el evento del 26 y 27 de septiembre de 2014, las cuales pertenec\u00edan al grupo de On\u00e9simo Marquina Chapa y de Isaac Navarrete Celis, y que se metieron a Iguala, siendo un total como de 70 u 80 personas el total de muertos de esos hechos\u201d, rescat\u00f3 el diario de la declaraci\u00f3n que \u201cJuan\u201d hizo a las autoridades y que tiene fecha del 10 de febrero del 2020.<\/p>\n<p>El testimonio del presunto l\u00edder de Guerreros Unidos indic\u00f3 que dicho grupo buscaba a criminales de un c\u00e1rtel rival que le deb\u00edan dinero, sin embargo, los sicarios rivales se mezclaron entre los alumnos de la normal rural de Ayotzinapa, quienes se encontraban protestando en Iguala.<\/p>\n<p>En total se habr\u00eda detenido a tres grupos de personas, uno capturado por Guerreros Unidos, otro por polic\u00edas estatales, y otro, por miembros del Ej\u00e9rcito. Todos los grupos fueron llevados al Batall\u00f3n municipal para ser interrogados y conocer qui\u00e9nes eran los involucrados con el grupo criminal rival, apunt\u00f3 Reforma.<\/p>\n<p>LA SEDENA, DISPUESTA A COLABORAR EN LA INVESTIGACI\u00d3N<\/p>\n<p>Despu\u00e9s de que se difundiera la informaci\u00f3n antes mencionada, el jefe del Ej\u00e9rcito mexicano, Luis Cresencio Sandoval, prometi\u00f3 colaborar con las autoridades tras nuevas filtraciones de un testigo protegido que asegura que hubo militares involucrados en la desaparici\u00f3n de los 43 estudiantes de Ayotzinapa en 2014.<\/p>\n<p>\u201cEn todo lo que est\u00e1 present\u00e1ndose de Ayotzinapa damos la informaci\u00f3n, tenemos la obligaci\u00f3n de hacerlo as\u00ed. Nuestra jurisdicci\u00f3n militar, cuando llega a detectar alg\u00fan delito que se vincula con el orden com\u00fan, el orden federal, pasa la informaci\u00f3n\u201d, afirm\u00f3 el Secretario de la Defensa Nacional.<\/p>\n<p>\u201cLa instituci\u00f3n ante todos los se\u00f1alamientos que ha habido, no nada m\u00e1s de este tipo, a trav\u00e9s de toda su historia siempre ha colaborado con las autoridades, nunca se trata de ocultar\u201d, expres\u00f3 Sandoval cuestionado en la rueda de prensa matutina de Palacio Nacional.<\/p>\n<p>Seg\u00fan la versi\u00f3n del Gobierno de Enrique Pe\u00f1a Nieto (2012-2018), el 26 de septiembre de 2014 polic\u00edas corruptos del municipio de Iguala detuvieron a los estudiantes y los entregaron al c\u00e1rtel Guerreros Unidos, que los asesin\u00f3 e inciner\u00f3 en un basurero de Cocula y tir\u00f3 los restos a un r\u00edo.<\/p>\n<p>Pero familiares y una investigaci\u00f3n de la Comisi\u00f3n Interamericana de Derechos Humanos (CIDH) cuestionaron esta versi\u00f3n de la \u201cverdad hist\u00f3rica\u201d al se\u00f1alar que los cuerpos no pudieron quemarse en ese lugar.<\/p>\n<p>El testimonio de este \u00faltimo testigo protegido ha impactado el caso porque involucra de forma directa a soldados.<\/p>\n<p>El jefe del Ej\u00e9rcito reconoci\u00f3 la existencia de se\u00f1alamientos, pero argument\u00f3 que las Fuerzas Armadas \u201cno investigan ese tipo de delitos\u201d porque su jurisdicci\u00f3n es militar y no abarca cr\u00edmenes del fuero com\u00fan o federal.<\/p>\n<p>\u201cSon las autoridades correspondientes a las que le toca atender este tipo de delitos quienes investigan y nosotros somos quienes proporcionamos las facilidades para que puedan desarrollar su trabajo\u201d, sostuvo Sandoval.<\/p>\n<p>El caso cobra relevancia porque la FGR exoner\u00f3 la semana pasada a Salvador Cienfuegos, jefe del Ej\u00e9rcito en el sexenio pasado, de las acusaciones de narcotr\u00e1fico de las autoridades de Estados Unidos, que lo arrestaron en Los \u00c1ngeles el 15 de octubre y lo entregaron a M\u00e9xico un mes despu\u00e9s.<\/p>\n<p>La inacci\u00f3n de la FGR ha indignado a activistas y familiares de Ayotzinapa, quienes acusan a Cienfuegos de tener responsabilidad en el caso Ayotzinapa, que ha prometido resolver el Presidente Andr\u00e9s Manuel L\u00f3pez Obrador.Junto al mandatario, Sandoval rechaz\u00f3 una afectaci\u00f3n al prestigio de las Fuerzas Armadas.<\/p>\n<p>\u201cEsos errores de forma particular creo que no da\u00f1an la imagen de una instituci\u00f3n que ha sido muy representativa del Estado mexicano\u201d, afirm\u00f3 el Secretario.<\/p>\n<p>LA SEGOB INVESTIGAR\u00c1 LA FILTRACI\u00d3N<\/p>\n<p>La Comisi\u00f3n para la Verdad y Acceso a la Justicia para el caso Ayotzinapa presentar\u00e1 una denuncia ante Fiscal\u00eda General de la Rep\u00fablica (FGR) por la publicaci\u00f3n del peri\u00f3dico Reforma sobre el caso de los 43 normalistas.<\/p>\n<p>\u201cComo lo hemos se\u00f1alado, este tipo de filtraciones buscan demeritar los trabajos desarrollados en la investigaci\u00f3n del caso Ayotzinapa; la credibilidad de las instituciones que participan en \u00e9sta, y ponen en riesgo la verdad sobre lo acontecido la noche del 26 de septiembre del 2014 en la ciudad de Iguala, Guerrero, as\u00ed como la integridad de las personas que forman parte de estas investigaciones\u201d, detall\u00f3 Alejandro Encinas, Subsecretario de Derechos Humanos, Poblaci\u00f3n y Migraci\u00f3n, en un comunicado.<\/p>\n<p><a href=\"https:\/\/www.sinembargo.mx\/21-01-2021\/3927563\">https:\/\/www.sinembargo.mx\/21-01-2021\/3927563<\/a><\/p>\n","protected":false},"excerpt":{"rendered":"<p>Redacci\u00f3n \/ Sin Embargo Un testigo protegido de la investigaci\u00f3n, identificado como \u201cJuan\u201d, declar\u00f3 ante la Fiscal\u00eda General de la Rep\u00fablica (FGR) que el asesinato de los 20 indigentes fue &hellip; <a href=\"https:\/\/www.grieta.org.mx\/index.php\/2021\/01\/21\/guerreros-unidos-mato-a-20-indigentes-para-que-pgj-tuviera-pruebas-del-caso-iguala\/\" class=\"more-link\">Leer m\u00e1s<\/a><\/p>\n","protected":false},"author":1,"featured_media":56841,"comment_status":"closed","ping_status":"closed","sticky":false,"template":"","format":"standard","meta":{"ngg_post_thumbnail":0,"_jetpack_newsletter_access":"","_jetpack_dont_email_post_to_subs":false,"_jetpack_newsletter_tier_id":0,"_jetpack_memberships_contains_paywalled_content":false,"_jetpack_memberships_contains_paid_content":false,"footnotes":""},"categories":[1308,80,87,18,2,83],"tags":[2204,119],"class_list":["post-56840","post","type-post","status-publish","format-standard","has-post-thumbnail","hentry","category-caso-ayotzinapa","category-cintillo","category-desaparecidos","category-guerrero","category-noticias-nacionales","category-temas-nacionales","tag-abuso-de-fuerzas-represivas","tag-ayotzinapa","entry"],"jetpack_featured_media_url":"https:\/\/www.grieta.org.mx\/wp-content\/uploads\/2021\/02\/cuartoscuro_790714_digital.jpg","jetpack_sharing_enabled":true,"jetpack_shortlink":"https:\/\/wp.me\/p7ZJR4-eMM","jetpack_likes_enabled":false,"jetpack-related-posts":[{"id":39316,"url":"https:\/\/www.grieta.org.mx\/index.php\/2019\/07\/21\/advierten-estudiantes-de-ayotzinapa-que-lucharan-contra-intentos-de-cerrar-esa-escuela-guerrero\/","url_meta":{"origin":56840,"position":0},"title":"Advierten estudiantes de Ayotzinapa que luchar\u00e1n contra intentos de cerrar esa escuela (Guerrero)","author":"Admin","date":"21 julio, 2019","format":false,"excerpt":"Redacci\u00f3n \/ Digital Guerrero Los integrantes del Comit\u00e9 \u201cRicardo Flores Mag\u00f3n\u201d destacaron que la consigna que tienen los alumnos es impedir el cierre de Ayotzinapa, \u201ca pesar de la intenci\u00f3n de algunos\u201d. A trav\u00e9s de un comunicado p\u00fablico, los estudiantes recordaron que lo que se ha logrado en la Normal\u2026","rel":"","context":"En &quot;Caso Ayotzinapa&quot;","block_context":{"text":"Caso Ayotzinapa","link":"https:\/\/www.grieta.org.mx\/index.php\/category\/noticias-nacionales\/guerrero\/caso-ayotzinapa\/"},"img":{"alt_text":"","src":"https:\/\/i0.wp.com\/www.grieta.org.mx\/wp-content\/uploads\/2019\/09\/https-_www.digitalguerrero.com_.mx_wp-content_uploads_2019_07_ayotzi.jpg?resize=350%2C200&ssl=1","width":350,"height":200,"srcset":"https:\/\/i0.wp.com\/www.grieta.org.mx\/wp-content\/uploads\/2019\/09\/https-_www.digitalguerrero.com_.mx_wp-content_uploads_2019_07_ayotzi.jpg?resize=350%2C200&ssl=1 1x, https:\/\/i0.wp.com\/www.grieta.org.mx\/wp-content\/uploads\/2019\/09\/https-_www.digitalguerrero.com_.mx_wp-content_uploads_2019_07_ayotzi.jpg?resize=525%2C300&ssl=1 1.5x, https:\/\/i0.wp.com\/www.grieta.org.mx\/wp-content\/uploads\/2019\/09\/https-_www.digitalguerrero.com_.mx_wp-content_uploads_2019_07_ayotzi.jpg?resize=700%2C400&ssl=1 2x"},"classes":[]},{"id":39265,"url":"https:\/\/www.grieta.org.mx\/index.php\/2019\/09\/15\/con-antigrito-reprochan-padres-liberacion-de-24-por-caso-ayotzinapa-guerrero\/","url_meta":{"origin":56840,"position":1},"title":"Con antigrito reprochan padres liberaci\u00f3n de 24 por caso Ayotzinapa (Guerrero)","author":"Admin","date":"15 septiembre, 2019","format":false,"excerpt":"Francisca Meza Carranza\/Quadrat\u00edn CHILPANCINGO, Gro., 15 de septiembre de 2019.- Padres de los 43 normalistas de Ayotzinapa y estudiantes de la Normal Rural Ra\u00fal Isidro Burgos llevaron a cabo un antigrito en la Alameda Granados Maldonado, en donde reprobaron la liberaci\u00f3n de 24 implicados m\u00e1s en el caso, pues consideran\u2026","rel":"","context":"En &quot;Caso Ayotzinapa&quot;","block_context":{"text":"Caso Ayotzinapa","link":"https:\/\/www.grieta.org.mx\/index.php\/category\/noticias-nacionales\/guerrero\/caso-ayotzinapa\/"},"img":{"alt_text":"","src":"https:\/\/i0.wp.com\/www.grieta.org.mx\/wp-content\/uploads\/2019\/09\/ayotzinapa1-1160x700.jpg?resize=350%2C200&ssl=1","width":350,"height":200,"srcset":"https:\/\/i0.wp.com\/www.grieta.org.mx\/wp-content\/uploads\/2019\/09\/ayotzinapa1-1160x700.jpg?resize=350%2C200&ssl=1 1x, https:\/\/i0.wp.com\/www.grieta.org.mx\/wp-content\/uploads\/2019\/09\/ayotzinapa1-1160x700.jpg?resize=525%2C300&ssl=1 1.5x, https:\/\/i0.wp.com\/www.grieta.org.mx\/wp-content\/uploads\/2019\/09\/ayotzinapa1-1160x700.jpg?resize=700%2C400&ssl=1 2x, https:\/\/i0.wp.com\/www.grieta.org.mx\/wp-content\/uploads\/2019\/09\/ayotzinapa1-1160x700.jpg?resize=1050%2C600&ssl=1 3x"},"classes":[]},{"id":8540,"url":"https:\/\/www.grieta.org.mx\/index.php\/2016\/03\/27\/exigen-esclarecimiento-del-caso-ayotzinapa\/","url_meta":{"origin":56840,"position":2},"title":"Exigen esclarecimiento del caso Ayotzinapa","author":"grieta","date":"27 marzo, 2016","format":false,"excerpt":"Domingo, 27 de marzo de 2016 ABIGAIL SALINAS | NTRZACATECAS.COM Zacatecas.- La tarde de este s\u00e1bado, el colectivo de ciudadanos independientes de Zacatecas se manifest\u00f3 pac\u00edficamente en las escalinatas del Teatro Fernando Calder\u00f3n para exigir el esclarecimiento del caso de Ayotzinapa. A 18 meses de la desaparici\u00f3n de los 43\u2026","rel":"","context":"En &quot;CINTILLO&quot;","block_context":{"text":"CINTILLO","link":"https:\/\/www.grieta.org.mx\/index.php\/category\/cintillo\/"},"img":{"alt_text":"","src":"https:\/\/i0.wp.com\/www.grieta.org.mx\/wp-content\/uploads\/2018\/03\/14524434_1106112876131411_958039263622046936_o.jpg?resize=350%2C200&ssl=1","width":350,"height":200,"srcset":"https:\/\/i0.wp.com\/www.grieta.org.mx\/wp-content\/uploads\/2018\/03\/14524434_1106112876131411_958039263622046936_o.jpg?resize=350%2C200&ssl=1 1x, https:\/\/i0.wp.com\/www.grieta.org.mx\/wp-content\/uploads\/2018\/03\/14524434_1106112876131411_958039263622046936_o.jpg?resize=525%2C300&ssl=1 1.5x, https:\/\/i0.wp.com\/www.grieta.org.mx\/wp-content\/uploads\/2018\/03\/14524434_1106112876131411_958039263622046936_o.jpg?resize=700%2C400&ssl=1 2x"},"classes":[]},{"id":8951,"url":"https:\/\/www.grieta.org.mx\/index.php\/2015\/02\/01\/normalistas-de-michoacan-alertas-a-caso-ayotzinapa\/","url_meta":{"origin":56840,"position":3},"title":"Normalistas de Michoac\u00e1n, alertas a caso Ayotzinapa","author":"Admin","date":"1 febrero, 2015","format":false,"excerpt":"MORELIA, Mich., 1 de febrero de 2015.- Luego de continuas movilizaciones y acciones donde se exig\u00eda la aparici\u00f3n con vida de los 43 normalistas de Ayotzinapa Guerrero, y tras las declaraciones hechas por Jes\u00fas Murillo Karam, procurador General de la Rep\u00fablica, en torno al caso, estudiantes normalistas de la entidad\u2026","rel":"","context":"En &quot;CINTILLO&quot;","block_context":{"text":"CINTILLO","link":"https:\/\/www.grieta.org.mx\/index.php\/category\/cintillo\/"},"img":{"alt_text":"","src":"https:\/\/i0.wp.com\/www.grieta.org.mx\/wp-content\/uploads\/2018\/03\/14524434_1106112876131411_958039263622046936_o.jpg?resize=350%2C200&ssl=1","width":350,"height":200,"srcset":"https:\/\/i0.wp.com\/www.grieta.org.mx\/wp-content\/uploads\/2018\/03\/14524434_1106112876131411_958039263622046936_o.jpg?resize=350%2C200&ssl=1 1x, https:\/\/i0.wp.com\/www.grieta.org.mx\/wp-content\/uploads\/2018\/03\/14524434_1106112876131411_958039263622046936_o.jpg?resize=525%2C300&ssl=1 1.5x, https:\/\/i0.wp.com\/www.grieta.org.mx\/wp-content\/uploads\/2018\/03\/14524434_1106112876131411_958039263622046936_o.jpg?resize=700%2C400&ssl=1 2x"},"classes":[]},{"id":2689,"url":"https:\/\/www.grieta.org.mx\/index.php\/2015\/03\/26\/sobreviviente-de-ayotzinapa-llama-a-estudiantes-colimenses-a-continuar-marchas-de-apoyo\/","url_meta":{"origin":56840,"position":4},"title":"Sobreviviente de Ayotzinapa llama a estudiantes colimenses a continuar marchas de apoyo","author":"grieta","date":"26 marzo, 2015","format":false,"excerpt":"Colima 3.0 Por: Dilva Ch\u00e1vez \/ 26 marzo, 2015 A seis meses del caso Ayotzinapa, Jos\u00e9 Adolfo de la Cruz Vel\u00e1zquez es considerado un sobreviviente. La madrugada del 26 de septiembre de 2014, iba en uno de los camiones que trasportaba a los estudiantes de la escuela normal rural Isidro\u2026","rel":"","context":"En &quot;CINTILLO&quot;","block_context":{"text":"CINTILLO","link":"https:\/\/www.grieta.org.mx\/index.php\/category\/cintillo\/"},"img":{"alt_text":"","src":"https:\/\/i0.wp.com\/www.grieta.org.mx\/wp-content\/uploads\/2018\/03\/14524434_1106112876131411_958039263622046936_o.jpg?resize=350%2C200&ssl=1","width":350,"height":200,"srcset":"https:\/\/i0.wp.com\/www.grieta.org.mx\/wp-content\/uploads\/2018\/03\/14524434_1106112876131411_958039263622046936_o.jpg?resize=350%2C200&ssl=1 1x, https:\/\/i0.wp.com\/www.grieta.org.mx\/wp-content\/uploads\/2018\/03\/14524434_1106112876131411_958039263622046936_o.jpg?resize=525%2C300&ssl=1 1.5x, https:\/\/i0.wp.com\/www.grieta.org.mx\/wp-content\/uploads\/2018\/03\/14524434_1106112876131411_958039263622046936_o.jpg?resize=700%2C400&ssl=1 2x"},"classes":[]},{"id":35630,"url":"https:\/\/www.grieta.org.mx\/index.php\/2019\/06\/27\/con-un-mitin-reprochan-normalistas-la-falta-de-resultados-en-investigacion-del-caso-ayotzinapa\/","url_meta":{"origin":56840,"position":5},"title":"Con un mitin reprochan normalistas la falta de resultados en investigaci\u00f3n del Caso Ayotzinapa","author":"Admin","date":"27 junio, 2019","format":false,"excerpt":"Chilpancingo Gro; a 26 de junio del 2019.- A 57 meses de la desaparici\u00f3n de 43 normalistas de Ayotzinapa y casi 7 meses del gobierno de Andr\u00e9s Manuel L\u00f3pez Obrador, estudiantes de esta instituci\u00f3n reclamaron la falta de avances para resolver este caso. Los estudiantes arribaron al anti-monumento ubicado en\u2026","rel":"","context":"En &quot;Caso Ayotzinapa&quot;","block_context":{"text":"Caso Ayotzinapa","link":"https:\/\/www.grieta.org.mx\/index.php\/category\/noticias-nacionales\/guerrero\/caso-ayotzinapa\/"},"img":{"alt_text":"","src":"https:\/\/i0.wp.com\/www.grieta.org.mx\/wp-content\/uploads\/2019\/06\/NORMALISTAS-IRZA-1.jpg?resize=350%2C200&ssl=1","width":350,"height":200,"srcset":"https:\/\/i0.wp.com\/www.grieta.org.mx\/wp-content\/uploads\/2019\/06\/NORMALISTAS-IRZA-1.jpg?resize=350%2C200&ssl=1 1x, https:\/\/i0.wp.com\/www.grieta.org.mx\/wp-content\/uploads\/2019\/06\/NORMALISTAS-IRZA-1.jpg?resize=525%2C300&ssl=1 1.5x, https:\/\/i0.wp.com\/www.grieta.org.mx\/wp-content\/uploads\/2019\/06\/NORMALISTAS-IRZA-1.jpg?resize=700%2C400&ssl=1 2x"},"classes":[]}],"_links":{"self":[{"href":"https:\/\/www.grieta.org.mx\/index.php\/wp-json\/wp\/v2\/posts\/56840","targetHints":{"allow":["GET"]}}],"collection":[{"href":"https:\/\/www.grieta.org.mx\/index.php\/wp-json\/wp\/v2\/posts"}],"about":[{"href":"https:\/\/www.grieta.org.mx\/index.php\/wp-json\/wp\/v2\/types\/post"}],"author":[{"embeddable":true,"href":"https:\/\/www.grieta.org.mx\/index.php\/wp-json\/wp\/v2\/users\/1"}],"replies":[{"embeddable":true,"href":"https:\/\/www.grieta.org.mx\/index.php\/wp-json\/wp\/v2\/comments?post=56840"}],"version-history":[{"count":1,"href":"https:\/\/www.grieta.org.mx\/index.php\/wp-json\/wp\/v2\/posts\/56840\/revisions"}],"predecessor-version":[{"id":56842,"href":"https:\/\/www.grieta.org.mx\/index.php\/wp-json\/wp\/v2\/posts\/56840\/revisions\/56842"}],"wp:featuredmedia":[{"embeddable":true,"href":"https:\/\/www.grieta.org.mx\/index.php\/wp-json\/wp\/v2\/media\/56841"}],"wp:attachment":[{"href":"https:\/\/www.grieta.org.mx\/index.php\/wp-json\/wp\/v2\/media?parent=56840"}],"wp:term":[{"taxonomy":"category","embeddable":true,"href":"https:\/\/www.grieta.org.mx\/index.php\/wp-json\/wp\/v2\/categories?post=56840"},{"taxonomy":"post_tag","embeddable":true,"href":"https:\/\/www.grieta.org.mx\/index.php\/wp-json\/wp\/v2\/tags?post=56840"}],"curies":[{"name":"wp","href":"https:\/\/api.w.org\/{rel}","templated":true}]}}