{"id":56835,"date":"2020-11-08T14:04:45","date_gmt":"2020-11-08T20:04:45","guid":{"rendered":"http:\/\/www.grieta.org.mx\/?p=56835"},"modified":"2021-02-08T14:21:38","modified_gmt":"2021-02-08T20:21:38","slug":"familiares-y-sociedad-civil-lideran-busqueda-de-personas-en-puebla","status":"publish","type":"post","link":"https:\/\/www.grieta.org.mx\/index.php\/2020\/11\/08\/familiares-y-sociedad-civil-lideran-busqueda-de-personas-en-puebla\/","title":{"rendered":"Familiares y sociedad civil lideran b\u00fasqueda de personas en Puebla"},"content":{"rendered":"<p><a href=\"http:\/\/www.grieta.org.mx\/wp-content\/uploads\/2021\/02\/Busqueda-pozo-19.jpg\"><img loading=\"lazy\" decoding=\"async\" data-attachment-id=\"56836\" data-permalink=\"https:\/\/www.grieta.org.mx\/index.php\/2020\/11\/08\/familiares-y-sociedad-civil-lideran-busqueda-de-personas-en-puebla\/busqueda-pozo-19\/\" data-orig-file=\"https:\/\/www.grieta.org.mx\/wp-content\/uploads\/2021\/02\/Busqueda-pozo-19.jpg\" data-orig-size=\"900,600\" data-comments-opened=\"0\" data-image-meta=\"{&quot;aperture&quot;:&quot;5.6&quot;,&quot;credit&quot;:&quot;&quot;,&quot;camera&quot;:&quot;NIKON D5300&quot;,&quot;caption&quot;:&quot;&quot;,&quot;created_timestamp&quot;:&quot;1604503474&quot;,&quot;copyright&quot;:&quot;&quot;,&quot;focal_length&quot;:&quot;55&quot;,&quot;iso&quot;:&quot;100&quot;,&quot;shutter_speed&quot;:&quot;0.001&quot;,&quot;title&quot;:&quot;&quot;,&quot;orientation&quot;:&quot;1&quot;}\" data-image-title=\"Busqueda-pozo-19\" data-image-description=\"\" data-image-caption=\"\" data-medium-file=\"https:\/\/www.grieta.org.mx\/wp-content\/uploads\/2021\/02\/Busqueda-pozo-19-300x200.jpg\" data-large-file=\"https:\/\/www.grieta.org.mx\/wp-content\/uploads\/2021\/02\/Busqueda-pozo-19.jpg\" class=\"aligncenter wp-image-56836\" src=\"http:\/\/www.grieta.org.mx\/wp-content\/uploads\/2021\/02\/Busqueda-pozo-19.jpg\" alt=\"\" width=\"800\" height=\"533\" srcset=\"https:\/\/www.grieta.org.mx\/wp-content\/uploads\/2021\/02\/Busqueda-pozo-19.jpg 900w, https:\/\/www.grieta.org.mx\/wp-content\/uploads\/2021\/02\/Busqueda-pozo-19-300x200.jpg 300w, https:\/\/www.grieta.org.mx\/wp-content\/uploads\/2021\/02\/Busqueda-pozo-19-768x512.jpg 768w, https:\/\/www.grieta.org.mx\/wp-content\/uploads\/2021\/02\/Busqueda-pozo-19-750x500.jpg 750w\" sizes=\"auto, (max-width: 800px) 100vw, 800px\" \/><\/a><\/p>\n<p>Aranzaz\u00fa Ayala Mart\u00ednez &#8211; Lado B<br \/>\nFoto: Olga Valeria Hern\u00e1ndez<\/p>\n<p>Gracias a la presi\u00f3n de las familias de personas desaparecidas con acompa\u00f1amiento de la sociedad civil, desde hace dos meses la Comisi\u00f3n de B\u00fasqueda y la Fiscal\u00eda empezaron a buscar restos humanos en fosas clandestinas<\/p>\n<p>Una mariposa se posa en la mano de la se\u00f1ora A (cuyo nombre omitiremos por seguridad). La mariposa, muy parecida a una monarca, se queda en la palma de su mano y luego se aferra a su dedo \u00edndice mientras ella camina por el monte. Detr\u00e1s de ella van dos militares y cerca tres personas vestidas de rojo, integrantes de la Brigada Humanitaria de Paz Marabunta.<\/p>\n<p>Una leyenda prehisp\u00e1nica dice que las mariposas son almas de seres queridos que ya no est\u00e1n en este plano, y llegan como un augurio, como una gu\u00eda y una esperanza. Y en medio del seco monte, donde se escucha s\u00f3lo el viento, bajo el rayo del sol, el grupo se pregunta si la mariposa les ayudar\u00e1 a encontrar a otra de las personas desaparecidas que buscan.<\/p>\n<p>En Quecholac, un municipio a s\u00f3lo 70 kil\u00f3metros de la capital del estado de Puebla, desde hace dos meses empezaron a realizarse las primeras b\u00fasquedas de restos humanos en fosas clandestinas.<\/p>\n<p>Tomando en cuenta que la definici\u00f3n de una fosa clandestina es cualquier inhumaci\u00f3n al margen de la ley, los dos pozos que hasta ahora han intervenido las autoridades de la Fiscal\u00eda General del Estado y la Comisi\u00f3n Estatal de B\u00fasqueda entran en esta categor\u00eda. Pero no son los \u00fanicos lugares donde hay personas esperando a ser encontradas para darle paz a sus familiares.<\/p>\n<p>Durante tres d\u00edas Marabunta, integrantes del colectivo \u201cVoz de los desaparecidos\u201d y otras familias han sumado fuerzas en Puebla para hacer lo mismo que se ha hecho en otros lugares del pa\u00eds: liderar las b\u00fasquedas de personas desaparecidas.<\/p>\n<p>Para encontrar hay que buscar<\/p>\n<p><a href=\"http:\/\/www.grieta.org.mx\/wp-content\/uploads\/2021\/02\/Busqueda-pozo-16.jpg\"><img loading=\"lazy\" decoding=\"async\" data-attachment-id=\"56838\" data-permalink=\"https:\/\/www.grieta.org.mx\/index.php\/2020\/11\/08\/familiares-y-sociedad-civil-lideran-busqueda-de-personas-en-puebla\/busqueda-pozo-16\/\" data-orig-file=\"https:\/\/www.grieta.org.mx\/wp-content\/uploads\/2021\/02\/Busqueda-pozo-16.jpg\" data-orig-size=\"900,600\" data-comments-opened=\"0\" data-image-meta=\"{&quot;aperture&quot;:&quot;9&quot;,&quot;credit&quot;:&quot;&quot;,&quot;camera&quot;:&quot;NIKON D5300&quot;,&quot;caption&quot;:&quot;&quot;,&quot;created_timestamp&quot;:&quot;1604497526&quot;,&quot;copyright&quot;:&quot;&quot;,&quot;focal_length&quot;:&quot;35&quot;,&quot;iso&quot;:&quot;400&quot;,&quot;shutter_speed&quot;:&quot;0.00625&quot;,&quot;title&quot;:&quot;&quot;,&quot;orientation&quot;:&quot;1&quot;}\" data-image-title=\"Busqueda-pozo-16\" data-image-description=\"\" data-image-caption=\"\" data-medium-file=\"https:\/\/www.grieta.org.mx\/wp-content\/uploads\/2021\/02\/Busqueda-pozo-16-300x200.jpg\" data-large-file=\"https:\/\/www.grieta.org.mx\/wp-content\/uploads\/2021\/02\/Busqueda-pozo-16.jpg\" class=\"aligncenter wp-image-56838\" src=\"http:\/\/www.grieta.org.mx\/wp-content\/uploads\/2021\/02\/Busqueda-pozo-16.jpg\" alt=\"\" width=\"800\" height=\"533\" srcset=\"https:\/\/www.grieta.org.mx\/wp-content\/uploads\/2021\/02\/Busqueda-pozo-16.jpg 900w, https:\/\/www.grieta.org.mx\/wp-content\/uploads\/2021\/02\/Busqueda-pozo-16-300x200.jpg 300w, https:\/\/www.grieta.org.mx\/wp-content\/uploads\/2021\/02\/Busqueda-pozo-16-768x512.jpg 768w, https:\/\/www.grieta.org.mx\/wp-content\/uploads\/2021\/02\/Busqueda-pozo-16-750x500.jpg 750w\" sizes=\"auto, (max-width: 800px) 100vw, 800px\" \/><\/a><br \/>\nFoto: Olga Valeria Hern\u00e1ndez<\/p>\n<p>Aunque las autoridades han encabezado las acciones de b\u00fasqueda en Puebla, desde mediados de octubre algunos familiares han denunciado problemas en cuanto al acceso a los lugares donde est\u00e1n trabajando.<\/p>\n<p>Tambi\u00e9n puedes leer: Comisi\u00f3n Estatal de B\u00fasqueda impide a familiares acceso a b\u00fasqueda en fosa clandestina<\/p>\n<p>El 16 de octubre, a trav\u00e9s de videos en redes sociales, integrantes del colectivo \u201cVoz de los desaparecidos\u201d denunciaron que la Comisi\u00f3n Estatal de B\u00fasqueda bloque\u00f3 el acceso a la fosa para que no pudieran ver los hallazgos.<\/p>\n<p>Esta semana, empezando noviembre, las familias que buscan a sus seres queridos retomaron el camino, liderando ahora la b\u00fasqueda junto con la Brigada Humanitaria de Paz Marabunta, organizaci\u00f3n que se ha dedicado entre otras cosas a acompa\u00f1ar b\u00fasquedas, difundiendo la cultura de paz, y con acciones en campo para identificar y revisar puntos donde hay posibles restos humanos.<\/p>\n<p>As\u00ed, mientras continuaban los trabajos oficiales en el pozo, los familiares y los activistas recorr\u00edan los montes tratando de ubicar otros posibles lugares de inhumaciones clandestinas.<\/p>\n<p>Tambi\u00e9n puedes leer: Familiares piden justicia para Nadia a tres a\u00f1os de su desaparici\u00f3n<\/p>\n<p>En una de las jornadas de casi diez horas de trabajo, el equipo camin\u00f3 por los cerros secos, inspeccionando cada tramo para dar con los lugares que algunas personas de la zona mencionaban como sospechosos. Es muy importante la presencia de familiares o aliados locales, pues son quienes conocen mejor el terreno y tambi\u00e9n el contexto: con ese conocimiento y la suma de fuerzas de Marabunta se pueden tener resultados m\u00e1s certeros.<\/p>\n<p>Marabunta y los buscadores hacen tambi\u00e9n un trabajo previo de analizar el contexto. Hablan con las personas del lugar, recaban informaci\u00f3n de posibles puntos y entonces hacen una inspecci\u00f3n para identificarlos. Una cosa en la que insisten para tener informaci\u00f3n es en que no buscan culpables: s\u00f3lo buscan paz. S\u00f3lo quieren saber d\u00f3nde est\u00e1n sus seres queridos.<\/p>\n<p>Durante esta primera visita de la Brigada de Paz Marabunta los activistas tambi\u00e9n inspeccionaron el pozo, a los que bajaron durante jornadas de casi cuatro horas, revisando que en el \u00e1rea inspeccionada hasta la fecha no hubiera m\u00e1s hallazgos.<\/p>\n<p>En Puebla se est\u00e1 empezando a hacer lo que lleva muchos a\u00f1os sucediendo en otros estados: las familias son quienes investigan todo, juntan informaci\u00f3n, exploran, verifican y despu\u00e9s hacen las b\u00fasquedas, ya con apoyo de las autoridades. Pero es desde las familias de donde viene todo el \u00edmpetu, la organizaci\u00f3n y sobre todo las pistas para encontrar a quienes faltan. Todo es autogestionado: las autoridades est\u00e1n al margen. Marabunta y \u201cVoz de los desaparecidos\u201d hicieron un plan de acci\u00f3n para la semana, paralelo a la b\u00fasqueda en los pozos de la FGE.<\/p>\n<p>Y mientras siguen las acciones oficiales, ahora organizadas por la Fiscal\u00eda Especializada para la Investigaci\u00f3n y Persecuci\u00f3n de los Delitos de Desaparici\u00f3n Forzada de Personas y Desaparici\u00f3n Cometida por Particulares, la sociedad civil es la que se est\u00e1 capacitando y compartiendo saberes para seguir buscando y encontrando.<\/p>\n<p><a href=\"http:\/\/www.grieta.org.mx\/wp-content\/uploads\/2021\/02\/Busqueda-pozo-21.jpg\"><img loading=\"lazy\" decoding=\"async\" data-attachment-id=\"56837\" data-permalink=\"https:\/\/www.grieta.org.mx\/index.php\/2020\/11\/08\/familiares-y-sociedad-civil-lideran-busqueda-de-personas-en-puebla\/busqueda-pozo-21\/\" data-orig-file=\"https:\/\/www.grieta.org.mx\/wp-content\/uploads\/2021\/02\/Busqueda-pozo-21.jpg\" data-orig-size=\"900,600\" data-comments-opened=\"0\" data-image-meta=\"{&quot;aperture&quot;:&quot;11&quot;,&quot;credit&quot;:&quot;&quot;,&quot;camera&quot;:&quot;NIKON D5300&quot;,&quot;caption&quot;:&quot;&quot;,&quot;created_timestamp&quot;:&quot;1604504231&quot;,&quot;copyright&quot;:&quot;&quot;,&quot;focal_length&quot;:&quot;24&quot;,&quot;iso&quot;:&quot;280&quot;,&quot;shutter_speed&quot;:&quot;0.002&quot;,&quot;title&quot;:&quot;&quot;,&quot;orientation&quot;:&quot;1&quot;}\" data-image-title=\"Busqueda-pozo-21\" data-image-description=\"\" data-image-caption=\"\" data-medium-file=\"https:\/\/www.grieta.org.mx\/wp-content\/uploads\/2021\/02\/Busqueda-pozo-21-300x200.jpg\" data-large-file=\"https:\/\/www.grieta.org.mx\/wp-content\/uploads\/2021\/02\/Busqueda-pozo-21.jpg\" class=\"aligncenter wp-image-56837\" src=\"http:\/\/www.grieta.org.mx\/wp-content\/uploads\/2021\/02\/Busqueda-pozo-21.jpg\" alt=\"\" width=\"800\" height=\"533\" srcset=\"https:\/\/www.grieta.org.mx\/wp-content\/uploads\/2021\/02\/Busqueda-pozo-21.jpg 900w, https:\/\/www.grieta.org.mx\/wp-content\/uploads\/2021\/02\/Busqueda-pozo-21-300x200.jpg 300w, https:\/\/www.grieta.org.mx\/wp-content\/uploads\/2021\/02\/Busqueda-pozo-21-768x512.jpg 768w, https:\/\/www.grieta.org.mx\/wp-content\/uploads\/2021\/02\/Busqueda-pozo-21-750x500.jpg 750w\" sizes=\"auto, (max-width: 800px) 100vw, 800px\" \/><\/a><\/p>\n<p><a href=\"https:\/\/www.ladobe.com.mx\/2020\/11\/familiares-y-sociedad-civil-lideran-busqueda-de-personas\/\">https:\/\/www.ladobe.com.mx\/2020\/11\/familiares-y-sociedad-civil-lideran-busqueda-de-personas\/<\/a><\/p>\n","protected":false},"excerpt":{"rendered":"<p>Aranzaz\u00fa Ayala Mart\u00ednez &#8211; Lado B Foto: Olga Valeria Hern\u00e1ndez Gracias a la presi\u00f3n de las familias de personas desaparecidas con acompa\u00f1amiento de la sociedad civil, desde hace dos meses &hellip; <a href=\"https:\/\/www.grieta.org.mx\/index.php\/2020\/11\/08\/familiares-y-sociedad-civil-lideran-busqueda-de-personas-en-puebla\/\" class=\"more-link\">Leer m\u00e1s<\/a><\/p>\n","protected":false},"author":1,"featured_media":56836,"comment_status":"closed","ping_status":"closed","sticky":false,"template":"","format":"standard","meta":{"ngg_post_thumbnail":0,"_jetpack_newsletter_access":"","_jetpack_dont_email_post_to_subs":false,"_jetpack_newsletter_tier_id":0,"_jetpack_memberships_contains_paywalled_content":false,"_jetpack_memberships_contains_paid_content":false,"footnotes":""},"categories":[80,87,1045,2,26,83],"tags":[2220,121,2485],"class_list":["post-56835","post","type-post","status-publish","format-standard","has-post-thumbnail","hentry","category-cintillo","category-desaparecidos","category-desaparecidos-en-puebla","category-noticias-nacionales","category-puebla","category-temas-nacionales","tag-colectivos-rastreadores-de-desaparecidos","tag-desaparecidos","tag-rastreadoras","entry"],"jetpack_featured_media_url":"https:\/\/www.grieta.org.mx\/wp-content\/uploads\/2021\/02\/Busqueda-pozo-19.jpg","jetpack_sharing_enabled":true,"jetpack_shortlink":"https:\/\/wp.me\/p7ZJR4-eMH","jetpack_likes_enabled":false,"jetpack-related-posts":[{"id":45506,"url":"https:\/\/www.grieta.org.mx\/index.php\/2020\/03\/03\/colectivo-de-puebla-si-encontro-a-desaparecidos-tras-intervenir-fosas-clandestinas-en-veracruz\/","url_meta":{"origin":56835,"position":0},"title":"Colectivo de Puebla s\u00ed encontr\u00f3 a desaparecidos tras intervenir fosas clandestinas en Veracruz","author":"Admin","date":"3 marzo, 2020","format":false,"excerpt":"Magarely Hern\u00e1ndez \/ P\u00e1gina Negra Tras intervenir fosas clandestinas en el estado de Veracruz, el colectivo \u201cVoz de los Desaparecidos\u201d de Puebla encontr\u00f3 restos de personas que podr\u00edan ser algunos poblanos buscados desde hace varios meses e incluso a\u00f1os. As\u00ed lo confirm\u00f3 a P\u00c1GINA NEGRA Mar\u00eda Luisa N\u00fa\u00f1ez, vocera del\u2026","rel":"","context":"En &quot;CINTILLO&quot;","block_context":{"text":"CINTILLO","link":"https:\/\/www.grieta.org.mx\/index.php\/category\/cintillo\/"},"img":{"alt_text":"","src":"https:\/\/i0.wp.com\/www.grieta.org.mx\/wp-content\/uploads\/2020\/03\/Captura-de-pantalla-2020-03-04-a-las-12.03.59-p.m..png?resize=350%2C200&ssl=1","width":350,"height":200,"srcset":"https:\/\/i0.wp.com\/www.grieta.org.mx\/wp-content\/uploads\/2020\/03\/Captura-de-pantalla-2020-03-04-a-las-12.03.59-p.m..png?resize=350%2C200&ssl=1 1x, https:\/\/i0.wp.com\/www.grieta.org.mx\/wp-content\/uploads\/2020\/03\/Captura-de-pantalla-2020-03-04-a-las-12.03.59-p.m..png?resize=525%2C300&ssl=1 1.5x"},"classes":[]},{"id":28459,"url":"https:\/\/www.grieta.org.mx\/index.php\/2018\/12\/10\/continuan-la-incansable-busqueda-de-familiares-desaparecidos-en-la-sierra-norte-puebla\/","url_meta":{"origin":56835,"position":1},"title":"Contin\u00faan la incansable b\u00fasqueda de familiares desaparecidos en la Sierra Norte (Puebla)","author":"grieta","date":"10 diciembre, 2018","format":false,"excerpt":"Salom\u00f3n Garc\u00eda Cortez \/ Diario Cambio Ante la falta de una respuesta contundente por parte de autoridades, los familiares han comenzado la b\u00fasqueda de sus familiares desaparecidos Huauchinango.- Uno de los casos es el de una mujer originaria de la ciudad de Poza Rica que buscan impacientemente, pues su familia\u2026","rel":"","context":"En &quot;CINTILLO&quot;","block_context":{"text":"CINTILLO","link":"https:\/\/www.grieta.org.mx\/index.php\/category\/cintillo\/"},"img":{"alt_text":"","src":"https:\/\/i0.wp.com\/www.grieta.org.mx\/wp-content\/uploads\/2019\/01\/80440119a3d708592603dc4c4013a71e_L.jpg?resize=350%2C200&ssl=1","width":350,"height":200,"srcset":"https:\/\/i0.wp.com\/www.grieta.org.mx\/wp-content\/uploads\/2019\/01\/80440119a3d708592603dc4c4013a71e_L.jpg?resize=350%2C200&ssl=1 1x, https:\/\/i0.wp.com\/www.grieta.org.mx\/wp-content\/uploads\/2019\/01\/80440119a3d708592603dc4c4013a71e_L.jpg?resize=525%2C300&ssl=1 1.5x, https:\/\/i0.wp.com\/www.grieta.org.mx\/wp-content\/uploads\/2019\/01\/80440119a3d708592603dc4c4013a71e_L.jpg?resize=700%2C400&ssl=1 2x"},"classes":[]},{"id":27279,"url":"https:\/\/www.grieta.org.mx\/index.php\/2018\/10\/18\/busqueda-de-desaparecidos-se-reanima-con-grupos-ciudadanos-puebla\/","url_meta":{"origin":56835,"position":2},"title":"B\u00fasqueda de desaparecidos se reanima con grupos ciudadanos (Puebla)","author":"grieta","date":"18 octubre, 2018","format":false,"excerpt":"Patricia M\u00e9ndez \/ e-consulta Aunque Jos\u00e9 Mar\u00eda desapareci\u00f3 hace 10 a\u00f1os, el surgimiento de colectivos de b\u00fasqueda en Puebla, ha motivado a la familia Sedano Posadas a continuar la investigaci\u00f3n hasta dar con el paradero de su familiar. Los afectados se han encontrado con un escaso apoyo por parte de\u2026","rel":"","context":"En &quot;CINTILLO&quot;","block_context":{"text":"CINTILLO","link":"https:\/\/www.grieta.org.mx\/index.php\/category\/cintillo\/"},"img":{"alt_text":"","src":"https:\/\/i0.wp.com\/www.grieta.org.mx\/wp-content\/uploads\/2018\/10\/desaparicioness.jpg?resize=350%2C200&ssl=1","width":350,"height":200,"srcset":"https:\/\/i0.wp.com\/www.grieta.org.mx\/wp-content\/uploads\/2018\/10\/desaparicioness.jpg?resize=350%2C200&ssl=1 1x, https:\/\/i0.wp.com\/www.grieta.org.mx\/wp-content\/uploads\/2018\/10\/desaparicioness.jpg?resize=525%2C300&ssl=1 1.5x"},"classes":[]},{"id":27214,"url":"https:\/\/www.grieta.org.mx\/index.php\/2018\/10\/07\/tambien-la-sierra-norte-de-puebla-busca-a-sus-desaparecidos\/","url_meta":{"origin":56835,"position":3},"title":"Tambi\u00e9n la Sierra Norte de Puebla busca a sus desaparecidos","author":"grieta","date":"7 octubre, 2018","format":false,"excerpt":"Leticia \u00c1nimas Vargas \/ Municipios Puebla Extraoficialmente se habla de 50 personas de las que se desconoce su paradero, aunque no existen denuncias formales por miedo y desconfianza en las autoridades, mencion\u00f3 Patricia, una mujer que busca a su hermano.Valderr\u00e1bano, la prosperidad a costa del erario de XicotepecObras inconclusas, le\u2026","rel":"","context":"En &quot;CINTILLO&quot;","block_context":{"text":"CINTILLO","link":"https:\/\/www.grieta.org.mx\/index.php\/category\/cintillo\/"},"img":{"alt_text":"","src":"https:\/\/i0.wp.com\/www.grieta.org.mx\/wp-content\/uploads\/2018\/10\/img-20181007-wa0015.jpg?resize=350%2C200&ssl=1","width":350,"height":200,"srcset":"https:\/\/i0.wp.com\/www.grieta.org.mx\/wp-content\/uploads\/2018\/10\/img-20181007-wa0015.jpg?resize=350%2C200&ssl=1 1x, https:\/\/i0.wp.com\/www.grieta.org.mx\/wp-content\/uploads\/2018\/10\/img-20181007-wa0015.jpg?resize=525%2C300&ssl=1 1.5x, https:\/\/i0.wp.com\/www.grieta.org.mx\/wp-content\/uploads\/2018\/10\/img-20181007-wa0015.jpg?resize=700%2C400&ssl=1 2x, https:\/\/i0.wp.com\/www.grieta.org.mx\/wp-content\/uploads\/2018\/10\/img-20181007-wa0015.jpg?resize=1050%2C600&ssl=1 3x"},"classes":[]},{"id":27748,"url":"https:\/\/www.grieta.org.mx\/index.php\/2018\/11\/13\/la-voz-de-los-desaparecidos-en-puebla\/","url_meta":{"origin":56835,"position":4},"title":"La Voz de los desaparecidos en Puebla","author":"grieta","date":"13 noviembre, 2018","format":false,"excerpt":"Aranzaz\u00fa Ayala Mart\u00ednez \/ Lado B El 28 de abril del a\u00f1o pasado Juan de Dios N\u00fa\u00f1ez, originario de Palmar de Bravo, sali\u00f3 con sus amigos Abraham y Vicente, habitantes del municipio Ca\u00f1ada Morelos. Por la noche el joven de 23 a\u00f1os se comunic\u00f3 con su mam\u00e1, Mar\u00eda Luis N\u00fa\u00f1ez\u2026","rel":"","context":"En &quot;CINTILLO&quot;","block_context":{"text":"CINTILLO","link":"https:\/\/www.grieta.org.mx\/index.php\/category\/cintillo\/"},"img":{"alt_text":"","src":"https:\/\/i0.wp.com\/www.grieta.org.mx\/wp-content\/uploads\/2018\/11\/WhatsApp-Image-2018-11-13-at-09.16.26.jpg?resize=350%2C200&ssl=1","width":350,"height":200,"srcset":"https:\/\/i0.wp.com\/www.grieta.org.mx\/wp-content\/uploads\/2018\/11\/WhatsApp-Image-2018-11-13-at-09.16.26.jpg?resize=350%2C200&ssl=1 1x, https:\/\/i0.wp.com\/www.grieta.org.mx\/wp-content\/uploads\/2018\/11\/WhatsApp-Image-2018-11-13-at-09.16.26.jpg?resize=525%2C300&ssl=1 1.5x, https:\/\/i0.wp.com\/www.grieta.org.mx\/wp-content\/uploads\/2018\/11\/WhatsApp-Image-2018-11-13-at-09.16.26.jpg?resize=700%2C400&ssl=1 2x"},"classes":[]},{"id":30452,"url":"https:\/\/www.grieta.org.mx\/index.php\/2019\/03\/03\/puebla-ya-no-puede-ocultar-a-sus-desaparecidos\/","url_meta":{"origin":56835,"position":5},"title":"Puebla ya no puede ocultar a sus desaparecidos","author":"grieta","date":"3 marzo, 2019","format":false,"excerpt":"Aranzaz\u00fa Ayala Mart\u00ednez \/ Lado B Aurelio Alfonso Sol\u00eds Casta\u00f1eda ten\u00eda 20 a\u00f1os el 8 de septiembre de 2016, cuando sali\u00f3 al centro de Xicotepec, donde viv\u00eda, a comprar unas cosas con su amiga \u00c1frica Quiroga Castro. Pero ninguno de los dos regres\u00f3. A los pocos d\u00edas, su familia se\u2026","rel":"","context":"En &quot;CINTILLO&quot;","block_context":{"text":"CINTILLO","link":"https:\/\/www.grieta.org.mx\/index.php\/category\/cintillo\/"},"img":{"alt_text":"","src":"https:\/\/i0.wp.com\/www.grieta.org.mx\/wp-content\/uploads\/2019\/03\/Desaparecidos-4.jpg?resize=350%2C200&ssl=1","width":350,"height":200,"srcset":"https:\/\/i0.wp.com\/www.grieta.org.mx\/wp-content\/uploads\/2019\/03\/Desaparecidos-4.jpg?resize=350%2C200&ssl=1 1x, https:\/\/i0.wp.com\/www.grieta.org.mx\/wp-content\/uploads\/2019\/03\/Desaparecidos-4.jpg?resize=525%2C300&ssl=1 1.5x, https:\/\/i0.wp.com\/www.grieta.org.mx\/wp-content\/uploads\/2019\/03\/Desaparecidos-4.jpg?resize=700%2C400&ssl=1 2x"},"classes":[]}],"_links":{"self":[{"href":"https:\/\/www.grieta.org.mx\/index.php\/wp-json\/wp\/v2\/posts\/56835","targetHints":{"allow":["GET"]}}],"collection":[{"href":"https:\/\/www.grieta.org.mx\/index.php\/wp-json\/wp\/v2\/posts"}],"about":[{"href":"https:\/\/www.grieta.org.mx\/index.php\/wp-json\/wp\/v2\/types\/post"}],"author":[{"embeddable":true,"href":"https:\/\/www.grieta.org.mx\/index.php\/wp-json\/wp\/v2\/users\/1"}],"replies":[{"embeddable":true,"href":"https:\/\/www.grieta.org.mx\/index.php\/wp-json\/wp\/v2\/comments?post=56835"}],"version-history":[{"count":1,"href":"https:\/\/www.grieta.org.mx\/index.php\/wp-json\/wp\/v2\/posts\/56835\/revisions"}],"predecessor-version":[{"id":56839,"href":"https:\/\/www.grieta.org.mx\/index.php\/wp-json\/wp\/v2\/posts\/56835\/revisions\/56839"}],"wp:featuredmedia":[{"embeddable":true,"href":"https:\/\/www.grieta.org.mx\/index.php\/wp-json\/wp\/v2\/media\/56836"}],"wp:attachment":[{"href":"https:\/\/www.grieta.org.mx\/index.php\/wp-json\/wp\/v2\/media?parent=56835"}],"wp:term":[{"taxonomy":"category","embeddable":true,"href":"https:\/\/www.grieta.org.mx\/index.php\/wp-json\/wp\/v2\/categories?post=56835"},{"taxonomy":"post_tag","embeddable":true,"href":"https:\/\/www.grieta.org.mx\/index.php\/wp-json\/wp\/v2\/tags?post=56835"}],"curies":[{"name":"wp","href":"https:\/\/api.w.org\/{rel}","templated":true}]}}