{"id":56820,"date":"2021-02-05T12:43:27","date_gmt":"2021-02-05T18:43:27","guid":{"rendered":"http:\/\/www.grieta.org.mx\/?p=56820"},"modified":"2021-02-08T12:51:58","modified_gmt":"2021-02-08T18:51:58","slug":"fge-colima-desaparece-a-personas-que-ya-fueron-localizadas","status":"publish","type":"post","link":"https:\/\/www.grieta.org.mx\/index.php\/2021\/02\/05\/fge-colima-desaparece-a-personas-que-ya-fueron-localizadas\/","title":{"rendered":"FGE Colima \u201cdesaparece\u201d a personas que ya fueron localizadas"},"content":{"rendered":"<p><img loading=\"lazy\" decoding=\"async\" data-attachment-id=\"56821\" data-permalink=\"https:\/\/www.grieta.org.mx\/index.php\/2021\/02\/05\/fge-colima-desaparece-a-personas-que-ya-fueron-localizadas\/fge\/\" data-orig-file=\"https:\/\/www.grieta.org.mx\/wp-content\/uploads\/2021\/02\/fge.jpg\" data-orig-size=\"680,453\" data-comments-opened=\"0\" data-image-meta=\"{&quot;aperture&quot;:&quot;0&quot;,&quot;credit&quot;:&quot;&quot;,&quot;camera&quot;:&quot;&quot;,&quot;caption&quot;:&quot;&quot;,&quot;created_timestamp&quot;:&quot;0&quot;,&quot;copyright&quot;:&quot;&quot;,&quot;focal_length&quot;:&quot;0&quot;,&quot;iso&quot;:&quot;0&quot;,&quot;shutter_speed&quot;:&quot;0&quot;,&quot;title&quot;:&quot;&quot;,&quot;orientation&quot;:&quot;1&quot;}\" data-image-title=\"fge\" data-image-description=\"\" data-image-caption=\"\" data-medium-file=\"https:\/\/www.grieta.org.mx\/wp-content\/uploads\/2021\/02\/fge-300x200.jpg\" data-large-file=\"https:\/\/www.grieta.org.mx\/wp-content\/uploads\/2021\/02\/fge.jpg\" class=\" wp-image-56821 aligncenter\" src=\"http:\/\/www.grieta.org.mx\/wp-content\/uploads\/2021\/02\/fge.jpg\" alt=\"\" width=\"797\" height=\"530\" srcset=\"https:\/\/www.grieta.org.mx\/wp-content\/uploads\/2021\/02\/fge.jpg 680w, https:\/\/www.grieta.org.mx\/wp-content\/uploads\/2021\/02\/fge-300x200.jpg 300w\" sizes=\"auto, (max-width: 797px) 100vw, 797px\" \/><\/p>\n<p>Foto: Ilustrativa<\/p>\n<p>Heidi de Le\u00f3n Guti\u00e9rrez \/ Diario Avanzada<\/p>\n<p>Colima, M\u00e9xico, Avanzada (05\/02\/2021).-\u00a0La Fiscal\u00eda General del Estado no actualiza la informaci\u00f3n sobre los desaparecidos en Colima y los datos que est\u00e1n disponibles en el portal de internet no coinciden con la informaci\u00f3n que ha difundido la federaci\u00f3n.<\/p>\n<p>Adem\u00e1s, en la base de datos del estado, misma que est\u00e1 disponible al p\u00fablico en la p\u00e1gina de internet de la Fiscal\u00eda, aparecen como desaparecidas algunas personas que ya fueron localizadas.<\/p>\n<p>Por ejemplo en la base de datos de la Fiscal\u00eda permanece como desaparecida Zulma S. Ch., sin embargo, el 24 de diciembre la Red de Desaparecidos en Colima inform\u00f3 que la mujer hab\u00eda sido localizada con vida.<\/p>\n<p>En la misma situaci\u00f3n se encuentra Paulina C. M., quien fue reportada como desaparecida el 11 de abril de 2019, sin embargo, los mismo familiares confirmaron que fue encontrada unos d\u00edas despu\u00e9s, por lo que se retir\u00f3 la denuncia correspondiente.<\/p>\n<p>De igual forma,\u00a0en el enlace que la Fiscal\u00eda General tiene activado para reportar las personas desaparecidas en Colima s\u00f3lo aparecen 558 fotograf\u00edas y no especifica si son todos los reportes con lo que cuenta la dependencia o la cifra es mayor.<\/p>\n<p>Cabe recordar que en el 2019,\u00a0 el funcionario federal, Alejandro Encinas revel\u00f3 que en la entidad se ten\u00eda un registro de mil 200 personas desaparecidas.<\/p>\n<p>Por su parte, la Red de Personas Desaparecidas en Colima insiste desde el 2019 que siguen aumentando los casos de personas desaparecidas a pesar de la pandemia por el Covid-19.<\/p>\n<p><a href=\"https:\/\/www.diarioavanzada.com.mx\/?p=19612\">https:\/\/www.diarioavanzada.com.mx\/?p=19612<\/a><\/p>\n","protected":false},"excerpt":{"rendered":"<p>Foto: Ilustrativa Heidi de Le\u00f3n Guti\u00e9rrez \/ Diario Avanzada Colima, M\u00e9xico, Avanzada (05\/02\/2021).-\u00a0La Fiscal\u00eda General del Estado no actualiza la informaci\u00f3n sobre los desaparecidos en Colima y los datos que &hellip; <a href=\"https:\/\/www.grieta.org.mx\/index.php\/2021\/02\/05\/fge-colima-desaparece-a-personas-que-ya-fueron-localizadas\/\" class=\"more-link\">Leer m\u00e1s<\/a><\/p>\n","protected":false},"author":2,"featured_media":56821,"comment_status":"closed","ping_status":"closed","sticky":false,"template":"","format":"standard","meta":{"ngg_post_thumbnail":0,"_jetpack_newsletter_access":"","_jetpack_dont_email_post_to_subs":false,"_jetpack_newsletter_tier_id":0,"_jetpack_memberships_contains_paywalled_content":false,"_jetpack_memberships_contains_paid_content":false,"footnotes":""},"categories":[80,13,87,1829,2,83],"tags":[121,3775],"class_list":["post-56820","post","type-post","status-publish","format-standard","has-post-thumbnail","hentry","category-cintillo","category-colima","category-desaparecidos","category-desaparecidos-en-colima","category-noticias-nacionales","category-temas-nacionales","tag-desaparecidos","tag-estadisticas-de-desaparecidos","entry"],"jetpack_featured_media_url":"https:\/\/www.grieta.org.mx\/wp-content\/uploads\/2021\/02\/fge.jpg","jetpack_sharing_enabled":true,"jetpack_shortlink":"https:\/\/wp.me\/p7ZJR4-eMs","jetpack_likes_enabled":false,"jetpack-related-posts":[{"id":52037,"url":"https:\/\/www.grieta.org.mx\/index.php\/2020\/07\/16\/aparecen-los-desaparecidos-actualizan-cifra-y-reportan-casi-50-mas-colima\/","url_meta":{"origin":56820,"position":0},"title":"\u201cAparecen\u201d los desaparecidos, actualizan cifra y reportan casi 50% m\u00e1s (Colima)","author":"grieta","date":"16 julio, 2020","format":false,"excerpt":"Foto: Diario Avanzada Heidi de Le\u00f3n Guti\u00e9rrez \/ Diario Avanzada Colima, M\u00e9xico, Avanzada (16\/07\/2020).- El problema de los desaparecidos en Colima es m\u00e1s grave de lo que se hab\u00eda revelado. La cifra actualizada es casi 100 por ciento superior a los n\u00fameros oficiales ofrecidos por la Fiscal\u00eda General del Estado\u2026","rel":"","context":"En &quot;CINTILLO&quot;","block_context":{"text":"CINTILLO","link":"https:\/\/www.grieta.org.mx\/index.php\/category\/cintillo\/"},"img":{"alt_text":"","src":"https:\/\/i0.wp.com\/www.grieta.org.mx\/wp-content\/uploads\/2020\/07\/48366159_2023989617714992_7934302650240073728_n.jpg?resize=350%2C200&ssl=1","width":350,"height":200,"srcset":"https:\/\/i0.wp.com\/www.grieta.org.mx\/wp-content\/uploads\/2020\/07\/48366159_2023989617714992_7934302650240073728_n.jpg?resize=350%2C200&ssl=1 1x, https:\/\/i0.wp.com\/www.grieta.org.mx\/wp-content\/uploads\/2020\/07\/48366159_2023989617714992_7934302650240073728_n.jpg?resize=525%2C300&ssl=1 1.5x, https:\/\/i0.wp.com\/www.grieta.org.mx\/wp-content\/uploads\/2020\/07\/48366159_2023989617714992_7934302650240073728_n.jpg?resize=700%2C400&ssl=1 2x"},"classes":[]},{"id":57327,"url":"https:\/\/www.grieta.org.mx\/index.php\/2021\/03\/04\/son-1400-personas-desparecidas-en-colima-fiscalia-solo-ejercio-accion-penal-en-9-casos-en-2020\/","url_meta":{"origin":56820,"position":1},"title":"Son 1400 personas desparecidas en Colima; Fiscal\u00eda s\u00f3lo ejerci\u00f3 acci\u00f3n penal en 9 casos en 2020","author":"grieta","date":"4 marzo, 2021","format":false,"excerpt":"Foto: Diario Avanzada Heidi de Le\u00f3n Guti\u00e9rrez \/ Diario Avanzada Colima, M\u00e9xico, Avanzada (04\/03\/2021).- La Fiscal\u00eda General del Estado\u00a0ejerci\u00f3 acci\u00f3n penal en s\u00f3lo nueve carpetas de investigaci\u00f3n relacionadas con la desaparici\u00f3n de personas. La informaci\u00f3n anterior forma parte de las estad\u00edsticas que aparecen en el segundo informe de labores del\u2026","rel":"","context":"En &quot;CINTILLO&quot;","block_context":{"text":"CINTILLO","link":"https:\/\/www.grieta.org.mx\/index.php\/category\/cintillo\/"},"img":{"alt_text":"","src":"https:\/\/i0.wp.com\/www.grieta.org.mx\/wp-content\/uploads\/2021\/03\/Fiscal.png?resize=350%2C200","width":350,"height":200,"srcset":"https:\/\/i0.wp.com\/www.grieta.org.mx\/wp-content\/uploads\/2021\/03\/Fiscal.png?resize=350%2C200 1x, https:\/\/i0.wp.com\/www.grieta.org.mx\/wp-content\/uploads\/2021\/03\/Fiscal.png?resize=525%2C300 1.5x, https:\/\/i0.wp.com\/www.grieta.org.mx\/wp-content\/uploads\/2021\/03\/Fiscal.png?resize=700%2C400 2x"},"classes":[]},{"id":71649,"url":"https:\/\/www.grieta.org.mx\/index.php\/2025\/04\/29\/fiscalia-de-colima-mas-fosas-mas-silencio\/","url_meta":{"origin":56820,"position":2},"title":"Fiscal\u00eda de Colima: m\u00e1s fosas, m\u00e1s silencio","author":"grieta","date":"29 abril, 2025","format":false,"excerpt":"Imagen: Diario Avanzada Heidi de Le\u00f3n Guti\u00e9rrez \/ Diario Avanzada Colima, M\u00e9xico, Avanzada (29\/04\/2025).- A m\u00e1s de una semana de que se confirm\u00f3 el hallazgo de seis fosas clandestinas en la capital de Colima, la Fiscal\u00eda General del Estado no ha proporcionado informaci\u00f3n actualizada sobre el n\u00famero de cuerpos o\u2026","rel":"","context":"En &quot;CINTILLO&quot;","block_context":{"text":"CINTILLO","link":"https:\/\/www.grieta.org.mx\/index.php\/category\/cintillo\/"},"img":{"alt_text":"","src":"https:\/\/i0.wp.com\/www.grieta.org.mx\/wp-content\/uploads\/2025\/05\/img_1201-1.jpg?resize=350%2C200&ssl=1","width":350,"height":200,"srcset":"https:\/\/i0.wp.com\/www.grieta.org.mx\/wp-content\/uploads\/2025\/05\/img_1201-1.jpg?resize=350%2C200&ssl=1 1x, https:\/\/i0.wp.com\/www.grieta.org.mx\/wp-content\/uploads\/2025\/05\/img_1201-1.jpg?resize=525%2C300&ssl=1 1.5x, https:\/\/i0.wp.com\/www.grieta.org.mx\/wp-content\/uploads\/2025\/05\/img_1201-1.jpg?resize=700%2C400&ssl=1 2x, https:\/\/i0.wp.com\/www.grieta.org.mx\/wp-content\/uploads\/2025\/05\/img_1201-1.jpg?resize=1050%2C600&ssl=1 3x, https:\/\/i0.wp.com\/www.grieta.org.mx\/wp-content\/uploads\/2025\/05\/img_1201-1.jpg?resize=1400%2C800&ssl=1 4x"},"classes":[]},{"id":62551,"url":"https:\/\/www.grieta.org.mx\/index.php\/2021\/10\/20\/policia-de-colima-no-participa-en-busqueda-de-desaparecidos\/","url_meta":{"origin":56820,"position":3},"title":"Polic\u00eda de Colima no participa en b\u00fasqueda de desaparecidos","author":"grieta","date":"20 octubre, 2021","format":false,"excerpt":"Imagen: Ilustrativa tomada de https:\/\/www.facebook.com\/reddesaparecidoscolima La Polic\u00eda Estatal de Colima report\u00f3 al Inegi no haber realizado acciones orientadas a la b\u00fasqueda y localizaci\u00f3n de personas desaparecidas o no localizadas durante todo el 2020 y, por lo tanto,\u00a0 dicho instituto no incluy\u00f3 ning\u00fan dato estad\u00edstico de la entidad sobre este tema\u2026","rel":"","context":"En &quot;CINTILLO&quot;","block_context":{"text":"CINTILLO","link":"https:\/\/www.grieta.org.mx\/index.php\/category\/cintillo\/"},"img":{"alt_text":"","src":"https:\/\/i0.wp.com\/www.grieta.org.mx\/wp-content\/uploads\/2021\/10\/244513521_2920365668201563_6904633650870123236_n.jpg?resize=350%2C200&ssl=1","width":350,"height":200,"srcset":"https:\/\/i0.wp.com\/www.grieta.org.mx\/wp-content\/uploads\/2021\/10\/244513521_2920365668201563_6904633650870123236_n.jpg?resize=350%2C200&ssl=1 1x, https:\/\/i0.wp.com\/www.grieta.org.mx\/wp-content\/uploads\/2021\/10\/244513521_2920365668201563_6904633650870123236_n.jpg?resize=525%2C300&ssl=1 1.5x, https:\/\/i0.wp.com\/www.grieta.org.mx\/wp-content\/uploads\/2021\/10\/244513521_2920365668201563_6904633650870123236_n.jpg?resize=700%2C400&ssl=1 2x"},"classes":[]},{"id":44276,"url":"https:\/\/www.grieta.org.mx\/index.php\/2020\/02\/11\/encuentran-seis-cuerpos-en-cuatro-fosas-clandestinas-fiscalia-no-informa-colima\/","url_meta":{"origin":56820,"position":4},"title":"Encuentran seis cuerpos en cuatro fosas clandestinas, Fiscal\u00eda no informa (Colima)","author":"grieta","date":"11 febrero, 2020","format":false,"excerpt":"Foto: Especial Redacci\u00f3n \/ Diario Avanzada Colima, M\u00e9xico, Avanzada (11\/02\/2020).- Pese a que desde el domingo pasado concluyeron los trabajos de excavaci\u00f3n de fosas en los manglares aleda\u00f1os al balneario El Chupadero, la Fiscal\u00eda General del Estado (FGE) guard\u00f3 silencio sobre el hallazgo de cuatro cad\u00e1veres en esa zona. La\u2026","rel":"","context":"En &quot;CINTILLO&quot;","block_context":{"text":"CINTILLO","link":"https:\/\/www.grieta.org.mx\/index.php\/category\/cintillo\/"},"img":{"alt_text":"","src":"https:\/\/i0.wp.com\/www.grieta.org.mx\/wp-content\/uploads\/2020\/02\/fosas-clandestinas-tecoman-colima-personas-desaparecidas-colectivo-osamentas-cuerpo-640x400.jpg?resize=350%2C200&ssl=1","width":350,"height":200,"srcset":"https:\/\/i0.wp.com\/www.grieta.org.mx\/wp-content\/uploads\/2020\/02\/fosas-clandestinas-tecoman-colima-personas-desaparecidas-colectivo-osamentas-cuerpo-640x400.jpg?resize=350%2C200&ssl=1 1x, https:\/\/i0.wp.com\/www.grieta.org.mx\/wp-content\/uploads\/2020\/02\/fosas-clandestinas-tecoman-colima-personas-desaparecidas-colectivo-osamentas-cuerpo-640x400.jpg?resize=525%2C300&ssl=1 1.5x"},"classes":[]},{"id":48233,"url":"https:\/\/www.grieta.org.mx\/index.php\/2020\/04\/19\/red-desaparecidos-en-colima-denuncian-falta-de-apoyo-fiscalia-reporta-26-personas-desaparecidas\/","url_meta":{"origin":56820,"position":5},"title":"Red Desaparecidos en Colima denuncian falta de apoyo, fiscal\u00eda reporta 26 personas desaparecidas","author":"grieta","date":"19 abril, 2020","format":false,"excerpt":"Imagen: Diario Avanzada Readacci\u00f3n \/ Diario Avanzada Colima, M\u00e9xico, Avanzada (19\/04\/2020).- La Fiscal\u00eda General del Estado de Colima (FGEC) reporta 36 personas desaparecidas en Colima en 2020, en su p\u00e1gina web, en el apartado \u201cdesaparecidos\u201d, la FGEC exhibe los rostros y nombres de las personas que fueron reportadas como desaparecidas\u2026","rel":"","context":"En &quot;CINTILLO&quot;","block_context":{"text":"CINTILLO","link":"https:\/\/www.grieta.org.mx\/index.php\/category\/cintillo\/"},"img":{"alt_text":"","src":"https:\/\/i0.wp.com\/www.grieta.org.mx\/wp-content\/uploads\/2020\/04\/Desaparecidos-2020.jpg?resize=350%2C200&ssl=1","width":350,"height":200,"srcset":"https:\/\/i0.wp.com\/www.grieta.org.mx\/wp-content\/uploads\/2020\/04\/Desaparecidos-2020.jpg?resize=350%2C200&ssl=1 1x, https:\/\/i0.wp.com\/www.grieta.org.mx\/wp-content\/uploads\/2020\/04\/Desaparecidos-2020.jpg?resize=525%2C300&ssl=1 1.5x, https:\/\/i0.wp.com\/www.grieta.org.mx\/wp-content\/uploads\/2020\/04\/Desaparecidos-2020.jpg?resize=700%2C400&ssl=1 2x"},"classes":[]}],"_links":{"self":[{"href":"https:\/\/www.grieta.org.mx\/index.php\/wp-json\/wp\/v2\/posts\/56820","targetHints":{"allow":["GET"]}}],"collection":[{"href":"https:\/\/www.grieta.org.mx\/index.php\/wp-json\/wp\/v2\/posts"}],"about":[{"href":"https:\/\/www.grieta.org.mx\/index.php\/wp-json\/wp\/v2\/types\/post"}],"author":[{"embeddable":true,"href":"https:\/\/www.grieta.org.mx\/index.php\/wp-json\/wp\/v2\/users\/2"}],"replies":[{"embeddable":true,"href":"https:\/\/www.grieta.org.mx\/index.php\/wp-json\/wp\/v2\/comments?post=56820"}],"version-history":[{"count":1,"href":"https:\/\/www.grieta.org.mx\/index.php\/wp-json\/wp\/v2\/posts\/56820\/revisions"}],"predecessor-version":[{"id":56822,"href":"https:\/\/www.grieta.org.mx\/index.php\/wp-json\/wp\/v2\/posts\/56820\/revisions\/56822"}],"wp:featuredmedia":[{"embeddable":true,"href":"https:\/\/www.grieta.org.mx\/index.php\/wp-json\/wp\/v2\/media\/56821"}],"wp:attachment":[{"href":"https:\/\/www.grieta.org.mx\/index.php\/wp-json\/wp\/v2\/media?parent=56820"}],"wp:term":[{"taxonomy":"category","embeddable":true,"href":"https:\/\/www.grieta.org.mx\/index.php\/wp-json\/wp\/v2\/categories?post=56820"},{"taxonomy":"post_tag","embeddable":true,"href":"https:\/\/www.grieta.org.mx\/index.php\/wp-json\/wp\/v2\/tags?post=56820"}],"curies":[{"name":"wp","href":"https:\/\/api.w.org\/{rel}","templated":true}]}}