{"id":56790,"date":"2021-02-07T18:40:52","date_gmt":"2021-02-08T00:40:52","guid":{"rendered":"http:\/\/www.grieta.org.mx\/?p=56790"},"modified":"2021-02-07T18:40:52","modified_gmt":"2021-02-08T00:40:52","slug":"investigacion-revela-la-deportacion-de-recien-nacidos-estadounidenses-a-mexico-sin-certificados-de-nacimiento","status":"publish","type":"post","link":"https:\/\/www.grieta.org.mx\/index.php\/2021\/02\/07\/investigacion-revela-la-deportacion-de-recien-nacidos-estadounidenses-a-mexico-sin-certificados-de-nacimiento\/","title":{"rendered":"Investigaci\u00f3n revela la deportaci\u00f3n de reci\u00e9n nacidos estadounidenses a M\u00e9xico sin certificados de nacimiento"},"content":{"rendered":"<p><strong>Al menos una decena de mujeres migrantes fueron expulsadas de EE.UU. pocos d\u00edas despu\u00e9s de dar a luz, seg\u00fan The Guardian y The Fuller Project.<\/strong><\/p>\n<figure id=\"attachment_56791\" aria-describedby=\"caption-attachment-56791\" style=\"width: 800px\" class=\"wp-caption alignnone\"><img loading=\"lazy\" decoding=\"async\" data-attachment-id=\"56791\" data-permalink=\"https:\/\/www.grieta.org.mx\/index.php\/2021\/02\/07\/investigacion-revela-la-deportacion-de-recien-nacidos-estadounidenses-a-mexico-sin-certificados-de-nacimiento\/rt601e9b40e9ff717599679d7d\/\" data-orig-file=\"https:\/\/www.grieta.org.mx\/wp-content\/uploads\/2021\/02\/RT601e9b40e9ff717599679d7d.jpg\" data-orig-size=\"1104,622\" data-comments-opened=\"0\" data-image-meta=\"{&quot;aperture&quot;:&quot;0&quot;,&quot;credit&quot;:&quot;&quot;,&quot;camera&quot;:&quot;&quot;,&quot;caption&quot;:&quot;&quot;,&quot;created_timestamp&quot;:&quot;0&quot;,&quot;copyright&quot;:&quot;&quot;,&quot;focal_length&quot;:&quot;0&quot;,&quot;iso&quot;:&quot;0&quot;,&quot;shutter_speed&quot;:&quot;0&quot;,&quot;title&quot;:&quot;&quot;,&quot;orientation&quot;:&quot;0&quot;}\" data-image-title=\"RT601e9b40e9ff717599679d7d\" data-image-description=\"\" data-image-caption=\"&lt;p&gt;Jose Luis Gonzalez \/ Reuters&lt;\/p&gt;\n\" data-medium-file=\"https:\/\/www.grieta.org.mx\/wp-content\/uploads\/2021\/02\/RT601e9b40e9ff717599679d7d-300x169.jpg\" data-large-file=\"https:\/\/www.grieta.org.mx\/wp-content\/uploads\/2021\/02\/RT601e9b40e9ff717599679d7d-1024x577.jpg\" class=\"wp-image-56791\" src=\"http:\/\/www.grieta.org.mx\/wp-content\/uploads\/2021\/02\/RT601e9b40e9ff717599679d7d-300x169.jpg\" alt=\"\" width=\"800\" height=\"451\" srcset=\"https:\/\/www.grieta.org.mx\/wp-content\/uploads\/2021\/02\/RT601e9b40e9ff717599679d7d-300x169.jpg 300w, https:\/\/www.grieta.org.mx\/wp-content\/uploads\/2021\/02\/RT601e9b40e9ff717599679d7d-1024x577.jpg 1024w, https:\/\/www.grieta.org.mx\/wp-content\/uploads\/2021\/02\/RT601e9b40e9ff717599679d7d-768x433.jpg 768w, https:\/\/www.grieta.org.mx\/wp-content\/uploads\/2021\/02\/RT601e9b40e9ff717599679d7d-887x500.jpg 887w, https:\/\/www.grieta.org.mx\/wp-content\/uploads\/2021\/02\/RT601e9b40e9ff717599679d7d.jpg 1104w\" sizes=\"auto, (max-width: 800px) 100vw, 800px\" \/><figcaption id=\"caption-attachment-56791\" class=\"wp-caption-text\">Jose Luis Gonzalez \/ Reuters<\/figcaption><\/figure>\n<p>Al menos una decena de beb\u00e9s nacidos en Estados Unidos han sido deportados a M\u00e9xico sin certificados de nacimiento que confirmen su ciudadan\u00eda, luego de que se aplicara a sus madres inmigrantes la legislaci\u00f3n fronteriza introducida la primavera pasada por la Administraci\u00f3n de Donald Trump, revel\u00f3 este viernes el diario brit\u00e1nico the Guardian.<\/p>\n<p>A finales de marzo, los Centros para el Control y la Prevenci\u00f3n de Enfermedades (CDC) de EE.UU. autorizaron \u2014con el pretexto de impedir la propagaci\u00f3n del coronavirus\u2014 a los trabajadores de Aduanas y Protecci\u00f3n Fronteriza a deportar de inmediato a las personas indocumentadas, incluidas las solicitantes de asilo, sin que medien procesos legales.<\/p>\n<p>Seg\u00fan una investigaci\u00f3n realizada en conjunto con el portal de noticias The Fuller Project, basada en m\u00faltiples conversaciones con abogados de inmigraci\u00f3n, registros hospitalarios y documentos legales, desde que la legislaci\u00f3n entrara en vigor, al menos 11 mujeres migrantescon beb\u00e9s reci\u00e9n nacidos han sido expulsadas a ciudades fronterizas mexicanas pocos d\u00edas despu\u00e9s de dar a luz en EE.UU.<\/p>\n<p>Una de ellas es H\u00e9l\u00e8ne, una haitiana de 23 a\u00f1os que estaba embarazada de nueve meses cuando lleg\u00f3 a EE.UU. en julio. La mujer se encontraba bajo la custodia de la Patrulla Fronteriza cuando rompi\u00f3 aguas y fue llevada a un hospital de California. Tres d\u00edas despu\u00e9s de dar a luz, la joven madre y su hija fueron dadas de alta e inmediatamente expulsadas a M\u00e9xico sin obtener el certificado de nacimiento.<\/p>\n<p>M\u00e1s de 380.000 expulsiones<br \/>\nExpertos entrevistados por los medios sospechan que el n\u00famero real de casos de este tipo podr\u00eda ser mucho mayor, dado que la gran mayor\u00eda de las llamadas deportaciones aceleradas bajo el T\u00edtulo 42 de los CDC se llevan a cabo fuera de la vista del p\u00fablico y sin la participaci\u00f3n de abogados<\/p>\n<p>La historia de H\u00e9l\u00e8ne es solo una de las casi 200.000 deportaciones realizadas bajo el T\u00edtulo 42 \u2014que la Administraci\u00f3n Trump aclamaba como &#8220;tremendamente eficaz&#8221;\u2014, registradas por la Oficina de Aduanas y Protecci\u00f3n Fronteriza (CBP) de Estados Unidos en el a\u00f1o fiscal 2020. Solo en los primeros tres meses del a\u00f1o fiscal 2021 (de octubre a diciembre de 2020), las expulsiones de este tipo han superado las 180.000.<\/p>\n<p>Se estima que unos 5.500 menores fueron separados de sus padres en la frontera durante la presidencia Trump, incluidos unos 600 ni\u00f1os que a\u00fan no han sido localizados.<\/p>\n<p>&#8220;Verg\u00fcenza moral y nacional&#8221;<br \/>\nEl actual presidente de EE.UU., Joe Biden, que se opone a la pol\u00edtica de &#8216;tolerancia cero&#8217; de su sucesor, ha firmado este martes 2 de febrero una orden ejecutiva, ordenando a los CDC y al Departamento de Seguridad Nacional que &#8220;revisen r\u00e1pidamente&#8221; el T\u00edtulo 42, entre otras controvertidas pol\u00edticas migratorias de Trump.<\/p>\n<p>&#8220;Vamos a trabajar para deshacer la verg\u00fcenza moral y nacional de la Administraci\u00f3n anterior&#8221;, se\u00f1al\u00f3 Biden durante la ceremonia de firma.<\/p>\n<p>Sin embargo, los expertos entrevistados por The Guardian afirman sentirse &#8220;frustrados&#8221; de que Biden y su mano derecha, la vicepresidenta Kamala Harris, a\u00fan no hayan tomado medidas m\u00e1s decisivas y r\u00e1pidas.<\/p>\n<p><a href=\"https:\/\/actualidad.rt.com\/actualidad\/382713-investigacion-revela-expulsion-recien-nacidos-eeuu\" target=\"_blank\" rel=\"noopener\">https:\/\/actualidad.rt.com\/actualidad\/382713-investigacion-revela-expulsion-recien-nacidos-eeuu<\/a><\/p>\n","protected":false},"excerpt":{"rendered":"<p>Al menos una decena de mujeres migrantes fueron expulsadas de EE.UU. pocos d\u00edas despu\u00e9s de dar a luz, seg\u00fan The Guardian y The Fuller Project. Al menos una decena de &hellip; <a href=\"https:\/\/www.grieta.org.mx\/index.php\/2021\/02\/07\/investigacion-revela-la-deportacion-de-recien-nacidos-estadounidenses-a-mexico-sin-certificados-de-nacimiento\/\" class=\"more-link\">Leer m\u00e1s<\/a><\/p>\n","protected":false},"author":2,"featured_media":56791,"comment_status":"closed","ping_status":"closed","sticky":false,"template":"","format":"standard","meta":{"ngg_post_thumbnail":0,"_jetpack_newsletter_access":"","_jetpack_dont_email_post_to_subs":false,"_jetpack_newsletter_tier_id":0,"_jetpack_memberships_contains_paywalled_content":false,"_jetpack_memberships_contains_paid_content":false,"footnotes":""},"categories":[80,86,83],"tags":[3460,158,3812,3813],"class_list":["post-56790","post","type-post","status-publish","format-standard","has-post-thumbnail","hentry","category-cintillo","category-migrantes","category-temas-nacionales","tag-deportaciones","tag-migrantes","tag-recien-nacidos","tag-titulo-42","entry"],"jetpack_featured_media_url":"https:\/\/www.grieta.org.mx\/wp-content\/uploads\/2021\/02\/RT601e9b40e9ff717599679d7d.jpg","jetpack_sharing_enabled":true,"jetpack_shortlink":"https:\/\/wp.me\/p7ZJR4-eLY","jetpack_likes_enabled":false,"jetpack-related-posts":[{"id":39190,"url":"https:\/\/www.grieta.org.mx\/index.php\/2019\/09\/13\/nueva-ola-de-desesperacion-entre-migrantes-en-frontera-mexicana\/","url_meta":{"origin":56790,"position":0},"title":"Nueva ola de desesperaci\u00f3n entre migrantes en frontera mexicana","author":"grieta","date":"13 septiembre, 2019","format":false,"excerpt":"HISPANTV Debido al nuevo fallo de la Corte Suprema de EE.UU., decenas de miles de migrantes sienten desesperados en la frontera con M\u00e9xico. La nueva ola de desesperaci\u00f3n se extiende entre decenas de miles de migrantes que esperaban en la frontera mexicana para buscar refugio en EE.UU. despu\u00e9s de las\u2026","rel":"","context":"En &quot;CINTILLO&quot;","block_context":{"text":"CINTILLO","link":"https:\/\/www.grieta.org.mx\/index.php\/category\/cintillo\/"},"img":{"alt_text":"","src":"https:\/\/i0.wp.com\/www.grieta.org.mx\/wp-content\/uploads\/2019\/09\/migrantes-varados.jpg?resize=350%2C200&ssl=1","width":350,"height":200,"srcset":"https:\/\/i0.wp.com\/www.grieta.org.mx\/wp-content\/uploads\/2019\/09\/migrantes-varados.jpg?resize=350%2C200&ssl=1 1x, https:\/\/i0.wp.com\/www.grieta.org.mx\/wp-content\/uploads\/2019\/09\/migrantes-varados.jpg?resize=525%2C300&ssl=1 1.5x, https:\/\/i0.wp.com\/www.grieta.org.mx\/wp-content\/uploads\/2019\/09\/migrantes-varados.jpg?resize=700%2C400&ssl=1 2x, https:\/\/i0.wp.com\/www.grieta.org.mx\/wp-content\/uploads\/2019\/09\/migrantes-varados.jpg?resize=1050%2C600&ssl=1 3x"},"classes":[]},{"id":39328,"url":"https:\/\/www.grieta.org.mx\/index.php\/2019\/09\/19\/trump-dice-que-mexico-ha-sido-fantastico-mientras-supervisa-el-muro-fronterizo-en-san-diego\/","url_meta":{"origin":56790,"position":1},"title":"Trump dice que &#8220;M\u00e9xico ha sido fant\u00e1stico&#8221;, mientras supervisa el muro fronterizo en San Diego","author":"grieta","date":"19 septiembre, 2019","format":false,"excerpt":"Al revisar avances de la construcci\u00f3n de la obra, el presidente estadounidense plasm\u00f3 su firma sobre la barrera. Tom Brenner \/REUTERS\/RT El presidente de EE.UU., Donald Trump, visit\u00f3 este mi\u00e9rcoles una secci\u00f3n del muro fronterizo en Otay Mesa, en San Diego, California, donde revis\u00f3 los avances de la construcci\u00f3n de\u2026","rel":"","context":"En &quot;CINTILLO&quot;","block_context":{"text":"CINTILLO","link":"https:\/\/www.grieta.org.mx\/index.php\/category\/cintillo\/"},"img":{"alt_text":"","src":"https:\/\/i0.wp.com\/www.grieta.org.mx\/wp-content\/uploads\/2019\/09\/5d82c82659bf5b0e1b2cce84.jpg?resize=350%2C200&ssl=1","width":350,"height":200,"srcset":"https:\/\/i0.wp.com\/www.grieta.org.mx\/wp-content\/uploads\/2019\/09\/5d82c82659bf5b0e1b2cce84.jpg?resize=350%2C200&ssl=1 1x, https:\/\/i0.wp.com\/www.grieta.org.mx\/wp-content\/uploads\/2019\/09\/5d82c82659bf5b0e1b2cce84.jpg?resize=525%2C300&ssl=1 1.5x, https:\/\/i0.wp.com\/www.grieta.org.mx\/wp-content\/uploads\/2019\/09\/5d82c82659bf5b0e1b2cce84.jpg?resize=700%2C400&ssl=1 2x"},"classes":[]},{"id":37058,"url":"https:\/\/www.grieta.org.mx\/index.php\/2019\/07\/25\/cidh-arremete-contra-eeuu-y-mexico-por-sus-politicas-migratorias\/","url_meta":{"origin":56790,"position":2},"title":"CIDH arremete contra EEUU y M\u00e9xico por sus pol\u00edticas migratorias","author":"grieta","date":"25 julio, 2019","format":false,"excerpt":"HISPANTV La Comisi\u00f3n Interamericana de Derechos Humanos (CIDH) critica las pol\u00edticas migratorias de Estados Unidos y M\u00e9xico por violar los derechos humanos. A trav\u00e9s de un comunicado, publicado el martes, la CIDH destac\u00f3 que las pol\u00edticas migratorias adoptadas por Estados Unidos y M\u00e9xico \u201cson contrarias a obligaciones en materia de\u2026","rel":"","context":"En &quot;CINTILLO&quot;","block_context":{"text":"CINTILLO","link":"https:\/\/www.grieta.org.mx\/index.php\/category\/cintillo\/"},"img":{"alt_text":"","src":"https:\/\/i0.wp.com\/www.grieta.org.mx\/wp-content\/uploads\/2019\/07\/01411208_xl.jpg?resize=350%2C200&ssl=1","width":350,"height":200,"srcset":"https:\/\/i0.wp.com\/www.grieta.org.mx\/wp-content\/uploads\/2019\/07\/01411208_xl.jpg?resize=350%2C200&ssl=1 1x, https:\/\/i0.wp.com\/www.grieta.org.mx\/wp-content\/uploads\/2019\/07\/01411208_xl.jpg?resize=525%2C300&ssl=1 1.5x, https:\/\/i0.wp.com\/www.grieta.org.mx\/wp-content\/uploads\/2019\/07\/01411208_xl.jpg?resize=700%2C400&ssl=1 2x"},"classes":[]},{"id":60676,"url":"https:\/\/www.grieta.org.mx\/index.php\/2021\/07\/18\/se-los-traga-la-tierra-desaparecen-menores-migrantes-al-cruzar-slp\/","url_meta":{"origin":56790,"position":3},"title":"Se los traga la tierra, desaparecen menores migrantes al cruzar SLP","author":"grieta","date":"18 julio, 2021","format":false,"excerpt":"Juan Hern\u00e1ndez\/Quadrat\u00edn San Luis Potos\u00ed 18 julio 2021 Al menos 10 menores de entre 12 y 17 a\u00f1os, nacidos en Honduras y El Salvador, han desaparecido en su paso por San Luis Potos\u00ed en el transcurso de este a\u00f1o. La Fiscal\u00eda Especializada en Derechos Humanos mantiene activas las fichas de\u2026","rel":"","context":"En &quot;CINTILLO&quot;","block_context":{"text":"CINTILLO","link":"https:\/\/www.grieta.org.mx\/index.php\/category\/cintillo\/"},"img":{"alt_text":"","src":"https:\/\/i0.wp.com\/www.grieta.org.mx\/wp-content\/uploads\/2021\/07\/ninos-mig.jpeg?resize=350%2C200&ssl=1","width":350,"height":200,"srcset":"https:\/\/i0.wp.com\/www.grieta.org.mx\/wp-content\/uploads\/2021\/07\/ninos-mig.jpeg?resize=350%2C200&ssl=1 1x, https:\/\/i0.wp.com\/www.grieta.org.mx\/wp-content\/uploads\/2021\/07\/ninos-mig.jpeg?resize=525%2C300&ssl=1 1.5x, https:\/\/i0.wp.com\/www.grieta.org.mx\/wp-content\/uploads\/2021\/07\/ninos-mig.jpeg?resize=700%2C400&ssl=1 2x, https:\/\/i0.wp.com\/www.grieta.org.mx\/wp-content\/uploads\/2021\/07\/ninos-mig.jpeg?resize=1050%2C600&ssl=1 3x"},"classes":[]},{"id":67575,"url":"https:\/\/www.grieta.org.mx\/index.php\/2023\/08\/21\/crece-en-redes-sociales-discriminacion-y-xenofobia-contra-migrantes-que-cruzan-el-territorio-istmeno-no-hay-programa-local-de-atencion-oaxaca\/","url_meta":{"origin":56790,"position":4},"title":"Crece en redes sociales discriminaci\u00f3n y xenofobia contra migrantes que cruzan el territorio istme\u00f1o; no hay programa local de atenci\u00f3n (Oaxaca)","author":"grieta","date":"21 agosto, 2023","format":false,"excerpt":"Imagen: P\u00e1gina3 Crece en redes sociales la discriminaci\u00f3n y la xenofobia hacia migrantes que cruzan por territorio istme\u00f1o. Diana Manzo \/ P\u00e1gina3 Juchit\u00e1n, Oax. (p\u00e1gina3.mx).- Desde frases despectivas como \u201capestan mucho, huelen mal, son cochinos\u201d y un sinf\u00edn de calificativos as\u00ed como hacerlos responsables de una \u201cuna nueva epidemia\u201d debido\u2026","rel":"","context":"En &quot;CINTILLO&quot;","block_context":{"text":"CINTILLO","link":"https:\/\/www.grieta.org.mx\/index.php\/category\/cintillo\/"},"img":{"alt_text":"","src":"https:\/\/i0.wp.com\/www.grieta.org.mx\/wp-content\/uploads\/2023\/08\/migrantes.webp?resize=350%2C200&ssl=1","width":350,"height":200,"srcset":"https:\/\/i0.wp.com\/www.grieta.org.mx\/wp-content\/uploads\/2023\/08\/migrantes.webp?resize=350%2C200&ssl=1 1x, https:\/\/i0.wp.com\/www.grieta.org.mx\/wp-content\/uploads\/2023\/08\/migrantes.webp?resize=525%2C300&ssl=1 1.5x"},"classes":[]},{"id":36886,"url":"https:\/\/www.grieta.org.mx\/index.php\/2019\/07\/22\/estas-son-las-cuentas-migratorias-que-mexico-le-entrega-a-la-administracion-trump\/","url_meta":{"origin":56790,"position":5},"title":"Estas son las &#8216;cuentas migratorias&#8217; que M\u00e9xico le entrega a la Administraci\u00f3n Trump","author":"grieta","date":"22 julio, 2019","format":false,"excerpt":"Se cumplen los 45 d\u00edas para la primera evaluaci\u00f3n a la estrategia migratoria implementada por la naci\u00f3n latinoamericana, a fin de contener el amago de la imposici\u00f3n de aranceles a todos sus productos en territorio estadounidense. Jos\u00e9 Luis Gonz\u00e1lez \/ REUTERS\/ RT Este 22 de julio se cumpli\u00f3 el plazo\u2026","rel":"","context":"En &quot;CINTILLO&quot;","block_context":{"text":"CINTILLO","link":"https:\/\/www.grieta.org.mx\/index.php\/category\/cintillo\/"},"img":{"alt_text":"","src":"https:\/\/i0.wp.com\/www.grieta.org.mx\/wp-content\/uploads\/2019\/07\/5d2cbb65e9180f722e8b4567.jpg?resize=350%2C200&ssl=1","width":350,"height":200,"srcset":"https:\/\/i0.wp.com\/www.grieta.org.mx\/wp-content\/uploads\/2019\/07\/5d2cbb65e9180f722e8b4567.jpg?resize=350%2C200&ssl=1 1x, https:\/\/i0.wp.com\/www.grieta.org.mx\/wp-content\/uploads\/2019\/07\/5d2cbb65e9180f722e8b4567.jpg?resize=525%2C300&ssl=1 1.5x, https:\/\/i0.wp.com\/www.grieta.org.mx\/wp-content\/uploads\/2019\/07\/5d2cbb65e9180f722e8b4567.jpg?resize=700%2C400&ssl=1 2x"},"classes":[]}],"_links":{"self":[{"href":"https:\/\/www.grieta.org.mx\/index.php\/wp-json\/wp\/v2\/posts\/56790","targetHints":{"allow":["GET"]}}],"collection":[{"href":"https:\/\/www.grieta.org.mx\/index.php\/wp-json\/wp\/v2\/posts"}],"about":[{"href":"https:\/\/www.grieta.org.mx\/index.php\/wp-json\/wp\/v2\/types\/post"}],"author":[{"embeddable":true,"href":"https:\/\/www.grieta.org.mx\/index.php\/wp-json\/wp\/v2\/users\/2"}],"replies":[{"embeddable":true,"href":"https:\/\/www.grieta.org.mx\/index.php\/wp-json\/wp\/v2\/comments?post=56790"}],"version-history":[{"count":1,"href":"https:\/\/www.grieta.org.mx\/index.php\/wp-json\/wp\/v2\/posts\/56790\/revisions"}],"predecessor-version":[{"id":56792,"href":"https:\/\/www.grieta.org.mx\/index.php\/wp-json\/wp\/v2\/posts\/56790\/revisions\/56792"}],"wp:featuredmedia":[{"embeddable":true,"href":"https:\/\/www.grieta.org.mx\/index.php\/wp-json\/wp\/v2\/media\/56791"}],"wp:attachment":[{"href":"https:\/\/www.grieta.org.mx\/index.php\/wp-json\/wp\/v2\/media?parent=56790"}],"wp:term":[{"taxonomy":"category","embeddable":true,"href":"https:\/\/www.grieta.org.mx\/index.php\/wp-json\/wp\/v2\/categories?post=56790"},{"taxonomy":"post_tag","embeddable":true,"href":"https:\/\/www.grieta.org.mx\/index.php\/wp-json\/wp\/v2\/tags?post=56790"}],"curies":[{"name":"wp","href":"https:\/\/api.w.org\/{rel}","templated":true}]}}