{"id":56784,"date":"2021-02-01T18:15:37","date_gmt":"2021-02-02T00:15:37","guid":{"rendered":"http:\/\/www.grieta.org.mx\/?p=56784"},"modified":"2021-02-07T18:21:23","modified_gmt":"2021-02-08T00:21:23","slug":"operativos-del-ejercito-regresan-a-la-zona-metropolitana-de-nuevo-leon","status":"publish","type":"post","link":"https:\/\/www.grieta.org.mx\/index.php\/2021\/02\/01\/operativos-del-ejercito-regresan-a-la-zona-metropolitana-de-nuevo-leon\/","title":{"rendered":"Operativos del Ej\u00e9rcito regresan a la zona metropolitana de Nuevo Le\u00f3n"},"content":{"rendered":"<p><strong class=\"bajada\">Nuevo Le\u00f3n ha sufrido eventos violentos en los \u00faltimos a\u00f1os. De acuerdo con estad\u00edsticas de la Fiscal\u00eda de Justicia estatal, en 2017 se registraron 656 homicidios dolosos y para 2020 la cifra subi\u00f3 a 914.<\/strong><\/p>\n<figure id=\"attachment_56785\" aria-describedby=\"caption-attachment-56785\" style=\"width: 800px\" class=\"wp-caption alignnone\"><img loading=\"lazy\" decoding=\"async\" data-attachment-id=\"56785\" data-permalink=\"https:\/\/www.grieta.org.mx\/index.php\/2021\/02\/01\/operativos-del-ejercito-regresan-a-la-zona-metropolitana-de-nuevo-leon\/helicopf800x450-129435_180881_5050\/\" data-orig-file=\"https:\/\/www.grieta.org.mx\/wp-content\/uploads\/2021\/02\/helicopf800x450-129435_180881_5050.jpg\" data-orig-size=\"800,450\" data-comments-opened=\"0\" data-image-meta=\"{&quot;aperture&quot;:&quot;0&quot;,&quot;credit&quot;:&quot;&quot;,&quot;camera&quot;:&quot;&quot;,&quot;caption&quot;:&quot;&quot;,&quot;created_timestamp&quot;:&quot;0&quot;,&quot;copyright&quot;:&quot;&quot;,&quot;focal_length&quot;:&quot;0&quot;,&quot;iso&quot;:&quot;0&quot;,&quot;shutter_speed&quot;:&quot;0&quot;,&quot;title&quot;:&quot;&quot;,&quot;orientation&quot;:&quot;0&quot;}\" data-image-title=\"helicopf800x450-129435_180881_5050\" data-image-description=\"\" data-image-caption=\"&lt;p&gt;Nacional. Un helic\u00f3ptero del Ej\u00e9rcito. Foto: Miguel Dimayuga&lt;\/p&gt;\n\" data-medium-file=\"https:\/\/www.grieta.org.mx\/wp-content\/uploads\/2021\/02\/helicopf800x450-129435_180881_5050-300x169.jpg\" data-large-file=\"https:\/\/www.grieta.org.mx\/wp-content\/uploads\/2021\/02\/helicopf800x450-129435_180881_5050.jpg\" class=\"wp-image-56785\" src=\"http:\/\/www.grieta.org.mx\/wp-content\/uploads\/2021\/02\/helicopf800x450-129435_180881_5050-300x169.jpg\" alt=\"\" width=\"800\" height=\"450\" srcset=\"https:\/\/www.grieta.org.mx\/wp-content\/uploads\/2021\/02\/helicopf800x450-129435_180881_5050-300x169.jpg 300w, https:\/\/www.grieta.org.mx\/wp-content\/uploads\/2021\/02\/helicopf800x450-129435_180881_5050-768x432.jpg 768w, https:\/\/www.grieta.org.mx\/wp-content\/uploads\/2021\/02\/helicopf800x450-129435_180881_5050.jpg 800w\" sizes=\"auto, (max-width: 800px) 100vw, 800px\" \/><figcaption id=\"caption-attachment-56785\" class=\"wp-caption-text\">Nacional. Un helic\u00f3ptero del Ej\u00e9rcito. Foto: Miguel Dimayuga<\/figcaption><\/figure>\n<p>Luciano Campos Garza\/ PROCESO<\/p>\n<p>&nbsp;<\/p>\n<p>MONTERREY, N.L. (apro).- La Secretar\u00eda de la Defensa Nacional (Sedena) anunci\u00f3 que a partir de este martes 2 emprender\u00e1 acciones en la zona conurbada del estado para disminuir los \u00edndices de violencia, con delitos de alto impacto.<\/p>\n<p>El llamado Operativo Metropolitano se efectuar\u00e1 con efectivos de las Comandancias de la IV Regi\u00f3n y la S\u00e9ptima Zona Militar, con respaldo de autoridades federales, estatales y municipales, precis\u00f3 la Sedena en un comunicado dirigido a la opini\u00f3n p\u00fablica.<\/p>\n<aside><\/aside>\n<aside><\/aside>\n<p>Esta acci\u00f3n se realizar\u00e1 \u201cen los municipios con mayor \u00edndice delictivo, con el fin de reducir los \u00edndices de violencia, el trasiego de enervantes, armamento, numerario o hidrocarburos il\u00edcitos; garantizando un ambiente de paz y armon\u00eda\u201d, puntualiz\u00f3.<\/p>\n<aside><\/aside>\n<p>Con estas acciones, a\u00f1adi\u00f3, la Sedena \u201creafirma el esfuerzo en conjunto de los gobiernos federal, estatal, municipal y sus Fuerzas Armadas para alcanzar un M\u00e9xico en paz. Asimismo, refrenda el compromiso institucional, patentizando el inter\u00e9s en fortalecer las actividades que mejoren y coadyuven el apoyo a las autoridades responsables de las funciones en materia de seguridad p\u00fablica en el Estado de Nuevo Le\u00f3n\u201d.<\/p>\n<aside><\/aside>\n<p>Nuevo Le\u00f3n ha sufrido eventos violentos en los \u00faltimos a\u00f1os. De acuerdo con estad\u00edsticas de la Fiscal\u00eda de Justicia estatal, en 2017 se registraron 656 homicidios dolosos y para 2020 la cifra subi\u00f3 a 914.<\/p>\n<p>El pasado 22 de enero fueron hallados en Camargo, Tamaulipas, en sus l\u00edmites con Nuevo Le\u00f3n, los cad\u00e1veres de 19 personas, al parecer migrantes, quienes fueron calcinados.<\/p>\n<p>Los operativos del Ej\u00e9rcito en la zona conurbada se establecieron a partir de 2006, en el inicio de la crisis de inseguridad, cuando m\u00faltiples c\u00e1rteles de la droga se disputaban el control de la entidad, con acciones violentas en espacios p\u00fablicos.<\/p>\n<p><a href=\"https:\/\/www.proceso.com.mx\/nacional\/estados\/2021\/2\/1\/operativos-del-ejercito-regresan-la-zona-metropolitana-de-nuevo-leon-257435.html\" target=\"_blank\" rel=\"noopener\">https:\/\/www.proceso.com.mx\/nacional\/estados\/2021\/2\/1\/operativos-del-ejercito-regresan-la-zona-metropolitana-de-nuevo-leon-257435.html<\/a><\/p>\n","protected":false},"excerpt":{"rendered":"<p>Nuevo Le\u00f3n ha sufrido eventos violentos en los \u00faltimos a\u00f1os. De acuerdo con estad\u00edsticas de la Fiscal\u00eda de Justicia estatal, en 2017 se registraron 656 homicidios dolosos y para 2020 &hellip; <a href=\"https:\/\/www.grieta.org.mx\/index.php\/2021\/02\/01\/operativos-del-ejercito-regresan-a-la-zona-metropolitana-de-nuevo-leon\/\" class=\"more-link\">Leer m\u00e1s<\/a><\/p>\n","protected":false},"author":2,"featured_media":56785,"comment_status":"closed","ping_status":"closed","sticky":false,"template":"","format":"standard","meta":{"ngg_post_thumbnail":0,"_jetpack_newsletter_access":"","_jetpack_dont_email_post_to_subs":false,"_jetpack_newsletter_tier_id":0,"_jetpack_memberships_contains_paywalled_content":false,"_jetpack_memberships_contains_paid_content":false,"footnotes":""},"categories":[80,2196,2,24],"tags":[614],"class_list":["post-56784","post","type-post","status-publish","format-standard","has-post-thumbnail","hentry","category-cintillo","category-militarizacion-en-nuevo-leon","category-noticias-nacionales","category-nuevo-leon","tag-militarizacion","entry"],"jetpack_featured_media_url":"https:\/\/www.grieta.org.mx\/wp-content\/uploads\/2021\/02\/helicopf800x450-129435_180881_5050.jpg","jetpack_sharing_enabled":true,"jetpack_shortlink":"https:\/\/wp.me\/p7ZJR4-eLS","jetpack_likes_enabled":false,"jetpack-related-posts":[{"id":34665,"url":"https:\/\/www.grieta.org.mx\/index.php\/2019\/06\/07\/iniciara-guardia-nacional-en-4-regiones-de-nl-nuevo-leon\/","url_meta":{"origin":56784,"position":0},"title":"Iniciar\u00e1 Guardia Nacional en 4 regiones de NL (Nuevo Le\u00f3n)","author":"grieta","date":"7 junio, 2019","format":false,"excerpt":"V\u00edctor Antonio Gonz\u00e1lez \/ abcnoticias Cada regi\u00f3n ser\u00e1 resguardada entre 300 y 600 elementos, informaron autoridades federales Monterrey.- La Guardia Nacional arrancar\u00e1 en Nuevo Le\u00f3n en cuatro regiones de Nuevo Le\u00f3n, de las siete fracciones que se prev\u00e9n sea dividido el Estado, inform\u00f3 el Secretario de Seguridad y Protecci\u00f3n Ciudadana,\u2026","rel":"","context":"En &quot;CINTILLO&quot;","block_context":{"text":"CINTILLO","link":"https:\/\/www.grieta.org.mx\/index.php\/category\/cintillo\/"},"img":{"alt_text":"","src":"https:\/\/i0.wp.com\/www.grieta.org.mx\/wp-content\/uploads\/2019\/06\/Iniciar%C3%A1-Guardia-Nacional-en-4-regiones-de-NL-jun.jpeg?resize=350%2C200&ssl=1","width":350,"height":200,"srcset":"https:\/\/i0.wp.com\/www.grieta.org.mx\/wp-content\/uploads\/2019\/06\/Iniciar%C3%A1-Guardia-Nacional-en-4-regiones-de-NL-jun.jpeg?resize=350%2C200&ssl=1 1x, https:\/\/i0.wp.com\/www.grieta.org.mx\/wp-content\/uploads\/2019\/06\/Iniciar%C3%A1-Guardia-Nacional-en-4-regiones-de-NL-jun.jpeg?resize=525%2C300&ssl=1 1.5x, https:\/\/i0.wp.com\/www.grieta.org.mx\/wp-content\/uploads\/2019\/06\/Iniciar%C3%A1-Guardia-Nacional-en-4-regiones-de-NL-jun.jpeg?resize=700%2C400&ssl=1 2x"},"classes":[]},{"id":34668,"url":"https:\/\/www.grieta.org.mx\/index.php\/2019\/06\/10\/llegarian-a-nl-mil-800-elementos-de-la-guardia-nacional-nuevo-leon\/","url_meta":{"origin":56784,"position":1},"title":"Llegar\u00edan A NL Mil 800 Elementos De La Guardia Nacional (Nuevo Le\u00f3n)","author":"grieta","date":"10 junio, 2019","format":false,"excerpt":"Miled Nuevo Le\u00f3n Tras el anuncio que hizo el secretario de Seguridad y Protecci\u00f3n Ciudadana del Gobierno Federal, Alfonso Durazo Monta\u00f1o, en cuanto a la llegada de al menos mil 200 elementos de la Guardia Nacional, Aldo Fasci Zuazua, secretario de Seguridad del Estado, adelant\u00f3 que llegar\u00edan m\u00e1s efectivos de\u2026","rel":"","context":"En &quot;CINTILLO&quot;","block_context":{"text":"CINTILLO","link":"https:\/\/www.grieta.org.mx\/index.php\/category\/cintillo\/"},"img":{"alt_text":"","src":"https:\/\/i0.wp.com\/www.grieta.org.mx\/wp-content\/uploads\/2019\/06\/Llegar%C3%ADan-A-NL-Mil-800-Elementos-De-La-Guardia-Nacional-nl-jun.jpg?resize=350%2C200&ssl=1","width":350,"height":200,"srcset":"https:\/\/i0.wp.com\/www.grieta.org.mx\/wp-content\/uploads\/2019\/06\/Llegar%C3%ADan-A-NL-Mil-800-Elementos-De-La-Guardia-Nacional-nl-jun.jpg?resize=350%2C200&ssl=1 1x, https:\/\/i0.wp.com\/www.grieta.org.mx\/wp-content\/uploads\/2019\/06\/Llegar%C3%ADan-A-NL-Mil-800-Elementos-De-La-Guardia-Nacional-nl-jun.jpg?resize=525%2C300&ssl=1 1.5x, https:\/\/i0.wp.com\/www.grieta.org.mx\/wp-content\/uploads\/2019\/06\/Llegar%C3%ADan-A-NL-Mil-800-Elementos-De-La-Guardia-Nacional-nl-jun.jpg?resize=700%2C400&ssl=1 2x"},"classes":[]},{"id":29727,"url":"https:\/\/www.grieta.org.mx\/index.php\/2019\/02\/27\/ante-ola-de-violencia-regresan-patrullajes-de-militares-a-san-pedro-nuevo-leon\/","url_meta":{"origin":56784,"position":2},"title":"Ante ola de violencia, regresan patrullajes de militares a San Pedro, Nuevo Le\u00f3n","author":"grieta","date":"27 febrero, 2019","format":false,"excerpt":"Vanguardia Los militares permanecer\u00e1n en el municipio de San Pedro brindando apoyo en patrullajes y labores de inteligencia Monterrey, Nuevo Le\u00f3n.- En medio de la ola de violencia que vive el municipio de San Pedro,\u00a0este martes regresaron los patrullajes militares a ese municipio. A trav\u00e9s de un convenio de colaboraci\u00f3n\u2026","rel":"","context":"En &quot;CINTILLO&quot;","block_context":{"text":"CINTILLO","link":"https:\/\/www.grieta.org.mx\/index.php\/category\/cintillo\/"},"img":{"alt_text":"","src":"https:\/\/i0.wp.com\/www.grieta.org.mx\/wp-content\/uploads\/2019\/02\/Ante-ola-de-violencia-regresan-patrullajes-de-militares-a-San-Pedro-Nuevo-Le%C3%B3n-nl-feb.jpg?resize=350%2C200&ssl=1","width":350,"height":200,"srcset":"https:\/\/i0.wp.com\/www.grieta.org.mx\/wp-content\/uploads\/2019\/02\/Ante-ola-de-violencia-regresan-patrullajes-de-militares-a-San-Pedro-Nuevo-Le%C3%B3n-nl-feb.jpg?resize=350%2C200&ssl=1 1x, https:\/\/i0.wp.com\/www.grieta.org.mx\/wp-content\/uploads\/2019\/02\/Ante-ola-de-violencia-regresan-patrullajes-de-militares-a-San-Pedro-Nuevo-Le%C3%B3n-nl-feb.jpg?resize=525%2C300&ssl=1 1.5x, https:\/\/i0.wp.com\/www.grieta.org.mx\/wp-content\/uploads\/2019\/02\/Ante-ola-de-violencia-regresan-patrullajes-de-militares-a-San-Pedro-Nuevo-Le%C3%B3n-nl-feb.jpg?resize=700%2C400&ssl=1 2x"},"classes":[]},{"id":32434,"url":"https:\/\/www.grieta.org.mx\/index.php\/2019\/04\/19\/estados-replicaran-preparatoria-militarizada-de-nl-nuevo-leon\/","url_meta":{"origin":56784,"position":3},"title":"Estados replicar\u00e1n preparatoria militarizada de NL (Nuevo Le\u00f3n)","author":"grieta","date":"19 abril, 2019","format":false,"excerpt":"Eduardo Mendieta \/ Milenio Los bachilleres, implementados por la actual administraci\u00f3n desde el 2017, tienen como finalidad contribuir en la formaci\u00f3n de j\u00f3venes a trav\u00e9s de la disciplina y el ejercicio militarizado, para el desarrollo de los valores. Estados como Puebla y Guanajuato, buscan replicar el modelo de la preparatoria\u2026","rel":"","context":"En &quot;CINTILLO&quot;","block_context":{"text":"CINTILLO","link":"https:\/\/www.grieta.org.mx\/index.php\/category\/cintillo\/"},"img":{"alt_text":"","src":"https:\/\/i0.wp.com\/www.grieta.org.mx\/wp-content\/uploads\/2019\/04\/Estados-replicar%C3%A1n-preparatoria-militarizada-de-NL-abr.jpg?resize=350%2C200&ssl=1","width":350,"height":200,"srcset":"https:\/\/i0.wp.com\/www.grieta.org.mx\/wp-content\/uploads\/2019\/04\/Estados-replicar%C3%A1n-preparatoria-militarizada-de-NL-abr.jpg?resize=350%2C200&ssl=1 1x, https:\/\/i0.wp.com\/www.grieta.org.mx\/wp-content\/uploads\/2019\/04\/Estados-replicar%C3%A1n-preparatoria-militarizada-de-NL-abr.jpg?resize=525%2C300&ssl=1 1.5x, https:\/\/i0.wp.com\/www.grieta.org.mx\/wp-content\/uploads\/2019\/04\/Estados-replicar%C3%A1n-preparatoria-militarizada-de-NL-abr.jpg?resize=700%2C400&ssl=1 2x"},"classes":[]},{"id":32429,"url":"https:\/\/www.grieta.org.mx\/index.php\/2019\/04\/20\/guardia-nacional-tendria-base-en-monterrey-nuevo-leon\/","url_meta":{"origin":56784,"position":4},"title":"Guardia Nacional tendr\u00eda base en Monterrey (Nuevo Le\u00f3n)","author":"grieta","date":"20 abril, 2019","format":false,"excerpt":"Orlando Maldonado \/ Milenio La primera Base de Operaciones de la reci\u00e9n creada Guardia Nacional tendr\u00eda su sede en el municipio de Monterrey, seg\u00fan inform\u00f3 Cristina D\u00edaz Salazar, alcaldesa de Guadalupe. A decir de la presidenta municipal, esa es la \u00fanica informaci\u00f3n que les han dado a conocer por parte\u2026","rel":"","context":"En &quot;CINTILLO&quot;","block_context":{"text":"CINTILLO","link":"https:\/\/www.grieta.org.mx\/index.php\/category\/cintillo\/"},"img":{"alt_text":"","src":"https:\/\/i0.wp.com\/www.grieta.org.mx\/wp-content\/uploads\/2018\/03\/14524434_1106112876131411_958039263622046936_o.jpg?resize=350%2C200&ssl=1","width":350,"height":200,"srcset":"https:\/\/i0.wp.com\/www.grieta.org.mx\/wp-content\/uploads\/2018\/03\/14524434_1106112876131411_958039263622046936_o.jpg?resize=350%2C200&ssl=1 1x, https:\/\/i0.wp.com\/www.grieta.org.mx\/wp-content\/uploads\/2018\/03\/14524434_1106112876131411_958039263622046936_o.jpg?resize=525%2C300&ssl=1 1.5x, https:\/\/i0.wp.com\/www.grieta.org.mx\/wp-content\/uploads\/2018\/03\/14524434_1106112876131411_958039263622046936_o.jpg?resize=700%2C400&ssl=1 2x"},"classes":[]},{"id":43786,"url":"https:\/\/www.grieta.org.mx\/index.php\/2020\/01\/24\/militarizacion-de-la-vida-publica-en-mexico\/","url_meta":{"origin":56784,"position":5},"title":"Militarizaci\u00f3n de la vida p\u00fablica en M\u00e9xico","author":"grieta","date":"24 enero, 2020","format":false,"excerpt":"Foto: Daniel C\u00e1rdenas Jes\u00fas Gonz\u00e1lez Ram\u00edrez \/ Zona Docs No existe ning\u00fan efecto positivo de la militarizaci\u00f3n apoyada por los gobiernos de Felipe Calder\u00f3n, Enrique Pe\u00f1a Nieto y Andr\u00e9s Manuel L\u00f3pez Obrador, ni en la estrategia de enfrentamientos frontales de los dos primeros ni en la de no enfrentamientos del\u2026","rel":"","context":"En &quot;CINTILLO&quot;","block_context":{"text":"CINTILLO","link":"https:\/\/www.grieta.org.mx\/index.php\/category\/cintillo\/"},"img":{"alt_text":"","src":"https:\/\/i0.wp.com\/www.grieta.org.mx\/wp-content\/uploads\/2020\/02\/ejercito-mexicano-en-la-cuarta-transformacion-de-amlo-high.jpg?resize=350%2C200&ssl=1","width":350,"height":200,"srcset":"https:\/\/i0.wp.com\/www.grieta.org.mx\/wp-content\/uploads\/2020\/02\/ejercito-mexicano-en-la-cuarta-transformacion-de-amlo-high.jpg?resize=350%2C200&ssl=1 1x, https:\/\/i0.wp.com\/www.grieta.org.mx\/wp-content\/uploads\/2020\/02\/ejercito-mexicano-en-la-cuarta-transformacion-de-amlo-high.jpg?resize=525%2C300&ssl=1 1.5x, https:\/\/i0.wp.com\/www.grieta.org.mx\/wp-content\/uploads\/2020\/02\/ejercito-mexicano-en-la-cuarta-transformacion-de-amlo-high.jpg?resize=700%2C400&ssl=1 2x"},"classes":[]}],"_links":{"self":[{"href":"https:\/\/www.grieta.org.mx\/index.php\/wp-json\/wp\/v2\/posts\/56784","targetHints":{"allow":["GET"]}}],"collection":[{"href":"https:\/\/www.grieta.org.mx\/index.php\/wp-json\/wp\/v2\/posts"}],"about":[{"href":"https:\/\/www.grieta.org.mx\/index.php\/wp-json\/wp\/v2\/types\/post"}],"author":[{"embeddable":true,"href":"https:\/\/www.grieta.org.mx\/index.php\/wp-json\/wp\/v2\/users\/2"}],"replies":[{"embeddable":true,"href":"https:\/\/www.grieta.org.mx\/index.php\/wp-json\/wp\/v2\/comments?post=56784"}],"version-history":[{"count":1,"href":"https:\/\/www.grieta.org.mx\/index.php\/wp-json\/wp\/v2\/posts\/56784\/revisions"}],"predecessor-version":[{"id":56786,"href":"https:\/\/www.grieta.org.mx\/index.php\/wp-json\/wp\/v2\/posts\/56784\/revisions\/56786"}],"wp:featuredmedia":[{"embeddable":true,"href":"https:\/\/www.grieta.org.mx\/index.php\/wp-json\/wp\/v2\/media\/56785"}],"wp:attachment":[{"href":"https:\/\/www.grieta.org.mx\/index.php\/wp-json\/wp\/v2\/media?parent=56784"}],"wp:term":[{"taxonomy":"category","embeddable":true,"href":"https:\/\/www.grieta.org.mx\/index.php\/wp-json\/wp\/v2\/categories?post=56784"},{"taxonomy":"post_tag","embeddable":true,"href":"https:\/\/www.grieta.org.mx\/index.php\/wp-json\/wp\/v2\/tags?post=56784"}],"curies":[{"name":"wp","href":"https:\/\/api.w.org\/{rel}","templated":true}]}}