{"id":56709,"date":"2021-01-30T10:39:25","date_gmt":"2021-01-30T16:39:25","guid":{"rendered":"http:\/\/www.grieta.org.mx\/?p=56709"},"modified":"2021-02-03T10:54:02","modified_gmt":"2021-02-03T16:54:02","slug":"megagranja-de-chapab-no-solo-contamina-tambien-provoca-conflictos-sociales-yucatan","status":"publish","type":"post","link":"https:\/\/www.grieta.org.mx\/index.php\/2021\/01\/30\/megagranja-de-chapab-no-solo-contamina-tambien-provoca-conflictos-sociales-yucatan\/","title":{"rendered":"Megagranja de Chapab no s\u00f3lo contamina, tambi\u00e9n provoca conflictos sociales (Yucat\u00e1n)"},"content":{"rendered":"<p><img loading=\"lazy\" decoding=\"async\" data-attachment-id=\"56710\" data-permalink=\"https:\/\/www.grieta.org.mx\/index.php\/2021\/01\/30\/megagranja-de-chapab-no-solo-contamina-tambien-provoca-conflictos-sociales-yucatan\/chapabmegagranja\/\" data-orig-file=\"https:\/\/www.grieta.org.mx\/wp-content\/uploads\/2021\/02\/ChapabMegaGranja.png\" data-orig-size=\"728,535\" data-comments-opened=\"0\" data-image-meta=\"{&quot;aperture&quot;:&quot;0&quot;,&quot;credit&quot;:&quot;&quot;,&quot;camera&quot;:&quot;&quot;,&quot;caption&quot;:&quot;&quot;,&quot;created_timestamp&quot;:&quot;0&quot;,&quot;copyright&quot;:&quot;&quot;,&quot;focal_length&quot;:&quot;0&quot;,&quot;iso&quot;:&quot;0&quot;,&quot;shutter_speed&quot;:&quot;0&quot;,&quot;title&quot;:&quot;&quot;,&quot;orientation&quot;:&quot;0&quot;}\" data-image-title=\"ChapabMegaGranja\" data-image-description=\"\" data-image-caption=\"\" data-medium-file=\"https:\/\/www.grieta.org.mx\/wp-content\/uploads\/2021\/02\/ChapabMegaGranja-300x220.png\" data-large-file=\"https:\/\/www.grieta.org.mx\/wp-content\/uploads\/2021\/02\/ChapabMegaGranja.png\" src=\"http:\/\/www.grieta.org.mx\/wp-content\/uploads\/2021\/02\/ChapabMegaGranja.png\" alt=\"\" width=\"728\" height=\"535\" class=\"alignnone size-full wp-image-56710\" srcset=\"https:\/\/www.grieta.org.mx\/wp-content\/uploads\/2021\/02\/ChapabMegaGranja.png 728w, https:\/\/www.grieta.org.mx\/wp-content\/uploads\/2021\/02\/ChapabMegaGranja-300x220.png 300w, https:\/\/www.grieta.org.mx\/wp-content\/uploads\/2021\/02\/ChapabMegaGranja-680x500.png 680w\" sizes=\"auto, (max-width: 728px) 100vw, 728px\" \/><\/p>\n<p>Katia Rej\u00f3n \/ Haz Ruido<\/p>\n<blockquote><p>Los ejidatarios han emprendido una lucha jur\u00eddica ante la sospecha de que la granja porc\u00edcola se apoder\u00f3  de terrenos nacionales, y porque detectaron que contamina el monte y el agua con desechos de 50 mil cerdos.<\/p><\/blockquote>\n<p>Chapab, Yucat\u00e1n, 30 de enero de 2021.-Ejidatarios de Chapab denunciaron la presunta apropiaci\u00f3n de terrenos nacionales y contaminaci\u00f3n por parte de la granja porc\u00edcola de la \u201cUni\u00f3n de Aparceros Chapab\u201d y \u201cProductora Pecuaria de Yucat\u00e1n\u201d ubicada a poco m\u00e1s de un kil\u00f3metro de la localidad. El Juzgado Tercero de Distrito en Yucat\u00e1n orden\u00f3 la suspensi\u00f3n provisional de las funciones de la granja ante el amparo promovido por la poblaci\u00f3n. La resoluci\u00f3n de la audiencia, programada para principios de febrero, determinar\u00e1 si se mantiene el cierre.<\/p>\n<p>El 18 de junio del 2020, campesinos que trabajan la milpa en la zona vieron a empleados de la granja porc\u00edcola -ubicada en el tramo carretero Chapab-Ticul- brechar parte del monte donde desde hace a\u00f1os cultivan. Los trabajadores les confirmaron que la empresa compr\u00f3 el terreno por lo que alertaron a los ejidatarios quienes, a su vez, convocaron una asamblea a la que el comisario ejidal, Guadalupe Pacheco Palomo, no se present\u00f3. <\/p>\n<p>\u201cFuimos a buscarlo a su casa y \u00e9l sali\u00f3 a rega\u00f1arnos porque era domingo y no lo dej\u00e1bamos descansar. Le dijimos que era importante y se comprometi\u00f3 a ir a la Casa Ejidal donde est\u00e1bamos 200 ejidatarios, pero despu\u00e9s de 40 minutos de esperarlo, el comisario ejidal nuevamente brillaba por su ausencia\u201d, relat\u00f3 C\u00e9sar Acosta en entrevista.<\/p>\n<p>Ante la falta de apoyo de la autoridad, decidieron nombrar una comitiva integrada por Hip\u00f3lito Cumi G\u00f3ngora, Eutiquio Alvardo, Esteban Salazar Loeza, Florentino Salazar y Marvin Salazar Alvarado. La comisi\u00f3n invit\u00f3 al propietario de la granja, Jorge Antonio Zum\u00e1rraga, a acudir a una asamblea el 28 de junio para explicar c\u00f3mo obtuvo el nuevo terreno. En ese momento, Zum\u00e1rraga se comprometi\u00f3 a suspender los trabajos en el predio e iniciar el proceso de mediaci\u00f3n ante la Procuradur\u00eda Agraria con sede en Tekax.<\/p>\n<p>La granja lleg\u00f3 a la comunidad hace aproximadamente dos a\u00f1os y en ese entonces, Zum\u00e1rraga les pag\u00f3 a los ejidatarios la renta por 30 a\u00f1os del paso servidumbre, un tramo de 700 metros que va de la carretera a la puerta del establecimiento y que funciona como entrada. El tramo coincide con la ubicaci\u00f3n del terreno en disputa.  <\/p>\n<p>\u201cDijo que \u00e9l ya lo compr\u00f3 y dijimos \u00bfy entonces por qu\u00e9 nos pagaste el paso servidumbre como ejido? Y \u00e9l no contest\u00f3\u201d, declar\u00f3 Hip\u00f3lito Cumi.<\/p>\n<p><img loading=\"lazy\" decoding=\"async\" data-attachment-id=\"56711\" data-permalink=\"https:\/\/www.grieta.org.mx\/index.php\/2021\/01\/30\/megagranja-de-chapab-no-solo-contamina-tambien-provoca-conflictos-sociales-yucatan\/chapabmegagranja2\/\" data-orig-file=\"https:\/\/www.grieta.org.mx\/wp-content\/uploads\/2021\/02\/ChapabMegagranja2.png\" data-orig-size=\"733,715\" data-comments-opened=\"0\" data-image-meta=\"{&quot;aperture&quot;:&quot;0&quot;,&quot;credit&quot;:&quot;&quot;,&quot;camera&quot;:&quot;&quot;,&quot;caption&quot;:&quot;&quot;,&quot;created_timestamp&quot;:&quot;0&quot;,&quot;copyright&quot;:&quot;&quot;,&quot;focal_length&quot;:&quot;0&quot;,&quot;iso&quot;:&quot;0&quot;,&quot;shutter_speed&quot;:&quot;0&quot;,&quot;title&quot;:&quot;&quot;,&quot;orientation&quot;:&quot;0&quot;}\" data-image-title=\"ChapabMegagranja2\" data-image-description=\"\" data-image-caption=\"\" data-medium-file=\"https:\/\/www.grieta.org.mx\/wp-content\/uploads\/2021\/02\/ChapabMegagranja2-300x293.png\" data-large-file=\"https:\/\/www.grieta.org.mx\/wp-content\/uploads\/2021\/02\/ChapabMegagranja2.png\" src=\"http:\/\/www.grieta.org.mx\/wp-content\/uploads\/2021\/02\/ChapabMegagranja2.png\" alt=\"\" width=\"733\" height=\"715\" class=\"alignnone size-full wp-image-56711\" srcset=\"https:\/\/www.grieta.org.mx\/wp-content\/uploads\/2021\/02\/ChapabMegagranja2.png 733w, https:\/\/www.grieta.org.mx\/wp-content\/uploads\/2021\/02\/ChapabMegagranja2-300x293.png 300w, https:\/\/www.grieta.org.mx\/wp-content\/uploads\/2021\/02\/ChapabMegagranja2-513x500.png 513w\" sizes=\"auto, (max-width: 733px) 100vw, 733px\" \/><\/p>\n<p>Los ejidatarios solicitaron la intervenci\u00f3n de un especialista para determinar si se encontraba dentro del ejido. El 17 de septiembre del 2020, el top\u00f3grafo Guillermo Can Cetina acudi\u00f3 por solicitud de la Procuradur\u00eda Agraria a realizar la medici\u00f3n y determin\u00f3 que \u201cla superficie recorrida se encuentra en propiedad privada, colindando al noreste con la carretera Ticul-Chapab, al norte con la propiedad San Antonio, al este con propiedad de Antonio Ortiz, al sur con propiedad de Jos\u00e9 Novelo e Isidrio Cauich y al oeste con la Hacienda San Crist\u00f3bal\u201d.<\/p>\n<p>Sin embargo, los ejidatarios insistieron en que la medici\u00f3n se realiz\u00f3 de forma ama\u00f1ada, en 20 minutos y se midi\u00f3 \u00fanicamente la parte norte, as\u00ed que solicitaron una segunda medici\u00f3n topogr\u00e1fica. El Tribunal Agrario les autoriz\u00f3 la nueva medici\u00f3n del pol\u00edgono pero todav\u00eda no se realiza.<\/p>\n<p>\u201cNosotros hemos ocupado esas tierras  desde 1960. Mi abuelo, mi pap\u00e1, y yo hemos trabajado en la tierra que dice Zum\u00e1rraga que es de \u00e9l. Nunca ha aparecido el due\u00f1o. Tal vez no es nuestro ejido, pero puede ser terreno nacional y por usos y costumbres nos pertenece\u201d, aclar\u00f3 Florentino Salazar. <\/p>\n<p>Chapab tiene m\u00e1s de 400 ejidatarios y la comisi\u00f3n encargada de resolver la controversia asegura que la mayor\u00eda est\u00e1 a favor de no vender la tierra. Acusaron a la empresa de motivar conflicto entre los trabajadores de la granja y los ejidatarios.<\/p>\n<p>\u201cLe est\u00e1n dando la buena vida a los trabajadores, les dan mercanc\u00eda para que no hablen mal y los chamacos nos quieren intimidar, pero no son ejidatarios. En la \u00faltima asamblea fueron a armar su show con pancartas exigiendo que se elimine la comisi\u00f3n\u201d, cont\u00f3 Eutiquio Alvarado.<\/p>\n<p>A partir de la disputa, el empresario ha salido p\u00fablicamente a plantar \u00e1rboles, regalar comida y playeras a las personas. <\/p>\n<p>\u201cAntes los trataban de la patada, ahorita los dejan salir temprano, les compran cervezas. El socio de Zum\u00e1rraga vino a tratar de convencernos a solucionar el problema. Nos pregunt\u00f3 qu\u00e9 quer\u00edamos. Lo que queremos es que no sigan invadiendo el terreno\u201d, agregaron.<\/p>\n<p>Contaminaci\u00f3n y deforestaci\u00f3n de la zona<\/p>\n<p>Durante la limpieza de la mensura ejidal, los pobladores se percataron que las aguas residuales hab\u00edan matado parte del monte, por lo que convocaron a la Asamblea de Defensores del Territorio Maya M\u00fauch\u2019 X\u00edinbal. Asesorados por el grupo defensor, se dieron cuenta de que la granja nunca realiz\u00f3 una consulta libre, previa e informada para su instalaci\u00f3n, a pesar de que el olor proveniente de los 50 mil cerdos de la granja es cosa de todos los d\u00edas en el municipio. <\/p>\n<p>Los ejidatarios tomaron fotograf\u00edas a\u00e9reas de la zona contaminada y despu\u00e9s de que se publicaran en el peri\u00f3dico, la empresa tap\u00f3 el desastre con matas que duran solo unos cuantos d\u00edas. <\/p>\n<p>\u201cAntes de hacer ese tipo de infraestructura tienen que hacer una consulta ciudadana, y despu\u00e9s hay que hacer el Manifiesto de Impacto Ambiental (MIA). Lo hemos solicitado y no tienen, el \u00fanico que ya nos contesta que s\u00ed tiene pero no lo puede entregar porque es confidencial, es la Secretar\u00eda de Desarrollo Sustentable. Nosotros vamos a abogar por la salud de los ni\u00f1os de todo el municipio, esto no es un juego\u201d, agregaron.<\/p>\n<p>Ante ello, presentaron un amparo el 14 de diciembre del 2020 y d\u00edas despu\u00e9s volvieron a ver a los trabajadores de la granja brechando en el terreno. La \u00faltima audiencia que tuvieron ambas partes y la Procuradur\u00eda Agraria fue el 29 de diciembre del 2020 en la cual se acord\u00f3 que el caso sea llevado hasta el Tribunal Agrario. <\/p>\n<p><img loading=\"lazy\" decoding=\"async\" data-attachment-id=\"56712\" data-permalink=\"https:\/\/www.grieta.org.mx\/index.php\/2021\/01\/30\/megagranja-de-chapab-no-solo-contamina-tambien-provoca-conflictos-sociales-yucatan\/chapabmegagranja3\/\" data-orig-file=\"https:\/\/www.grieta.org.mx\/wp-content\/uploads\/2021\/02\/ChapabMegagranja3.png\" data-orig-size=\"729,539\" data-comments-opened=\"0\" data-image-meta=\"{&quot;aperture&quot;:&quot;0&quot;,&quot;credit&quot;:&quot;&quot;,&quot;camera&quot;:&quot;&quot;,&quot;caption&quot;:&quot;&quot;,&quot;created_timestamp&quot;:&quot;0&quot;,&quot;copyright&quot;:&quot;&quot;,&quot;focal_length&quot;:&quot;0&quot;,&quot;iso&quot;:&quot;0&quot;,&quot;shutter_speed&quot;:&quot;0&quot;,&quot;title&quot;:&quot;&quot;,&quot;orientation&quot;:&quot;0&quot;}\" data-image-title=\"ChapabMegagranja3\" data-image-description=\"\" data-image-caption=\"\" data-medium-file=\"https:\/\/www.grieta.org.mx\/wp-content\/uploads\/2021\/02\/ChapabMegagranja3-300x222.png\" data-large-file=\"https:\/\/www.grieta.org.mx\/wp-content\/uploads\/2021\/02\/ChapabMegagranja3.png\" src=\"http:\/\/www.grieta.org.mx\/wp-content\/uploads\/2021\/02\/ChapabMegagranja3.png\" alt=\"\" width=\"729\" height=\"539\" class=\"alignnone size-full wp-image-56712\" srcset=\"https:\/\/www.grieta.org.mx\/wp-content\/uploads\/2021\/02\/ChapabMegagranja3.png 729w, https:\/\/www.grieta.org.mx\/wp-content\/uploads\/2021\/02\/ChapabMegagranja3-300x222.png 300w, https:\/\/www.grieta.org.mx\/wp-content\/uploads\/2021\/02\/ChapabMegagranja3-676x500.png 676w\" sizes=\"auto, (max-width: 729px) 100vw, 729px\" \/><\/p>\n<p>C\u00e9sar Santos coment\u00f3 que est\u00e1n al tanto de la situaci\u00f3n de otras comunidades como Kinchil y Hom\u00fan, y reconoce la similitud de las pr\u00e1cticas de las granjas para apropiarse y contaminar su tierra. \u201cNos est\u00e1n haciendo lo mismo que en Kinchil, es la misma forma de actuar\u201d, dijo. <\/p>\n<p>De acuerdo con Miguel Anguas, consultor jur\u00eddico del caso, la suspensi\u00f3n definitiva depender\u00e1 si la granja cuenta o no con los permisos necesarios para operar. Aunque la granja comenz\u00f3 sus tr\u00e1mites ante la Secretar\u00eda de Desarrollo Sustentable, presuntamente operan sin esos permisos desde hace aproximadamente un a\u00f1o.<\/p>\n<p>\u201cSe nota en la afectaci\u00f3n directa que ha tenido la flora del lugar. No ten\u00edan medidas para tratar el agua residual de los cerdos y colocaron una tuber\u00eda en la parte de atr\u00e1s para verterla en el suelo, lo que ocasion\u00f3 que el \u00e1rea se deforestara\u201d, explic\u00f3 en entrevista. <\/p>\n<p>Coincide en que el caso es muy parecido a todos los de las granjas porc\u00edcolas y ganaderas en Yucat\u00e1n. Esto es as\u00ed, recalc\u00f3, porque el tipo de suelo en el estado hace inviable la actividad. <\/p>\n<p>\u201cEs muy dif\u00edcil cumplir las normas existentes porque no prev\u00e9n el tipo de suelo de Yucat\u00e1n ni su sistema acu\u00edfero de cenotes. Las normas son aplicables para otras zonas del centro o del norte pero es pr\u00e1cticamente imposible que haya granjas sustentables en Yucat\u00e1n\u201d, finaliz\u00f3 el abogado.<\/p>\n<p><a href=\"https:\/\/www.hazruido.mx\/reportes\/megagranja-de-chapab-no-solo-contamina-tambien-provoca-conflictos-sociales\/\" rel=\"noopener\" target=\"_blank\">https:\/\/www.hazruido.mx\/reportes\/megagranja-de-chapab-no-solo-contamina-tambien-provoca-conflictos-sociales\/<\/a><\/p>\n","protected":false},"excerpt":{"rendered":"<p>Katia Rej\u00f3n \/ Haz Ruido Los ejidatarios han emprendido una lucha jur\u00eddica ante la sospecha de que la granja porc\u00edcola se apoder\u00f3 de terrenos nacionales, y porque detectaron que contamina &hellip; <a href=\"https:\/\/www.grieta.org.mx\/index.php\/2021\/01\/30\/megagranja-de-chapab-no-solo-contamina-tambien-provoca-conflictos-sociales-yucatan\/\" class=\"more-link\">Leer m\u00e1s<\/a><\/p>\n","protected":false},"author":2,"featured_media":56710,"comment_status":"closed","ping_status":"closed","sticky":false,"template":"","format":"standard","meta":{"ngg_post_thumbnail":0,"_jetpack_newsletter_access":"","_jetpack_dont_email_post_to_subs":false,"_jetpack_newsletter_tier_id":0,"_jetpack_memberships_contains_paywalled_content":false,"_jetpack_memberships_contains_paid_content":false,"footnotes":""},"categories":[42,80,1020,1023,3,922,952,2,36],"tags":[281,384,91,2177,1022],"class_list":["post-56709","post","type-post","status-publish","format-standard","has-post-thumbnail","hentry","category-agroindustria","category-cintillo","category-granja-porcicola","category-lucha-contra-granja-porcicola","category-megaproyectos","category-megaproyectos-estados","category-mp-yucatan","category-noticias-nacionales","category-yucatan","tag-agroindustria","tag-amparo","tag-contaminacion-ambiental","tag-contaminacion-de-acuiferos","tag-granja-porcicola","entry"],"jetpack_featured_media_url":"https:\/\/www.grieta.org.mx\/wp-content\/uploads\/2021\/02\/ChapabMegaGranja.png","jetpack_sharing_enabled":true,"jetpack_shortlink":"https:\/\/wp.me\/p7ZJR4-eKF","jetpack_likes_enabled":false,"jetpack-related-posts":[{"id":56486,"url":"https:\/\/www.grieta.org.mx\/index.php\/2021\/01\/28\/poblacion-maya-paraliza-granja-de-cerdos-que-contamina-chapab-yucatan\/","url_meta":{"origin":56709,"position":0},"title":"Poblaci\u00f3n maya paraliza granja de cerdos que contamina Chapab (Yucat\u00e1n)","author":"grieta","date":"28 enero, 2021","format":false,"excerpt":"Haz Ruido Promovieron un juicio de amparo ante la contaminaci\u00f3n, el uso indebido de sus tierras y porque las autoridades les negaron informaci\u00f3n sobre permisos ambientales. M\u00e9rida, Yucat\u00e1n, 28 de enero de 2021.-El Juzgado Tercero de Distrito, con sede en Yucat\u00e1n, admiti\u00f3 una demanda de amparo y concedi\u00f3 la suspensi\u00f3n\u2026","rel":"","context":"En &quot;Agroindustria&quot;","block_context":{"text":"Agroindustria","link":"https:\/\/www.grieta.org.mx\/index.php\/category\/megaproyectos\/agroindustria\/"},"img":{"alt_text":"","src":"https:\/\/i0.wp.com\/www.grieta.org.mx\/wp-content\/uploads\/2021\/01\/Chapab.png?resize=350%2C200&ssl=1","width":350,"height":200,"srcset":"https:\/\/i0.wp.com\/www.grieta.org.mx\/wp-content\/uploads\/2021\/01\/Chapab.png?resize=350%2C200&ssl=1 1x, https:\/\/i0.wp.com\/www.grieta.org.mx\/wp-content\/uploads\/2021\/01\/Chapab.png?resize=525%2C300&ssl=1 1.5x, https:\/\/i0.wp.com\/www.grieta.org.mx\/wp-content\/uploads\/2021\/01\/Chapab.png?resize=700%2C400&ssl=1 2x"},"classes":[]},{"id":59423,"url":"https:\/\/www.grieta.org.mx\/index.php\/2021\/05\/13\/otro-triunfo-de-chapab-paralizaron-la-magagranja-de-cerdos-yucatan\/","url_meta":{"origin":56709,"position":1},"title":"Otro triunfo de Chapab, paralizaron la magagranja de cerdos (Yucat\u00e1n)","author":"grieta","date":"13 mayo, 2021","format":false,"excerpt":"Claudia Arriaga \/ Haz Ruido El Ayuntamiento, la Secretar\u00eda de Desarrollo Sustentable y la Conagua no cumplieron con su trabajo de supervisar y sancionar a la granja que contamina el medio ambiente, por lo que el Juzgado concedi\u00f3 la suspensi\u00f3n definitiva. M\u00e9rida, Yucat\u00e1n, 13 de mayo del 2021.- Gracias a\u2026","rel":"","context":"En &quot;Agroindustria&quot;","block_context":{"text":"Agroindustria","link":"https:\/\/www.grieta.org.mx\/index.php\/category\/megaproyectos\/agroindustria\/"},"img":{"alt_text":"","src":"https:\/\/i0.wp.com\/www.grieta.org.mx\/wp-content\/uploads\/2021\/05\/ChapabAmparo-e1621294489186.png?resize=350%2C200&ssl=1","width":350,"height":200,"srcset":"https:\/\/i0.wp.com\/www.grieta.org.mx\/wp-content\/uploads\/2021\/05\/ChapabAmparo-e1621294489186.png?resize=350%2C200&ssl=1 1x, https:\/\/i0.wp.com\/www.grieta.org.mx\/wp-content\/uploads\/2021\/05\/ChapabAmparo-e1621294489186.png?resize=525%2C300&ssl=1 1.5x, https:\/\/i0.wp.com\/www.grieta.org.mx\/wp-content\/uploads\/2021\/05\/ChapabAmparo-e1621294489186.png?resize=700%2C400&ssl=1 2x"},"classes":[]},{"id":69869,"url":"https:\/\/www.grieta.org.mx\/index.php\/2024\/09\/26\/granja-quiere-comprar-a-ejidatarios-para-despojar-sus-tierras-en-chapab-yucatan\/","url_meta":{"origin":56709,"position":2},"title":"Granja quiere comprar a ejidatarios para despojar sus tierras en Chapab  (Yucat\u00e1n)","author":"grieta","date":"26 septiembre, 2024","format":false,"excerpt":"Paloma Reyes \/ Haz Ruido Activistas y pobladores mayas denuncian que la empresa porc\u00edcola interviene en la elecci\u00f3n de comisario ejidal para tratar de apoderarse de su territorio y agua. Chapab, Yucat\u00e1n, 26 de septiembre de 2024.-Activistas y ejidatarios del pueblo maya de Chapab acusan que la empresa Grupo Porc\u00edcola\u2026","rel":"","context":"En &quot;Agroindustria&quot;","block_context":{"text":"Agroindustria","link":"https:\/\/www.grieta.org.mx\/index.php\/category\/megaproyectos\/agroindustria\/"},"img":{"alt_text":"","src":"https:\/\/i0.wp.com\/www.grieta.org.mx\/wp-content\/uploads\/2024\/09\/Chapab-e1727486329752.jpg?resize=350%2C200&ssl=1","width":350,"height":200,"srcset":"https:\/\/i0.wp.com\/www.grieta.org.mx\/wp-content\/uploads\/2024\/09\/Chapab-e1727486329752.jpg?resize=350%2C200&ssl=1 1x, https:\/\/i0.wp.com\/www.grieta.org.mx\/wp-content\/uploads\/2024\/09\/Chapab-e1727486329752.jpg?resize=525%2C300&ssl=1 1.5x, https:\/\/i0.wp.com\/www.grieta.org.mx\/wp-content\/uploads\/2024\/09\/Chapab-e1727486329752.jpg?resize=700%2C400&ssl=1 2x"},"classes":[]},{"id":58215,"url":"https:\/\/www.grieta.org.mx\/index.php\/2021\/02\/05\/empresa-porcicola-disfraza-dano-ambiental-en-chapab-yucatan\/","url_meta":{"origin":56709,"position":3},"title":"Empresa porc\u00edcola disfraza da\u00f1o ambiental en Chapab (Yucat\u00e1n)","author":"grieta","date":"5 febrero, 2021","format":false,"excerpt":"Karla Regina Aguilar \/ PorEsto! La intenci\u00f3n de una empresa porc\u00edcola para contratar a personas con discapacidad no es m\u00e1s que un disfraz, asegura el asesor jur\u00eddico de la asamblea M\u00fauch\u2019 X\u00edinbal, Miguel Anguas, quien consider\u00f3 que \u201ces para tratar de desviar su deuda ambiental de la opini\u00f3n p\u00fablica y\u2026","rel":"","context":"En &quot;Agroindustria&quot;","block_context":{"text":"Agroindustria","link":"https:\/\/www.grieta.org.mx\/index.php\/category\/megaproyectos\/agroindustria\/"},"img":{"alt_text":"","src":"https:\/\/i0.wp.com\/www.grieta.org.mx\/wp-content\/uploads\/2021\/04\/Chapab-e1617983746156.png?resize=350%2C200&ssl=1","width":350,"height":200,"srcset":"https:\/\/i0.wp.com\/www.grieta.org.mx\/wp-content\/uploads\/2021\/04\/Chapab-e1617983746156.png?resize=350%2C200&ssl=1 1x, https:\/\/i0.wp.com\/www.grieta.org.mx\/wp-content\/uploads\/2021\/04\/Chapab-e1617983746156.png?resize=525%2C300&ssl=1 1.5x, https:\/\/i0.wp.com\/www.grieta.org.mx\/wp-content\/uploads\/2021\/04\/Chapab-e1617983746156.png?resize=700%2C400&ssl=1 2x"},"classes":[]},{"id":61180,"url":"https:\/\/www.grieta.org.mx\/index.php\/2021\/08\/11\/acusan-que-granjas-porcicolas-quieren-revertir-las-demandas-de-amparo-en-yucatan\/","url_meta":{"origin":56709,"position":4},"title":"Acusan que granjas porc\u00edcolas quieren revertir las demandas de amparo en Yucat\u00e1n","author":"grieta","date":"11 agosto, 2021","format":false,"excerpt":"Itzel Chan \/ Noticaribe M\u00c9RIDA, MX.- Habitantes de los pueblos mayas de Sitilpech y Chapab denunciaron que se encuentran amenazados por las \u2018movidas\u2019 de las mega granjas porc\u00edcolas y por las autoridades judiciales, pues a pesar de que el pasado 6 de julio interpusieron una demanda de amparo, las personas\u2026","rel":"","context":"En &quot;Agroindustria&quot;","block_context":{"text":"Agroindustria","link":"https:\/\/www.grieta.org.mx\/index.php\/category\/megaproyectos\/agroindustria\/"},"img":{"alt_text":"","src":"https:\/\/i0.wp.com\/www.grieta.org.mx\/wp-content\/uploads\/2021\/08\/RevertirAmparos.png?resize=350%2C200&ssl=1","width":350,"height":200,"srcset":"https:\/\/i0.wp.com\/www.grieta.org.mx\/wp-content\/uploads\/2021\/08\/RevertirAmparos.png?resize=350%2C200&ssl=1 1x, https:\/\/i0.wp.com\/www.grieta.org.mx\/wp-content\/uploads\/2021\/08\/RevertirAmparos.png?resize=525%2C300&ssl=1 1.5x, https:\/\/i0.wp.com\/www.grieta.org.mx\/wp-content\/uploads\/2021\/08\/RevertirAmparos.png?resize=700%2C400&ssl=1 2x"},"classes":[]},{"id":64282,"url":"https:\/\/www.grieta.org.mx\/index.php\/2022\/05\/17\/habitantes-de-sitilpech-exigen-cerrar-granjas-porcicolas-en-yucatan-afuera-del-poder-judicial\/","url_meta":{"origin":56709,"position":5},"title":"Habitantes de Sitilpech exigen cerrar granjas porc\u00edcolas en Yucat\u00e1n afuera del Poder Judicial","author":"grieta","date":"17 mayo, 2022","format":false,"excerpt":"Ruben Dar\u00edo Hau \/ Por Esto! Habitantes de Sitilpech, comisar\u00eda de Izamal, se manifiestan frente a la sede del Poder Judicial de la Federal, en M\u00e9rida, para insistir en que el Juez Primero de Distrito conceda la suspensi\u00f3n definitiva de la granja porc\u00edcola, Kancabch\u00e9n II, aparcera de Kek\u00e9n. El pasado\u2026","rel":"","context":"En &quot;16. Pueblo Maya&quot;","block_context":{"text":"16. Pueblo Maya","link":"https:\/\/www.grieta.org.mx\/index.php\/category\/espejos-de-la-resistencia\/16-pueblo-maya\/"},"img":{"alt_text":"","src":"https:\/\/i0.wp.com\/www.grieta.org.mx\/wp-content\/uploads\/2022\/05\/Sitilpech-e1653577169242.png?resize=350%2C200&ssl=1","width":350,"height":200,"srcset":"https:\/\/i0.wp.com\/www.grieta.org.mx\/wp-content\/uploads\/2022\/05\/Sitilpech-e1653577169242.png?resize=350%2C200&ssl=1 1x, https:\/\/i0.wp.com\/www.grieta.org.mx\/wp-content\/uploads\/2022\/05\/Sitilpech-e1653577169242.png?resize=525%2C300&ssl=1 1.5x, https:\/\/i0.wp.com\/www.grieta.org.mx\/wp-content\/uploads\/2022\/05\/Sitilpech-e1653577169242.png?resize=700%2C400&ssl=1 2x"},"classes":[]}],"_links":{"self":[{"href":"https:\/\/www.grieta.org.mx\/index.php\/wp-json\/wp\/v2\/posts\/56709","targetHints":{"allow":["GET"]}}],"collection":[{"href":"https:\/\/www.grieta.org.mx\/index.php\/wp-json\/wp\/v2\/posts"}],"about":[{"href":"https:\/\/www.grieta.org.mx\/index.php\/wp-json\/wp\/v2\/types\/post"}],"author":[{"embeddable":true,"href":"https:\/\/www.grieta.org.mx\/index.php\/wp-json\/wp\/v2\/users\/2"}],"replies":[{"embeddable":true,"href":"https:\/\/www.grieta.org.mx\/index.php\/wp-json\/wp\/v2\/comments?post=56709"}],"version-history":[{"count":1,"href":"https:\/\/www.grieta.org.mx\/index.php\/wp-json\/wp\/v2\/posts\/56709\/revisions"}],"predecessor-version":[{"id":56713,"href":"https:\/\/www.grieta.org.mx\/index.php\/wp-json\/wp\/v2\/posts\/56709\/revisions\/56713"}],"wp:featuredmedia":[{"embeddable":true,"href":"https:\/\/www.grieta.org.mx\/index.php\/wp-json\/wp\/v2\/media\/56710"}],"wp:attachment":[{"href":"https:\/\/www.grieta.org.mx\/index.php\/wp-json\/wp\/v2\/media?parent=56709"}],"wp:term":[{"taxonomy":"category","embeddable":true,"href":"https:\/\/www.grieta.org.mx\/index.php\/wp-json\/wp\/v2\/categories?post=56709"},{"taxonomy":"post_tag","embeddable":true,"href":"https:\/\/www.grieta.org.mx\/index.php\/wp-json\/wp\/v2\/tags?post=56709"}],"curies":[{"name":"wp","href":"https:\/\/api.w.org\/{rel}","templated":true}]}}