{"id":56629,"date":"2021-01-29T15:21:36","date_gmt":"2021-01-29T21:21:36","guid":{"rendered":"http:\/\/www.grieta.org.mx\/?p=56629"},"modified":"2021-02-01T15:28:14","modified_gmt":"2021-02-01T21:28:14","slug":"el-issste-sin-los-medicamentos-para-diabeticos-nayarit","status":"publish","type":"post","link":"https:\/\/www.grieta.org.mx\/index.php\/2021\/01\/29\/el-issste-sin-los-medicamentos-para-diabeticos-nayarit\/","title":{"rendered":"El ISSSTE sin los medicamentos para diab\u00e9ticos (Nayarit)"},"content":{"rendered":"<p><img loading=\"lazy\" decoding=\"async\" data-attachment-id=\"56630\" data-permalink=\"https:\/\/www.grieta.org.mx\/index.php\/2021\/01\/29\/el-issste-sin-los-medicamentos-para-diabeticos-nayarit\/5-8-696x379\/\" data-orig-file=\"https:\/\/www.grieta.org.mx\/wp-content\/uploads\/2021\/02\/5-8-696x379-1.jpg\" data-orig-size=\"696,379\" data-comments-opened=\"0\" data-image-meta=\"{&quot;aperture&quot;:&quot;0&quot;,&quot;credit&quot;:&quot;&quot;,&quot;camera&quot;:&quot;&quot;,&quot;caption&quot;:&quot;&quot;,&quot;created_timestamp&quot;:&quot;0&quot;,&quot;copyright&quot;:&quot;&quot;,&quot;focal_length&quot;:&quot;0&quot;,&quot;iso&quot;:&quot;0&quot;,&quot;shutter_speed&quot;:&quot;0&quot;,&quot;title&quot;:&quot;&quot;,&quot;orientation&quot;:&quot;0&quot;}\" data-image-title=\"5-8-696&amp;#215;379\" data-image-description=\"\" data-image-caption=\"\" data-medium-file=\"https:\/\/www.grieta.org.mx\/wp-content\/uploads\/2021\/02\/5-8-696x379-1-300x163.jpg\" data-large-file=\"https:\/\/www.grieta.org.mx\/wp-content\/uploads\/2021\/02\/5-8-696x379-1.jpg\" class=\" wp-image-56630 aligncenter\" src=\"http:\/\/www.grieta.org.mx\/wp-content\/uploads\/2021\/02\/5-8-696x379-1.jpg\" alt=\"\" width=\"800\" height=\"436\" srcset=\"https:\/\/www.grieta.org.mx\/wp-content\/uploads\/2021\/02\/5-8-696x379-1.jpg 696w, https:\/\/www.grieta.org.mx\/wp-content\/uploads\/2021\/02\/5-8-696x379-1-300x163.jpg 300w\" sizes=\"auto, (max-width: 800px) 100vw, 800px\" \/><\/p>\n<p>Imagen: Realidades de Nayarit<\/p>\n<p>Misael Santana Huerta \/Realidades de Nayarit<\/p>\n<p>Tepic, Nayarit. A 29 de Enero de 2021. Desde la semana pasada un grupo de maestros y ciudadanos de la tercera edad, puso en nuestras manos una lista de medicamentos con que tiene el ISSSTE del FOVISSSTE, para controlar el avance del tan tra\u00eddo y llevado mal denominado \u201d diabetes\u201d.<\/p>\n<p>Mes a mes se les da a los ancianos derechohabientes: \u00c1cido Acetilsalic\u00edlico, Metroprolol, Azetimiba, Amlodipino, Metformina y Lozartan HIDROCLOROTIAZIDA, solo por mencionar algunos medicamentos que mensualmente el ISSSTE le entrega a los paciente para controlar una serie de males que ya son com\u00fan ataca a los mayores de edad.<\/p>\n<p>Siendo el mal de males que ya es com\u00fan que no todos estos medicamento, est\u00e1n a la mano de los derechohabientes debido nos dicen mismos m\u00e9dicos, enfermeras, y trabajadores de otras \u00e1reas de los dos hospitales el de la Loma y del que se ubica en el fraccionamiento del FOVISSSTE.<\/p>\n<p>Ante este estado de cosas, que ya es com\u00fan se dan en los nosocomios de Nayarit, quienes conocen muy de cercas estas cosas de la falta de medicamentos en las farmacias de la instituci\u00f3n, hacen responsables directamente a los siguientes encargados empezando por Mar\u00eda Luisa P\u00e9rez Valdez encargada de la delegaci\u00f3n del ISSSTE en Nayarit, Dr. Juan Javier El\u00edas Mart\u00ednez encargado de la Subdelegaci\u00f3n M\u00e9dica, al Lic. Kenia Plum\u00f3n Mor\u00e1n responsable de hacer los pedidos de medicina a M\u00e9xico, jefa del departamento de programas y abastos.<\/p>\n<p>En ese orden nos dice nuestra fuente muy cercana a los manda mandam\u00e1s del ISSSTE, y funcionarios del hospital Aquiles Calles que si viviera este gran hombre ya los hubiera fusilado, al igual que el hospital del fraccionamiento FOVISSSTE, en donde si algo hace falta, es personal m\u00e9dico con capacidad para tener las cosas en orden, para que no sigan siendo culpables de que los derechohabientes, sigan careciendo de sus medicamentos y por estos motivos sigan muriendo los pacientes a falta de sus medicinas que mes a mes les dan en calidad de medicina de control.<\/p>\n<p>De seguir permitiendo que los directivos del ISSSTE, contin\u00faen haci\u00e9ndole al t\u00edo Lolo, lo \u00fanico que est\u00e1n haciendo es ensuciar al gobierno de la rep\u00fablica ya que ante estas controversias le dan salidas c\u00f3modas a estos desaciertos, diciendo que la falta de medicina es responsabilidad del gobierno federal.<\/p>\n<p>As\u00ed las cosas, mientras esto pasa, los diab\u00e9ticos siguen careciendo de su metformina y de su Lozartan, vamos a seguir muy de cercas estas quejas tomando en cuenta en que los encargados de la administraci\u00f3n del ISSSTE seguir\u00e1n conduci\u00e9ndose irresponsablemente para culpar de la falta de medicamentos al gobierno de M\u00e9xico.<\/p>\n<p><a href=\"http:\/\/realidadessperiodico.com\/70582\/\">http:\/\/realidadessperiodico.com\/70582\/<\/a><\/p>\n","protected":false},"excerpt":{"rendered":"<p>Imagen: Realidades de Nayarit Misael Santana Huerta \/Realidades de Nayarit Tepic, Nayarit. A 29 de Enero de 2021. Desde la semana pasada un grupo de maestros y ciudadanos de la &hellip; <a href=\"https:\/\/www.grieta.org.mx\/index.php\/2021\/01\/29\/el-issste-sin-los-medicamentos-para-diabeticos-nayarit\/\" class=\"more-link\">Leer m\u00e1s<\/a><\/p>\n","protected":false},"author":2,"featured_media":56630,"comment_status":"closed","ping_status":"closed","sticky":false,"template":"","format":"standard","meta":{"ngg_post_thumbnail":0,"_jetpack_newsletter_access":"","_jetpack_dont_email_post_to_subs":false,"_jetpack_newsletter_tier_id":0,"_jetpack_memberships_contains_paywalled_content":false,"_jetpack_memberships_contains_paid_content":false,"footnotes":""},"categories":[80,918,2573,23,2,83],"tags":[3133,2367,2366,2551,492,3735],"class_list":["post-56629","post","type-post","status-publish","format-standard","has-post-thumbnail","hentry","category-cintillo","category-privatizacion-del-sector-salud","category-crisis-del-sector-salud-en-nayarit","category-nayarit","category-noticias-nacionales","category-temas-nacionales","tag-crisis-del-sector-salud","tag-crisis-en-el-sector-salud","tag-desabasto-de-medicinas","tag-falta-de-medicinas","tag-issste","tag-protestas-por-falta-de-tratamientos-medicos","entry"],"jetpack_featured_media_url":"https:\/\/www.grieta.org.mx\/wp-content\/uploads\/2021\/02\/5-8-696x379-1.jpg","jetpack_sharing_enabled":true,"jetpack_shortlink":"https:\/\/wp.me\/p7ZJR4-eJn","jetpack_likes_enabled":false,"jetpack-related-posts":[{"id":44953,"url":"https:\/\/www.grieta.org.mx\/index.php\/2020\/02\/14\/faltan-medicamentos-en-el-issste-y-el-imss-quienes-tienen-cancer-son-quienes-mas-sufren-la-escasez-nayarit\/","url_meta":{"origin":56629,"position":0},"title":"Faltan medicamentos en el ISSSTE y el IMSS, quienes tienen c\u00e1ncer son quienes m\u00e1s sufren la escasez (Nayarit)","author":"grieta","date":"14 febrero, 2020","format":false,"excerpt":"Foto: Ilustrativa Javier Rojo Fregoso \/ Realidades de Nayarit La escasez de medicamentos en los diversos centros hospitalarios de Nayarit, es \u201del pan de cada d\u00eda\u201d se\u00f1alan familias afectadas con estas deficiencias que han venido mostrando diversas instituciones como son principalmente el IMSS Y EL ISSSTE, en donde d\u00eda tras\u2026","rel":"","context":"En &quot;CINTILLO&quot;","block_context":{"text":"CINTILLO","link":"https:\/\/www.grieta.org.mx\/index.php\/category\/cintillo\/"},"img":{"alt_text":"","src":"https:\/\/i0.wp.com\/www.grieta.org.mx\/wp-content\/uploads\/2020\/02\/medicina-1.jpg?resize=350%2C200&ssl=1","width":350,"height":200,"srcset":"https:\/\/i0.wp.com\/www.grieta.org.mx\/wp-content\/uploads\/2020\/02\/medicina-1.jpg?resize=350%2C200&ssl=1 1x, https:\/\/i0.wp.com\/www.grieta.org.mx\/wp-content\/uploads\/2020\/02\/medicina-1.jpg?resize=525%2C300&ssl=1 1.5x, https:\/\/i0.wp.com\/www.grieta.org.mx\/wp-content\/uploads\/2020\/02\/medicina-1.jpg?resize=700%2C400&ssl=1 2x"},"classes":[]},{"id":60258,"url":"https:\/\/www.grieta.org.mx\/index.php\/2021\/06\/27\/con-marcha-exigen-a-issste-en-nayarit-medicamentos-para-enfermos-de-cancer\/","url_meta":{"origin":56629,"position":1},"title":"Con marcha exigen a ISSSTE en Nayarit medicamentos para enfermos de c\u00e1ncer","author":"grieta","date":"27 junio, 2021","format":false,"excerpt":"Foto: Cris Ben\u00edtez Crys Ben\u00edtez \/ El Occidental TEPIC, Nayarit (OEM-Informex).- Este domingo por la ma\u00f1ana pese a la lluvia, decenas de familiares de enfermos de c\u00e1ncer y trasplantados, realizaron una marcha desde las instalaciones de Cancerolog\u00eda hasta el Catedral, deteni\u00e9ndose en Palacio de Gobierno, para exigir al Instituto de\u2026","rel":"","context":"En &quot;CINTILLO&quot;","block_context":{"text":"CINTILLO","link":"https:\/\/www.grieta.org.mx\/index.php\/category\/cintillo\/"},"img":{"alt_text":"","src":"https:\/\/i0.wp.com\/www.grieta.org.mx\/wp-content\/uploads\/2021\/07\/Marcha-para-exigir-medicamentos-para-enfermos-de-cancer-en-Nayarit.jpg?resize=350%2C200&ssl=1","width":350,"height":200,"srcset":"https:\/\/i0.wp.com\/www.grieta.org.mx\/wp-content\/uploads\/2021\/07\/Marcha-para-exigir-medicamentos-para-enfermos-de-cancer-en-Nayarit.jpg?resize=350%2C200&ssl=1 1x, https:\/\/i0.wp.com\/www.grieta.org.mx\/wp-content\/uploads\/2021\/07\/Marcha-para-exigir-medicamentos-para-enfermos-de-cancer-en-Nayarit.jpg?resize=525%2C300&ssl=1 1.5x, https:\/\/i0.wp.com\/www.grieta.org.mx\/wp-content\/uploads\/2021\/07\/Marcha-para-exigir-medicamentos-para-enfermos-de-cancer-en-Nayarit.jpg?resize=700%2C400&ssl=1 2x"},"classes":[]},{"id":46525,"url":"https:\/\/www.grieta.org.mx\/index.php\/2020\/03\/13\/derechohabientes-del-issste-ven-en-riesgo-su-vida-por-la-falta-de-medicos-e-insumos-nayarit\/","url_meta":{"origin":56629,"position":2},"title":"Derechohabientes del ISSSTE ven en riesgo su vida por la falta de m\u00e9dicos e insumos (Nayarit)","author":"grieta","date":"13 marzo, 2020","format":false,"excerpt":"Foto: Ilustrativa Misael Santana Huerta \/ Realidades de Nayarit Tepic. Nayarit. A 13 de Marzo de 2020. Los pacientes que llegan al ISSSTE, al pisar el interior para ser valorado, ante la falta de medicamentos y atenci\u00f3n m\u00e9dica, no asegura salir con vida. Esta situaci\u00f3n se da m\u00e1s los s\u00e1bados\u2026","rel":"","context":"En &quot;CINTILLO&quot;","block_context":{"text":"CINTILLO","link":"https:\/\/www.grieta.org.mx\/index.php\/category\/cintillo\/"},"img":{"alt_text":"","src":"https:\/\/i0.wp.com\/www.grieta.org.mx\/wp-content\/uploads\/2020\/03\/ISSSTE-Tepic.jpg?resize=350%2C200&ssl=1","width":350,"height":200,"srcset":"https:\/\/i0.wp.com\/www.grieta.org.mx\/wp-content\/uploads\/2020\/03\/ISSSTE-Tepic.jpg?resize=350%2C200&ssl=1 1x, https:\/\/i0.wp.com\/www.grieta.org.mx\/wp-content\/uploads\/2020\/03\/ISSSTE-Tepic.jpg?resize=525%2C300&ssl=1 1.5x, https:\/\/i0.wp.com\/www.grieta.org.mx\/wp-content\/uploads\/2020\/03\/ISSSTE-Tepic.jpg?resize=700%2C400&ssl=1 2x"},"classes":[]},{"id":53003,"url":"https:\/\/www.grieta.org.mx\/index.php\/2020\/09\/04\/cierran-el-nuevo-hospital-del-issste-nayarit\/","url_meta":{"origin":56629,"position":3},"title":"Cierran el nuevo hospital del ISSSTE (Nayarit)","author":"grieta","date":"4 septiembre, 2020","format":false,"excerpt":"Foto: Realidades de Nayarit Durante 5 d\u00edas no funcionar\u00e1 porque culminaron los contratos del personal m\u00e9dico que laboran all\u00ed Mildra Ben\u00edtez Robledo \/ Realidades de Nayarit Tepic, Nayarit.- Viernes 04 de septiembre del 2020.- El hospital del ISSSTE ubicado en la zona de La Cantera, Tepic, mismo que atiende a\u2026","rel":"","context":"En &quot;CINTILLO&quot;","block_context":{"text":"CINTILLO","link":"https:\/\/www.grieta.org.mx\/index.php\/category\/cintillo\/"},"img":{"alt_text":"","src":"https:\/\/i0.wp.com\/www.grieta.org.mx\/wp-content\/uploads\/2020\/09\/hospital.jpg?resize=350%2C200&ssl=1","width":350,"height":200,"srcset":"https:\/\/i0.wp.com\/www.grieta.org.mx\/wp-content\/uploads\/2020\/09\/hospital.jpg?resize=350%2C200&ssl=1 1x, https:\/\/i0.wp.com\/www.grieta.org.mx\/wp-content\/uploads\/2020\/09\/hospital.jpg?resize=525%2C300&ssl=1 1.5x, https:\/\/i0.wp.com\/www.grieta.org.mx\/wp-content\/uploads\/2020\/09\/hospital.jpg?resize=700%2C400&ssl=1 2x"},"classes":[]},{"id":49322,"url":"https:\/\/www.grieta.org.mx\/index.php\/2020\/05\/10\/en-riesgo-trabajadores-suplentes-del-issste-nayarit\/","url_meta":{"origin":56629,"position":4},"title":"En riesgo trabajadores suplentes del ISSSTE (Nayarit)","author":"grieta","date":"10 mayo, 2020","format":false,"excerpt":"Foto: Realidades de Nayarit Denuncian que los mandan a trabajar sin ninguna protecci\u00f3n a lugares donde hay m\u00e1s riesgo de contraer el COVID-19 y adem\u00e1s, no cuentan con ninguna prestaci\u00f3n de Ley, vaya, ni siquiera tienen ISSSTE y les fallan con el pago de sus quincenas Arcelia Garc\u00eda Ortega \/\u2026","rel":"","context":"En &quot;CINTILLO&quot;","block_context":{"text":"CINTILLO","link":"https:\/\/www.grieta.org.mx\/index.php\/category\/cintillo\/"},"img":{"alt_text":"","src":"https:\/\/i0.wp.com\/www.grieta.org.mx\/wp-content\/uploads\/2020\/05\/ISSSTE-Tepic-768x576.jpg?resize=350%2C200&ssl=1","width":350,"height":200,"srcset":"https:\/\/i0.wp.com\/www.grieta.org.mx\/wp-content\/uploads\/2020\/05\/ISSSTE-Tepic-768x576.jpg?resize=350%2C200&ssl=1 1x, https:\/\/i0.wp.com\/www.grieta.org.mx\/wp-content\/uploads\/2020\/05\/ISSSTE-Tepic-768x576.jpg?resize=525%2C300&ssl=1 1.5x, https:\/\/i0.wp.com\/www.grieta.org.mx\/wp-content\/uploads\/2020\/05\/ISSSTE-Tepic-768x576.jpg?resize=700%2C400&ssl=1 2x"},"classes":[]},{"id":59093,"url":"https:\/\/www.grieta.org.mx\/index.php\/2021\/04\/26\/issste-niega-medicamentos-con-costos-que-van-desde-los-mil-hasta-los-21-mil-pesos-manifestantes-nayarit\/","url_meta":{"origin":56629,"position":5},"title":"ISSSTE niega medicamentos con costos que van desde los mil hasta los 21 mil pesos: Manifestantes (Nayarit)","author":"grieta","date":"26 abril, 2021","format":false,"excerpt":"Foto: Relatosnayarit Fernando Ulloa P\u00e9rez \/ Meridiano.MX Tepic Nayarit.- La ma\u00f1ana de este lunes alrededor de 100 personas de diferentes edades y de diversos extractos sociales, bloquearon el paseo de la Loma a la altura de la cl\u00ednica del ISSSTE para exigir que esta instituci\u00f3n medica les entregue de manera\u2026","rel":"","context":"En &quot;CINTILLO&quot;","block_context":{"text":"CINTILLO","link":"https:\/\/www.grieta.org.mx\/index.php\/category\/cintillo\/"},"img":{"alt_text":"","src":"https:\/\/i0.wp.com\/www.grieta.org.mx\/wp-content\/uploads\/2021\/04\/denuncian-negligencia-en-el-issste-nayarit-29012.jpg?resize=350%2C200&ssl=1","width":350,"height":200,"srcset":"https:\/\/i0.wp.com\/www.grieta.org.mx\/wp-content\/uploads\/2021\/04\/denuncian-negligencia-en-el-issste-nayarit-29012.jpg?resize=350%2C200&ssl=1 1x, https:\/\/i0.wp.com\/www.grieta.org.mx\/wp-content\/uploads\/2021\/04\/denuncian-negligencia-en-el-issste-nayarit-29012.jpg?resize=525%2C300&ssl=1 1.5x, https:\/\/i0.wp.com\/www.grieta.org.mx\/wp-content\/uploads\/2021\/04\/denuncian-negligencia-en-el-issste-nayarit-29012.jpg?resize=700%2C400&ssl=1 2x"},"classes":[]}],"_links":{"self":[{"href":"https:\/\/www.grieta.org.mx\/index.php\/wp-json\/wp\/v2\/posts\/56629","targetHints":{"allow":["GET"]}}],"collection":[{"href":"https:\/\/www.grieta.org.mx\/index.php\/wp-json\/wp\/v2\/posts"}],"about":[{"href":"https:\/\/www.grieta.org.mx\/index.php\/wp-json\/wp\/v2\/types\/post"}],"author":[{"embeddable":true,"href":"https:\/\/www.grieta.org.mx\/index.php\/wp-json\/wp\/v2\/users\/2"}],"replies":[{"embeddable":true,"href":"https:\/\/www.grieta.org.mx\/index.php\/wp-json\/wp\/v2\/comments?post=56629"}],"version-history":[{"count":1,"href":"https:\/\/www.grieta.org.mx\/index.php\/wp-json\/wp\/v2\/posts\/56629\/revisions"}],"predecessor-version":[{"id":56631,"href":"https:\/\/www.grieta.org.mx\/index.php\/wp-json\/wp\/v2\/posts\/56629\/revisions\/56631"}],"wp:featuredmedia":[{"embeddable":true,"href":"https:\/\/www.grieta.org.mx\/index.php\/wp-json\/wp\/v2\/media\/56630"}],"wp:attachment":[{"href":"https:\/\/www.grieta.org.mx\/index.php\/wp-json\/wp\/v2\/media?parent=56629"}],"wp:term":[{"taxonomy":"category","embeddable":true,"href":"https:\/\/www.grieta.org.mx\/index.php\/wp-json\/wp\/v2\/categories?post=56629"},{"taxonomy":"post_tag","embeddable":true,"href":"https:\/\/www.grieta.org.mx\/index.php\/wp-json\/wp\/v2\/tags?post=56629"}],"curies":[{"name":"wp","href":"https:\/\/api.w.org\/{rel}","templated":true}]}}