{"id":56623,"date":"2021-01-30T14:37:57","date_gmt":"2021-01-30T20:37:57","guid":{"rendered":"http:\/\/www.grieta.org.mx\/?p=56623"},"modified":"2021-02-01T15:20:46","modified_gmt":"2021-02-01T21:20:46","slug":"gobierno-de-nayarit-desata-represion-sobre-familiares-de-desaparecidos-el-jueves-pasado-detuvo-a-santiago-perez-becerra-coordinador-de-familias-unidas-por-nayarit-organizaciones-denuncian","status":"publish","type":"post","link":"https:\/\/www.grieta.org.mx\/index.php\/2021\/01\/30\/gobierno-de-nayarit-desata-represion-sobre-familiares-de-desaparecidos-el-jueves-pasado-detuvo-a-santiago-perez-becerra-coordinador-de-familias-unidas-por-nayarit-organizaciones-denuncian\/","title":{"rendered":"Gobierno de Nayarit desata represi\u00f3n sobre familiares de desaparecidos, el jueves pasado detuvo a Santiago P\u00e9rez Becerra, Coordinador de Familias Unidas por Nayarit; organizaciones denuncian"},"content":{"rendered":"<p><img loading=\"lazy\" decoding=\"async\" data-attachment-id=\"56624\" data-permalink=\"https:\/\/www.grieta.org.mx\/index.php\/2021\/01\/30\/gobierno-de-nayarit-desata-represion-sobre-familiares-de-desaparecidos-el-jueves-pasado-detuvo-a-santiago-perez-becerra-coordinador-de-familias-unidas-por-nayarit-organizaciones-denuncian\/santiago-perez-representante-del-colectivo-familias-unidad-por-nayarit-2\/\" data-orig-file=\"https:\/\/www.grieta.org.mx\/wp-content\/uploads\/2021\/02\/Santiago-Perez-representante-del-Colectivo-Familias-Unidad-por-Nayarit.jpg\" data-orig-size=\"800,396\" data-comments-opened=\"0\" data-image-meta=\"{&quot;aperture&quot;:&quot;0&quot;,&quot;credit&quot;:&quot;&quot;,&quot;camera&quot;:&quot;&quot;,&quot;caption&quot;:&quot;&quot;,&quot;created_timestamp&quot;:&quot;0&quot;,&quot;copyright&quot;:&quot;&quot;,&quot;focal_length&quot;:&quot;0&quot;,&quot;iso&quot;:&quot;0&quot;,&quot;shutter_speed&quot;:&quot;0&quot;,&quot;title&quot;:&quot;&quot;,&quot;orientation&quot;:&quot;0&quot;}\" data-image-title=\"Santiago-Perez-representante-del-Colectivo-Familias-Unidad-por-Nayarit\" data-image-description=\"\" data-image-caption=\"\" data-medium-file=\"https:\/\/www.grieta.org.mx\/wp-content\/uploads\/2021\/02\/Santiago-Perez-representante-del-Colectivo-Familias-Unidad-por-Nayarit-300x149.jpg\" data-large-file=\"https:\/\/www.grieta.org.mx\/wp-content\/uploads\/2021\/02\/Santiago-Perez-representante-del-Colectivo-Familias-Unidad-por-Nayarit.jpg\" class=\" wp-image-56624 aligncenter\" src=\"http:\/\/www.grieta.org.mx\/wp-content\/uploads\/2021\/02\/Santiago-Perez-representante-del-Colectivo-Familias-Unidad-por-Nayarit.jpg\" alt=\"\" width=\"798\" height=\"395\" srcset=\"https:\/\/www.grieta.org.mx\/wp-content\/uploads\/2021\/02\/Santiago-Perez-representante-del-Colectivo-Familias-Unidad-por-Nayarit.jpg 800w, https:\/\/www.grieta.org.mx\/wp-content\/uploads\/2021\/02\/Santiago-Perez-representante-del-Colectivo-Familias-Unidad-por-Nayarit-300x149.jpg 300w, https:\/\/www.grieta.org.mx\/wp-content\/uploads\/2021\/02\/Santiago-Perez-representante-del-Colectivo-Familias-Unidad-por-Nayarit-768x380.jpg 768w\" sizes=\"auto, (max-width: 798px) 100vw, 798px\" \/><\/p>\n<p>Foto: Realidades de Nayarit<\/p>\n<p style=\"text-align: left;\"><em>Naciones Unidas exhorta al Estado mexicano a garantizar la vida, seguridad e integridad de personas que han denunciado desapariciones forzadas cometidas por integrantes de la Fiscal\u00eda de Nayarit<\/em><\/p>\n<p style=\"text-align: left;\"><em>El Comit\u00e9 contra las Desapariciones Forzadas manifiesta su preocupaci\u00f3n por la campa\u00f1a de persecuci\u00f3n y falsos se\u00f1alamientos iniciada por el gobierno de Nayarit en contra de personas y colectivos que han denunciado la impunidad, la corrupci\u00f3n y los cr\u00edmenes cometidos por la fiscal\u00eda del estado, como podr\u00eda ser el caso de Santiago P\u00e9rez Becerra, coordinador del Colectivo \u201cFamilias Unidas por Nayarit\u201d que fue detenido este pasado jueves<\/em><\/p>\n<p>Arcelia Garc\u00eda \/ Realidades de Nayarit<\/p>\n<p>Tepic, Nayarit.- S\u00e1bado 30 de enero del 2021.-\u00a0<strong>La Federaci\u00f3n Internacional de Derechos Humanos (FIDH), IDHEAS, Litigio Estrat\u00e9gico en Derechos Humanos A.C. y Justicia Transicional en M\u00e9xico, (i), denuncian a trav\u00e9s del siguiente comunicado, la persecuci\u00f3n policiaca, el acoso y las amenazas, que est\u00e1n sufriendo las v\u00edctimas de delitos que se han atrevido a denunciar las atrocidades que se cometen en la Fiscal\u00eda de Nayarit.<\/strong><\/p>\n<p><strong>COMUNICADO<\/strong><\/p>\n<p>El Comit\u00e9 contra las Desapariciones Forzadas de las Naciones Unidas (CED), en uso de sus atribuciones convencionales y en el marco de las\u00a0acciones urgentes que orden\u00f3 en octubre de 2020 con relaci\u00f3n a la desaparici\u00f3n forzada de 39 personas\u00a0cometidas por autoridades ministeriales de Nayarit,\u00a0<strong>solicit\u00f3 HOY al Estado mexicano adoptar todas las medidas necesarias para garantizar la vida e integridad de \u00a0diecis\u00e9is miembros \u2013v\u00edctimas, testigos, l\u00edderes y asesores legales\u2013 del colectivo ciudadano \u201cComisi\u00f3n de la Verdad de Nayarit\u201d (CVN),<\/strong>\u00a0conformado para exigir justicia y verdad en contra de los abusos de poder cometidos particularmente entre 2011 y 2017 en la entidad, quienes han sido objeto de amenazas, represalias y criminalizaci\u00f3n, recrudecida desde diciembre de 2020 \u2013por\u00a0<strong>denunciar de manera valiente<\/strong>\u00a0el accionar de diversas autoridades del estado en casos de graves de violaciones a los derechos humanos, en particular el fen\u00f3meno generalizado y sistem\u00e1tico de las desapariciones forzadas en Nayarit.<\/p>\n<p>El COMIT\u00c9 CONTRA LAS DESAPARICIONES FORZADAS SOLICITA LA INTERVENCI\u00d3N DE LA FISCAL\u00cdA GENERAL DE LA REP\u00daBLICA<\/p>\n<p>El CED\u00a0<strong>exhort\u00f3 a las autoridades mexicanas a adoptar todas las medidas necesarias para que estas personas puedan desarrollar sus actividades como defensoras de derechos humanos<\/strong>, y participar como testigos en investigaciones, libres de amenazas, actos de violencia, hostigamientos o atentados. Igualmente, solicit\u00f3 al Estado que de comprobarse que en la campa\u00f1a de amenazas se encuentra involucrada la Fiscal\u00eda estatal, las investigaciones sean atra\u00eddas por la Fiscal\u00eda General de la Rep\u00fablica.<\/p>\n<p><strong>EL ESTADO MEXICANO NO HA DADO RESPUESTA A LA ONU SOBRE LAS INVESTIGACIONES DE LAS 39 PERSONAS V\u00cdCTIMAS DE DESAPARICI\u00d3N FORZADAS EN NAYARIT<\/strong><\/p>\n<p><strong>El CED tambi\u00e9n expres\u00f3 su preocupaci\u00f3n debido a que desde el 25 de septiembre de 2020 y a pesar de que le fueran enviados tres recordatorios no se ha recibido la informaci\u00f3n solicitada por parte del Estado mexicano, relativo a las acciones urgentes para la b\u00fasqueda de 39 personas.<\/strong><\/p>\n<p><strong>En este contexto tan grave de amenazas y persecuci\u00f3n<\/strong>,\u00a0<strong>el d\u00eda de hoy fue detenido Santiago P\u00e9rez Becerra, coordinador del Colectivo Familias Unidas por Nayarit<\/strong>\u00a0y padre de Santiago Eloir P\u00e9rez, v\u00edctima de desaparici\u00f3n forzada el 21 de junio de 2017 y localizado sin vida en una fosa clandestina. Al se\u00f1or P\u00e9rez Becerra se le acusa de conductas delictivas supuestamente cometidas hace 14 a\u00f1os.<\/p>\n<p>De acuerdo con informaci\u00f3n preliminar, hombres sin identificar y vestidos de civil ingresaron a su casa, enca\u00f1on\u00e1ndolo y subi\u00e9ndolo a un veh\u00edculo desconocido. La familia se enter\u00f3 de la detenci\u00f3n por un comunicado p\u00fablico emitido por la fiscal\u00eda Estatal, que por su contenido vulnera gravemente la presunci\u00f3n de inocencia del se\u00f1or P\u00e9rez.<\/p>\n<p>Al respecto es importante recordar que d\u00eda 28 de octubre de 2020, el noticiero de Denise Maerker public\u00f3 un reportaje en el que familiares de personas desaparecidas denunciaron los cientos de desaparecidos en Nayarit y su desconfianza hac\u00eda la Fiscal\u00eda General del Estado.<\/p>\n<p><strong>El d\u00eda siguiente, 29 de octubre de 2020, la FGEN public\u00f3 un comunicado en el que se\u00f1al\u00f3: \u201cLamentamos que Noticieros Televisa le haya dado voz a quienes solo lograron confundir a su reportero, tal es el caso de un cuestionado y desacreditado dirigente de uno de los colectivos\u201d, refiri\u00e9ndose a Santiago P\u00e9rez Becerra<\/strong>, Dicho comunicado fue publicado tanto en las redes sociales de la FGEN (Facebook y Twitter) como en la cuenta privada de Facebook de<strong>\u00a0Petronilo D\u00edaz Ponce Medrano, Fiscal General del Estado<\/strong>.<\/p>\n<p>Consideramos que la criminalizaci\u00f3n, estigmatizaci\u00f3n y actos de represalia de la FGEN en contra del coordinador del principal colectivo de familiares de personas desaparecidas de Nayarit contraviene una de las medidas ordenadas por el Comit\u00e9, al impedir o desincentivar la denuncia, el desarrollo de las actividades para la b\u00fasqueda de las personas desaparecidas, incluido su derecho a denunciar las desapariciones forzadas.<\/p>\n<p><strong>La Federaci\u00f3n Internacional de Derechos Humanos (FIDH), IDHEAS, Litigio Estrat\u00e9gico en Derechos Humanos A.C. y Justicia Transicional en M\u00e9xico, (i) reconocen los esfuerzos de los colectivos y agrupaciones de v\u00edctimas de Nayarit, as\u00ed como de la CVN, que no claudican en su reclamo de verdad y justicia frente a los abusos de poder y atrocidades como el fen\u00f3meno de desaparici\u00f3n, (ii) continuar\u00e1n acompa\u00f1ando estos ejercicios y demandas,\u00a0 (iii) exigen se garanticen cuanto antes condiciones de seguridad y el cese de represiones y persecuci\u00f3n para todas aquellas personas que puedan estar en riesgo con motivo de las investigaciones en curso y (iv) solicitan la liberaci\u00f3n inmediata del se\u00f1or Santiago P\u00e9rez Becerra y una investigaci\u00f3n imparcial en el caso de las acusaciones en su contra, y exigen por parte de las autoridades ministeriales que se garantice el debido proceso y el respeto a la presunci\u00f3n de inocencia a la cual se encuentra obligada la fiscal\u00eda del estado.<\/strong><\/p>\n<p><strong>DHEAS Litigio Estrat\u00e9gico de Derechos Humanos, A.C.<\/strong><\/p>\n<p><strong>Justicia Transicional en M\u00e9xico<\/strong><\/p>\n<p><strong>Cabe destacar que la Fiscal\u00eda gir\u00f3 un comunicado donde informa sobre la detenci\u00f3n de Santiago P\u00e9rez efectuada el pasado jueves 28 de enero por la noche a partir de una orden de aprehensi\u00f3n de fecha 9 de octubre del 2006,\u00a0 es decir, la Fiscal\u00eda esper\u00f3 \u00a015 a\u00f1os para cumplimentar una orden de aprehensi\u00f3n.<\/strong><\/p>\n<p><strong>La fiscal\u00eda de Antonio Echevarr\u00eda Garc\u00eda, comandada por Petronilo D\u00edaz Ponce, esper\u00f3 cuatro a\u00f1os para echarle el aguante a Santiago a pesar de que \u00e9l muchas veces estuvo en la Fiscal\u00eda, inclusive frente al Fiscal.<\/strong><\/p>\n<p><strong>A Santiago se le acusa seg\u00fan el comunicado, por el delito de violaci\u00f3n agravada en agravio de dos menores de edad.<\/strong><\/p>\n<p><strong>Al final, el comunicado de la Fiscal\u00eda se\u00f1ala: \u201cLo anterior se informa con detalle y prontitud, ya que actualmente el inculpado hoy detenido es activista de un tema muy sensible, lo que en todo momento se ponder\u00f3, pero ante la naturaleza y gravedad de los delitos materia de la orden de aprehensi\u00f3n, es una obligaci\u00f3n de la Fiscal\u00eda cumplir con el deber legal de su puesta a disposici\u00f3n del Juez que lo requiere\u201d.<\/strong><\/p>\n<p><a href=\"http:\/\/realidadessperiodico.com\/70752\/\">http:\/\/realidadessperiodico.com\/70752\/<\/a><\/p>\n","protected":false},"excerpt":{"rendered":"<p>Foto: Realidades de Nayarit Naciones Unidas exhorta al Estado mexicano a garantizar la vida, seguridad e integridad de personas que han denunciado desapariciones forzadas cometidas por integrantes de la Fiscal\u00eda &hellip; <a href=\"https:\/\/www.grieta.org.mx\/index.php\/2021\/01\/30\/gobierno-de-nayarit-desata-represion-sobre-familiares-de-desaparecidos-el-jueves-pasado-detuvo-a-santiago-perez-becerra-coordinador-de-familias-unidas-por-nayarit-organizaciones-denuncian\/\" class=\"more-link\">Leer m\u00e1s<\/a><\/p>\n","protected":false},"author":2,"featured_media":56624,"comment_status":"closed","ping_status":"closed","sticky":false,"template":"","format":"standard","meta":{"ngg_post_thumbnail":0,"_jetpack_newsletter_access":"","_jetpack_dont_email_post_to_subs":false,"_jetpack_newsletter_tier_id":0,"_jetpack_memberships_contains_paywalled_content":false,"_jetpack_memberships_contains_paid_content":false,"footnotes":""},"categories":[80,87,2267,23,2,83],"tags":[3018,897,1668,3793],"class_list":["post-56623","post","type-post","status-publish","format-standard","has-post-thumbnail","hentry","category-cintillo","category-desaparecidos","category-desaparecidos-en-nayarit","category-nayarit","category-noticias-nacionales","category-temas-nacionales","tag-colectivos-de-busqueda-de-desaparecidos","tag-desaparicidos","tag-familiares-de-desaparecidos","tag-represion-contra-familiares-de-desaparecidos","entry"],"jetpack_featured_media_url":"https:\/\/www.grieta.org.mx\/wp-content\/uploads\/2021\/02\/Santiago-Perez-representante-del-Colectivo-Familias-Unidad-por-Nayarit.jpg","jetpack_sharing_enabled":true,"jetpack_shortlink":"https:\/\/wp.me\/p7ZJR4-eJh","jetpack_likes_enabled":false,"jetpack-related-posts":[{"id":62572,"url":"https:\/\/www.grieta.org.mx\/index.php\/2021\/10\/28\/colectivos-de-familias-de-personas-desaparecidas-en-nayarit-piden-reunion-con-comite-de-la-onu-ced\/","url_meta":{"origin":56623,"position":0},"title":"Colectivos de familias de personas desaparecidas en Nayarit piden reuni\u00f3n con Comit\u00e9 de la ONU (CED)","author":"grieta","date":"28 octubre, 2021","format":false,"excerpt":"Foto: El Sol de Nayarit Redacci\u00f3n \/ El Sol de Nayarit Los colectivos de familias de personas desaparecidas en el estado de Nayarit, \"Familias Unidas por Nayarit (COFAUNNAY)\", \"En Busca de Verdad y Justicia\", \"Por Nuestros Corazones\" y \"Renacer por Amor a Ellos\", acompa\u00f1ados por\u00a0la\u00a0Federaci\u00f3n Internacional de Derechos Humanos\u00a0(FIDH)\u00a0y por\u00a0IDHEAS\u2026","rel":"","context":"En &quot;CINTILLO&quot;","block_context":{"text":"CINTILLO","link":"https:\/\/www.grieta.org.mx\/index.php\/category\/cintillo\/"},"img":{"alt_text":"","src":"https:\/\/i0.wp.com\/www.grieta.org.mx\/wp-content\/uploads\/2021\/11\/temp_nota_01_80776_17_20211028175548_117captura_de_pantalla_2021-10-28_a_la_s__11.55.31_a.m.jpg?resize=350%2C200&ssl=1","width":350,"height":200,"srcset":"https:\/\/i0.wp.com\/www.grieta.org.mx\/wp-content\/uploads\/2021\/11\/temp_nota_01_80776_17_20211028175548_117captura_de_pantalla_2021-10-28_a_la_s__11.55.31_a.m.jpg?resize=350%2C200&ssl=1 1x, https:\/\/i0.wp.com\/www.grieta.org.mx\/wp-content\/uploads\/2021\/11\/temp_nota_01_80776_17_20211028175548_117captura_de_pantalla_2021-10-28_a_la_s__11.55.31_a.m.jpg?resize=525%2C300&ssl=1 1.5x"},"classes":[]},{"id":67747,"url":"https:\/\/www.grieta.org.mx\/index.php\/2023\/09\/14\/nayarit-colectivos-de-familiares-de-desaparecidos-temen-represalias-tras-liberacion-de-fiscal\/","url_meta":{"origin":56623,"position":1},"title":"Nayarit: Colectivos de familiares de desaparecidos temen represalias tras liberaci\u00f3n de fiscal","author":"grieta","date":"14 septiembre, 2023","format":false,"excerpt":"Imagen: Crys Ben\u00edtez Crys Ben\u00edtez \/ El Occidental TEPIC, Nayarit (OEM-Informex).- A ra\u00edz de que el juez de control ordenara la liberaci\u00f3n de la fiscal de Desaparecidos de la Fiscal\u00eda General del Estado, quien fue detenida el pasado jueves en las instalaciones de la dependencia,\u00a0los colectivos temen represalias\u00a0en su contra.\u2026","rel":"","context":"En &quot;CINTILLO&quot;","block_context":{"text":"CINTILLO","link":"https:\/\/www.grieta.org.mx\/index.php\/category\/cintillo\/"},"img":{"alt_text":"","src":"https:\/\/i0.wp.com\/www.grieta.org.mx\/wp-content\/uploads\/2023\/09\/Foto.-Por-Crys-Benitez.jpeg?resize=350%2C200&ssl=1","width":350,"height":200,"srcset":"https:\/\/i0.wp.com\/www.grieta.org.mx\/wp-content\/uploads\/2023\/09\/Foto.-Por-Crys-Benitez.jpeg?resize=350%2C200&ssl=1 1x, https:\/\/i0.wp.com\/www.grieta.org.mx\/wp-content\/uploads\/2023\/09\/Foto.-Por-Crys-Benitez.jpeg?resize=525%2C300&ssl=1 1.5x, https:\/\/i0.wp.com\/www.grieta.org.mx\/wp-content\/uploads\/2023\/09\/Foto.-Por-Crys-Benitez.jpeg?resize=700%2C400&ssl=1 2x"},"classes":[]},{"id":67676,"url":"https:\/\/www.grieta.org.mx\/index.php\/2023\/08\/30\/nayarit-colectivo-de-familias-de-desaparecidos-reclaman-la-falta-de-operativos-de-busquedas\/","url_meta":{"origin":56623,"position":2},"title":"Nayarit: Colectivo de familias de desaparecidos reclaman la falta de operativos de b\u00fasquedas","author":"grieta","date":"30 agosto, 2023","format":false,"excerpt":"imagen: El Occidental Crys Benitez \/ El Occidental Tepic, Nayarit (OEM- Informex).- En el marco del\u00a0\"D\u00eda Internacional de las V\u00edctimas de Desapariciones Forzadas\", el cual se instituy\u00f3 el 21 de diciembre de 2010 por la Asamblea General de Naciones Unidas, los integrantes de la asociaci\u00f3n denominada, \"B\u00fasqueda de Desaparecidos Nayarit\",\u2026","rel":"","context":"En &quot;CINTILLO&quot;","block_context":{"text":"CINTILLO","link":"https:\/\/www.grieta.org.mx\/index.php\/category\/cintillo\/"},"img":{"alt_text":"","src":"https:\/\/i0.wp.com\/www.grieta.org.mx\/wp-content\/uploads\/2023\/09\/Colectivo-de-busqueda-de-personas-desaparecidas-en-Nayarit.jpg?resize=350%2C200&ssl=1","width":350,"height":200,"srcset":"https:\/\/i0.wp.com\/www.grieta.org.mx\/wp-content\/uploads\/2023\/09\/Colectivo-de-busqueda-de-personas-desaparecidas-en-Nayarit.jpg?resize=350%2C200&ssl=1 1x, https:\/\/i0.wp.com\/www.grieta.org.mx\/wp-content\/uploads\/2023\/09\/Colectivo-de-busqueda-de-personas-desaparecidas-en-Nayarit.jpg?resize=525%2C300&ssl=1 1.5x, https:\/\/i0.wp.com\/www.grieta.org.mx\/wp-content\/uploads\/2023\/09\/Colectivo-de-busqueda-de-personas-desaparecidas-en-Nayarit.jpg?resize=700%2C400&ssl=1 2x"},"classes":[]},{"id":55494,"url":"https:\/\/www.grieta.org.mx\/index.php\/2020\/11\/26\/gobernador-y-fiscal-de-nayarit-ignoran-las-multiples-desapariciones-forzadas-en-la-entidad\/","url_meta":{"origin":56623,"position":3},"title":"Gobernador y fiscal de Nayarit ignoran las m\u00faltiples desapariciones forzadas en la entidad","author":"grieta","date":"26 noviembre, 2020","format":false,"excerpt":"Foto: Realidades de Nayarit Ante la pasividad c\u00f3mplice del gobernador, Antonio Echevarr\u00eda Garc\u00eda y su Fiscal, Petronilo D\u00edaz Ponce, para atender los m\u00faltiples y escandalosos casos de desapariciones forzadas a manos de la polic\u00eda estatal, la Comisi\u00f3n de la Defensa de los Derechos Humanos, les lanza varias recomendaciones orden\u00e1ndoles investigar\u2026","rel":"","context":"En &quot;CINTILLO&quot;","block_context":{"text":"CINTILLO","link":"https:\/\/www.grieta.org.mx\/index.php\/category\/cintillo\/"},"img":{"alt_text":"","src":"https:\/\/i0.wp.com\/www.grieta.org.mx\/wp-content\/uploads\/2020\/11\/desa-2-696x392-1.jpg?resize=350%2C200&ssl=1","width":350,"height":200,"srcset":"https:\/\/i0.wp.com\/www.grieta.org.mx\/wp-content\/uploads\/2020\/11\/desa-2-696x392-1.jpg?resize=350%2C200&ssl=1 1x, https:\/\/i0.wp.com\/www.grieta.org.mx\/wp-content\/uploads\/2020\/11\/desa-2-696x392-1.jpg?resize=525%2C300&ssl=1 1.5x"},"classes":[]},{"id":52865,"url":"https:\/\/www.grieta.org.mx\/index.php\/2020\/08\/25\/denuncian-ante-la-onu-encubrimiento-y-pasividad-de-la-fiscalia-en-la-busqueda-de-desaparecidos-en-nayarit\/","url_meta":{"origin":56623,"position":4},"title":"Denuncian ante la ONU encubrimiento y pasividad de la Fiscal\u00eda en la b\u00fasqueda de desaparecidos en Nayarit","author":"grieta","date":"25 agosto, 2020","format":false,"excerpt":"Foto: Cuartoscuro Crys Benitez \/ El Occidental TEPIC, Nayarit (OEM-Informex).- Debido a la falta de acciones por parte de la Fiscal\u00eda General del Estado, para investigar los casos de desapariciones forzadas que se presentaron principalmente durante el mando del ex fiscal Edgar Veytia, quien presuntamente sosten\u00eda v\u00ednculos con el crimen\u2026","rel":"","context":"En &quot;CINTILLO&quot;","block_context":{"text":"CINTILLO","link":"https:\/\/www.grieta.org.mx\/index.php\/category\/cintillo\/"},"img":{"alt_text":"","src":"https:\/\/i0.wp.com\/www.grieta.org.mx\/wp-content\/uploads\/2020\/08\/Desaparecidos.jpeg?resize=350%2C200&ssl=1","width":350,"height":200,"srcset":"https:\/\/i0.wp.com\/www.grieta.org.mx\/wp-content\/uploads\/2020\/08\/Desaparecidos.jpeg?resize=350%2C200&ssl=1 1x, https:\/\/i0.wp.com\/www.grieta.org.mx\/wp-content\/uploads\/2020\/08\/Desaparecidos.jpeg?resize=525%2C300&ssl=1 1.5x, https:\/\/i0.wp.com\/www.grieta.org.mx\/wp-content\/uploads\/2020\/08\/Desaparecidos.jpeg?resize=700%2C400&ssl=1 2x"},"classes":[]},{"id":53006,"url":"https:\/\/www.grieta.org.mx\/index.php\/2020\/09\/01\/verdad-y-justicia-desaparecidas-en-nayarit\/","url_meta":{"origin":56623,"position":5},"title":"Verdad y Justicia desaparecidas en Nayarit","author":"grieta","date":"1 septiembre, 2020","format":false,"excerpt":"Foto: Realidades de Nayarit \u201cDesde el inicio del gobierno de Antonio Echevarr\u00eda, las desapariciones no solamente continuaron, sino que aumentaron. Las instituciones p\u00fablicas, en particular la Fiscal\u00eda Estatal, siguen coludidas y corruptas\u201d, se\u00f1alan Colectivos de familiares de personas desaparecidas en Nayarit Ver\u00f3nica Ram\u00edrez \/ Realidades de Nayarit Tepic, Nayarit.- Martes\u2026","rel":"","context":"En &quot;CINTILLO&quot;","block_context":{"text":"CINTILLO","link":"https:\/\/www.grieta.org.mx\/index.php\/category\/cintillo\/"},"img":{"alt_text":"","src":"https:\/\/i0.wp.com\/www.grieta.org.mx\/wp-content\/uploads\/2020\/09\/desaparecidos-03.jpg?resize=350%2C200&ssl=1","width":350,"height":200,"srcset":"https:\/\/i0.wp.com\/www.grieta.org.mx\/wp-content\/uploads\/2020\/09\/desaparecidos-03.jpg?resize=350%2C200&ssl=1 1x, https:\/\/i0.wp.com\/www.grieta.org.mx\/wp-content\/uploads\/2020\/09\/desaparecidos-03.jpg?resize=525%2C300&ssl=1 1.5x, https:\/\/i0.wp.com\/www.grieta.org.mx\/wp-content\/uploads\/2020\/09\/desaparecidos-03.jpg?resize=700%2C400&ssl=1 2x"},"classes":[]}],"_links":{"self":[{"href":"https:\/\/www.grieta.org.mx\/index.php\/wp-json\/wp\/v2\/posts\/56623","targetHints":{"allow":["GET"]}}],"collection":[{"href":"https:\/\/www.grieta.org.mx\/index.php\/wp-json\/wp\/v2\/posts"}],"about":[{"href":"https:\/\/www.grieta.org.mx\/index.php\/wp-json\/wp\/v2\/types\/post"}],"author":[{"embeddable":true,"href":"https:\/\/www.grieta.org.mx\/index.php\/wp-json\/wp\/v2\/users\/2"}],"replies":[{"embeddable":true,"href":"https:\/\/www.grieta.org.mx\/index.php\/wp-json\/wp\/v2\/comments?post=56623"}],"version-history":[{"count":1,"href":"https:\/\/www.grieta.org.mx\/index.php\/wp-json\/wp\/v2\/posts\/56623\/revisions"}],"predecessor-version":[{"id":56628,"href":"https:\/\/www.grieta.org.mx\/index.php\/wp-json\/wp\/v2\/posts\/56623\/revisions\/56628"}],"wp:featuredmedia":[{"embeddable":true,"href":"https:\/\/www.grieta.org.mx\/index.php\/wp-json\/wp\/v2\/media\/56624"}],"wp:attachment":[{"href":"https:\/\/www.grieta.org.mx\/index.php\/wp-json\/wp\/v2\/media?parent=56623"}],"wp:term":[{"taxonomy":"category","embeddable":true,"href":"https:\/\/www.grieta.org.mx\/index.php\/wp-json\/wp\/v2\/categories?post=56623"},{"taxonomy":"post_tag","embeddable":true,"href":"https:\/\/www.grieta.org.mx\/index.php\/wp-json\/wp\/v2\/tags?post=56623"}],"curies":[{"name":"wp","href":"https:\/\/api.w.org\/{rel}","templated":true}]}}