{"id":56620,"date":"2021-01-29T14:17:59","date_gmt":"2021-01-29T20:17:59","guid":{"rendered":"http:\/\/www.grieta.org.mx\/?p=56620"},"modified":"2021-02-01T14:26:23","modified_gmt":"2021-02-01T20:26:23","slug":"colima-entre-los-5-estados-con-el-mayor-numero-de-fosas-clandestinas","status":"publish","type":"post","link":"https:\/\/www.grieta.org.mx\/index.php\/2021\/01\/29\/colima-entre-los-5-estados-con-el-mayor-numero-de-fosas-clandestinas\/","title":{"rendered":"Colima entre los 5 estados con el mayor n\u00famero de fosas clandestinas"},"content":{"rendered":"<p><img loading=\"lazy\" decoding=\"async\" data-attachment-id=\"56621\" data-permalink=\"https:\/\/www.grieta.org.mx\/index.php\/2021\/01\/29\/colima-entre-los-5-estados-con-el-mayor-numero-de-fosas-clandestinas\/fosas-clandestinas-696x465\/\" data-orig-file=\"https:\/\/www.grieta.org.mx\/wp-content\/uploads\/2021\/02\/fosas-clandestinas-696x465-1.jpeg\" data-orig-size=\"696,465\" data-comments-opened=\"0\" data-image-meta=\"{&quot;aperture&quot;:&quot;0&quot;,&quot;credit&quot;:&quot;&quot;,&quot;camera&quot;:&quot;&quot;,&quot;caption&quot;:&quot;&quot;,&quot;created_timestamp&quot;:&quot;0&quot;,&quot;copyright&quot;:&quot;&quot;,&quot;focal_length&quot;:&quot;0&quot;,&quot;iso&quot;:&quot;0&quot;,&quot;shutter_speed&quot;:&quot;0&quot;,&quot;title&quot;:&quot;&quot;,&quot;orientation&quot;:&quot;0&quot;}\" data-image-title=\"fosas-clandestinas-696&amp;#215;465\" data-image-description=\"\" data-image-caption=\"\" data-medium-file=\"https:\/\/www.grieta.org.mx\/wp-content\/uploads\/2021\/02\/fosas-clandestinas-696x465-1-300x200.jpeg\" data-large-file=\"https:\/\/www.grieta.org.mx\/wp-content\/uploads\/2021\/02\/fosas-clandestinas-696x465-1.jpeg\" class=\" wp-image-56621 aligncenter\" src=\"http:\/\/www.grieta.org.mx\/wp-content\/uploads\/2021\/02\/fosas-clandestinas-696x465-1.jpeg\" alt=\"\" width=\"800\" height=\"534\" srcset=\"https:\/\/www.grieta.org.mx\/wp-content\/uploads\/2021\/02\/fosas-clandestinas-696x465-1.jpeg 696w, https:\/\/www.grieta.org.mx\/wp-content\/uploads\/2021\/02\/fosas-clandestinas-696x465-1-300x200.jpeg 300w\" sizes=\"auto, (max-width: 800px) 100vw, 800px\" \/><\/p>\n<p>Foto: Colima Noticias<\/p>\n<p>Alfredo Aquiles \/ Colima Noticias<\/p>\n<p>Colima, Col.-\u00a0\u00a0Seg\u00fan estad\u00edsticas de la Subsecretar\u00eda de Derechos Humanos de la Secretar\u00eda de Gobernaci\u00f3n,\u00a0 en los dos a\u00f1os de la presente administraci\u00f3n federal, los estados de Jalisco, Guanajuato, Colima, Michoac\u00e1n y Zacatecas concentran el mayor n\u00famero de cuerpos recuperados en fosas clandestinas al sumar casi el 80% del total nacional.<\/p>\n<p>\u201cLos estados que concentran el mayor n\u00famero de cuerpos recuperados en fosas clandestinas -esto tambi\u00e9n es un dato que estamos dando por primera vez de manera puntual- son los estado de Jalisco, Guanajuato, Colima, Michoac\u00e1n y Zacatecas, donde estas cinco entidades concentran el 79.5% del total de los cuerpos recuperados entre diciembre de 2018 y diciembre de 2020\u201d.<\/p>\n<p>Como se mencion\u00f3, Jalisco encabeza la lista con 433 cuerpos recuperados el a\u00f1o pasado que significa el 42.96 por ciento del total nacional de 859 cad\u00e1veres.<\/p>\n<p>En segundo lugar est\u00e1 Guanajuato con alrededor de 204 cad\u00e1veres, esto es, el 20.23 por ciento.<\/p>\n<p>El tercer sitio lo ocupa Colima, con 89 cuerpos (equivalente a 8.83 por ciento); le sigue Michoac\u00e1n, con 73 (7.24 por ciento), y Zacatecas, con 60 cad\u00e1veres recuperados (5.95 por ciento).<\/p>\n<p>Por municipios, son seis los ayuntamientos que concentra poco m\u00e1s de la mitad de los hallazgos: El Salto Jalisco, con 189 cuerpos (18.75 por ciento); luego viene San Pedro Tlaquepaque, Jalisco, con 88; en tercer lugar, Salvatierra, Guanajuato, con 79 cuerpos; cuarto lugar, Ac\u00e1mbaro, Guanajuato; Quinto, Cort\u00e1zar, tambi\u00e9n en Guanajuato, y sexto, Zapopan, Jalisco.<\/p>\n<p>El total son 527 cad\u00e1veres en estos seis municipios, que concentran el 52.37 por ciento de los hallazgos, se indica en el reporte de Gobernaci\u00f3n.<\/p>\n<p><a href=\"https:\/\/www.colimanoticias.com\/colima-entre-los-5-estados-con-el-mayor-numero-de-fosas-clandestinas\/\">https:\/\/www.colimanoticias.com\/colima-entre-los-5-estados-con-el-mayor-numero-de-fosas-clandestinas\/<\/a><\/p>\n","protected":false},"excerpt":{"rendered":"<p>Foto: Colima Noticias Alfredo Aquiles \/ Colima Noticias Colima, Col.-\u00a0\u00a0Seg\u00fan estad\u00edsticas de la Subsecretar\u00eda de Derechos Humanos de la Secretar\u00eda de Gobernaci\u00f3n,\u00a0 en los dos a\u00f1os de la presente administraci\u00f3n &hellip; <a href=\"https:\/\/www.grieta.org.mx\/index.php\/2021\/01\/29\/colima-entre-los-5-estados-con-el-mayor-numero-de-fosas-clandestinas\/\" class=\"more-link\">Leer m\u00e1s<\/a><\/p>\n","protected":false},"author":2,"featured_media":21928,"comment_status":"closed","ping_status":"closed","sticky":false,"template":"","format":"standard","meta":{"ngg_post_thumbnail":0,"_jetpack_newsletter_access":"","_jetpack_dont_email_post_to_subs":false,"_jetpack_newsletter_tier_id":0,"_jetpack_memberships_contains_paywalled_content":false,"_jetpack_memberships_contains_paid_content":false,"footnotes":""},"categories":[80,13,87,1829,2,83],"tags":[121,3775],"class_list":["post-56620","post","type-post","status-publish","format-standard","has-post-thumbnail","hentry","category-cintillo","category-colima","category-desaparecidos","category-desaparecidos-en-colima","category-noticias-nacionales","category-temas-nacionales","tag-desaparecidos","tag-estadisticas-de-desaparecidos","entry"],"jetpack_featured_media_url":"https:\/\/www.grieta.org.mx\/wp-content\/uploads\/2018\/03\/14524434_1106112876131411_958039263622046936_o.jpg","jetpack_sharing_enabled":true,"jetpack_shortlink":"https:\/\/wp.me\/p7ZJR4-eJe","jetpack_likes_enabled":false,"jetpack-related-posts":[{"id":60405,"url":"https:\/\/www.grieta.org.mx\/index.php\/2021\/07\/09\/encontraron-188-cadaveres-en-fosas-clandestinas-en-tecoman-en-tres-anos-colima\/","url_meta":{"origin":56620,"position":0},"title":"Encontraron 188 cad\u00e1veres en fosas clandestinas en Tecom\u00e1n en tres a\u00f1os (Colima)","author":"grieta","date":"9 julio, 2021","format":false,"excerpt":"Foto: Diario Avanzada Heidi de Le\u00f3n Guti\u00e9rrez \/ Diario Avanzada Colima, M\u00e9xico, Avanzada (09\/07\/2021).- Los municipios que concentran el mayor n\u00famero de cuerpos encontrados en fosas clandestinas en el periodo de diciembre de 2018 \u2013 junio de 2021, se encuentran en los estados de Jalisco, Colima, Sinaloa, Guanajuato y Sonora.\u2026","rel":"","context":"En &quot;CINTILLO&quot;","block_context":{"text":"CINTILLO","link":"https:\/\/www.grieta.org.mx\/index.php\/category\/cintillo\/"},"img":{"alt_text":"","src":"https:\/\/i0.wp.com\/www.grieta.org.mx\/wp-content\/uploads\/2021\/07\/Fosas-Clandestinas.jpg?resize=350%2C200&ssl=1","width":350,"height":200,"srcset":"https:\/\/i0.wp.com\/www.grieta.org.mx\/wp-content\/uploads\/2021\/07\/Fosas-Clandestinas.jpg?resize=350%2C200&ssl=1 1x, https:\/\/i0.wp.com\/www.grieta.org.mx\/wp-content\/uploads\/2021\/07\/Fosas-Clandestinas.jpg?resize=525%2C300&ssl=1 1.5x, https:\/\/i0.wp.com\/www.grieta.org.mx\/wp-content\/uploads\/2021\/07\/Fosas-Clandestinas.jpg?resize=700%2C400&ssl=1 2x"},"classes":[]},{"id":65573,"url":"https:\/\/www.grieta.org.mx\/index.php\/2022\/10\/17\/localizaron-69-fosas-clandestinas-con-70-cuerpos-y-10-restos-oseos-colima\/","url_meta":{"origin":56620,"position":1},"title":"Localizaron 69 fosas clandestinas con 70 cuerpos y 10 restos \u00f3seos (Colima)","author":"grieta","date":"17 octubre, 2022","format":false,"excerpt":"Imagen: Diario Avanzada Heidi de Le\u00f3n Guti\u00e9rrez \/ Diario Avanzada Colima, M\u00e9xico, Avanzada (17\/10\/2022).- En lo que va de este a\u00f1o, 70 cuerpos fueron localizados en fosas clandestinas en la entidad, principalmente en el municipio de Tecom\u00e1n y Manzanillo. Los datos oficiales revelan que entre enero y el pasado mes\u2026","rel":"","context":"En &quot;CINTILLO&quot;","block_context":{"text":"CINTILLO","link":"https:\/\/www.grieta.org.mx\/index.php\/category\/cintillo\/"},"img":{"alt_text":"","src":"https:\/\/i0.wp.com\/www.grieta.org.mx\/wp-content\/uploads\/2022\/10\/Fosas-Clandestinas.jpg?resize=350%2C200&ssl=1","width":350,"height":200,"srcset":"https:\/\/i0.wp.com\/www.grieta.org.mx\/wp-content\/uploads\/2022\/10\/Fosas-Clandestinas.jpg?resize=350%2C200&ssl=1 1x, https:\/\/i0.wp.com\/www.grieta.org.mx\/wp-content\/uploads\/2022\/10\/Fosas-Clandestinas.jpg?resize=525%2C300&ssl=1 1.5x, https:\/\/i0.wp.com\/www.grieta.org.mx\/wp-content\/uploads\/2022\/10\/Fosas-Clandestinas.jpg?resize=700%2C400&ssl=1 2x"},"classes":[]},{"id":57269,"url":"https:\/\/www.grieta.org.mx\/index.php\/2021\/02\/23\/crece-el-panteon-clandestino-mas-hallazgos-de-fosas-en-colima\/","url_meta":{"origin":56620,"position":2},"title":"Crece el pante\u00f3n clandestino: m\u00e1s hallazgos de fosas en Colima","author":"grieta","date":"23 febrero, 2021","format":false,"excerpt":"Imagen: Diario Avanzada Redacci\u00f3n \/ Diario Avanzada Colima, M\u00e9xico, Avanzada (23\/02\/2021).- Convertido en un creciente pante\u00f3n clandestino, Colima suma cada vez m\u00e1s fosas en su territorio con cuerpos de personas sepultados de manera irregular, todos ellos desaparecidos. El m\u00e1s reciente hallazgo fue el realizado la tarde de este domingo 21\u2026","rel":"","context":"En &quot;CINTILLO&quot;","block_context":{"text":"CINTILLO","link":"https:\/\/www.grieta.org.mx\/index.php\/category\/cintillo\/"},"img":{"alt_text":"","src":"https:\/\/i0.wp.com\/www.grieta.org.mx\/wp-content\/uploads\/2021\/03\/c-m.png?resize=350%2C200&ssl=1","width":350,"height":200,"srcset":"https:\/\/i0.wp.com\/www.grieta.org.mx\/wp-content\/uploads\/2021\/03\/c-m.png?resize=350%2C200&ssl=1 1x, https:\/\/i0.wp.com\/www.grieta.org.mx\/wp-content\/uploads\/2021\/03\/c-m.png?resize=525%2C300&ssl=1 1.5x, https:\/\/i0.wp.com\/www.grieta.org.mx\/wp-content\/uploads\/2021\/03\/c-m.png?resize=700%2C400&ssl=1 2x"},"classes":[]},{"id":65142,"url":"https:\/\/www.grieta.org.mx\/index.php\/2022\/09\/05\/tecoman-el-municipio-con-mas-fosas-clandestinas-en-el-pais-colima\/","url_meta":{"origin":56620,"position":3},"title":"Tecom\u00e1n, el municipio con m\u00e1s fosas clandestinas en el pa\u00eds (Colima)","author":"grieta","date":"5 septiembre, 2022","format":false,"excerpt":"Imagen: Diario Avanzada Redacci\u00f3n \/ Diario Avanzada Colima, M\u00e9xico, Avanzada (05\/09\/2022).- Este fin de semana, la Fiscal\u00eda General del Estado reconoci\u00f3 la localizaci\u00f3n de seis cuerpos sin vida y restos humanos en fosas clandestinas en la comunidad de Caleras,\u00a0en el municipio de Tecom\u00e1n. Unos meses antes,\u00a0en Tecolapa, en el mismo\u2026","rel":"","context":"En &quot;CINTILLO&quot;","block_context":{"text":"CINTILLO","link":"https:\/\/www.grieta.org.mx\/index.php\/category\/cintillo\/"},"img":{"alt_text":"","src":"https:\/\/i0.wp.com\/www.grieta.org.mx\/wp-content\/uploads\/2022\/09\/Fosas-Clandestinas.jpg?resize=350%2C200&ssl=1","width":350,"height":200,"srcset":"https:\/\/i0.wp.com\/www.grieta.org.mx\/wp-content\/uploads\/2022\/09\/Fosas-Clandestinas.jpg?resize=350%2C200&ssl=1 1x, https:\/\/i0.wp.com\/www.grieta.org.mx\/wp-content\/uploads\/2022\/09\/Fosas-Clandestinas.jpg?resize=525%2C300&ssl=1 1.5x, https:\/\/i0.wp.com\/www.grieta.org.mx\/wp-content\/uploads\/2022\/09\/Fosas-Clandestinas.jpg?resize=700%2C400&ssl=1 2x"},"classes":[]},{"id":71649,"url":"https:\/\/www.grieta.org.mx\/index.php\/2025\/04\/29\/fiscalia-de-colima-mas-fosas-mas-silencio\/","url_meta":{"origin":56620,"position":4},"title":"Fiscal\u00eda de Colima: m\u00e1s fosas, m\u00e1s silencio","author":"grieta","date":"29 abril, 2025","format":false,"excerpt":"Imagen: Diario Avanzada Heidi de Le\u00f3n Guti\u00e9rrez \/ Diario Avanzada Colima, M\u00e9xico, Avanzada (29\/04\/2025).- A m\u00e1s de una semana de que se confirm\u00f3 el hallazgo de seis fosas clandestinas en la capital de Colima, la Fiscal\u00eda General del Estado no ha proporcionado informaci\u00f3n actualizada sobre el n\u00famero de cuerpos o\u2026","rel":"","context":"En &quot;CINTILLO&quot;","block_context":{"text":"CINTILLO","link":"https:\/\/www.grieta.org.mx\/index.php\/category\/cintillo\/"},"img":{"alt_text":"","src":"https:\/\/i0.wp.com\/www.grieta.org.mx\/wp-content\/uploads\/2025\/05\/img_1201-1.jpg?resize=350%2C200&ssl=1","width":350,"height":200,"srcset":"https:\/\/i0.wp.com\/www.grieta.org.mx\/wp-content\/uploads\/2025\/05\/img_1201-1.jpg?resize=350%2C200&ssl=1 1x, https:\/\/i0.wp.com\/www.grieta.org.mx\/wp-content\/uploads\/2025\/05\/img_1201-1.jpg?resize=525%2C300&ssl=1 1.5x, https:\/\/i0.wp.com\/www.grieta.org.mx\/wp-content\/uploads\/2025\/05\/img_1201-1.jpg?resize=700%2C400&ssl=1 2x, https:\/\/i0.wp.com\/www.grieta.org.mx\/wp-content\/uploads\/2025\/05\/img_1201-1.jpg?resize=1050%2C600&ssl=1 3x, https:\/\/i0.wp.com\/www.grieta.org.mx\/wp-content\/uploads\/2025\/05\/img_1201-1.jpg?resize=1400%2C800&ssl=1 4x"},"classes":[]},{"id":35285,"url":"https:\/\/www.grieta.org.mx\/index.php\/2019\/06\/18\/colima-ha-hallado-90-fosas-clandestinas-en-lo-que-va-del-ano\/","url_meta":{"origin":56620,"position":5},"title":"Colima ha hallado 90 fosas clandestinas en lo que va del a\u00f1o","author":"grieta","date":"18 junio, 2019","format":false,"excerpt":"Se contabilizan 593 personas no localizadas en el estado, n\u00famero que podr\u00eda aumentar debido a que, en muchos de los casos, los familiares decidieron no interponer una denuncia por desaparici\u00f3n ante la Fiscal\u00eda del Estado Noticieros Televisa| COLIMA, M\u00e9xico | 18 de junio de 2019 En lo que va del\u2026","rel":"","context":"En &quot;CINTILLO&quot;","block_context":{"text":"CINTILLO","link":"https:\/\/www.grieta.org.mx\/index.php\/category\/cintillo\/"},"img":{"alt_text":"","src":"https:\/\/i0.wp.com\/www.grieta.org.mx\/wp-content\/uploads\/2019\/06\/colima-ha-hallado-90-fosas-clandestinas-en-lo-que-va-del-anofiscalia-colima.jpg?resize=350%2C200&ssl=1","width":350,"height":200,"srcset":"https:\/\/i0.wp.com\/www.grieta.org.mx\/wp-content\/uploads\/2019\/06\/colima-ha-hallado-90-fosas-clandestinas-en-lo-que-va-del-anofiscalia-colima.jpg?resize=350%2C200&ssl=1 1x, https:\/\/i0.wp.com\/www.grieta.org.mx\/wp-content\/uploads\/2019\/06\/colima-ha-hallado-90-fosas-clandestinas-en-lo-que-va-del-anofiscalia-colima.jpg?resize=525%2C300&ssl=1 1.5x, https:\/\/i0.wp.com\/www.grieta.org.mx\/wp-content\/uploads\/2019\/06\/colima-ha-hallado-90-fosas-clandestinas-en-lo-que-va-del-anofiscalia-colima.jpg?resize=700%2C400&ssl=1 2x"},"classes":[]}],"_links":{"self":[{"href":"https:\/\/www.grieta.org.mx\/index.php\/wp-json\/wp\/v2\/posts\/56620","targetHints":{"allow":["GET"]}}],"collection":[{"href":"https:\/\/www.grieta.org.mx\/index.php\/wp-json\/wp\/v2\/posts"}],"about":[{"href":"https:\/\/www.grieta.org.mx\/index.php\/wp-json\/wp\/v2\/types\/post"}],"author":[{"embeddable":true,"href":"https:\/\/www.grieta.org.mx\/index.php\/wp-json\/wp\/v2\/users\/2"}],"replies":[{"embeddable":true,"href":"https:\/\/www.grieta.org.mx\/index.php\/wp-json\/wp\/v2\/comments?post=56620"}],"version-history":[{"count":1,"href":"https:\/\/www.grieta.org.mx\/index.php\/wp-json\/wp\/v2\/posts\/56620\/revisions"}],"predecessor-version":[{"id":56622,"href":"https:\/\/www.grieta.org.mx\/index.php\/wp-json\/wp\/v2\/posts\/56620\/revisions\/56622"}],"wp:featuredmedia":[{"embeddable":true,"href":"https:\/\/www.grieta.org.mx\/index.php\/wp-json\/wp\/v2\/media\/21928"}],"wp:attachment":[{"href":"https:\/\/www.grieta.org.mx\/index.php\/wp-json\/wp\/v2\/media?parent=56620"}],"wp:term":[{"taxonomy":"category","embeddable":true,"href":"https:\/\/www.grieta.org.mx\/index.php\/wp-json\/wp\/v2\/categories?post=56620"},{"taxonomy":"post_tag","embeddable":true,"href":"https:\/\/www.grieta.org.mx\/index.php\/wp-json\/wp\/v2\/tags?post=56620"}],"curies":[{"name":"wp","href":"https:\/\/api.w.org\/{rel}","templated":true}]}}