{"id":56607,"date":"2021-01-31T13:32:58","date_gmt":"2021-01-31T19:32:58","guid":{"rendered":"http:\/\/www.grieta.org.mx\/?p=56607"},"modified":"2021-02-01T13:48:53","modified_gmt":"2021-02-01T19:48:53","slug":"madre-pide-a-autoridades-que-le-entreguen-los-restos-de-su-hijo-en-octubre-de-2019-fue-localizado-en-fosa-clandestina-jalisco","status":"publish","type":"post","link":"https:\/\/www.grieta.org.mx\/index.php\/2021\/01\/31\/madre-pide-a-autoridades-que-le-entreguen-los-restos-de-su-hijo-en-octubre-de-2019-fue-localizado-en-fosa-clandestina-jalisco\/","title":{"rendered":"Madre pide a autoridades que le entreguen los restos de su hijo, en octubre de 2019 fue localizado en fosa clandestina (Jalisco)"},"content":{"rendered":"<p><img loading=\"lazy\" decoding=\"async\" data-attachment-id=\"56608\" data-permalink=\"https:\/\/www.grieta.org.mx\/index.php\/2021\/01\/31\/madre-pide-a-autoridades-que-le-entreguen-los-restos-de-su-hijo-en-octubre-de-2019-fue-localizado-en-fosa-clandestina-jalisco\/eva-ochoa-hernandez\/\" data-orig-file=\"https:\/\/www.grieta.org.mx\/wp-content\/uploads\/2021\/02\/Eva-Ochoa-Hernandez.jpg\" data-orig-size=\"768,479\" data-comments-opened=\"0\" data-image-meta=\"{&quot;aperture&quot;:&quot;0&quot;,&quot;credit&quot;:&quot;&quot;,&quot;camera&quot;:&quot;&quot;,&quot;caption&quot;:&quot;&quot;,&quot;created_timestamp&quot;:&quot;0&quot;,&quot;copyright&quot;:&quot;&quot;,&quot;focal_length&quot;:&quot;0&quot;,&quot;iso&quot;:&quot;0&quot;,&quot;shutter_speed&quot;:&quot;0&quot;,&quot;title&quot;:&quot;&quot;,&quot;orientation&quot;:&quot;0&quot;}\" data-image-title=\"Eva Ochoa Hern\u00e1ndez\" data-image-description=\"\" data-image-caption=\"\" data-medium-file=\"https:\/\/www.grieta.org.mx\/wp-content\/uploads\/2021\/02\/Eva-Ochoa-Hernandez-300x187.jpg\" data-large-file=\"https:\/\/www.grieta.org.mx\/wp-content\/uploads\/2021\/02\/Eva-Ochoa-Hernandez.jpg\" class=\" wp-image-56608 aligncenter\" src=\"http:\/\/www.grieta.org.mx\/wp-content\/uploads\/2021\/02\/Eva-Ochoa-Hernandez.jpg\" alt=\"\" width=\"800\" height=\"498\" srcset=\"https:\/\/www.grieta.org.mx\/wp-content\/uploads\/2021\/02\/Eva-Ochoa-Hernandez.jpg 768w, https:\/\/www.grieta.org.mx\/wp-content\/uploads\/2021\/02\/Eva-Ochoa-Hernandez-300x187.jpg 300w\" sizes=\"auto, (max-width: 800px) 100vw, 800px\" \/><\/p>\n<p>Foto: Elizabeth R\u00edos<\/p>\n<p>Elizabeth R\u00edos \/ El Occidental<\/p>\n<p>El 15 de mayo del 2019 Miguel \u00c1ngel, junto con cuatro personas m\u00e1s, fueron privados de su libertad en el municipio de Tlaquepaque, aunque en octubre les confirmaron a familiares que lo encontraron en una fosa clandestina en Santa Anita, hasta el momento no les han entregado lo que encontraron de \u00e9l.<\/p>\n<p>Eva Ochoa Hern\u00e1ndez, madre de Miguel \u00c1ngel, se\u00f1al\u00f3 que lo \u00fanico que desea es que le regresen los restos de su hijo a fin de poderle dar una sepultura digna, y as\u00ed la familia tenga un lugar al cual acudir a entregar flores.<\/p>\n<p>Miguel \u00c1ngel ten\u00eda 22 a\u00f1os y era sordomudo, y si bien no fue sino hasta octubre que corroboran con familiares que los restos encontrados pertenec\u00edan a \u00e9l, do\u00f1a Eva no tiene certeza de que las investigaciones en torno al secuestro de su hijo y las dem\u00e1s personas hayan avanzado, por lo cual no entiende el por qu\u00e9 no le regresan los restos del \u00e9l.<\/p>\n<p>\u201cYa va a cumplir dos a\u00f1os que no est\u00e1 completo mi hijo, y la verdad yo quiero ya sepultarlo, yo quiero descansar, mi madre muri\u00f3 de tristeza, y yo ya quiero enterrar a mi hijo, que me den lo que tengan de mi ni\u00f1o, porque ya quiero descansar\u201d.<\/p>\n<p>Su hijo trabajaba de mesero en un puesto de tacos y la privaci\u00f3n de su libertad se dio por desconocidos que en primera instancia fueron por familiares de los due\u00f1os para los que Miguel \u00c1ngel trabajaba.<\/p>\n<p>\u201cFueron cinco personas a las que se llevaron, tres hombres y dos mujeres, y solo han encontrado a dos, a una mujer y a mi ni\u00f1o. Mi hijo no ten\u00eda ning\u00fan vicio, estaba en escuela especial. Cuando encontr\u00e9 a mi ni\u00f1o (en la Semefo) encontr\u00e9 su pura cabeza, pero yo ya lo quiero sepultar, ya van para dos a\u00f1os\u201d.<\/p>\n<p>Al respecto, David Hern\u00e1ndez, fundador de la asociaci\u00f3n Da Vida a San Pedro Tlaquepaque, habl\u00f3 del acompa\u00f1amiento que le han dado este tiempo a do\u00f1a Eva en un af\u00e1n de conseguir que autoridades dejen de revictimizarla y le entreguen los restos de su hijo, sin embargo, refiri\u00f3 que el camino ha sido dif\u00edcil pues solo se han encontrado con obst\u00e1culos y desd\u00e9n.<\/p>\n<p>\u201cEn Semefo nos dec\u00edan que como el cuerpo no est\u00e1 completo no se puede entregar, al final sacaron todos los cuerpos de la fosa de Santa Anita y el cuerpo de Miguel \u00c1ngel no qued\u00f3 completo. Hablamos con el MP y le ped\u00edamos que pudieran agilizar el tema y la realidad es que lo que nosotros vemos es que Eva es v\u00edctima de la delincuencia, porque le levantan a su hijo, y ahora est\u00e1 siendo v\u00edctima de la falta de atenci\u00f3n del gobierno a estos temas. Si hubiera alg\u00fan indicio de que se estuviese investigando, de que est\u00e1n realmente buscando las otras partes otra cosa ser\u00eda, pero esa fosa, ese tr\u00e1mite ya se cerr\u00f3. Pr\u00e1cticamente para Semefo ese tema est\u00e1 terminado\u201d.<\/p>\n<p>Llam\u00f3 a autoridades a que en un acto de humanidad le entreguen a Eva lo que queda de su hijo, pues no puede ser posible que a casi dos a\u00f1os sigan en una misma situaci\u00f3n sin que a familiares les digan gran cosa.<\/p>\n<p><a href=\"https:\/\/www.eloccidental.com.mx\/local\/noticias-desaparecidos-madre-pide-a-autoridades-que-le-entreguen-los-restos-de-su-hijo-6308819.html\">https:\/\/www.eloccidental.com.mx\/local\/noticias-desaparecidos-madre-pide-a-autoridades-que-le-entreguen-los-restos-de-su-hijo-6308819.html<\/a><\/p>\n","protected":false},"excerpt":{"rendered":"<p>Foto: Elizabeth R\u00edos Elizabeth R\u00edos \/ El Occidental El 15 de mayo del 2019 Miguel \u00c1ngel, junto con cuatro personas m\u00e1s, fueron privados de su libertad en el municipio de &hellip; <a href=\"https:\/\/www.grieta.org.mx\/index.php\/2021\/01\/31\/madre-pide-a-autoridades-que-le-entreguen-los-restos-de-su-hijo-en-octubre-de-2019-fue-localizado-en-fosa-clandestina-jalisco\/\" class=\"more-link\">Leer m\u00e1s<\/a><\/p>\n","protected":false},"author":2,"featured_media":56608,"comment_status":"closed","ping_status":"closed","sticky":false,"template":"","format":"standard","meta":{"ngg_post_thumbnail":0,"_jetpack_newsletter_access":"","_jetpack_dont_email_post_to_subs":false,"_jetpack_newsletter_tier_id":0,"_jetpack_memberships_contains_paywalled_content":false,"_jetpack_memberships_contains_paid_content":false,"footnotes":""},"categories":[80,87,1032,20,2,83],"tags":[1828,121,1668],"class_list":["post-56607","post","type-post","status-publish","format-standard","has-post-thumbnail","hentry","category-cintillo","category-desaparecidos","category-desaparecidos-en-jalisco","category-jalisco","category-noticias-nacionales","category-temas-nacionales","tag-busqueda-de-desaparecidos","tag-desaparecidos","tag-familiares-de-desaparecidos","entry"],"jetpack_featured_media_url":"https:\/\/www.grieta.org.mx\/wp-content\/uploads\/2021\/02\/Eva-Ochoa-Hernandez.jpg","jetpack_sharing_enabled":true,"jetpack_shortlink":"https:\/\/wp.me\/p7ZJR4-eJ1","jetpack_likes_enabled":false,"jetpack-related-posts":[{"id":39359,"url":"https:\/\/www.grieta.org.mx\/index.php\/2019\/09\/18\/exigen-aplicar-pruebas-de-adn-a-todos-los-restos-hallados-en-fosa-de-jalisco\/","url_meta":{"origin":56607,"position":0},"title":"Exigen aplicar pruebas de ADN a todos los restos hallados en fosa de Jalisco","author":"grieta","date":"18 septiembre, 2019","format":false,"excerpt":"Foto: Elizabeth Ibal El Instituto Jalisciense de Ciencias Forenses dio la indicaci\u00f3n de que solamente se aplicaran dicha pruebas a troncos y cabezas Ram\u00f3n Ortega \/ El Occidental Jalisco.- Por segundo d\u00eda consecutivo, integrantes de la asociaci\u00f3n civil Familias Unidas por Nuestros Desaparecidos (FUNDEJ)se manifestaron frente al\u00a0Instituto Jalisciense de Ciencias\u2026","rel":"","context":"En &quot;CINTILLO&quot;","block_context":{"text":"CINTILLO","link":"https:\/\/www.grieta.org.mx\/index.php\/category\/cintillo\/"},"img":{"alt_text":"","src":"https:\/\/i0.wp.com\/www.grieta.org.mx\/wp-content\/uploads\/2019\/09\/fundej.jpg?resize=350%2C200&ssl=1","width":350,"height":200,"srcset":"https:\/\/i0.wp.com\/www.grieta.org.mx\/wp-content\/uploads\/2019\/09\/fundej.jpg?resize=350%2C200&ssl=1 1x, https:\/\/i0.wp.com\/www.grieta.org.mx\/wp-content\/uploads\/2019\/09\/fundej.jpg?resize=525%2C300&ssl=1 1.5x, https:\/\/i0.wp.com\/www.grieta.org.mx\/wp-content\/uploads\/2019\/09\/fundej.jpg?resize=700%2C400&ssl=1 2x"},"classes":[]},{"id":39368,"url":"https:\/\/www.grieta.org.mx\/index.php\/2019\/09\/13\/espera-colectivo-desaparecidos-de-colima-localizar-a-sus-familiares-en-jalisco\/","url_meta":{"origin":56607,"position":1},"title":"Espera colectivo Desaparecidos de Colima localizar a sus familiares en Jalisco","author":"grieta","date":"13 septiembre, 2019","format":false,"excerpt":"Foto: El Comentario Juan Ram\u00f3n Jim\u00e9nez Fuentes \/ El Comentario La representante del\u00a0colectivo Desaparecidos de Colima, Carmen Sep\u00falveda, dio a conocer que\u00a0familiares\u00a0de personas desaparecidas\u00a0viajar\u00e1n\u00a0 al estado de Jalisco, luego de que se dio a conocer el\u00a0hallazgo de m\u00e1s de 115 bolsas\u00a0que conten\u00edan\u00a0restos humanos\u00a0en el municipio de\u00a0Zapopan. De acuerdo a lo\u2026","rel":"","context":"En &quot;CINTILLO&quot;","block_context":{"text":"CINTILLO","link":"https:\/\/www.grieta.org.mx\/index.php\/category\/cintillo\/"},"img":{"alt_text":"","src":"https:\/\/i0.wp.com\/www.grieta.org.mx\/wp-content\/uploads\/2019\/09\/11ad6d8c109d4d0d3718085ea877bbc8-6.jpg?resize=350%2C200&ssl=1","width":350,"height":200,"srcset":"https:\/\/i0.wp.com\/www.grieta.org.mx\/wp-content\/uploads\/2019\/09\/11ad6d8c109d4d0d3718085ea877bbc8-6.jpg?resize=350%2C200&ssl=1 1x, https:\/\/i0.wp.com\/www.grieta.org.mx\/wp-content\/uploads\/2019\/09\/11ad6d8c109d4d0d3718085ea877bbc8-6.jpg?resize=525%2C300&ssl=1 1.5x, https:\/\/i0.wp.com\/www.grieta.org.mx\/wp-content\/uploads\/2019\/09\/11ad6d8c109d4d0d3718085ea877bbc8-6.jpg?resize=700%2C400&ssl=1 2x"},"classes":[]},{"id":65223,"url":"https:\/\/www.grieta.org.mx\/index.php\/2022\/09\/13\/sin-apoyo-de-autoridades-estatales-madres-buscadoras-localizan-fosa-en-tlajomulco-con-seis-craneos-y-20-bolsa-con-restos-jalisco\/","url_meta":{"origin":56607,"position":2},"title":"Sin apoyo de autoridades estatales, Madres Buscadoras localizan fosa en Tlajomulco con seis cr\u00e1neos y 20 bolsa con restos (Jalisco)","author":"grieta","date":"13 septiembre, 2022","format":false,"excerpt":"Imagen: Foto: @laurorodriguez_ Redacci\u00f3n \/ El Diario NTR Sin acompa\u00f1amiento de autoridades estatales, integrantes de los colectivos Madres Buscadoras de Jalisco y J\u00f3venes Buscadores de Jalisco localizaron este martes\u00a0una fosa clandestina en Tlajomulco de Z\u00fa\u00f1iga. Los trabajos los realizaron en una zona a campo abierto conocida como La Piedrera, cerca\u2026","rel":"","context":"En &quot;CINTILLO&quot;","block_context":{"text":"CINTILLO","link":"https:\/\/www.grieta.org.mx\/index.php\/category\/cintillo\/"},"img":{"alt_text":"","src":"https:\/\/i0.wp.com\/www.grieta.org.mx\/wp-content\/uploads\/2022\/09\/2022-09-13_09-09-51___569.jpg?resize=350%2C200&ssl=1","width":350,"height":200,"srcset":"https:\/\/i0.wp.com\/www.grieta.org.mx\/wp-content\/uploads\/2022\/09\/2022-09-13_09-09-51___569.jpg?resize=350%2C200&ssl=1 1x, https:\/\/i0.wp.com\/www.grieta.org.mx\/wp-content\/uploads\/2022\/09\/2022-09-13_09-09-51___569.jpg?resize=525%2C300&ssl=1 1.5x, https:\/\/i0.wp.com\/www.grieta.org.mx\/wp-content\/uploads\/2022\/09\/2022-09-13_09-09-51___569.jpg?resize=700%2C400&ssl=1 2x"},"classes":[]},{"id":34034,"url":"https:\/\/www.grieta.org.mx\/index.php\/2019\/06\/01\/encuentran-en-fosa-mas-restos-humanos-tamaulipas\/","url_meta":{"origin":56607,"position":3},"title":"Encuentran en fosa m\u00e1s restos humanos (Tamaulipas)","author":"grieta","date":"1 junio, 2019","format":false,"excerpt":"Alejandro Echartea \/ El Ma\u00f1ana Es en G\u00fc\u00e9mez el hallazgo por familiares de desaparecidos Cd. Victoria, Tam.- Integrantes del Colectivo 10 de Marzo descubrieron una fosa clandestina en un rancho ubicado en el municipio de G\u00fc\u00e9mez, a tan solo 25 kil\u00f3metros al norte de esta capital, en donde probablemente se\u2026","rel":"","context":"En &quot;CINTILLO&quot;","block_context":{"text":"CINTILLO","link":"https:\/\/www.grieta.org.mx\/index.php\/category\/cintillo\/"},"img":{"alt_text":"","src":"https:\/\/i0.wp.com\/www.grieta.org.mx\/wp-content\/uploads\/2019\/06\/Encuentran-en-fosa-m%C3%A1s-restos-humanos-tama-jun.jpg?resize=350%2C200&ssl=1","width":350,"height":200,"srcset":"https:\/\/i0.wp.com\/www.grieta.org.mx\/wp-content\/uploads\/2019\/06\/Encuentran-en-fosa-m%C3%A1s-restos-humanos-tama-jun.jpg?resize=350%2C200&ssl=1 1x, https:\/\/i0.wp.com\/www.grieta.org.mx\/wp-content\/uploads\/2019\/06\/Encuentran-en-fosa-m%C3%A1s-restos-humanos-tama-jun.jpg?resize=525%2C300&ssl=1 1.5x"},"classes":[]},{"id":59563,"url":"https:\/\/www.grieta.org.mx\/index.php\/2021\/05\/20\/suman-90-bolsas-con-restos-humanos-en-fosa-clandestina-de-tonala-jalisco\/","url_meta":{"origin":56607,"position":4},"title":"Suman 90 bolsas con restos humanos en fosa clandestina de Tonal\u00e1 (Jalisco)","author":"grieta","date":"20 mayo, 2021","format":false,"excerpt":"Fotograf\u00eda: EFE Al menos\u00a090 bolsas con restos humanos fueron encontradas en una finca del municipio de Tonal\u00e1\u00a0en Jalisco donde se hallaron supuestamente los cuerpos de al menos 13 v\u00edctimas, inform\u00f3 la Fiscal\u00eda del Estado. \u201cEl avance de este predio es que han sido localizadas 90 bolsas con diversos restos humanos\u2026","rel":"","context":"En &quot;CINTILLO&quot;","block_context":{"text":"CINTILLO","link":"https:\/\/www.grieta.org.mx\/index.php\/category\/cintillo\/"},"img":{"alt_text":"","src":"https:\/\/i0.wp.com\/www.grieta.org.mx\/wp-content\/uploads\/2021\/05\/fosa-clandestina-en-Tonala-EFE-630x420-1.jpg?resize=350%2C200&ssl=1","width":350,"height":200,"srcset":"https:\/\/i0.wp.com\/www.grieta.org.mx\/wp-content\/uploads\/2021\/05\/fosa-clandestina-en-Tonala-EFE-630x420-1.jpg?resize=350%2C200&ssl=1 1x, https:\/\/i0.wp.com\/www.grieta.org.mx\/wp-content\/uploads\/2021\/05\/fosa-clandestina-en-Tonala-EFE-630x420-1.jpg?resize=525%2C300&ssl=1 1.5x"},"classes":[]},{"id":65811,"url":"https:\/\/www.grieta.org.mx\/index.php\/2022\/11\/21\/exhuman-287-cuerpos-de-40-fosas-clandestinas-en-jalisco\/","url_meta":{"origin":56607,"position":5},"title":"Exhuman 287 cuerpos de 40 fosas clandestinas en Jalisco","author":"grieta","date":"21 noviembre, 2022","format":false,"excerpt":"Imagen: Lauro Rodr\u00edguez Redacci\u00f3n \/ El Diario NTR De enero a octubre, fueron exhumados 287 cuerpos de 40 fosas clandestinas, ubicadas en distintos municipios de Jalisco. Esta cifra supera a los cad\u00e1veres recuperados en 2021, cuando se exhumaron 279 cuerpos de 23 fosas clandestinas, de acuerdo con los datos de\u2026","rel":"","context":"En &quot;CINTILLO&quot;","block_context":{"text":"CINTILLO","link":"https:\/\/www.grieta.org.mx\/index.php\/category\/cintillo\/"},"img":{"alt_text":"","src":"https:\/\/i0.wp.com\/www.grieta.org.mx\/wp-content\/uploads\/2022\/11\/2022-11-21_12-11-46___719.jpg?resize=350%2C200&ssl=1","width":350,"height":200,"srcset":"https:\/\/i0.wp.com\/www.grieta.org.mx\/wp-content\/uploads\/2022\/11\/2022-11-21_12-11-46___719.jpg?resize=350%2C200&ssl=1 1x, https:\/\/i0.wp.com\/www.grieta.org.mx\/wp-content\/uploads\/2022\/11\/2022-11-21_12-11-46___719.jpg?resize=525%2C300&ssl=1 1.5x, https:\/\/i0.wp.com\/www.grieta.org.mx\/wp-content\/uploads\/2022\/11\/2022-11-21_12-11-46___719.jpg?resize=700%2C400&ssl=1 2x"},"classes":[]}],"_links":{"self":[{"href":"https:\/\/www.grieta.org.mx\/index.php\/wp-json\/wp\/v2\/posts\/56607","targetHints":{"allow":["GET"]}}],"collection":[{"href":"https:\/\/www.grieta.org.mx\/index.php\/wp-json\/wp\/v2\/posts"}],"about":[{"href":"https:\/\/www.grieta.org.mx\/index.php\/wp-json\/wp\/v2\/types\/post"}],"author":[{"embeddable":true,"href":"https:\/\/www.grieta.org.mx\/index.php\/wp-json\/wp\/v2\/users\/2"}],"replies":[{"embeddable":true,"href":"https:\/\/www.grieta.org.mx\/index.php\/wp-json\/wp\/v2\/comments?post=56607"}],"version-history":[{"count":1,"href":"https:\/\/www.grieta.org.mx\/index.php\/wp-json\/wp\/v2\/posts\/56607\/revisions"}],"predecessor-version":[{"id":56609,"href":"https:\/\/www.grieta.org.mx\/index.php\/wp-json\/wp\/v2\/posts\/56607\/revisions\/56609"}],"wp:featuredmedia":[{"embeddable":true,"href":"https:\/\/www.grieta.org.mx\/index.php\/wp-json\/wp\/v2\/media\/56608"}],"wp:attachment":[{"href":"https:\/\/www.grieta.org.mx\/index.php\/wp-json\/wp\/v2\/media?parent=56607"}],"wp:term":[{"taxonomy":"category","embeddable":true,"href":"https:\/\/www.grieta.org.mx\/index.php\/wp-json\/wp\/v2\/categories?post=56607"},{"taxonomy":"post_tag","embeddable":true,"href":"https:\/\/www.grieta.org.mx\/index.php\/wp-json\/wp\/v2\/tags?post=56607"}],"curies":[{"name":"wp","href":"https:\/\/api.w.org\/{rel}","templated":true}]}}