{"id":56569,"date":"2021-01-29T20:59:19","date_gmt":"2021-01-30T02:59:19","guid":{"rendered":"http:\/\/www.grieta.org.mx\/?p=56569"},"modified":"2021-01-31T22:08:34","modified_gmt":"2021-02-01T04:08:34","slug":"la-salle-oaxaca-separa-a-dos-profesores-por-violencia-sexual-digital-contra-alumna","status":"publish","type":"post","link":"https:\/\/www.grieta.org.mx\/index.php\/2021\/01\/29\/la-salle-oaxaca-separa-a-dos-profesores-por-violencia-sexual-digital-contra-alumna\/","title":{"rendered":"La Salle Oaxaca separa a dos profesores por violencia sexual digital contra alumna"},"content":{"rendered":"<p>Proceso \/ Pedro Mat\u00edas.<\/p>\n<p>Los profesores se expresaron de manera despectiva y sexual de una alumna durante una clase en l\u00ednea y compartieron de manera accidental la pantalla de su conversaci\u00f3n de WhatsApp.<\/p>\n<p><img loading=\"lazy\" decoding=\"async\" data-attachment-id=\"56570\" data-permalink=\"https:\/\/www.grieta.org.mx\/index.php\/2021\/01\/29\/la-salle-oaxaca-separa-a-dos-profesores-por-violencia-sexual-digital-contra-alumna\/1-133\/\" data-orig-file=\"https:\/\/www.grieta.org.mx\/wp-content\/uploads\/2021\/01\/1-11.jpg\" data-orig-size=\"800,450\" data-comments-opened=\"0\" data-image-meta=\"{&quot;aperture&quot;:&quot;0&quot;,&quot;credit&quot;:&quot;&quot;,&quot;camera&quot;:&quot;&quot;,&quot;caption&quot;:&quot;&quot;,&quot;created_timestamp&quot;:&quot;0&quot;,&quot;copyright&quot;:&quot;&quot;,&quot;focal_length&quot;:&quot;0&quot;,&quot;iso&quot;:&quot;0&quot;,&quot;shutter_speed&quot;:&quot;0&quot;,&quot;title&quot;:&quot;&quot;,&quot;orientation&quot;:&quot;0&quot;}\" data-image-title=\"1\" data-image-description=\"\" data-image-caption=\"\" data-medium-file=\"https:\/\/www.grieta.org.mx\/wp-content\/uploads\/2021\/01\/1-11-300x169.jpg\" data-large-file=\"https:\/\/www.grieta.org.mx\/wp-content\/uploads\/2021\/01\/1-11.jpg\" class=\"alignnone wp-image-56570\" src=\"http:\/\/www.grieta.org.mx\/wp-content\/uploads\/2021\/01\/1-11.jpg\" alt=\"\" width=\"800\" height=\"450\" srcset=\"https:\/\/www.grieta.org.mx\/wp-content\/uploads\/2021\/01\/1-11.jpg 800w, https:\/\/www.grieta.org.mx\/wp-content\/uploads\/2021\/01\/1-11-300x169.jpg 300w, https:\/\/www.grieta.org.mx\/wp-content\/uploads\/2021\/01\/1-11-768x432.jpg 768w\" sizes=\"auto, (max-width: 800px) 100vw, 800px\" \/><\/p>\n<p>OAXACA, Oax. (apro).- La Universidad La Salle campus Oaxaca separ\u00f3 de sus cargos a dos profesores de la Licenciatura de Arquitectura al estar involucrados en un presunto acto de violencia sexual cibern\u00e9tico contra una alumna del s\u00e9ptimo semestre.<\/p>\n<p>Aunque el hecho ocurri\u00f3 el tres de septiembre de 2020, fue hasta ahora que el caso trascendi\u00f3, donde est\u00e1n involucrados los profesores V\u00edctor M. M.G. y Fernando V. C., quienes se expresaron de manera despectiva y sexual de una alumna durante una clase en l\u00ednea que compartieron de manera accidental la pantalla de su conversaci\u00f3n de WhatsApp.<\/p>\n<p>De acuerdo a la publicaci\u00f3n del El Universal, el alumnado envi\u00f3 un documento dirigido a las autoridades de la Universidad La Salle, donde cuestionan el actuar de los docentes por cosificar a la mujer con expresiones de manera despectiva y sexual.<\/p>\n<p>Explicaron que la clase estaba siendo grabada y aunque despu\u00e9s fue eliminada de la plataforma, al igual que la materia, sin embargo, los alumnos lograron guardar la evidencia del acoso sexual.<\/p>\n<p>\u201cLos hechos antes narrados encuadran en una situaci\u00f3n de violencia de g\u00e9nero y violencia sexual, toda vez que se desplegaron conductas de naturaleza sexual er\u00f3tica ofensivas e indeseadas hacia una de nuestras compa\u00f1eras\u201d, resalt\u00f3 el documento del alumnado.<\/p>\n<p>https:\/\/www.proceso.com.mx\/nacional\/estados\/2021\/1\/29\/la-salle-oaxaca-separa-dos-profesores-por-violencia-sexual-digital-contra-alumna-257313.html<\/p>\n","protected":false},"excerpt":{"rendered":"<p>Proceso \/ Pedro Mat\u00edas. Los profesores se expresaron de manera despectiva y sexual de una alumna durante una clase en l\u00ednea y compartieron de manera accidental la pantalla de su &hellip; <a href=\"https:\/\/www.grieta.org.mx\/index.php\/2021\/01\/29\/la-salle-oaxaca-separa-a-dos-profesores-por-violencia-sexual-digital-contra-alumna\/\" class=\"more-link\">Leer m\u00e1s<\/a><\/p>\n","protected":false},"author":2,"featured_media":56570,"comment_status":"closed","ping_status":"closed","sticky":false,"template":"","format":"standard","meta":{"ngg_post_thumbnail":0,"_jetpack_newsletter_access":"","_jetpack_dont_email_post_to_subs":false,"_jetpack_newsletter_tier_id":0,"_jetpack_memberships_contains_paywalled_content":false,"_jetpack_memberships_contains_paid_content":false,"footnotes":""},"categories":[80,3163,2,25,1665],"tags":[],"class_list":["post-56569","post","type-post","status-publish","format-standard","has-post-thumbnail","hentry","category-cintillo","category-la-lucha-de-las-mujeres-en-oaxaca","category-noticias-nacionales","category-oaxaca","category-violencia-contra-las-mujeres-en-oaxaca","entry"],"jetpack_featured_media_url":"https:\/\/www.grieta.org.mx\/wp-content\/uploads\/2021\/01\/1-11.jpg","jetpack_sharing_enabled":true,"jetpack_shortlink":"https:\/\/wp.me\/p7ZJR4-eIp","jetpack_likes_enabled":false,"jetpack-related-posts":[{"id":56914,"url":"https:\/\/www.grieta.org.mx\/index.php\/2021\/02\/09\/ni-la-pandemia-frena-violencia-feminicida-en-oaxaca-son-329-casos-en-el-gobierno-de-murat-consorcio\/","url_meta":{"origin":56569,"position":0},"title":"Ni la pandemia frena violencia feminicida en Oaxaca; son 329 casos en el gobierno de Murat: Consorcio","author":"grieta","date":"9 febrero, 2021","format":false,"excerpt":"P\u00e1gina 3 \/ Pedro Mat\u00edas. OAXACA, Oax.- La violencia sexual y feminicida contra las mujeres, particularmente contra estudiantes durante la pandemia no se detiene, por el contrario, sigue sucediendo tanto en espacios p\u00fablicos como cibern\u00e9ticos, denunci\u00f3 Consorcio para el Di\u00e1logo Parlamentario y Equidad. Para resaltar su dicho mencionaron los recientes\u2026","rel":"","context":"En &quot;CINTILLO&quot;","block_context":{"text":"CINTILLO","link":"https:\/\/www.grieta.org.mx\/index.php\/category\/cintillo\/"},"img":{"alt_text":"","src":"https:\/\/i0.wp.com\/www.grieta.org.mx\/wp-content\/uploads\/2021\/02\/1.jpeg?resize=350%2C200&ssl=1","width":350,"height":200,"srcset":"https:\/\/i0.wp.com\/www.grieta.org.mx\/wp-content\/uploads\/2021\/02\/1.jpeg?resize=350%2C200&ssl=1 1x, https:\/\/i0.wp.com\/www.grieta.org.mx\/wp-content\/uploads\/2021\/02\/1.jpeg?resize=525%2C300&ssl=1 1.5x, https:\/\/i0.wp.com\/www.grieta.org.mx\/wp-content\/uploads\/2021\/02\/1.jpeg?resize=700%2C400&ssl=1 2x"},"classes":[]},{"id":46101,"url":"https:\/\/www.grieta.org.mx\/index.php\/2020\/03\/10\/denuncian-acoso-sexual-y-hostigamiento-en-la-universidad-del-istmo-oaxaca\/","url_meta":{"origin":56569,"position":1},"title":"Denuncian acoso sexual y hostigamiento en la Universidad del Istmo (Oaxaca)","author":"grieta","date":"10 marzo, 2020","format":false,"excerpt":"P\u00e1gina 3 \/ Diana Manzo. Denuncian acoso sexual y hostigamiento en la Universidad del Istmo. Foto: Diana Manzo. Juchit\u00e1n, Oax., (pagina3.mx).- Profesoras y estudiantes de la Universidad del Istmo campus Ciudad Ixtepec denuncian acoso de tres profesores de la licenciatura de Derecho. Ello, porque ejercen violencia sexual y hostigamiento desde\u2026","rel":"","context":"En &quot;CINTILLO&quot;","block_context":{"text":"CINTILLO","link":"https:\/\/www.grieta.org.mx\/index.php\/category\/cintillo\/"},"img":{"alt_text":"","src":"https:\/\/i0.wp.com\/www.grieta.org.mx\/wp-content\/uploads\/2020\/03\/Denuncian-acoso-sexual-y-hostigamiento-en-la-Universidad-del-Istmo-1-696x350.jpeg?resize=350%2C200&ssl=1","width":350,"height":200,"srcset":"https:\/\/i0.wp.com\/www.grieta.org.mx\/wp-content\/uploads\/2020\/03\/Denuncian-acoso-sexual-y-hostigamiento-en-la-Universidad-del-Istmo-1-696x350.jpeg?resize=350%2C200&ssl=1 1x, https:\/\/i0.wp.com\/www.grieta.org.mx\/wp-content\/uploads\/2020\/03\/Denuncian-acoso-sexual-y-hostigamiento-en-la-Universidad-del-Istmo-1-696x350.jpeg?resize=525%2C300&ssl=1 1.5x"},"classes":[]},{"id":57738,"url":"https:\/\/www.grieta.org.mx\/index.php\/2021\/02\/24\/a-proceso-un-profesor-de-la-unistmo-de-ixtepec-oaxaca-acusado-de-abusar-de-una-alumna\/","url_meta":{"origin":56569,"position":2},"title":"A proceso un profesor de la Unistmo de Ixtepec, Oaxaca, acusado de abusar de una alumna","author":"grieta","date":"24 febrero, 2021","format":false,"excerpt":"Proceso \/ Pedro Mat\u00edas. De acuerdo con la investigaci\u00f3n, en distintas fechas de los meses de septiembre y octubre de 2019, la joven universitaria fue v\u00edctima de abuso sexual probablemente por el imputado. Una de la sedes de la Unistmo:@UNISTMO-SUNEO OAXACA, Oax. (apro).- La Fiscal\u00eda General confirm\u00f3 la detenci\u00f3n y\u2026","rel":"","context":"En &quot;CINTILLO&quot;","block_context":{"text":"CINTILLO","link":"https:\/\/www.grieta.org.mx\/index.php\/category\/cintillo\/"},"img":{"alt_text":"","src":"https:\/\/i0.wp.com\/www.grieta.org.mx\/wp-content\/uploads\/2021\/03\/R.jpg?resize=350%2C200&ssl=1","width":350,"height":200,"srcset":"https:\/\/i0.wp.com\/www.grieta.org.mx\/wp-content\/uploads\/2021\/03\/R.jpg?resize=350%2C200&ssl=1 1x, https:\/\/i0.wp.com\/www.grieta.org.mx\/wp-content\/uploads\/2021\/03\/R.jpg?resize=525%2C300&ssl=1 1.5x, https:\/\/i0.wp.com\/www.grieta.org.mx\/wp-content\/uploads\/2021\/03\/R.jpg?resize=700%2C400&ssl=1 2x"},"classes":[]},{"id":46438,"url":"https:\/\/www.grieta.org.mx\/index.php\/2020\/03\/19\/por-acoso-exhiben-a-profesores-de-medicina-oaxaca\/","url_meta":{"origin":56569,"position":3},"title":"Por acoso exhiben a profesores de Medicina (Oaxaca)","author":"grieta","date":"19 marzo, 2020","format":false,"excerpt":"Noticias \/ Nadia Altamirano. Los se\u00f1alamientos p\u00fablicos por agresiones sexuales de parte de profesores aparecieron ayer en la Facultad de Medicina y Cirug\u00eda de la Universidad Aut\u00f3noma Benito Ju\u00e1rez de Oaxaca (UABJO) en forma de tendederos. Kira, una de las universitarias que ayud\u00f3 a colgar un centenar de hojas en\u2026","rel":"","context":"En &quot;CINTILLO&quot;","block_context":{"text":"CINTILLO","link":"https:\/\/www.grieta.org.mx\/index.php\/category\/cintillo\/"},"img":{"alt_text":"","src":"https:\/\/i0.wp.com\/www.grieta.org.mx\/wp-content\/uploads\/2020\/03\/copia_de_foto_para_nota_principal_16.jpg?resize=350%2C200&ssl=1","width":350,"height":200,"srcset":"https:\/\/i0.wp.com\/www.grieta.org.mx\/wp-content\/uploads\/2020\/03\/copia_de_foto_para_nota_principal_16.jpg?resize=350%2C200&ssl=1 1x, https:\/\/i0.wp.com\/www.grieta.org.mx\/wp-content\/uploads\/2020\/03\/copia_de_foto_para_nota_principal_16.jpg?resize=525%2C300&ssl=1 1.5x, https:\/\/i0.wp.com\/www.grieta.org.mx\/wp-content\/uploads\/2020\/03\/copia_de_foto_para_nota_principal_16.jpg?resize=700%2C400&ssl=1 2x, https:\/\/i0.wp.com\/www.grieta.org.mx\/wp-content\/uploads\/2020\/03\/copia_de_foto_para_nota_principal_16.jpg?resize=1050%2C600&ssl=1 3x"},"classes":[]},{"id":57745,"url":"https:\/\/www.grieta.org.mx\/index.php\/2021\/03\/17\/oaxaca-universitaria-denuncia-a-tres-profesores-por-hostigamiento-acoso-e-insinuaciones-sexuales\/","url_meta":{"origin":56569,"position":4},"title":"Oaxaca: Universitaria denuncia a tres profesores por hostigamiento, acoso e insinuaciones sexuales","author":"grieta","date":"17 marzo, 2021","format":false,"excerpt":"Proceso \/ Pedro Mat\u00edas. Universidad Tecnol\u00f3gica de los Valles Centrales de Oaxaca. Foto: especial OAXACA, Oax. (apro).- Mediante una denuncia an\u00f3nima, \u201cpor miedo a ser silenciada y juzgada por las personas involucradas\u201d, una estudiante de la Universidad Tecnol\u00f3gica de los Valles Centrales de Oaxaca (UTVCO) denunci\u00f3 a tres profesores por\u2026","rel":"","context":"En &quot;CINTILLO&quot;","block_context":{"text":"CINTILLO","link":"https:\/\/www.grieta.org.mx\/index.php\/category\/cintillo\/"},"img":{"alt_text":"","src":"https:\/\/i0.wp.com\/www.grieta.org.mx\/wp-content\/uploads\/2021\/03\/xxx.jpeg?resize=350%2C200&ssl=1","width":350,"height":200,"srcset":"https:\/\/i0.wp.com\/www.grieta.org.mx\/wp-content\/uploads\/2021\/03\/xxx.jpeg?resize=350%2C200&ssl=1 1x, https:\/\/i0.wp.com\/www.grieta.org.mx\/wp-content\/uploads\/2021\/03\/xxx.jpeg?resize=525%2C300&ssl=1 1.5x, https:\/\/i0.wp.com\/www.grieta.org.mx\/wp-content\/uploads\/2021\/03\/xxx.jpeg?resize=700%2C400&ssl=1 2x"},"classes":[]},{"id":51476,"url":"https:\/\/www.grieta.org.mx\/index.php\/2020\/06\/30\/se-agrava-pandemia-de-violencia-feminicida-en-oaxaca-matan-y-queman-a-alumna-de-cobao-y-a-su-hijo\/","url_meta":{"origin":56569,"position":5},"title":"Se agrava pandemia de violencia feminicida en Oaxaca; matan y queman a alumna de Cobao y a su hijo","author":"grieta","date":"30 junio, 2020","format":false,"excerpt":"P\u00e1gina 3 \/ Pedro Mat\u00edas. - Suman 443 mujeres asesinadas en el sexenio de Murat; van 60 solo en el 2020 - Congreso pide a Fiscal investigaci\u00f3n expedita en este feminicidio e infanticidio OAXACA, Oax.- La pandemia de la violencia feminicida se agrava en Oaxaca con el caso de una\u2026","rel":"","context":"En &quot;CINTILLO&quot;","block_context":{"text":"CINTILLO","link":"https:\/\/www.grieta.org.mx\/index.php\/category\/cintillo\/"},"img":{"alt_text":"","src":"https:\/\/i0.wp.com\/www.grieta.org.mx\/wp-content\/uploads\/2020\/06\/A-3.jpg?resize=350%2C200&ssl=1","width":350,"height":200},"classes":[]}],"_links":{"self":[{"href":"https:\/\/www.grieta.org.mx\/index.php\/wp-json\/wp\/v2\/posts\/56569","targetHints":{"allow":["GET"]}}],"collection":[{"href":"https:\/\/www.grieta.org.mx\/index.php\/wp-json\/wp\/v2\/posts"}],"about":[{"href":"https:\/\/www.grieta.org.mx\/index.php\/wp-json\/wp\/v2\/types\/post"}],"author":[{"embeddable":true,"href":"https:\/\/www.grieta.org.mx\/index.php\/wp-json\/wp\/v2\/users\/2"}],"replies":[{"embeddable":true,"href":"https:\/\/www.grieta.org.mx\/index.php\/wp-json\/wp\/v2\/comments?post=56569"}],"version-history":[{"count":1,"href":"https:\/\/www.grieta.org.mx\/index.php\/wp-json\/wp\/v2\/posts\/56569\/revisions"}],"predecessor-version":[{"id":56578,"href":"https:\/\/www.grieta.org.mx\/index.php\/wp-json\/wp\/v2\/posts\/56569\/revisions\/56578"}],"wp:featuredmedia":[{"embeddable":true,"href":"https:\/\/www.grieta.org.mx\/index.php\/wp-json\/wp\/v2\/media\/56570"}],"wp:attachment":[{"href":"https:\/\/www.grieta.org.mx\/index.php\/wp-json\/wp\/v2\/media?parent=56569"}],"wp:term":[{"taxonomy":"category","embeddable":true,"href":"https:\/\/www.grieta.org.mx\/index.php\/wp-json\/wp\/v2\/categories?post=56569"},{"taxonomy":"post_tag","embeddable":true,"href":"https:\/\/www.grieta.org.mx\/index.php\/wp-json\/wp\/v2\/tags?post=56569"}],"curies":[{"name":"wp","href":"https:\/\/api.w.org\/{rel}","templated":true}]}}