{"id":56476,"date":"2021-01-16T10:59:00","date_gmt":"2021-01-16T16:59:00","guid":{"rendered":"http:\/\/www.grieta.org.mx\/?p=56476"},"modified":"2021-01-29T11:18:23","modified_gmt":"2021-01-29T17:18:23","slug":"no-se-olviden-de-mi-hija-justicia-para-isabel-cabanillas-chihuahua","status":"publish","type":"post","link":"https:\/\/www.grieta.org.mx\/index.php\/2021\/01\/16\/no-se-olviden-de-mi-hija-justicia-para-isabel-cabanillas-chihuahua\/","title":{"rendered":"\u2018No se olviden de mi hija\u2019, justicia para Isabel Cabanillas (Chihuahua)"},"content":{"rendered":"<div id=\"post-feat-img\" class=\"left relative\">\n<p><img loading=\"lazy\" decoding=\"async\" class=\"attachment- size- wp-post-image\" src=\"https:\/\/laverdadjuarez.com\/wp-content\/uploads\/2021\/01\/AF-ISABELCAB_01ANIV-001A-scaled.jpg\" sizes=\"auto, (max-width: 2560px) 100vw, 2560px\" srcset=\"https:\/\/laverdadjuarez.com\/wp-content\/uploads\/2021\/01\/AF-ISABELCAB_01ANIV-001A-scaled.jpg 2560w, https:\/\/laverdadjuarez.com\/wp-content\/uploads\/2021\/01\/AF-ISABELCAB_01ANIV-001A-300x200.jpg 300w, https:\/\/laverdadjuarez.com\/wp-content\/uploads\/2021\/01\/AF-ISABELCAB_01ANIV-001A-1024x683.jpg 1024w, https:\/\/laverdadjuarez.com\/wp-content\/uploads\/2021\/01\/AF-ISABELCAB_01ANIV-001A-768x512.jpg 768w, https:\/\/laverdadjuarez.com\/wp-content\/uploads\/2021\/01\/AF-ISABELCAB_01ANIV-001A-1536x1024.jpg 1536w, https:\/\/laverdadjuarez.com\/wp-content\/uploads\/2021\/01\/AF-ISABELCAB_01ANIV-001A-2048x1365.jpg 2048w\" alt=\"\" width=\"803\" height=\"536\" \/><\/p>\n<div class=\"post-feat-text\"><span class=\"feat-caption\">REINA DE LA TORRE, LA MAM\u00c1 DE ISABEL, DURANTE LA CAMINATA Y RODADA REALIZADA LA MADRUGADA DE ESTE LUNES, POR EL \u00daLTIMO RECORRIDO QUE HIZO SU HIJA. FOTOGRAF\u00cdA: ALICIA FERN\u00c1NDEZ<\/span><\/div>\n<\/div>\n<div id=\"content-area\" class=\"post-17961 post type-post status-publish format-standard has-post-thumbnail hentry category-juarez category-justicia tag-ciudad-juarez tag-isabel-cabanillas tag-justicia tag-portada\">\n<div class=\"post-cont-out\">\n<div class=\"post-cont-in\">\n<div id=\"content-main\" class=\"left relative\">\n<section class=\"social-sharing-top\">\n<div><\/div>\n<div class=\"facebook-share\"><strong>KAREN CANO<\/strong>\u00a0\/\u00a0LA VERDAD<\/div>\n<\/section>\n<p>Ciudad Ju\u00e1rez\u2013\u00a0A Isabel Cabanillas De la Torre, defensora de derechos humanos, mam\u00e1 y artista pl\u00e1stica juarense, la mataron hace un a\u00f1o. Su caso sigue sin justicia.<\/p>\n<p>Reina De la Torre, la mam\u00e1 de Isabel, teme que las autoridades se olviden de esclarecer el homicidio de su hija, quien recibi\u00f3 dos impactos de bala en la colonia Centro, donde su cuerpo se localiz\u00f3 la madrugada del 18 de enero de 2020.<\/p>\n<p>\u201cNo tienen l\u00ednea de investigaci\u00f3n todav\u00eda, todav\u00eda siguen recabando datos\u201d, lamenta la mujer, al comentar sobre los informes que recibi\u00f3 hace unos d\u00edas de las autoridades.<\/p>\n<p>El homicidio de Isabel, de 25 a\u00f1os, volvi\u00f3 a movilizar este domingo a sus compa\u00f1eras y compa\u00f1eros de lucha, quienes otra vez salieron a las calles de la zona centro para reclamar por su asesinato, exigir justicia y realizar pintas de cruces rosas \u2013s\u00edmbolo utilizado por familiares de las v\u00edctimas de feminicidio\u2013 en lugar donde se localiz\u00f3 su cuerpo.<\/p>\n<p>Su mam\u00e1 dice que esta agradecida de que no se han olvidado de Isabel y que mantengan la exigencia de justicia.<\/p>\n<p>\u201cEn M\u00e9xico, si se olvidan del caso, se olvidan de ella, se olvidan de investigar, el que estas muchachas est\u00e9n ah\u00ed, yo no tengo m\u00e1s que agradecerles\u201d, expresa Reina De la Torre, quien asegura que se sumar\u00e1 a las acciones de protesta que este d\u00eda las colectivas llevar\u00e1n a cabo en memoria de su hija.<\/p>\n<p>\u201cEllas en su lucha de un modo y yo en la m\u00eda de otro modo, pero con el mismo fin de esclarecer el caso de Isabel\u201d, a\u00f1ade.<\/p>\n<figure class=\"wp-block-image size-large\"><img loading=\"lazy\" decoding=\"async\" class=\"wp-image-8894\" src=\"https:\/\/laverdadjuarez.com\/wp-content\/uploads\/2020\/01\/Foto-Isabel-Cabanillas-sonriente--1024x720.jpg\" sizes=\"auto, (max-width: 1024px) 100vw, 1024px\" srcset=\"https:\/\/laverdadjuarez.com\/wp-content\/uploads\/2020\/01\/Foto-Isabel-Cabanillas-sonriente--1024x720.jpg 1024w, https:\/\/laverdadjuarez.com\/wp-content\/uploads\/2020\/01\/Foto-Isabel-Cabanillas-sonriente--300x211.jpg 300w, https:\/\/laverdadjuarez.com\/wp-content\/uploads\/2020\/01\/Foto-Isabel-Cabanillas-sonriente--768x540.jpg 768w, https:\/\/laverdadjuarez.com\/wp-content\/uploads\/2020\/01\/Foto-Isabel-Cabanillas-sonriente-.jpg 1415w\" alt=\"\" width=\"787\" height=\"554\" \/><figcaption>Isabel Cabanillas \/ Archivo<\/figcaption><\/figure>\n<div class=\"wp-block-image\">\n<figure class=\"aligncenter size-large\"><img loading=\"lazy\" decoding=\"async\" class=\"wp-image-17980\" src=\"https:\/\/laverdadjuarez.com\/wp-content\/uploads\/2021\/01\/Isabel-Cabanillas-vive.jpeg\" sizes=\"auto, (max-width: 1024px) 100vw, 1024px\" srcset=\"https:\/\/laverdadjuarez.com\/wp-content\/uploads\/2021\/01\/Isabel-Cabanillas-vive.jpeg 1024w, https:\/\/laverdadjuarez.com\/wp-content\/uploads\/2021\/01\/Isabel-Cabanillas-vive-300x225.jpeg 300w, https:\/\/laverdadjuarez.com\/wp-content\/uploads\/2021\/01\/Isabel-Cabanillas-vive-768x576.jpeg 768w\" alt=\"\" width=\"805\" height=\"604\" \/><figcaption><em>Fotograf\u00eda: Gabriela Minj\u00e1res<\/em><\/figcaption><\/figure>\n<\/div>\n<p>Por una nota period\u00edstica Reina se enter\u00f3 que las autoridades iban a preparar un informe del asesinato de su hija, pero asegura que cuando ella pregunt\u00f3 le respondieron que no hay nada, \u201cno lo van a dar\u201d.<\/p>\n<p>Se refiere a declaraciones que el pasado 13 de enero realiz\u00f3 el fiscal del Distrito Zona Norte, Jorge Arnaldo Nava L\u00f3pez, quien al ser cuestionado sobre este caso dijo en conferencia de prensa que la Fiscal\u00eda Especializada en Delitos contra la Mujer (FEM)\u00a0\u2013 quien investiga el asesinato\u2013 preparaba un reporte para dar a conocer avances del asesinato de Isabel<strong>.<\/strong><\/p>\n<p>Sin embargo, la FEM de Chihuahua a\u00fan no presenta avances del caso, ni siquiera a los familiares de la v\u00edctima.<\/p>\n<div class=\"wp-block-image\">\n<figure class=\"aligncenter size-large\"><img loading=\"lazy\" decoding=\"async\" data-attachment-id=\"17963\" data-permalink=\"https:\/\/www.grieta.org.mx\/index.php\/2016\/07\/26\/explotacion-geotermica-de-la-primavera-un-peligro-inminente\/a4-2\/\" data-orig-file=\"https:\/\/www.grieta.org.mx\/wp-content\/uploads\/2016\/07\/A4.jpg\" data-orig-size=\"620,354\" data-comments-opened=\"0\" data-image-meta=\"{&quot;aperture&quot;:&quot;0&quot;,&quot;credit&quot;:&quot;&quot;,&quot;camera&quot;:&quot;&quot;,&quot;caption&quot;:&quot;&quot;,&quot;created_timestamp&quot;:&quot;0&quot;,&quot;copyright&quot;:&quot;&quot;,&quot;focal_length&quot;:&quot;0&quot;,&quot;iso&quot;:&quot;0&quot;,&quot;shutter_speed&quot;:&quot;0&quot;,&quot;title&quot;:&quot;&quot;,&quot;orientation&quot;:&quot;0&quot;}\" data-image-title=\"A4\" data-image-description=\"\" data-image-caption=\"\" data-medium-file=\"https:\/\/www.grieta.org.mx\/wp-content\/uploads\/2016\/07\/A4-300x171.jpg\" data-large-file=\"https:\/\/www.grieta.org.mx\/wp-content\/uploads\/2016\/07\/A4.jpg\" class=\"wp-image-17963\" src=\"https:\/\/laverdadjuarez.com\/wp-content\/uploads\/2021\/01\/Isabel-Cabanillas-01_Karen-Cano_LaVerdad-1024x768.jpg\" sizes=\"auto, (max-width: 1024px) 100vw, 1024px\" srcset=\"https:\/\/laverdadjuarez.com\/wp-content\/uploads\/2021\/01\/Isabel-Cabanillas-01_Karen-Cano_LaVerdad-1024x768.jpg 1024w, https:\/\/laverdadjuarez.com\/wp-content\/uploads\/2021\/01\/Isabel-Cabanillas-01_Karen-Cano_LaVerdad-300x225.jpg 300w, https:\/\/laverdadjuarez.com\/wp-content\/uploads\/2021\/01\/Isabel-Cabanillas-01_Karen-Cano_LaVerdad-768x576.jpg 768w, https:\/\/laverdadjuarez.com\/wp-content\/uploads\/2021\/01\/Isabel-Cabanillas-01_Karen-Cano_LaVerdad-1536x1152.jpg 1536w, https:\/\/laverdadjuarez.com\/wp-content\/uploads\/2021\/01\/Isabel-Cabanillas-01_Karen-Cano_LaVerdad-2048x1536.jpg 2048w\" alt=\"\" width=\"802\" height=\"602\" \/><figcaption><em>Una cruz con su nombre y una veladora se encuentra en el lugar donde se localiz\u00f3 el cuerpo de Isabel, en la calle Inocente Ochoa, en la colonia Centro. Fotograf\u00edas: Karen Cano<\/em><\/figcaption><\/figure>\n<\/div>\n<div class=\"wp-block-image\">\n<figure class=\"aligncenter size-large\"><img loading=\"lazy\" decoding=\"async\" class=\"wp-image-17965\" src=\"https:\/\/laverdadjuarez.com\/wp-content\/uploads\/2021\/01\/Isabel-Cabanillas-05_Karen-Cano_LaVerdad-1024x768.jpg\" sizes=\"auto, (max-width: 1024px) 100vw, 1024px\" srcset=\"https:\/\/laverdadjuarez.com\/wp-content\/uploads\/2021\/01\/Isabel-Cabanillas-05_Karen-Cano_LaVerdad-1024x768.jpg 1024w, https:\/\/laverdadjuarez.com\/wp-content\/uploads\/2021\/01\/Isabel-Cabanillas-05_Karen-Cano_LaVerdad-300x225.jpg 300w, https:\/\/laverdadjuarez.com\/wp-content\/uploads\/2021\/01\/Isabel-Cabanillas-05_Karen-Cano_LaVerdad-768x576.jpg 768w, https:\/\/laverdadjuarez.com\/wp-content\/uploads\/2021\/01\/Isabel-Cabanillas-05_Karen-Cano_LaVerdad-1536x1152.jpg 1536w, https:\/\/laverdadjuarez.com\/wp-content\/uploads\/2021\/01\/Isabel-Cabanillas-05_Karen-Cano_LaVerdad-2048x1536.jpg 2048w\" alt=\"\" width=\"795\" height=\"597\" \/><\/figure>\n<\/div>\n<p>&nbsp;<\/p>\n<h2 class=\"has-text-align-center\"><strong>INJUSTICIA Y SIMULACI\u00d3N<\/strong><\/h2>\n<p>El 18 de enero del a\u00f1o 2020, el cuerpo de Isabel, de 25 a\u00f1os, fue encontrado sobre la banqueta de la calle Inocente Ochoa, casi esquina con Francisco I. Madero, de la colonia Centro, a un lado de la bicicleta que ella utilizaba cotidianamente para trasportarse, similar a la que en su memoria fue colocada en un poste de ese lugar.<\/p>\n<p>La activista contra los feminicidios dej\u00f3 en la orfandad a un ni\u00f1o de 3 a\u00f1os, que actualmente se encuentra bajo la tutela de su pap\u00e1.<\/p>\n<p>Nueve d\u00edas despu\u00e9s del homicidio, el gobernador del estado, Javier Corral Jurado, asegur\u00f3 que hab\u00eda l\u00edneas de investigaci\u00f3n s\u00f3lidas de este caso y habl\u00f3 sobre un video. Pero hasta la fecha no se han informado de las indagatorias ni tampoco se ha detenido a nadie.<\/p>\n<p>\u201cEl proceso ha sido una simulaci\u00f3n\u201d, dice \u2018Mercuria P\u00e9rez\u2019, de\u00a0<a href=\"https:\/\/www.facebook.com\/HijasdesuMakileraMadre\">Hijas de su Maquilera Madre<\/a>, un colectivo de mujeres contra el feminicidio, la desaparici\u00f3n forzada y la trata de personas.<\/p>\n<p>La mujer, que pide mantener en resguardo su identidad, menciona que a los d\u00edas del asesinato las autoridades hicieron entrevistas y testificaciones que andaban rondando en un mismo c\u00edrculo de personas, sin llegar m\u00e1s all\u00e1.<\/p>\n<p>\u201cTen\u00edan una evidencia de un video de c\u00e1maras, que les ense\u00f1aron capturas a los padres de Isabel y les dicen que son de muy mala calidad y no se alcanza a distinguir nada, lo \u00faltimo que hemos sabido es que dicen que es un caso muy complicado que no saben por d\u00f3nde comenzar a tirar una l\u00ednea de investigaci\u00f3n\u201d, a\u00f1ade.<\/p>\n<figure class=\"wp-block-image size-large\"><img loading=\"lazy\" decoding=\"async\" data-attachment-id=\"17964\" data-permalink=\"https:\/\/www.grieta.org.mx\/index.php\/2016\/07\/26\/explotacion-geotermica-de-la-primavera-un-peligro-inminente\/a5-2\/\" data-orig-file=\"https:\/\/www.grieta.org.mx\/wp-content\/uploads\/2016\/07\/A5.jpg\" data-orig-size=\"620,354\" data-comments-opened=\"0\" data-image-meta=\"{&quot;aperture&quot;:&quot;0&quot;,&quot;credit&quot;:&quot;&quot;,&quot;camera&quot;:&quot;&quot;,&quot;caption&quot;:&quot;&quot;,&quot;created_timestamp&quot;:&quot;0&quot;,&quot;copyright&quot;:&quot;&quot;,&quot;focal_length&quot;:&quot;0&quot;,&quot;iso&quot;:&quot;0&quot;,&quot;shutter_speed&quot;:&quot;0&quot;,&quot;title&quot;:&quot;&quot;,&quot;orientation&quot;:&quot;0&quot;}\" data-image-title=\"A5\" data-image-description=\"\" data-image-caption=\"&lt;p&gt;Aspecto general del pozo PR-11, \u00fanico que cuenta con un estanque en donde se libera la concentraci\u00f3n de gas.&lt;\/p&gt;\n\" data-medium-file=\"https:\/\/www.grieta.org.mx\/wp-content\/uploads\/2016\/07\/A5-300x171.jpg\" data-large-file=\"https:\/\/www.grieta.org.mx\/wp-content\/uploads\/2016\/07\/A5.jpg\" class=\"wp-image-17964\" src=\"https:\/\/laverdadjuarez.com\/wp-content\/uploads\/2021\/01\/Isabel-Cabanillas-02_Karen-Cano_LaVerdad-1024x768.jpg\" sizes=\"auto, (max-width: 1024px) 100vw, 1024px\" srcset=\"https:\/\/laverdadjuarez.com\/wp-content\/uploads\/2021\/01\/Isabel-Cabanillas-02_Karen-Cano_LaVerdad-1024x768.jpg 1024w, https:\/\/laverdadjuarez.com\/wp-content\/uploads\/2021\/01\/Isabel-Cabanillas-02_Karen-Cano_LaVerdad-300x225.jpg 300w, https:\/\/laverdadjuarez.com\/wp-content\/uploads\/2021\/01\/Isabel-Cabanillas-02_Karen-Cano_LaVerdad-768x576.jpg 768w, https:\/\/laverdadjuarez.com\/wp-content\/uploads\/2021\/01\/Isabel-Cabanillas-02_Karen-Cano_LaVerdad-1536x1152.jpg 1536w, https:\/\/laverdadjuarez.com\/wp-content\/uploads\/2021\/01\/Isabel-Cabanillas-02_Karen-Cano_LaVerdad-2048x1536.jpg 2048w\" alt=\"\" width=\"799\" height=\"600\" \/><figcaption><em>Fotograf\u00eda: Karen Cano<\/em><\/figcaption><\/figure>\n<p>&nbsp;<\/p>\n<p>Hasta diciembre de 2019 Cabanillas form\u00f3 parte del Observatorio Ciudadano Especializado en G\u00e9nero de la Red Mesa de Mujeres, donde se lleva a cabo un monitoreo del desempe\u00f1o de los jueces, fiscales y defensores de oficio a partir de delitos por razones de g\u00e9nero. Tambi\u00e9n se da seguimiento a los homicidios de mujeres.<\/p>\n<p>El caso de Isabel fue uno de los 190 asesinatos de mujeres que se registraron en el 2020, de acuerdo con datos de la Fiscal\u00eda General del Estado de Chihuahua. Una cantidad superior a la reportada en el 2019, cuando se registraron 180.<\/p>\n<p>Imelda Marrufo Nava, abogada y activista de la\u00a0<a href=\"http:\/\/www.mesademujeresjuarez.org\/\">Red Mesa de Mujeres<\/a>, comenta que esos casos se encuentran acumulados y sin resoluci\u00f3n.<\/p>\n<p>\u201cVimos reflejado un incremento de violencia contra las mujeres desde el 2015, (\u2026) Hay una debilidad institucional muy fuerte, las instituciones no est\u00e1n a la altura del fortalecimiento que se requiere para poder hacer un trabajo con mayor celeridad y al nivel de la demanda\u201d, apunta.<\/p>\n<p>Esto debido a que no existen la cantidad suficientes de agentes ministeriales y de investigaci\u00f3n para la cantidad de delitos que se comenten en la ciudad, dice, haciendo que los casos se acumulen, incluso tambi\u00e9n hay rezagos en esta materia ya no s\u00f3lo del 2020, sino del 2019 y hasta anteriores.<\/p>\n<p>\u201cAunque hubo un incremento (de agentes) la cantidad sigue muy baja y el presupuesto se recort\u00f3 para este 2021 a todas las \u00e1reas administrativas y esto pega duro a las \u00e1reas de justicia\u201d, afirma.<\/p>\n<p>A este panorama, se debe agregar la pandemia que atraves\u00f3 el a\u00f1o 2020, el cual gener\u00f3 retrasos en todas las \u00e1reas de investigaci\u00f3n, comenta.<\/p>\n<p>\u201cLa gran parte de los agentes de investigaci\u00f3n se contagi\u00f3 de manera escalonada, todos los agentes y ministeriales estuvieron contagiados y eso ocurri\u00f3, porque en varias reuniones que acompa\u00f1amos tuvimos reuniones v\u00eda remota, y algunos ah\u00ed estuvieron bien comprometidos, pero eso nos retras\u00f3 en cuanto a investigaciones\u201d, relata.<\/p>\n<p>Adem\u00e1s, apunta, mucho recurso que ser\u00eda destinado en la adquisici\u00f3n de equipamiento no se concret\u00f3 debido a que se tuvo que cumplir con otras necesidades presupuestales derivadas de la misma contingencia.<\/p>\n<p>En medio del aumento de casos y su rezago, la pandemia, y la falta de personal, la fiscal\u00eda enfrenta una crisis, manifiesta.<\/p>\n<p>\u201cEstamos en una situaci\u00f3n cr\u00edtica, no como antes del 2010, pero s\u00ed la pandemia y la situaci\u00f3n de insuficiencia presupuestaria es algo muy grave\u201d, dice.<\/p>\n<div class=\"wp-block-image\">\n<figure class=\"aligncenter size-large\"><img loading=\"lazy\" decoding=\"async\" data-attachment-id=\"17966\" data-permalink=\"https:\/\/www.grieta.org.mx\/index.php\/2016\/07\/26\/explotacion-geotermica-de-la-primavera-un-peligro-inminente\/a6-2\/\" data-orig-file=\"https:\/\/www.grieta.org.mx\/wp-content\/uploads\/2016\/07\/A6.jpg\" data-orig-size=\"620,354\" data-comments-opened=\"0\" data-image-meta=\"{&quot;aperture&quot;:&quot;0&quot;,&quot;credit&quot;:&quot;&quot;,&quot;camera&quot;:&quot;&quot;,&quot;caption&quot;:&quot;&quot;,&quot;created_timestamp&quot;:&quot;0&quot;,&quot;copyright&quot;:&quot;&quot;,&quot;focal_length&quot;:&quot;0&quot;,&quot;iso&quot;:&quot;0&quot;,&quot;shutter_speed&quot;:&quot;0&quot;,&quot;title&quot;:&quot;&quot;,&quot;orientation&quot;:&quot;0&quot;}\" data-image-title=\"A6\" data-image-description=\"\" data-image-caption=\"&lt;p&gt;Detalle del pozo PR-11, por el que se libera la concentraci\u00f3n de gas.&lt;\/p&gt;\n\" data-medium-file=\"https:\/\/www.grieta.org.mx\/wp-content\/uploads\/2016\/07\/A6-300x171.jpg\" data-large-file=\"https:\/\/www.grieta.org.mx\/wp-content\/uploads\/2016\/07\/A6.jpg\" class=\"wp-image-17966\" src=\"https:\/\/laverdadjuarez.com\/wp-content\/uploads\/2021\/01\/Isabel-Cabanillas-03_Karen-Cano_LaVerdad-1024x768.jpg\" sizes=\"auto, (max-width: 1024px) 100vw, 1024px\" srcset=\"https:\/\/laverdadjuarez.com\/wp-content\/uploads\/2021\/01\/Isabel-Cabanillas-03_Karen-Cano_LaVerdad-1024x768.jpg 1024w, https:\/\/laverdadjuarez.com\/wp-content\/uploads\/2021\/01\/Isabel-Cabanillas-03_Karen-Cano_LaVerdad-300x225.jpg 300w, https:\/\/laverdadjuarez.com\/wp-content\/uploads\/2021\/01\/Isabel-Cabanillas-03_Karen-Cano_LaVerdad-768x576.jpg 768w, https:\/\/laverdadjuarez.com\/wp-content\/uploads\/2021\/01\/Isabel-Cabanillas-03_Karen-Cano_LaVerdad-1536x1152.jpg 1536w, https:\/\/laverdadjuarez.com\/wp-content\/uploads\/2021\/01\/Isabel-Cabanillas-03_Karen-Cano_LaVerdad-2048x1536.jpg 2048w\" alt=\"\" width=\"798\" height=\"599\" \/><figcaption><em>Fotograf\u00eda: Karen Cano<\/em><\/figcaption><\/figure>\n<\/div>\n<h2 class=\"has-text-align-center\"><strong>UNA LUCHA CONTRA EL OLVIDO<\/strong><\/h2>\n<p>Lydia Graco, activista desde hace m\u00e1s de 10 a\u00f1os en la localidad, cuenta que para cuando le quitaron la vida a Isabel, ella contaba apenas con unos meses de haberla conocido.<\/p>\n<p>\u201cFue en una manifestaci\u00f3n que se hizo frente a El Diario, por como dieron a conocer el caso de la maestra que fue abusada sexualmente por sus compa\u00f1eros en la UACJ\u201d, relata.<\/p>\n<p>Debido a la afinidad de intereses y el coincidir en actividades relacionadas a la demanda de justicia, se hicieron amigas y le tom\u00f3 cari\u00f1o.<\/p>\n<p>\u201cPor un lado la persecuci\u00f3n y el hostigamiento a luchadores sociales est\u00e1 aumentando, hemos tenido que generar c\u00f3digos para fortalecer la organizaci\u00f3n y seguir exigiendo a las autoridades, esto nos hizo darnos cuenta que estaba muy cerca (\u2026) Debemos encontrar la manera de seguir, Isa ya no va a regresar, pero nos queda su recuerdo y tenemos que seguir luchando para mantenerla (en la memoria)\u201d, dice.<\/p>\n<div class=\"wp-block-image\">\n<figure class=\"aligncenter size-large\"><img loading=\"lazy\" decoding=\"async\" class=\"wp-image-17967\" src=\"https:\/\/laverdadjuarez.com\/wp-content\/uploads\/2021\/01\/Isabel-Cabanillas-04_Karen-Cano_LaVerdad-1024x768.jpg\" sizes=\"auto, (max-width: 1024px) 100vw, 1024px\" srcset=\"https:\/\/laverdadjuarez.com\/wp-content\/uploads\/2021\/01\/Isabel-Cabanillas-04_Karen-Cano_LaVerdad-1024x768.jpg 1024w, https:\/\/laverdadjuarez.com\/wp-content\/uploads\/2021\/01\/Isabel-Cabanillas-04_Karen-Cano_LaVerdad-300x225.jpg 300w, https:\/\/laverdadjuarez.com\/wp-content\/uploads\/2021\/01\/Isabel-Cabanillas-04_Karen-Cano_LaVerdad-768x576.jpg 768w, https:\/\/laverdadjuarez.com\/wp-content\/uploads\/2021\/01\/Isabel-Cabanillas-04_Karen-Cano_LaVerdad-1536x1152.jpg 1536w, https:\/\/laverdadjuarez.com\/wp-content\/uploads\/2021\/01\/Isabel-Cabanillas-04_Karen-Cano_LaVerdad-2048x1536.jpg 2048w\" alt=\"\" width=\"807\" height=\"606\" \/><figcaption><em>Fotograf\u00eda: Karen Cano<\/em><\/figcaption><\/figure>\n<\/div>\n<h2 class=\"has-text-align-center\"><strong>***<\/strong><\/h2>\n<p>Aunque no le han presentado avances del asesinato de su hija, la mam\u00e1 de Isabel asegura que las autoridades siempre le han demostrado disposici\u00f3n para atenderle, pero no para procurar justicia para su hija.<\/p>\n<p>Cuando reci\u00e9n ocurri\u00f3 el asesinato, le ofrecieron apoyo econ\u00f3mico para su nieto, hijo de Isabel, y apoyo psicol\u00f3gico para ella. Asegura que lo primero lo rechaz\u00f3, en tanto que lo segundo, si lo acept\u00f3, aunque despu\u00e9s tuvo que abandonarlo debido a la pandemia, pues ya no pudo hacer las citas presenciales.<\/p>\n<p>\u201cS\u00ed he tenido la disposici\u00f3n de todo el mundo, del ministerio p\u00fablico, los investigadores, nada m\u00e1s que siento que todo ha sido muy lento, y m\u00e1s con la pandemia\u201d, se\u00f1ala.<\/p>\n<p>Lo primordial, dice, es la procuraci\u00f3n de justicia y eso no se ha cumplido.<\/p>\n<blockquote class=\"wp-embedded-content\" data-secret=\"TXcMmGx41c\"><p><a href=\"https:\/\/laverdadjuarez.com\/index.php\/2021\/01\/18\/no-se-olviden-de-mi-hija-justicia-para-isabel-cabanillas\/\">\u2018No se olviden de mi hija\u2019, justicia para Isabel Cabanillas<\/a><\/p><\/blockquote>\n<p><iframe loading=\"lazy\" class=\"wp-embedded-content\" sandbox=\"allow-scripts\" security=\"restricted\" style=\"position: absolute; clip: rect(1px, 1px, 1px, 1px);\" title=\"&#8220;\u2018No se olviden de mi hija\u2019, justicia para Isabel Cabanillas&#8221; &#8212; La Verdad Ju\u00e1rez\" src=\"https:\/\/laverdadjuarez.com\/index.php\/2021\/01\/18\/no-se-olviden-de-mi-hija-justicia-para-isabel-cabanillas\/embed\/#?secret=TXcMmGx41c\" data-secret=\"TXcMmGx41c\" width=\"600\" height=\"338\" frameborder=\"0\" marginwidth=\"0\" marginheight=\"0\" scrolling=\"no\"><\/iframe><\/p>\n<\/div>\n<\/div>\n<\/div>\n<\/div>\n","protected":false},"excerpt":{"rendered":"<p>REINA DE LA TORRE, LA MAM\u00c1 DE ISABEL, DURANTE LA CAMINATA Y RODADA REALIZADA LA MADRUGADA DE ESTE LUNES, POR EL \u00daLTIMO RECORRIDO QUE HIZO SU HIJA. FOTOGRAF\u00cdA: ALICIA FERN\u00c1NDEZ &hellip; <a href=\"https:\/\/www.grieta.org.mx\/index.php\/2021\/01\/16\/no-se-olviden-de-mi-hija-justicia-para-isabel-cabanillas-chihuahua\/\" class=\"more-link\">Leer m\u00e1s<\/a><\/p>\n","protected":false},"author":2,"featured_media":56482,"comment_status":"closed","ping_status":"closed","sticky":false,"template":"","format":"standard","meta":{"ngg_post_thumbnail":0,"_jetpack_newsletter_access":"","_jetpack_dont_email_post_to_subs":false,"_jetpack_newsletter_tier_id":0,"_jetpack_memberships_contains_paywalled_content":false,"_jetpack_memberships_contains_paid_content":false,"footnotes":""},"categories":[12,1918],"tags":[2999],"class_list":["post-56476","post","type-post","status-publish","format-standard","has-post-thumbnail","hentry","category-chihuahua","category-feminicidios-en-chihuahua","tag-feminicidio-violencia-contra-las-mujeres","entry"],"jetpack_featured_media_url":"https:\/\/www.grieta.org.mx\/wp-content\/uploads\/2021\/01\/chihu.jpg","jetpack_sharing_enabled":true,"jetpack_shortlink":"https:\/\/wp.me\/p7ZJR4-eGU","jetpack_likes_enabled":false,"jetpack-related-posts":[{"id":43278,"url":"https:\/\/www.grieta.org.mx\/index.php\/2020\/01\/21\/tu-lucha-sigue-isabel-colectivas-feministas-protestan-por-el-feminicidio-de-activista-ciudad-de-mexico\/","url_meta":{"origin":56476,"position":0},"title":"\u201cTu lucha sigue, Isabel\u201d: colectivas feministas protestan por el feminicidio de activista (Ciudad de M\u00e9xico)","author":"grieta","date":"21 enero, 2020","format":false,"excerpt":"Foto: Er\u00e9ndira Aquino Er\u00e9ndira Aquino \/ Animal Pol\u00edtico Las manifestantes acudieron a instalaciones de Casa Chihuahua, en la Ciudad de M\u00e9xico, para reclamar que las autoridades estatales no han dado informaci\u00f3n clara del caso. Decenas de mujeres protestaron este martes por el asesinato de Isabel Cabanillas, activista y artista pl\u00e1stica\u2026","rel":"","context":"En &quot;Chihuahua&quot;","block_context":{"text":"Chihuahua","link":"https:\/\/www.grieta.org.mx\/index.php\/category\/noticias-nacionales\/chihuahua\/"},"img":{"alt_text":"","src":"https:\/\/i0.wp.com\/www.grieta.org.mx\/wp-content\/uploads\/2020\/01\/Tu-lucha-sigue-Isabel-colectivas-feministas-protestan-por-el-feminicidio-de-activista-cdmx-ene.jpeg?resize=350%2C200&ssl=1","width":350,"height":200,"srcset":"https:\/\/i0.wp.com\/www.grieta.org.mx\/wp-content\/uploads\/2020\/01\/Tu-lucha-sigue-Isabel-colectivas-feministas-protestan-por-el-feminicidio-de-activista-cdmx-ene.jpeg?resize=350%2C200&ssl=1 1x, https:\/\/i0.wp.com\/www.grieta.org.mx\/wp-content\/uploads\/2020\/01\/Tu-lucha-sigue-Isabel-colectivas-feministas-protestan-por-el-feminicidio-de-activista-cdmx-ene.jpeg?resize=525%2C300&ssl=1 1.5x, https:\/\/i0.wp.com\/www.grieta.org.mx\/wp-content\/uploads\/2020\/01\/Tu-lucha-sigue-Isabel-colectivas-feministas-protestan-por-el-feminicidio-de-activista-cdmx-ene.jpeg?resize=700%2C400&ssl=1 2x"},"classes":[]},{"id":43213,"url":"https:\/\/www.grieta.org.mx\/index.php\/2020\/01\/19\/isabel-lucho-por-los-derechos-de-la-mujer-hasta-que-la-asesinaron-en-ciudad-juarez\/","url_meta":{"origin":56476,"position":1},"title":"Isabel luch\u00f3 por los derechos de la mujer, hasta que la asesinaron en Ciudad Ju\u00e1rez","author":"grieta","date":"19 enero, 2020","format":false,"excerpt":"Animal Pol\u00edtico Autoridades informaron sobre el asesinato en Ciudad Ju\u00e1rez, Chihuahua, de Isabel Cabanillas, activista y artista pl\u00e1stica de 26 a\u00f1os, que era parte del colectivo Hijas de su Maquilera Madre, a favor de los derechos de las mujeres. \u201cUna mujer que fue encontrada sin vida en la v\u00eda p\u00fablica,\u2026","rel":"","context":"En &quot;Chihuahua&quot;","block_context":{"text":"Chihuahua","link":"https:\/\/www.grieta.org.mx\/index.php\/category\/noticias-nacionales\/chihuahua\/"},"img":{"alt_text":"","src":"https:\/\/i0.wp.com\/www.grieta.org.mx\/wp-content\/uploads\/2020\/01\/unnamed-file.jpeg?resize=350%2C200&ssl=1","width":350,"height":200,"srcset":"https:\/\/i0.wp.com\/www.grieta.org.mx\/wp-content\/uploads\/2020\/01\/unnamed-file.jpeg?resize=350%2C200&ssl=1 1x, https:\/\/i0.wp.com\/www.grieta.org.mx\/wp-content\/uploads\/2020\/01\/unnamed-file.jpeg?resize=525%2C300&ssl=1 1.5x, https:\/\/i0.wp.com\/www.grieta.org.mx\/wp-content\/uploads\/2020\/01\/unnamed-file.jpeg?resize=700%2C400&ssl=1 2x"},"classes":[]},{"id":4521,"url":"https:\/\/www.grieta.org.mx\/index.php\/2015\/12\/16\/marisela-escobedo-cinco-anos-de-impunidad-en-chihuahua\/","url_meta":{"origin":56476,"position":2},"title":"Marisela Escobedo: cinco a\u00f1os de impunidad en Chihuahua","author":"grieta","date":"16 diciembre, 2015","format":false,"excerpt":"Proceso Anaiz Zamora M\u00e1rquez M\u00c9XICO, DF, (apro-cimac).- Al cumplirse hoy cinco a\u00f1os del asesinato de la defensora de Derechos Humanos (DH) Marisela Escobedo, activistas y sus familiares exiliados exigieron justicia al gobierno de Chihuahua y el cumplimiento de la recomendaci\u00f3n emitida en 2013 por la Comisi\u00f3n Nacional de los Derechos\u2026","rel":"","context":"En &quot;chihuahua&quot;","block_context":{"text":"chihuahua","link":"https:\/\/www.grieta.org.mx\/index.php\/category\/chihuahua\/"},"img":{"alt_text":"","src":"https:\/\/i0.wp.com\/www.grieta.org.mx\/wp-content\/uploads\/2018\/03\/14524434_1106112876131411_958039263622046936_o.jpg?resize=350%2C200&ssl=1","width":350,"height":200,"srcset":"https:\/\/i0.wp.com\/www.grieta.org.mx\/wp-content\/uploads\/2018\/03\/14524434_1106112876131411_958039263622046936_o.jpg?resize=350%2C200&ssl=1 1x, https:\/\/i0.wp.com\/www.grieta.org.mx\/wp-content\/uploads\/2018\/03\/14524434_1106112876131411_958039263622046936_o.jpg?resize=525%2C300&ssl=1 1.5x, https:\/\/i0.wp.com\/www.grieta.org.mx\/wp-content\/uploads\/2018\/03\/14524434_1106112876131411_958039263622046936_o.jpg?resize=700%2C400&ssl=1 2x"},"classes":[]},{"id":35319,"url":"https:\/\/www.grieta.org.mx\/index.php\/2019\/06\/22\/a-las-puertas-de-estados-unidos-mexico-persigue-y-detiene-a-migrantes-chihuahua\/","url_meta":{"origin":56476,"position":3},"title":"A las puertas de Estados Unidos, M\u00e9xico persigue y detiene a migrantes (Chihuahua)","author":"grieta","date":"22 junio, 2019","format":false,"excerpt":"Los extranjeros indocumentados que llegan a la frontera por Ciudad Ju\u00e1rez son perseguidos en el bordo del r\u00edo Bravo por militares en la Guardia Nacional, quienes los detienen y entregan a oficiales de Migraci\u00f3n para evitar su paso a territorio estadunidense. Texto y Fotos: Rey R. Jauregui \/ LA VERDAD\/\u2026","rel":"","context":"En &quot;Chihuahua&quot;","block_context":{"text":"Chihuahua","link":"https:\/\/www.grieta.org.mx\/index.php\/category\/noticias-nacionales\/chihuahua\/"},"img":{"alt_text":"","src":"https:\/\/i0.wp.com\/www.grieta.org.mx\/wp-content\/uploads\/2019\/06\/Detenidas.jpeg?resize=350%2C200&ssl=1","width":350,"height":200,"srcset":"https:\/\/i0.wp.com\/www.grieta.org.mx\/wp-content\/uploads\/2019\/06\/Detenidas.jpeg?resize=350%2C200&ssl=1 1x, https:\/\/i0.wp.com\/www.grieta.org.mx\/wp-content\/uploads\/2019\/06\/Detenidas.jpeg?resize=525%2C300&ssl=1 1.5x, https:\/\/i0.wp.com\/www.grieta.org.mx\/wp-content\/uploads\/2019\/06\/Detenidas.jpeg?resize=700%2C400&ssl=1 2x, https:\/\/i0.wp.com\/www.grieta.org.mx\/wp-content\/uploads\/2019\/06\/Detenidas.jpeg?resize=1050%2C600&ssl=1 3x"},"classes":[]},{"id":67972,"url":"https:\/\/www.grieta.org.mx\/index.php\/2023\/10\/21\/67972\/","url_meta":{"origin":56476,"position":4},"title":"A m\u00e1s de 30 a\u00f1os\u2026","author":"grieta","date":"21 octubre, 2023","format":false,"excerpt":"A m\u00e1s de 30 a\u00f1os de que se empezaron a documentar los asesinatos de mujeres en Chihuahua y Ciudad Ju\u00e1rez, cientos de familias de v\u00edctimas a\u00fan no tienen acceso a la justicia Feminicidios: Paula y Julia, primeras v\u00edctimas, \u00edconos de la lucha por justicia en Ciudad Ju\u00e1rez.A m\u00e1s de 30\u2026","rel":"","context":"En &quot;Chihuahua&quot;","block_context":{"text":"Chihuahua","link":"https:\/\/www.grieta.org.mx\/index.php\/category\/noticias-nacionales\/chihuahua\/"},"img":{"alt_text":"","src":"https:\/\/i0.wp.com\/www.grieta.org.mx\/wp-content\/uploads\/2023\/10\/imagen.jpg?resize=350%2C200&ssl=1","width":350,"height":200,"srcset":"https:\/\/i0.wp.com\/www.grieta.org.mx\/wp-content\/uploads\/2023\/10\/imagen.jpg?resize=350%2C200&ssl=1 1x, https:\/\/i0.wp.com\/www.grieta.org.mx\/wp-content\/uploads\/2023\/10\/imagen.jpg?resize=525%2C300&ssl=1 1.5x, https:\/\/i0.wp.com\/www.grieta.org.mx\/wp-content\/uploads\/2023\/10\/imagen.jpg?resize=700%2C400&ssl=1 2x"},"classes":[]},{"id":66271,"url":"https:\/\/www.grieta.org.mx\/index.php\/2023\/02\/14\/siguen-familiares-en-la-busqueda-de-sus-seres-queridos-exigen-justicia-chihuahua\/","url_meta":{"origin":56476,"position":5},"title":"Siguen familiares en la b\u00fasqueda de sus seres queridos; exigen justicia (Chihuahua)","author":"grieta","date":"14 febrero, 2023","format":false,"excerpt":"Redacci\u00f3n | El Heraldo de Chihuahua A las afueras de la Catedral Metropolitana de Chihuahua, miembros del Centro de Derechos Humanos de las Mujeres se reunieron a fin de hacer visible la desaparici\u00f3n de sus seres queridos, solicitando que no cesen las labores de b\u00fasqueda. Con algunas vivas como \u201chijo,\u2026","rel":"","context":"En &quot;Chihuahua&quot;","block_context":{"text":"Chihuahua","link":"https:\/\/www.grieta.org.mx\/index.php\/category\/noticias-nacionales\/chihuahua\/"},"img":{"alt_text":"","src":"https:\/\/i0.wp.com\/www.grieta.org.mx\/wp-content\/uploads\/2023\/02\/desaparecidos-chihuahua.webp?resize=350%2C200&ssl=1","width":350,"height":200,"srcset":"https:\/\/i0.wp.com\/www.grieta.org.mx\/wp-content\/uploads\/2023\/02\/desaparecidos-chihuahua.webp?resize=350%2C200&ssl=1 1x, https:\/\/i0.wp.com\/www.grieta.org.mx\/wp-content\/uploads\/2023\/02\/desaparecidos-chihuahua.webp?resize=525%2C300&ssl=1 1.5x, https:\/\/i0.wp.com\/www.grieta.org.mx\/wp-content\/uploads\/2023\/02\/desaparecidos-chihuahua.webp?resize=700%2C400&ssl=1 2x, https:\/\/i0.wp.com\/www.grieta.org.mx\/wp-content\/uploads\/2023\/02\/desaparecidos-chihuahua.webp?resize=1050%2C600&ssl=1 3x"},"classes":[]}],"_links":{"self":[{"href":"https:\/\/www.grieta.org.mx\/index.php\/wp-json\/wp\/v2\/posts\/56476","targetHints":{"allow":["GET"]}}],"collection":[{"href":"https:\/\/www.grieta.org.mx\/index.php\/wp-json\/wp\/v2\/posts"}],"about":[{"href":"https:\/\/www.grieta.org.mx\/index.php\/wp-json\/wp\/v2\/types\/post"}],"author":[{"embeddable":true,"href":"https:\/\/www.grieta.org.mx\/index.php\/wp-json\/wp\/v2\/users\/2"}],"replies":[{"embeddable":true,"href":"https:\/\/www.grieta.org.mx\/index.php\/wp-json\/wp\/v2\/comments?post=56476"}],"version-history":[{"count":1,"href":"https:\/\/www.grieta.org.mx\/index.php\/wp-json\/wp\/v2\/posts\/56476\/revisions"}],"predecessor-version":[{"id":56483,"href":"https:\/\/www.grieta.org.mx\/index.php\/wp-json\/wp\/v2\/posts\/56476\/revisions\/56483"}],"wp:featuredmedia":[{"embeddable":true,"href":"https:\/\/www.grieta.org.mx\/index.php\/wp-json\/wp\/v2\/media\/56482"}],"wp:attachment":[{"href":"https:\/\/www.grieta.org.mx\/index.php\/wp-json\/wp\/v2\/media?parent=56476"}],"wp:term":[{"taxonomy":"category","embeddable":true,"href":"https:\/\/www.grieta.org.mx\/index.php\/wp-json\/wp\/v2\/categories?post=56476"},{"taxonomy":"post_tag","embeddable":true,"href":"https:\/\/www.grieta.org.mx\/index.php\/wp-json\/wp\/v2\/tags?post=56476"}],"curies":[{"name":"wp","href":"https:\/\/api.w.org\/{rel}","templated":true}]}}