{"id":56470,"date":"2021-01-25T01:44:59","date_gmt":"2021-01-25T07:44:59","guid":{"rendered":"http:\/\/www.grieta.org.mx\/?p=56470"},"modified":"2021-01-29T01:50:19","modified_gmt":"2021-01-29T07:50:19","slug":"mujeres-trans-temen-no-ser-consideradas-en-aplicacion-de-vacuna-contra-covid-19","status":"publish","type":"post","link":"https:\/\/www.grieta.org.mx\/index.php\/2021\/01\/25\/mujeres-trans-temen-no-ser-consideradas-en-aplicacion-de-vacuna-contra-covid-19\/","title":{"rendered":"Mujeres trans temen no ser consideradas en aplicaci\u00f3n de vacuna contra Covid-19"},"content":{"rendered":"<p><img loading=\"lazy\" decoding=\"async\" data-attachment-id=\"56471\" data-permalink=\"https:\/\/www.grieta.org.mx\/index.php\/2021\/01\/25\/mujeres-trans-temen-no-ser-consideradas-en-aplicacion-de-vacuna-contra-covid-19\/mujeres-trans-temen-no-ser-consideradas-en-aplicacion-de-vacuna-contra-covid-19-edomex-ene\/\" data-orig-file=\"https:\/\/www.grieta.org.mx\/wp-content\/uploads\/2021\/01\/Mujeres-trans-temen-no-ser-consideradas-en-aplicacion-de-vacuna-contra-Covid-19-edomex-ene.jpg\" data-orig-size=\"768,479\" data-comments-opened=\"0\" data-image-meta=\"{&quot;aperture&quot;:&quot;0&quot;,&quot;credit&quot;:&quot;&quot;,&quot;camera&quot;:&quot;&quot;,&quot;caption&quot;:&quot;&quot;,&quot;created_timestamp&quot;:&quot;0&quot;,&quot;copyright&quot;:&quot;&quot;,&quot;focal_length&quot;:&quot;0&quot;,&quot;iso&quot;:&quot;0&quot;,&quot;shutter_speed&quot;:&quot;0&quot;,&quot;title&quot;:&quot;&quot;,&quot;orientation&quot;:&quot;0&quot;}\" data-image-title=\"Mujeres trans temen no ser consideradas en aplicaci\u00f3n de vacuna contra Covid-19 edomex ene\" data-image-description=\"\" data-image-caption=\"\" data-medium-file=\"https:\/\/www.grieta.org.mx\/wp-content\/uploads\/2021\/01\/Mujeres-trans-temen-no-ser-consideradas-en-aplicacion-de-vacuna-contra-Covid-19-edomex-ene-300x187.jpg\" data-large-file=\"https:\/\/www.grieta.org.mx\/wp-content\/uploads\/2021\/01\/Mujeres-trans-temen-no-ser-consideradas-en-aplicacion-de-vacuna-contra-Covid-19-edomex-ene.jpg\" class=\"alignnone  wp-image-56471\" src=\"http:\/\/www.grieta.org.mx\/wp-content\/uploads\/2021\/01\/Mujeres-trans-temen-no-ser-consideradas-en-aplicacion-de-vacuna-contra-Covid-19-edomex-ene.jpg\" alt=\"\" width=\"646\" height=\"403\" srcset=\"https:\/\/www.grieta.org.mx\/wp-content\/uploads\/2021\/01\/Mujeres-trans-temen-no-ser-consideradas-en-aplicacion-de-vacuna-contra-Covid-19-edomex-ene.jpg 768w, https:\/\/www.grieta.org.mx\/wp-content\/uploads\/2021\/01\/Mujeres-trans-temen-no-ser-consideradas-en-aplicacion-de-vacuna-contra-Covid-19-edomex-ene-300x187.jpg 300w\" sizes=\"auto, (max-width: 646px) 100vw, 646px\" \/><\/p>\n<h6>Foto: Luis Rodr\u00edguez<\/h6>\n<p>Filiberto Ramos \/ El Sol de Toluca<\/p>\n<h3 class=\"subtitle\">La mayor\u00eda carece de identidad debido a la falta de una ley sexo gen\u00e9rica en el Edomex<\/h3>\n<p>Los colectivos de mujeres transexuales que habitan en el Valle de Toluca, temen que debido a su condici\u00f3n jur\u00eddica, no tengan acceso oportuno a la aplicaci\u00f3n de la vacuna contra el Covid-19.<\/p>\n<p>Tania V\u00e1zquez, l\u00edder y representante de los colectivos en Toluca, inform\u00f3 que un 80 por ciento de sus compa\u00f1eras, carecen de identidad, debido a la falta de una ley sexo gen\u00e9rica en el estado de M\u00e9xico.<\/p>\n<p>&#8220;Aunque se aprob\u00f3 en comisiones y se dictamin\u00f3 a favor de la ley de rectificaci\u00f3n de identidad de g\u00e9nero, a\u00fan no se sube a pleno la iniciativa y no es a\u00fan ley. Mientras eso no pase seguimos en las mismas, invisibilizadas jur\u00eddicamente, a parte de que no s\u00e9 ejercen nuestros derechos, se suma la incertidumbre de si vamos a poder acceder a la vacuna&#8221;, se\u00f1al\u00f3 la activista en entrevista telef\u00f3nica para este diario.<\/p>\n<p>Coment\u00f3 que hay muchos casos de compa\u00f1eras suyas que son migrantes y otras que provienen de otros estados, y con las cuales hay mayor incertidumbre para poder recibir la vacuna.<\/p>\n<p>&#8220;No sabemos si se les va a considerar a esas compa\u00f1eras por ser de otros pa\u00edses, o a quienes son de otros estados&#8221;, a\u00f1adi\u00f3 Tania V\u00e1zquez.<\/p>\n<p>Dijo que debido a la falta de documentaci\u00f3n, se podr\u00edan generar casos de discriminaci\u00f3n y dejar hasta el final a dicho sector en la entidad.<\/p>\n<p>Resalt\u00f3 que adem\u00e1s el personal que aplique las vacunas, si as\u00ed ocurre, deber\u00e1 tener una capacitaci\u00f3n especial para atender a las mujeres y hombres transexuales.<\/p>\n<p>Mencion\u00f3 que no hay una cifra exacta de cu\u00e1ntas compa\u00f1eras suyas provienen de otros estados y pa\u00edses, pues hay personas que no se suman a los colectivos.<\/p>\n<p>&#8220;Considero que las cifras son muy altas, ya que muchas migran, pero m\u00e1s del 80 por ciento de las personas trans est\u00e1n con la incertidumbre&#8221;, dijo.<\/p>\n<p>En tanto, el 20% tuvo que ir realizar su cambio de identidad a otro estado con la ley de identidad ya aprobada.<\/p>\n<p><a href=\"https:\/\/www.elsoldetoluca.com.mx\/local\/mujeres-trans-temen-no-ser-consideradas-en-aplicacion-de-vacuna-contra-covid-19-6282712.html\" target=\"_blank\" rel=\"noopener\">https:\/\/www.elsoldetoluca.com.mx\/local\/mujeres-trans-temen-no-ser-consideradas-en-aplicacion-de-vacuna-contra-covid-19-6282712.html<\/a><\/p>\n","protected":false},"excerpt":{"rendered":"<p>Foto: Luis Rodr\u00edguez Filiberto Ramos \/ El Sol de Toluca La mayor\u00eda carece de identidad debido a la falta de una ley sexo gen\u00e9rica en el Edomex Los colectivos de &hellip; <a href=\"https:\/\/www.grieta.org.mx\/index.php\/2021\/01\/25\/mujeres-trans-temen-no-ser-consideradas-en-aplicacion-de-vacuna-contra-covid-19\/\" class=\"more-link\">Leer m\u00e1s<\/a><\/p>\n","protected":false},"author":2,"featured_media":56471,"comment_status":"closed","ping_status":"closed","sticky":false,"template":"","format":"standard","meta":{"ngg_post_thumbnail":0,"_jetpack_newsletter_access":"","_jetpack_dont_email_post_to_subs":false,"_jetpack_newsletter_tier_id":0,"_jetpack_memberships_contains_paywalled_content":false,"_jetpack_memberships_contains_paid_content":false,"footnotes":""},"categories":[80,3270,918,2957,16,3035,2,83,1567,2720],"tags":[3241,1459,408,94],"class_list":["post-56470","post","type-post","status-publish","format-standard","has-post-thumbnail","hentry","category-cintillo","category-covid-19-en-estado-de-mexico","category-privatizacion-del-sector-salud","category-crisis-del-sector-salud-en-el-estado-de-mexico","category-estado-de-mexico","category-movilizaciones-y-protestas-de-habitantes-en-el-estado-de-mexico","category-noticias-nacionales","category-temas-nacionales","category-violencia-contra-la-comunidad-lgbttti-en-el-estado-de-mexico","category-violencia-contra-las-mujeres-en-el-estado-de-mexico","tag-covid-19","tag-crisis-sector-salud","tag-derechos-comunidad-lgbttti","tag-violencia-contra-mujeres","entry"],"jetpack_featured_media_url":"https:\/\/www.grieta.org.mx\/wp-content\/uploads\/2021\/01\/Mujeres-trans-temen-no-ser-consideradas-en-aplicacion-de-vacuna-contra-Covid-19-edomex-ene.jpg","jetpack_sharing_enabled":true,"jetpack_shortlink":"https:\/\/wp.me\/p7ZJR4-eGO","jetpack_likes_enabled":false,"jetpack-related-posts":[{"id":47556,"url":"https:\/\/www.grieta.org.mx\/index.php\/2020\/04\/09\/comunidad-transexual-y-transgenero-instala-comedor-comunitario-en-toluca-estado-de-mexico\/","url_meta":{"origin":56470,"position":0},"title":"Comunidad transexual y transg\u00e9nero instala comedor comunitario en Toluca (Estado de M\u00e9xico)","author":"grieta","date":"9 abril, 2020","format":false,"excerpt":"Imagen tomada de: revistacambio.com.mx Las integrantes comentaron que el servicio ser\u00e1 puesto a disposici\u00f3n de quienes necesiten de una comida corrida a bajo costo; el paquete de frijoles, arroz, agua de sabor y guisado, costar\u00e1 entre 25 y 30 pesos. Integrantes de los tres colectivos de trabajadoras sexuales transg\u00e9nero y\u2026","rel":"","context":"En &quot;CINTILLO&quot;","block_context":{"text":"CINTILLO","link":"https:\/\/www.grieta.org.mx\/index.php\/category\/cintillo\/"},"img":{"alt_text":"","src":"https:\/\/i0.wp.com\/www.grieta.org.mx\/wp-content\/uploads\/2020\/04\/Comunidad-transexual-y-transg%C3%A9nero-instala-comedor-comunitario-en-Toluca-edomex-abr.jpg?resize=350%2C200","width":350,"height":200},"classes":[]},{"id":56308,"url":"https:\/\/www.grieta.org.mx\/index.php\/2021\/01\/13\/protestan-anestesiologos-del-hospital-nicolas-san-juan-por-no-recibir-vacuna-estado-de-mexico\/","url_meta":{"origin":56470,"position":1},"title":"Protestan anestesi\u00f3logos del hospital Nicol\u00e1s San Juan por no recibir vacuna (Estado de M\u00e9xico)","author":"grieta","date":"13 enero, 2021","format":false,"excerpt":"Fotos: Cortes\u00eda \/ Fernando Sapichu Filiberto Ramos \/ El Sol de Toluca Tras no ser considerados se manifestaron a las afueras del nosocomio a la espera de ser escuchados por las autoridades de salud Especialistas del hospital Doctor Nicol\u00e1s San Juan, ubicado en la capital mexiquense, protestaron este mi\u00e9rcoles luego\u2026","rel":"","context":"En &quot;CINTILLO&quot;","block_context":{"text":"CINTILLO","link":"https:\/\/www.grieta.org.mx\/index.php\/category\/cintillo\/"},"img":{"alt_text":"","src":"https:\/\/i0.wp.com\/www.grieta.org.mx\/wp-content\/uploads\/2021\/01\/Protestan-anestesiologos-del-hospital-Nicolas-San-Juan-por-no-recibir-vacuna-edomex-ene.jpg?resize=350%2C200&ssl=1","width":350,"height":200,"srcset":"https:\/\/i0.wp.com\/www.grieta.org.mx\/wp-content\/uploads\/2021\/01\/Protestan-anestesiologos-del-hospital-Nicolas-San-Juan-por-no-recibir-vacuna-edomex-ene.jpg?resize=350%2C200&ssl=1 1x, https:\/\/i0.wp.com\/www.grieta.org.mx\/wp-content\/uploads\/2021\/01\/Protestan-anestesiologos-del-hospital-Nicolas-San-Juan-por-no-recibir-vacuna-edomex-ene.jpg?resize=525%2C300&ssl=1 1.5x, https:\/\/i0.wp.com\/www.grieta.org.mx\/wp-content\/uploads\/2021\/01\/Protestan-anestesiologos-del-hospital-Nicolas-San-Juan-por-no-recibir-vacuna-edomex-ene.jpg?resize=700%2C400&ssl=1 2x"},"classes":[]},{"id":55453,"url":"https:\/\/www.grieta.org.mx\/index.php\/2020\/11\/22\/colectivos-protestan-colgando-mantas-en-toluca-ante-el-aumento-de-femenicidios-estado-de-mexico\/","url_meta":{"origin":56470,"position":2},"title":"Colectivos protestan colgando mantas en Toluca ante el aumento de femenicidios (Estado de M\u00e9xico)","author":"grieta","date":"22 noviembre, 2020","format":false,"excerpt":"Foto tomada de: ADNoticias V\u00edctor Castillo \/ ADNoticias Hasta octubre en el Estado de M\u00e9xico se han contabilizado 119 casos de feminicidio Integrantes de colectivos feministas colocaron este s\u00e1bado mantas sobre un puente peatonal en Paseo Tollocan, en protesta por los feminicidios en el Estado de M\u00e9xico. Esto se suma\u2026","rel":"","context":"En &quot;CINTILLO&quot;","block_context":{"text":"CINTILLO","link":"https:\/\/www.grieta.org.mx\/index.php\/category\/cintillo\/"},"img":{"alt_text":"","src":"https:\/\/i0.wp.com\/www.grieta.org.mx\/wp-content\/uploads\/2020\/11\/Colectivos-protestan-colgando-mantas-en-Toluca-ante-el-aumento-de-femenicidios-edomex-nov.jpg?resize=350%2C200&ssl=1","width":350,"height":200,"srcset":"https:\/\/i0.wp.com\/www.grieta.org.mx\/wp-content\/uploads\/2020\/11\/Colectivos-protestan-colgando-mantas-en-Toluca-ante-el-aumento-de-femenicidios-edomex-nov.jpg?resize=350%2C200&ssl=1 1x, https:\/\/i0.wp.com\/www.grieta.org.mx\/wp-content\/uploads\/2020\/11\/Colectivos-protestan-colgando-mantas-en-Toluca-ante-el-aumento-de-femenicidios-edomex-nov.jpg?resize=525%2C300&ssl=1 1.5x, https:\/\/i0.wp.com\/www.grieta.org.mx\/wp-content\/uploads\/2020\/11\/Colectivos-protestan-colgando-mantas-en-Toluca-ante-el-aumento-de-femenicidios-edomex-nov.jpg?resize=700%2C400&ssl=1 2x"},"classes":[]},{"id":41686,"url":"https:\/\/www.grieta.org.mx\/index.php\/2019\/11\/29\/mujeres-realizan-performance-un-violador-en-tu-camino-en-toluca-estado-de-mexico\/","url_meta":{"origin":56470,"position":3},"title":"Mujeres realizan performance \u201cUn violador en tu camino\u201d en Toluca (Estado de M\u00e9xico)","author":"grieta","date":"29 noviembre, 2019","format":false,"excerpt":"Foto: El Gr\u00e1fico Claudia Gonz\u00e1lez \/ El Universal Con pa\u00f1uelos verdes, las adolescentes se apostaron frente al Palacio de Gobierno del Estado de M\u00e9xico y exigieron a las autoridades atender la violencia de g\u00e9nero Un grupo de mujeres realiz\u00f3 el performance \u201cUn violador en tu camino\u201d en el centro de\u2026","rel":"","context":"En &quot;CINTILLO&quot;","block_context":{"text":"CINTILLO","link":"https:\/\/www.grieta.org.mx\/index.php\/category\/cintillo\/"},"img":{"alt_text":"","src":"https:\/\/i0.wp.com\/www.grieta.org.mx\/wp-content\/uploads\/2019\/11\/Mujeres-realizan-performance-%E2%80%9CUn-violador-en-tu-camino-toluca-edomex-nov.jpg?resize=350%2C200","width":350,"height":200},"classes":[]},{"id":11278,"url":"https:\/\/www.grieta.org.mx\/index.php\/2016\/04\/25\/movilizacion-contra-la-violencia-hacia-las-mujeres-en-el-estado-de-mexico\/","url_meta":{"origin":56470,"position":4},"title":"Movilizaci\u00f3n contra la violencia hacia las mujeres en el Estado de M\u00e9xico","author":"grieta","date":"25 abril, 2016","format":false,"excerpt":"25\/04\/16. Con Marcha en Toluca, Exigen Seguridad Para las MujeresEl Valle","rel":"","context":"En &quot;Estado de M\u00e9xico&quot;","block_context":{"text":"Estado de M\u00e9xico","link":"https:\/\/www.grieta.org.mx\/index.php\/category\/noticias-nacionales\/estado-de-mexico\/"},"img":{"alt_text":"","src":"https:\/\/i0.wp.com\/www.grieta.org.mx\/wp-content\/uploads\/2018\/03\/14524434_1106112876131411_958039263622046936_o.jpg?resize=350%2C200&ssl=1","width":350,"height":200,"srcset":"https:\/\/i0.wp.com\/www.grieta.org.mx\/wp-content\/uploads\/2018\/03\/14524434_1106112876131411_958039263622046936_o.jpg?resize=350%2C200&ssl=1 1x, https:\/\/i0.wp.com\/www.grieta.org.mx\/wp-content\/uploads\/2018\/03\/14524434_1106112876131411_958039263622046936_o.jpg?resize=525%2C300&ssl=1 1.5x, https:\/\/i0.wp.com\/www.grieta.org.mx\/wp-content\/uploads\/2018\/03\/14524434_1106112876131411_958039263622046936_o.jpg?resize=700%2C400&ssl=1 2x"},"classes":[]},{"id":68948,"url":"https:\/\/www.grieta.org.mx\/index.php\/2024\/05\/17\/comunidad-lgbt-marcha-en-toluca-piden-respeto-y-reconocimiento-de-sus-derechos-edo-mex\/","url_meta":{"origin":56470,"position":5},"title":"Comunidad LGBT+ marcha en Toluca, piden respeto y reconocimiento de sus derechos (Edo Mex)","author":"grieta","date":"17 mayo, 2024","format":false,"excerpt":"Elizabeth Rios \/ El Sol de Toluca Fotos: Luis Camacho \/ El Sol de Toluca Los manifestantes solicitaron al Congreso Local pagar su deuda hist\u00f3rica con la diversidad sexual por lo que exigieron la aprobaci\u00f3n de iniciativas que actualmente se encuentran \"congeladas\" La comunidad LGBT+ tom\u00f3 el primer cuadro de\u2026","rel":"","context":"En &quot;CINTILLO&quot;","block_context":{"text":"CINTILLO","link":"https:\/\/www.grieta.org.mx\/index.php\/category\/cintillo\/"},"img":{"alt_text":"","src":"https:\/\/i0.wp.com\/www.grieta.org.mx\/wp-content\/uploads\/2024\/05\/Comunidad-LGBT-marcha-en-Toluca-piden-respeto-y-reconocimiento-de-sus-derechos.jpg?resize=350%2C200&ssl=1","width":350,"height":200,"srcset":"https:\/\/i0.wp.com\/www.grieta.org.mx\/wp-content\/uploads\/2024\/05\/Comunidad-LGBT-marcha-en-Toluca-piden-respeto-y-reconocimiento-de-sus-derechos.jpg?resize=350%2C200&ssl=1 1x, https:\/\/i0.wp.com\/www.grieta.org.mx\/wp-content\/uploads\/2024\/05\/Comunidad-LGBT-marcha-en-Toluca-piden-respeto-y-reconocimiento-de-sus-derechos.jpg?resize=525%2C300&ssl=1 1.5x, https:\/\/i0.wp.com\/www.grieta.org.mx\/wp-content\/uploads\/2024\/05\/Comunidad-LGBT-marcha-en-Toluca-piden-respeto-y-reconocimiento-de-sus-derechos.jpg?resize=700%2C400&ssl=1 2x"},"classes":[]}],"_links":{"self":[{"href":"https:\/\/www.grieta.org.mx\/index.php\/wp-json\/wp\/v2\/posts\/56470","targetHints":{"allow":["GET"]}}],"collection":[{"href":"https:\/\/www.grieta.org.mx\/index.php\/wp-json\/wp\/v2\/posts"}],"about":[{"href":"https:\/\/www.grieta.org.mx\/index.php\/wp-json\/wp\/v2\/types\/post"}],"author":[{"embeddable":true,"href":"https:\/\/www.grieta.org.mx\/index.php\/wp-json\/wp\/v2\/users\/2"}],"replies":[{"embeddable":true,"href":"https:\/\/www.grieta.org.mx\/index.php\/wp-json\/wp\/v2\/comments?post=56470"}],"version-history":[{"count":1,"href":"https:\/\/www.grieta.org.mx\/index.php\/wp-json\/wp\/v2\/posts\/56470\/revisions"}],"predecessor-version":[{"id":56472,"href":"https:\/\/www.grieta.org.mx\/index.php\/wp-json\/wp\/v2\/posts\/56470\/revisions\/56472"}],"wp:featuredmedia":[{"embeddable":true,"href":"https:\/\/www.grieta.org.mx\/index.php\/wp-json\/wp\/v2\/media\/56471"}],"wp:attachment":[{"href":"https:\/\/www.grieta.org.mx\/index.php\/wp-json\/wp\/v2\/media?parent=56470"}],"wp:term":[{"taxonomy":"category","embeddable":true,"href":"https:\/\/www.grieta.org.mx\/index.php\/wp-json\/wp\/v2\/categories?post=56470"},{"taxonomy":"post_tag","embeddable":true,"href":"https:\/\/www.grieta.org.mx\/index.php\/wp-json\/wp\/v2\/tags?post=56470"}],"curies":[{"name":"wp","href":"https:\/\/api.w.org\/{rel}","templated":true}]}}