{"id":56445,"date":"2021-01-28T00:25:32","date_gmt":"2021-01-28T06:25:32","guid":{"rendered":"http:\/\/www.grieta.org.mx\/?p=56445"},"modified":"2021-01-29T00:29:42","modified_gmt":"2021-01-29T06:29:42","slug":"sin-recibir-hemodialisis-estan-mas-de-100-personas-en-el-adolfo-lopez-mateos-estado-de-mexico","status":"publish","type":"post","link":"https:\/\/www.grieta.org.mx\/index.php\/2021\/01\/28\/sin-recibir-hemodialisis-estan-mas-de-100-personas-en-el-adolfo-lopez-mateos-estado-de-mexico\/","title":{"rendered":"Sin recibir hemodi\u00e1lisis est\u00e1n m\u00e1s de 100 personas en el Adolfo L\u00f3pez Mateos (Estado de M\u00e9xico)"},"content":{"rendered":"<p><img loading=\"lazy\" decoding=\"async\" data-attachment-id=\"56446\" data-permalink=\"https:\/\/www.grieta.org.mx\/index.php\/2021\/01\/28\/sin-recibir-hemodialisis-estan-mas-de-100-personas-en-el-adolfo-lopez-mateos-estado-de-mexico\/sin-recibir-hemodialisis-estan-mas-de-100-personas-en-el-adolfo-lopez-mateos-edomex-ene\/\" data-orig-file=\"https:\/\/www.grieta.org.mx\/wp-content\/uploads\/2021\/01\/Sin-recibir-hemodialisis-estan-mas-de-100-personas-en-el-Adolfo-Lopez-Mateos-edomex-ene.jpg\" data-orig-size=\"748,411\" data-comments-opened=\"0\" data-image-meta=\"{&quot;aperture&quot;:&quot;0&quot;,&quot;credit&quot;:&quot;&quot;,&quot;camera&quot;:&quot;&quot;,&quot;caption&quot;:&quot;&quot;,&quot;created_timestamp&quot;:&quot;0&quot;,&quot;copyright&quot;:&quot;&quot;,&quot;focal_length&quot;:&quot;0&quot;,&quot;iso&quot;:&quot;0&quot;,&quot;shutter_speed&quot;:&quot;0&quot;,&quot;title&quot;:&quot;&quot;,&quot;orientation&quot;:&quot;1&quot;}\" data-image-title=\"Sin recibir hemodi\u00e1lisis est\u00e1n m\u00e1s de 100 personas en el Adolfo L\u00f3pez Mateos edomex ene\" data-image-description=\"\" data-image-caption=\"\" data-medium-file=\"https:\/\/www.grieta.org.mx\/wp-content\/uploads\/2021\/01\/Sin-recibir-hemodialisis-estan-mas-de-100-personas-en-el-Adolfo-Lopez-Mateos-edomex-ene-300x165.jpg\" data-large-file=\"https:\/\/www.grieta.org.mx\/wp-content\/uploads\/2021\/01\/Sin-recibir-hemodialisis-estan-mas-de-100-personas-en-el-Adolfo-Lopez-Mateos-edomex-ene.jpg\" class=\"alignnone  wp-image-56446\" src=\"http:\/\/www.grieta.org.mx\/wp-content\/uploads\/2021\/01\/Sin-recibir-hemodialisis-estan-mas-de-100-personas-en-el-Adolfo-Lopez-Mateos-edomex-ene.jpg\" alt=\"\" width=\"643\" height=\"353\" srcset=\"https:\/\/www.grieta.org.mx\/wp-content\/uploads\/2021\/01\/Sin-recibir-hemodialisis-estan-mas-de-100-personas-en-el-Adolfo-Lopez-Mateos-edomex-ene.jpg 748w, https:\/\/www.grieta.org.mx\/wp-content\/uploads\/2021\/01\/Sin-recibir-hemodialisis-estan-mas-de-100-personas-en-el-Adolfo-Lopez-Mateos-edomex-ene-300x165.jpg 300w\" sizes=\"auto, (max-width: 643px) 100vw, 643px\" \/><\/p>\n<p>Redacci\u00f3n Viceversa Noticias<\/p>\n<p><strong>Toluca, M\u00e9xico; 28 de enero de 2021.<\/strong> A casi un mes de su primera protesta, pacientes del hospital Adolfo L\u00f3pez Mateos vuelven a las calles para denunciar la falta de hemodi\u00e1lisis en este nosocomio pues son m\u00e1s de 100 enfermos los afectados.<\/p>\n<p>Don Octavio Cruz, oriundo de Zinacantepec, es uno de ellos; \u00e9l tiene 40 a\u00f1os y necesita de tres sesiones a la semana, sin embargo no logra costear el tratamiento pues en hospitales particulares cada tratamiento ronda los mil 500 pesos, lo que lo ha orillado a dejarse de atender.<\/p>\n<p>El problema es tal que ayer falleci\u00f3 una persona por la falta de atenci\u00f3n en este rubro y que deriva del dos de enero, cuando el cuarto piso de ese hospital se incendiara. Reportes preliminares indicaban que el siniestro se suscit\u00f3 debido a que un aparato de hemodi\u00e1lisis se hab\u00eda quemado y esto hab\u00eda propagado las llamas al resto de la instalaci\u00f3n. Ese mismo aparato no ha sido repuesto y por ello los pacientes siguen sin ser atendidos.<\/p>\n<p>La hemodi\u00e1lisis es un tratamiento para filtrar las toxinas y el agua de la sangre. El tratamiento coadyuba a controlar la presi\u00f3n arterial y a equilibrar los minerales importantes en la sangre como el potasio, el sodio y el calcio, por lo que este procedimiento resulta indispensable para mantener una vida digna.<\/p>\n<p><a href=\"http:\/\/viceversanoticias.com\/2021\/01\/28\/sin-recibir-hemodialisis-estan-mas-de-100-personas-en-el-adolfo-lopez-mateos\/\" target=\"_blank\" rel=\"noopener\">http:\/\/viceversanoticias.com\/2021\/01\/28\/sin-recibir-hemodialisis-estan-mas-de-100-personas-en-el-adolfo-lopez-mateos\/<\/a><\/p>\n","protected":false},"excerpt":{"rendered":"<p>Redacci\u00f3n Viceversa Noticias Toluca, M\u00e9xico; 28 de enero de 2021. A casi un mes de su primera protesta, pacientes del hospital Adolfo L\u00f3pez Mateos vuelven a las calles para denunciar &hellip; <a href=\"https:\/\/www.grieta.org.mx\/index.php\/2021\/01\/28\/sin-recibir-hemodialisis-estan-mas-de-100-personas-en-el-adolfo-lopez-mateos-estado-de-mexico\/\" class=\"more-link\">Leer m\u00e1s<\/a><\/p>\n","protected":false},"author":2,"featured_media":56446,"comment_status":"closed","ping_status":"closed","sticky":false,"template":"","format":"standard","meta":{"ngg_post_thumbnail":0,"_jetpack_newsletter_access":"","_jetpack_dont_email_post_to_subs":false,"_jetpack_newsletter_tier_id":0,"_jetpack_memberships_contains_paywalled_content":false,"_jetpack_memberships_contains_paid_content":false,"footnotes":""},"categories":[80,918,2957,16,2996,3035,2,83],"tags":[3133,1068,893],"class_list":["post-56445","post","type-post","status-publish","format-standard","has-post-thumbnail","hentry","category-cintillo","category-privatizacion-del-sector-salud","category-crisis-del-sector-salud-en-el-estado-de-mexico","category-estado-de-mexico","category-incremento-del-costo-de-la-vida-en-el-estado-de-mexico","category-movilizaciones-y-protestas-de-habitantes-en-el-estado-de-mexico","category-noticias-nacionales","category-temas-nacionales","tag-crisis-del-sector-salud","tag-incremento-en-el-costo-de-la-vida","tag-privatizacion-de-la-salud","entry"],"jetpack_featured_media_url":"https:\/\/www.grieta.org.mx\/wp-content\/uploads\/2021\/01\/Sin-recibir-hemodialisis-estan-mas-de-100-personas-en-el-Adolfo-Lopez-Mateos-edomex-ene.jpg","jetpack_sharing_enabled":true,"jetpack_shortlink":"https:\/\/wp.me\/p7ZJR4-eGp","jetpack_likes_enabled":false,"jetpack-related-posts":[{"id":56557,"url":"https:\/\/www.grieta.org.mx\/index.php\/2020\/12\/31\/protestan-por-segundo-dia-medicos-del-hospital-lopez-mateos-estado-de-mexico\/","url_meta":{"origin":56445,"position":0},"title":"Protestan por segundo d\u00eda m\u00e9dicos del hospital L\u00f3pez Mateos (Estado de M\u00e9xico)","author":"grieta","date":"31 diciembre, 2020","format":false,"excerpt":"Imagen tomada de: ADNoticias Claudia Garc\u00eda \/ ADNoticias Exigen a la Secretar\u00eda de Salud no designar a un director que repita los actos de influyentismos y que ignore las necesidades Por segundo d\u00eda, m\u00e9dicos del hospital Adolfo L\u00f3pez Mateos se manifestaron en la explanada del nosocomio, la finalidad exigir mejores\u2026","rel":"","context":"En &quot;CINTILLO&quot;","block_context":{"text":"CINTILLO","link":"https:\/\/www.grieta.org.mx\/index.php\/category\/cintillo\/"},"img":{"alt_text":"","src":"https:\/\/i0.wp.com\/www.grieta.org.mx\/wp-content\/uploads\/2021\/01\/Protestan-por-segundo-dia-medicos-del-hospital-Lopez-Mateos-edomex-ene.jpeg?resize=350%2C200&ssl=1","width":350,"height":200,"srcset":"https:\/\/i0.wp.com\/www.grieta.org.mx\/wp-content\/uploads\/2021\/01\/Protestan-por-segundo-dia-medicos-del-hospital-Lopez-Mateos-edomex-ene.jpeg?resize=350%2C200&ssl=1 1x, https:\/\/i0.wp.com\/www.grieta.org.mx\/wp-content\/uploads\/2021\/01\/Protestan-por-segundo-dia-medicos-del-hospital-Lopez-Mateos-edomex-ene.jpeg?resize=525%2C300&ssl=1 1.5x, https:\/\/i0.wp.com\/www.grieta.org.mx\/wp-content\/uploads\/2021\/01\/Protestan-por-segundo-dia-medicos-del-hospital-Lopez-Mateos-edomex-ene.jpeg?resize=700%2C400&ssl=1 2x, https:\/\/i0.wp.com\/www.grieta.org.mx\/wp-content\/uploads\/2021\/01\/Protestan-por-segundo-dia-medicos-del-hospital-Lopez-Mateos-edomex-ene.jpeg?resize=1050%2C600&ssl=1 3x"},"classes":[]},{"id":62234,"url":"https:\/\/www.grieta.org.mx\/index.php\/2021\/10\/08\/personal-medico-denuncia-falta-de-insumos-estado-de-mexico\/","url_meta":{"origin":56445,"position":1},"title":"Personal m\u00e9dico denuncia falta de insumos (Estado de M\u00e9xico)","author":"grieta","date":"8 octubre, 2021","format":false,"excerpt":"Claudia Garc\u00eda \/ ADNoticias La exigencia por parte de enfermeras, camilleros y doctores del hospital Adolfo L\u00f3pez Mateos ha sido constante desde el inicio de la pandemia La situaci\u00f3n que vive el personal m\u00e9dico del hospital es complicada: los guantes, cubre bocas, gel antibacterial y sanitizante son escasos. Esto compromete\u2026","rel":"","context":"En &quot;CINTILLO&quot;","block_context":{"text":"CINTILLO","link":"https:\/\/www.grieta.org.mx\/index.php\/category\/cintillo\/"},"img":{"alt_text":"","src":"https:\/\/i0.wp.com\/www.grieta.org.mx\/wp-content\/uploads\/2021\/10\/personal-medico-denuncia-falta-de-insumos-edomex-oct.jpg?resize=350%2C200&ssl=1","width":350,"height":200,"srcset":"https:\/\/i0.wp.com\/www.grieta.org.mx\/wp-content\/uploads\/2021\/10\/personal-medico-denuncia-falta-de-insumos-edomex-oct.jpg?resize=350%2C200&ssl=1 1x, https:\/\/i0.wp.com\/www.grieta.org.mx\/wp-content\/uploads\/2021\/10\/personal-medico-denuncia-falta-de-insumos-edomex-oct.jpg?resize=525%2C300&ssl=1 1.5x, https:\/\/i0.wp.com\/www.grieta.org.mx\/wp-content\/uploads\/2021\/10\/personal-medico-denuncia-falta-de-insumos-edomex-oct.jpg?resize=700%2C400&ssl=1 2x, https:\/\/i0.wp.com\/www.grieta.org.mx\/wp-content\/uploads\/2021\/10\/personal-medico-denuncia-falta-de-insumos-edomex-oct.jpg?resize=1050%2C600&ssl=1 3x, https:\/\/i0.wp.com\/www.grieta.org.mx\/wp-content\/uploads\/2021\/10\/personal-medico-denuncia-falta-de-insumos-edomex-oct.jpg?resize=1400%2C800&ssl=1 4x"},"classes":[]},{"id":71884,"url":"https:\/\/www.grieta.org.mx\/index.php\/2025\/07\/02\/bloquean-avenida-penon-crecen-protesta-de-pacientes-en-ixtapaluca-y-chimalhuacan-estado-de-mexico\/","url_meta":{"origin":56445,"position":2},"title":"Bloquean avenida Pe\u00f1\u00f3n; crecen protesta de pacientes en Ixtapaluca y Chimalhuac\u00e1n (Estado de M\u00e9xico)","author":"grieta","date":"2 julio, 2025","format":false,"excerpt":"Daniel Casta\u00f1os \/ Quadrat\u00edn EMX CHIMALHUAC\u00c1N, Edomex., 1 de julio. \u2013 Pasado el mediod\u00eda de este martes, pacientes y familiares del\u00a0Hospital General de Chimalhuac\u00e1n\u00a0se manifestaron en la avenida Pe\u00f1\u00f3n, esto debido a la suspensi\u00f3n de los tratamientos de enfermos con problemas renales. Este hecho se suma a la manifestaci\u00f3n en\u2026","rel":"","context":"En &quot;CINTILLO&quot;","block_context":{"text":"CINTILLO","link":"https:\/\/www.grieta.org.mx\/index.php\/category\/cintillo\/"},"img":{"alt_text":"","src":"https:\/\/i0.wp.com\/www.grieta.org.mx\/wp-content\/uploads\/2025\/07\/Bloquean-avenida-Penon-crecen-protesta-de-pacientes-en-Ixtapaluca.jpg?resize=350%2C200&ssl=1","width":350,"height":200,"srcset":"https:\/\/i0.wp.com\/www.grieta.org.mx\/wp-content\/uploads\/2025\/07\/Bloquean-avenida-Penon-crecen-protesta-de-pacientes-en-Ixtapaluca.jpg?resize=350%2C200&ssl=1 1x, https:\/\/i0.wp.com\/www.grieta.org.mx\/wp-content\/uploads\/2025\/07\/Bloquean-avenida-Penon-crecen-protesta-de-pacientes-en-Ixtapaluca.jpg?resize=525%2C300&ssl=1 1.5x, https:\/\/i0.wp.com\/www.grieta.org.mx\/wp-content\/uploads\/2025\/07\/Bloquean-avenida-Penon-crecen-protesta-de-pacientes-en-Ixtapaluca.jpg?resize=700%2C400&ssl=1 2x, https:\/\/i0.wp.com\/www.grieta.org.mx\/wp-content\/uploads\/2025\/07\/Bloquean-avenida-Penon-crecen-protesta-de-pacientes-en-Ixtapaluca.jpg?resize=1050%2C600&ssl=1 3x"},"classes":[]},{"id":56284,"url":"https:\/\/www.grieta.org.mx\/index.php\/2021\/01\/13\/medicos-de-hospital-en-toluca-atienden-a-pacientes-covid-en-plena-calle-por-saturacion-hospitalaria-estado-de-mexico\/","url_meta":{"origin":56445,"position":3},"title":"M\u00e9dicos de Hospital en Toluca atienden a pacientes COVID en plena calle por saturaci\u00f3n hospitalaria (Estado de M\u00e9xico)","author":"grieta","date":"13 enero, 2021","format":false,"excerpt":"Foto: Noticieros Televisa V\u00edctor-Valles Mata y Jorge Ulloa \/Noticieros Televisa En el \u00e1rea de urgencias COVID de este Centro M\u00e9dico, s\u00f3lo reciben a pacientes cuyos nombres aparecen en una lista En el Estado de M\u00e9xico, la saturaci\u00f3n hospitalaria est\u00e1 obligando a algunos m\u00e9dicos a valorar a los pacientes COVID en\u2026","rel":"","context":"En &quot;CINTILLO&quot;","block_context":{"text":"CINTILLO","link":"https:\/\/www.grieta.org.mx\/index.php\/category\/cintillo\/"},"img":{"alt_text":"","src":"https:\/\/i0.wp.com\/www.grieta.org.mx\/wp-content\/uploads\/2021\/01\/Medicos-de-Hospital-en-Toluca-atienden-a-pacientes-COVID-en-plena-calle-por-saturacion-hospitalaria-edomx-ene.jpg?resize=350%2C200","width":350,"height":200},"classes":[]},{"id":71878,"url":"https:\/\/www.grieta.org.mx\/index.php\/2025\/07\/02\/pacientes-del-hospital-zoquiapan-de-ixtapaluca-mantienen-bloqueo-claman-que-no-los-dejen-sin-tratamiento-estado-de-mexico\/","url_meta":{"origin":56445,"position":4},"title":"Pacientes del Hospital Zoquiapan de Ixtapaluca mantienen bloqueo, claman que no los dejen sin tratamiento (Estado de M\u00e9xico)","author":"grieta","date":"2 julio, 2025","format":false,"excerpt":"Miguel Gonz\u00e1lez \/ La Jornada Estado de M\u00e9xico Pacientes del Hospital Zoquiapan de Ixtapaluca bloquean las afueras del nosocomio y claman que no los dejen sin tratamiento ante el retiro de equipo de hemodi\u00e1lisis. Pacientes con da\u00f1o renal del Hospital Zoquiapan \u201cDr. Pedro L\u00f3pez\u201d del municipio de Ixtapaluca, acompa\u00f1ados por\u2026","rel":"","context":"En &quot;CINTILLO&quot;","block_context":{"text":"CINTILLO","link":"https:\/\/www.grieta.org.mx\/index.php\/category\/cintillo\/"},"img":{"alt_text":"","src":"https:\/\/i0.wp.com\/www.grieta.org.mx\/wp-content\/uploads\/2025\/07\/Captura-de-pantalla-2025-07-02-000613.png?resize=350%2C200&ssl=1","width":350,"height":200,"srcset":"https:\/\/i0.wp.com\/www.grieta.org.mx\/wp-content\/uploads\/2025\/07\/Captura-de-pantalla-2025-07-02-000613.png?resize=350%2C200&ssl=1 1x, https:\/\/i0.wp.com\/www.grieta.org.mx\/wp-content\/uploads\/2025\/07\/Captura-de-pantalla-2025-07-02-000613.png?resize=525%2C300&ssl=1 1.5x, https:\/\/i0.wp.com\/www.grieta.org.mx\/wp-content\/uploads\/2025\/07\/Captura-de-pantalla-2025-07-02-000613.png?resize=700%2C400&ssl=1 2x"},"classes":[]},{"id":56308,"url":"https:\/\/www.grieta.org.mx\/index.php\/2021\/01\/13\/protestan-anestesiologos-del-hospital-nicolas-san-juan-por-no-recibir-vacuna-estado-de-mexico\/","url_meta":{"origin":56445,"position":5},"title":"Protestan anestesi\u00f3logos del hospital Nicol\u00e1s San Juan por no recibir vacuna (Estado de M\u00e9xico)","author":"grieta","date":"13 enero, 2021","format":false,"excerpt":"Fotos: Cortes\u00eda \/ Fernando Sapichu Filiberto Ramos \/ El Sol de Toluca Tras no ser considerados se manifestaron a las afueras del nosocomio a la espera de ser escuchados por las autoridades de salud Especialistas del hospital Doctor Nicol\u00e1s San Juan, ubicado en la capital mexiquense, protestaron este mi\u00e9rcoles luego\u2026","rel":"","context":"En &quot;CINTILLO&quot;","block_context":{"text":"CINTILLO","link":"https:\/\/www.grieta.org.mx\/index.php\/category\/cintillo\/"},"img":{"alt_text":"","src":"https:\/\/i0.wp.com\/www.grieta.org.mx\/wp-content\/uploads\/2021\/01\/Protestan-anestesiologos-del-hospital-Nicolas-San-Juan-por-no-recibir-vacuna-edomex-ene.jpg?resize=350%2C200&ssl=1","width":350,"height":200,"srcset":"https:\/\/i0.wp.com\/www.grieta.org.mx\/wp-content\/uploads\/2021\/01\/Protestan-anestesiologos-del-hospital-Nicolas-San-Juan-por-no-recibir-vacuna-edomex-ene.jpg?resize=350%2C200&ssl=1 1x, https:\/\/i0.wp.com\/www.grieta.org.mx\/wp-content\/uploads\/2021\/01\/Protestan-anestesiologos-del-hospital-Nicolas-San-Juan-por-no-recibir-vacuna-edomex-ene.jpg?resize=525%2C300&ssl=1 1.5x, https:\/\/i0.wp.com\/www.grieta.org.mx\/wp-content\/uploads\/2021\/01\/Protestan-anestesiologos-del-hospital-Nicolas-San-Juan-por-no-recibir-vacuna-edomex-ene.jpg?resize=700%2C400&ssl=1 2x"},"classes":[]}],"_links":{"self":[{"href":"https:\/\/www.grieta.org.mx\/index.php\/wp-json\/wp\/v2\/posts\/56445","targetHints":{"allow":["GET"]}}],"collection":[{"href":"https:\/\/www.grieta.org.mx\/index.php\/wp-json\/wp\/v2\/posts"}],"about":[{"href":"https:\/\/www.grieta.org.mx\/index.php\/wp-json\/wp\/v2\/types\/post"}],"author":[{"embeddable":true,"href":"https:\/\/www.grieta.org.mx\/index.php\/wp-json\/wp\/v2\/users\/2"}],"replies":[{"embeddable":true,"href":"https:\/\/www.grieta.org.mx\/index.php\/wp-json\/wp\/v2\/comments?post=56445"}],"version-history":[{"count":1,"href":"https:\/\/www.grieta.org.mx\/index.php\/wp-json\/wp\/v2\/posts\/56445\/revisions"}],"predecessor-version":[{"id":56447,"href":"https:\/\/www.grieta.org.mx\/index.php\/wp-json\/wp\/v2\/posts\/56445\/revisions\/56447"}],"wp:featuredmedia":[{"embeddable":true,"href":"https:\/\/www.grieta.org.mx\/index.php\/wp-json\/wp\/v2\/media\/56446"}],"wp:attachment":[{"href":"https:\/\/www.grieta.org.mx\/index.php\/wp-json\/wp\/v2\/media?parent=56445"}],"wp:term":[{"taxonomy":"category","embeddable":true,"href":"https:\/\/www.grieta.org.mx\/index.php\/wp-json\/wp\/v2\/categories?post=56445"},{"taxonomy":"post_tag","embeddable":true,"href":"https:\/\/www.grieta.org.mx\/index.php\/wp-json\/wp\/v2\/tags?post=56445"}],"curies":[{"name":"wp","href":"https:\/\/api.w.org\/{rel}","templated":true}]}}