{"id":56442,"date":"2021-01-28T00:19:28","date_gmt":"2021-01-28T06:19:28","guid":{"rendered":"http:\/\/www.grieta.org.mx\/?p=56442"},"modified":"2021-01-29T00:23:57","modified_gmt":"2021-01-29T06:23:57","slug":"se-queda-sin-agua-cacalomacan-por-presunto-adeudo-millonario-a-cfe-estado-de-mexico","status":"publish","type":"post","link":"https:\/\/www.grieta.org.mx\/index.php\/2021\/01\/28\/se-queda-sin-agua-cacalomacan-por-presunto-adeudo-millonario-a-cfe-estado-de-mexico\/","title":{"rendered":"Se queda sin agua Cacalomac\u00e1n por presunto adeudo millonario a CFE (Estado de M\u00e9xico)"},"content":{"rendered":"<p><img loading=\"lazy\" decoding=\"async\" data-attachment-id=\"56443\" data-permalink=\"https:\/\/www.grieta.org.mx\/index.php\/2021\/01\/28\/se-queda-sin-agua-cacalomacan-por-presunto-adeudo-millonario-a-cfe-estado-de-mexico\/se-queda-sin-agua-cacalomacan-por-presunto-adeudo-millonario-a-cfe-edomex-ene\/\" data-orig-file=\"https:\/\/www.grieta.org.mx\/wp-content\/uploads\/2021\/01\/Se-queda-sin-agua-Cacalomacan-por-presunto-adeudo-millonario-a-CFE-edomex-ene.jpeg\" data-orig-size=\"1280,853\" data-comments-opened=\"0\" data-image-meta=\"{&quot;aperture&quot;:&quot;0&quot;,&quot;credit&quot;:&quot;&quot;,&quot;camera&quot;:&quot;&quot;,&quot;caption&quot;:&quot;&quot;,&quot;created_timestamp&quot;:&quot;0&quot;,&quot;copyright&quot;:&quot;&quot;,&quot;focal_length&quot;:&quot;0&quot;,&quot;iso&quot;:&quot;0&quot;,&quot;shutter_speed&quot;:&quot;0&quot;,&quot;title&quot;:&quot;&quot;,&quot;orientation&quot;:&quot;0&quot;}\" data-image-title=\"Se queda sin agua Cacalomac\u00e1n por presunto adeudo millonario a CFE edomex ene\" data-image-description=\"\" data-image-caption=\"\" data-medium-file=\"https:\/\/www.grieta.org.mx\/wp-content\/uploads\/2021\/01\/Se-queda-sin-agua-Cacalomacan-por-presunto-adeudo-millonario-a-CFE-edomex-ene-300x200.jpeg\" data-large-file=\"https:\/\/www.grieta.org.mx\/wp-content\/uploads\/2021\/01\/Se-queda-sin-agua-Cacalomacan-por-presunto-adeudo-millonario-a-CFE-edomex-ene-1024x682.jpeg\" class=\"alignnone  wp-image-56443\" src=\"http:\/\/www.grieta.org.mx\/wp-content\/uploads\/2021\/01\/Se-queda-sin-agua-Cacalomacan-por-presunto-adeudo-millonario-a-CFE-edomex-ene.jpeg\" alt=\"\" width=\"634\" height=\"422\" srcset=\"https:\/\/www.grieta.org.mx\/wp-content\/uploads\/2021\/01\/Se-queda-sin-agua-Cacalomacan-por-presunto-adeudo-millonario-a-CFE-edomex-ene.jpeg 1280w, https:\/\/www.grieta.org.mx\/wp-content\/uploads\/2021\/01\/Se-queda-sin-agua-Cacalomacan-por-presunto-adeudo-millonario-a-CFE-edomex-ene-300x200.jpeg 300w, https:\/\/www.grieta.org.mx\/wp-content\/uploads\/2021\/01\/Se-queda-sin-agua-Cacalomacan-por-presunto-adeudo-millonario-a-CFE-edomex-ene-1024x682.jpeg 1024w, https:\/\/www.grieta.org.mx\/wp-content\/uploads\/2021\/01\/Se-queda-sin-agua-Cacalomacan-por-presunto-adeudo-millonario-a-CFE-edomex-ene-768x512.jpeg 768w, https:\/\/www.grieta.org.mx\/wp-content\/uploads\/2021\/01\/Se-queda-sin-agua-Cacalomacan-por-presunto-adeudo-millonario-a-CFE-edomex-ene-750x500.jpeg 750w\" sizes=\"auto, (max-width: 634px) 100vw, 634px\" \/><\/p>\n<h6>Foto tomada de: ADNoticias<\/h6>\n<p>V\u00edctor Castillo \/ ADNoticias<\/p>\n<blockquote><p>El vocero del Organismo de Agua Potable afirm\u00f3 que el adeudo asciende a los 4 millones de pesos<\/p><\/blockquote>\n<p>Desde el pasado martes pobladores de Cacalomac\u00e1n, en Toluca, se encuentran sin el servicio de agua potable, de acuerdo con informaci\u00f3n de miembros del Organismo de Agua Potable. <strong>La raz\u00f3n es el corte al suministro el\u00e9ctrico que permite la extracci\u00f3n y el bombeo desde el pozo de esta comunidad.<\/strong><\/p>\n<p>Ramiro Gil, vocero del organismo habl\u00f3 en entrevista para AD Noticias sobre la situaci\u00f3n:<\/p>\n<p class=\"has-text-align-center\"><em>\u201cTuvimos una reuni\u00f3n con la comisi\u00f3n, ayer me dijeron que eran mill\u00f3n y tantos, y hoy me salen que son 4 millones, el adeudo viene desde el 2012 y es por unas supuestas reconexiones il\u00edcitas\u201d.<\/em><\/p>\n<p>Ramiro Gil tambi\u00e9n inform\u00f3 que \u201cse dej\u00f3 de pagar porque era muy alta la cuota de luz: si antes se pagaban 20 mil, ahorita est\u00e1n cobrando 40 mil\u201d.<\/p>\n<h4>Asegur\u00f3 no haber llegado a ning\u00fan acuerdo con la Comisi\u00f3n Federal de Electricidad para la disminuci\u00f3n del adeudo, adem\u00e1s inform\u00f3 que debido a la pandemia la recaudaci\u00f3n por el pago del servicio a disminuido en esta localidad.<\/h4>\n<p>Pobladores de Cacalomac\u00e1n, como Mar\u00eda del Carmen Linares, quien dispone de tinaco y un pozo, han pasado por alto la falta de agua, \u201ctengo un pozito\u201d, algunos otros como \u201cTania\u201d, quien prefiri\u00f3 guardar el anonimato, se han organizado con vecinos para la compra de agua en pipas.<\/p>\n<p>En redes sociales vecinos han mostrado inconformidad con la actuaci\u00f3n del organismo al no dar respuesta al corte de agua:<\/p>\n<p class=\"has-text-align-center\"><em>\u201cMe tomo el atrevimiento de juntar a 6 personas voluntarias que sean honestas con la capacidad de tener valor civil de pasar a cobrar x casa el agua y as\u00ed poder juntar dinero para ir abonando a la comisi\u00f3n de luz (sic)\u201d, <\/em>escribi\u00f3 Lau Valdes en el grupo de Facebook Cacalomac\u00e1n Toluca.<\/p>\n<h4>Como en otras comunidades, <strong>el Organismo de Agua Potable de Cacalomac\u00e1n es aut\u00f3nomo por lo que no depende del ayuntamiento de Toluca<\/strong>. En un comunicado dicho organismo inform\u00f3 que se realizar\u00e1n las gestiones para restablecer el suministro a la brevedad sin precisar la fecha.<\/h4>\n<p><a href=\"https:\/\/adnoticias.mx\/se-queda-sin-agua-cacalomacan-por-presunto-adeudo-millonario-a-cfe\/\" target=\"_blank\" rel=\"noopener\">https:\/\/adnoticias.mx\/se-queda-sin-agua-cacalomacan-por-presunto-adeudo-millonario-a-cfe\/<\/a><\/p>\n","protected":false},"excerpt":{"rendered":"<p>Foto tomada de: ADNoticias V\u00edctor Castillo \/ ADNoticias El vocero del Organismo de Agua Potable afirm\u00f3 que el adeudo asciende a los 4 millones de pesos Desde el pasado martes &hellip; <a href=\"https:\/\/www.grieta.org.mx\/index.php\/2021\/01\/28\/se-queda-sin-agua-cacalomacan-por-presunto-adeudo-millonario-a-cfe-estado-de-mexico\/\" class=\"more-link\">Leer m\u00e1s<\/a><\/p>\n","protected":false},"author":2,"featured_media":56443,"comment_status":"closed","ping_status":"closed","sticky":false,"template":"","format":"standard","meta":{"ngg_post_thumbnail":0,"_jetpack_newsletter_access":"","_jetpack_dont_email_post_to_subs":false,"_jetpack_newsletter_tier_id":0,"_jetpack_memberships_contains_paywalled_content":false,"_jetpack_memberships_contains_paid_content":false,"footnotes":""},"categories":[80,914,3034,16,2996,2,83],"tags":[2403,1068],"class_list":["post-56442","post","type-post","status-publish","format-standard","has-post-thumbnail","hentry","category-cintillo","category-privatizacion-del-agua","category-crisis-del-agua-en-el-estado-de-mexico","category-estado-de-mexico","category-incremento-del-costo-de-la-vida-en-el-estado-de-mexico","category-noticias-nacionales","category-temas-nacionales","tag-crisis-del-agua","tag-incremento-en-el-costo-de-la-vida","entry"],"jetpack_featured_media_url":"https:\/\/www.grieta.org.mx\/wp-content\/uploads\/2021\/01\/Se-queda-sin-agua-Cacalomacan-por-presunto-adeudo-millonario-a-CFE-edomex-ene.jpeg","jetpack_sharing_enabled":true,"jetpack_shortlink":"https:\/\/wp.me\/p7ZJR4-eGm","jetpack_likes_enabled":false,"jetpack-related-posts":[{"id":49012,"url":"https:\/\/www.grieta.org.mx\/index.php\/2020\/05\/12\/vecinos-de-ecatepec-piden-agua-afuera-de-palacio-nacional-estado-de-mexico\/","url_meta":{"origin":56442,"position":0},"title":"Vecinos de Ecatepec piden agua afuera de Palacio Nacional (Estado de M\u00e9xico)","author":"grieta","date":"12 mayo, 2020","format":false,"excerpt":"Foto: Jos\u00e9 Antonio Garc\u00eda Jos\u00e9 Antonio Garc\u00eda \/ Excelsior Piden les sea reinstalado el suministro de agua potable a trav\u00e9s de la red hidr\u00e1ulica ya que desde hace 30 d\u00edas no hay servicio Vecinos de las colonias Florida, Alborada de Arag\u00f3n, Parques de Arag\u00f3n, Villas Cosmos y Fuentes, todas del\u2026","rel":"","context":"En &quot;CINTILLO&quot;","block_context":{"text":"CINTILLO","link":"https:\/\/www.grieta.org.mx\/index.php\/category\/cintillo\/"},"img":{"alt_text":"","src":"https:\/\/i0.wp.com\/www.grieta.org.mx\/wp-content\/uploads\/2020\/05\/Vecinos-de-Ecatepec-piden-agua-afuera-de-Palacio-Nacional-edomex-may.jpg?resize=350%2C200&ssl=1","width":350,"height":200,"srcset":"https:\/\/i0.wp.com\/www.grieta.org.mx\/wp-content\/uploads\/2020\/05\/Vecinos-de-Ecatepec-piden-agua-afuera-de-Palacio-Nacional-edomex-may.jpg?resize=350%2C200&ssl=1 1x, https:\/\/i0.wp.com\/www.grieta.org.mx\/wp-content\/uploads\/2020\/05\/Vecinos-de-Ecatepec-piden-agua-afuera-de-Palacio-Nacional-edomex-may.jpg?resize=525%2C300&ssl=1 1.5x"},"classes":[]},{"id":56529,"url":"https:\/\/www.grieta.org.mx\/index.php\/2021\/01\/22\/san-jose-chalmita-la-comunidad-marginada-a-la-que-la-cfe-le-quito-el-agua-parte-dos-estado-de-mexico\/","url_meta":{"origin":56442,"position":1},"title":"San Jos\u00e9 Chalmita, la comunidad marginada a la que la CFE le quit\u00f3 el agua. Parte dos (Estado de M\u00e9xico)","author":"grieta","date":"22 enero, 2021","format":false,"excerpt":"Imagen tomada de: ADNoticias V\u00edctor Castillo \/ ADNoticias La octava regidora de Tenancingo facilit\u00f3 a algunos pobladores de San Jos\u00e9 Chalmita tinacos con subsidio, sin embargo, esta comunidad carece de agua desde hace m\u00e1s de 6 meses San Jos\u00e9 Chalmita es una comunidad perteneciente al municipio de Tenancingo que se\u2026","rel":"","context":"En &quot;CINTILLO&quot;","block_context":{"text":"CINTILLO","link":"https:\/\/www.grieta.org.mx\/index.php\/category\/cintillo\/"},"img":{"alt_text":"","src":"https:\/\/i0.wp.com\/www.grieta.org.mx\/wp-content\/uploads\/2021\/01\/San-Jose-Chalmita-la-comunidad-marginada-a-la-que-la-CFE-le-quito-el-agua-2-edomex-ene.jpeg?resize=350%2C200&ssl=1","width":350,"height":200,"srcset":"https:\/\/i0.wp.com\/www.grieta.org.mx\/wp-content\/uploads\/2021\/01\/San-Jose-Chalmita-la-comunidad-marginada-a-la-que-la-CFE-le-quito-el-agua-2-edomex-ene.jpeg?resize=350%2C200&ssl=1 1x, https:\/\/i0.wp.com\/www.grieta.org.mx\/wp-content\/uploads\/2021\/01\/San-Jose-Chalmita-la-comunidad-marginada-a-la-que-la-CFE-le-quito-el-agua-2-edomex-ene.jpeg?resize=525%2C300&ssl=1 1.5x, https:\/\/i0.wp.com\/www.grieta.org.mx\/wp-content\/uploads\/2021\/01\/San-Jose-Chalmita-la-comunidad-marginada-a-la-que-la-CFE-le-quito-el-agua-2-edomex-ene.jpeg?resize=700%2C400&ssl=1 2x, https:\/\/i0.wp.com\/www.grieta.org.mx\/wp-content\/uploads\/2021\/01\/San-Jose-Chalmita-la-comunidad-marginada-a-la-que-la-CFE-le-quito-el-agua-2-edomex-ene.jpeg?resize=1050%2C600&ssl=1 3x"},"classes":[]},{"id":68974,"url":"https:\/\/www.grieta.org.mx\/index.php\/2024\/05\/22\/bloquean-otra-vez-la-avenida-adolfo-lopez-mateos-para-exigir-agua-potable-estado-de-mexico\/","url_meta":{"origin":56442,"position":2},"title":"Bloquean otra vez la avenida Adolfo L\u00f3pez Mateos para exigir agua potable (Estado de M\u00e9xico)","author":"grieta","date":"22 mayo, 2024","format":false,"excerpt":"Fernando Sol\u00eds \/ El Sol de Toluca Fotos: Luis Trejo Tambi\u00e9n tomaron los pozos n\u00famero 2 de \u00a0Ejidos de Tulpetlac y el de R\u00edo de Luz e impidieron que pipas particulares y de Sapase cargaran agua Con\u00a0bloqueo\u00a0y la\u00a0toma de un par de pozos de agua\u00a0vecinos de Ecatepec\u00a0piden\u00a0al titular del Sistema\u2026","rel":"","context":"En &quot;CINTILLO&quot;","block_context":{"text":"CINTILLO","link":"https:\/\/www.grieta.org.mx\/index.php\/category\/cintillo\/"},"img":{"alt_text":"","src":"https:\/\/i0.wp.com\/www.grieta.org.mx\/wp-content\/uploads\/2024\/05\/Bloquean-otra-vez-la-avenida-Adolfo-Lopez-Mateos-para-exigir-agua-potable.png?resize=350%2C200&ssl=1","width":350,"height":200,"srcset":"https:\/\/i0.wp.com\/www.grieta.org.mx\/wp-content\/uploads\/2024\/05\/Bloquean-otra-vez-la-avenida-Adolfo-Lopez-Mateos-para-exigir-agua-potable.png?resize=350%2C200&ssl=1 1x, https:\/\/i0.wp.com\/www.grieta.org.mx\/wp-content\/uploads\/2024\/05\/Bloquean-otra-vez-la-avenida-Adolfo-Lopez-Mateos-para-exigir-agua-potable.png?resize=525%2C300&ssl=1 1.5x, https:\/\/i0.wp.com\/www.grieta.org.mx\/wp-content\/uploads\/2024\/05\/Bloquean-otra-vez-la-avenida-Adolfo-Lopez-Mateos-para-exigir-agua-potable.png?resize=700%2C400&ssl=1 2x"},"classes":[]},{"id":43394,"url":"https:\/\/www.grieta.org.mx\/index.php\/2020\/01\/23\/control-por-el-agua-desata-tension-en-poblado-de-ixtapaluca-estado-de-mexico\/","url_meta":{"origin":56442,"position":3},"title":"Control por el agua desata tensi\u00f3n en poblado de Ixtapaluca (Estado de M\u00e9xico)","author":"grieta","date":"23 enero, 2020","format":false,"excerpt":"Manuel L\u00f3pez \/ Hoy Estado Habitantes del pueblo de Ayotla, en el municipio de Ixtapaluca, se congregaron en el centro de la comunidad para exigir la destituci\u00f3n del actual Comit\u00e9 de Agua Potable dirigido por Guillermo D\u00edaz Mena, quien desde hace 30 a\u00f1os ha permanecido en el poder. De acuerdo\u2026","rel":"","context":"En &quot;CINTILLO&quot;","block_context":{"text":"CINTILLO","link":"https:\/\/www.grieta.org.mx\/index.php\/category\/cintillo\/"},"img":{"alt_text":"","src":"https:\/\/i0.wp.com\/www.grieta.org.mx\/wp-content\/uploads\/2020\/01\/Control-por-el-agua-desata-tensi%C3%B3n-en-poblado-de-Ixtapaluca-edomex-ene.jpg?resize=350%2C200","width":350,"height":200},"classes":[]},{"id":56525,"url":"https:\/\/www.grieta.org.mx\/index.php\/2021\/01\/23\/san-jose-chalmita-la-comunidad-marginada-a-la-que-la-cfe-le-quito-el-agua-estado-de-mexico\/","url_meta":{"origin":56442,"position":4},"title":"San Jos\u00e9 Chalmita, la comunidad marginada a la que la CFE le quit\u00f3 el agua (Estado de M\u00e9xico)","author":"grieta","date":"23 enero, 2021","format":false,"excerpt":"V\u00edctor Castillo \/ ADNoticias Dos tambos de 220 litros guardan el agua que deber\u00e1n administrar por una semana una de las familias afectadas Frente a la iglesia de San Jos\u00e9 Chalmita vive \u00c1ngela Arias de 87 a\u00f1os junto a media docena de ni\u00f1os, nietos y bisnietos todos, ellos al igual\u2026","rel":"","context":"En &quot;CINTILLO&quot;","block_context":{"text":"CINTILLO","link":"https:\/\/www.grieta.org.mx\/index.php\/category\/cintillo\/"},"img":{"alt_text":"","src":"https:\/\/i0.wp.com\/www.grieta.org.mx\/wp-content\/uploads\/2021\/01\/San-Jose-Chalmita-la-comunidad-marginada-a-la-que-la-CFE-le-quito-el-agua-edomex-ene.jpg?resize=350%2C200&ssl=1","width":350,"height":200,"srcset":"https:\/\/i0.wp.com\/www.grieta.org.mx\/wp-content\/uploads\/2021\/01\/San-Jose-Chalmita-la-comunidad-marginada-a-la-que-la-CFE-le-quito-el-agua-edomex-ene.jpg?resize=350%2C200&ssl=1 1x, https:\/\/i0.wp.com\/www.grieta.org.mx\/wp-content\/uploads\/2021\/01\/San-Jose-Chalmita-la-comunidad-marginada-a-la-que-la-CFE-le-quito-el-agua-edomex-ene.jpg?resize=525%2C300&ssl=1 1.5x, https:\/\/i0.wp.com\/www.grieta.org.mx\/wp-content\/uploads\/2021\/01\/San-Jose-Chalmita-la-comunidad-marginada-a-la-que-la-CFE-le-quito-el-agua-edomex-ene.jpg?resize=700%2C400&ssl=1 2x, https:\/\/i0.wp.com\/www.grieta.org.mx\/wp-content\/uploads\/2021\/01\/San-Jose-Chalmita-la-comunidad-marginada-a-la-que-la-CFE-le-quito-el-agua-edomex-ene.jpg?resize=1050%2C600&ssl=1 3x"},"classes":[]},{"id":48299,"url":"https:\/\/www.grieta.org.mx\/index.php\/2020\/04\/20\/bloquean-ermita-por-falta-de-agua-desde-hace-tres-meses-ciudad-de-mexico\/","url_meta":{"origin":56442,"position":5},"title":"Bloquean Ermita por falta de agua desde hace tres meses (Ciudad de M\u00e9xico)","author":"grieta","date":"20 abril, 2020","format":false,"excerpt":"Vecinos de la colonia Parake Buenavista ignoran sana distancia y bloquean Ermita Iztapalapa. \/ Foto: Jos\u00e9 Antonio Garc\u00eda. Jos\u00e9 Antonio Garc\u00eda \/ Excelsior Vecinos de la colonia Paraje Buenavista, alcald\u00eda de Iztapalapa, indicaron que desde hace 90 d\u00edas no cuentan con el l\u00edquido y tienen que pagar hasta mil pesos\u2026","rel":"","context":"En &quot;CINTILLO&quot;","block_context":{"text":"CINTILLO","link":"https:\/\/www.grieta.org.mx\/index.php\/category\/cintillo\/"},"img":{"alt_text":"","src":"https:\/\/i0.wp.com\/www.grieta.org.mx\/wp-content\/uploads\/2020\/04\/Bloquean-Ermita-por-falta-de-agua-desde-hace-tres-meses-cdmx-abr.jpg?resize=350%2C200&ssl=1","width":350,"height":200,"srcset":"https:\/\/i0.wp.com\/www.grieta.org.mx\/wp-content\/uploads\/2020\/04\/Bloquean-Ermita-por-falta-de-agua-desde-hace-tres-meses-cdmx-abr.jpg?resize=350%2C200&ssl=1 1x, https:\/\/i0.wp.com\/www.grieta.org.mx\/wp-content\/uploads\/2020\/04\/Bloquean-Ermita-por-falta-de-agua-desde-hace-tres-meses-cdmx-abr.jpg?resize=525%2C300&ssl=1 1.5x"},"classes":[]}],"_links":{"self":[{"href":"https:\/\/www.grieta.org.mx\/index.php\/wp-json\/wp\/v2\/posts\/56442","targetHints":{"allow":["GET"]}}],"collection":[{"href":"https:\/\/www.grieta.org.mx\/index.php\/wp-json\/wp\/v2\/posts"}],"about":[{"href":"https:\/\/www.grieta.org.mx\/index.php\/wp-json\/wp\/v2\/types\/post"}],"author":[{"embeddable":true,"href":"https:\/\/www.grieta.org.mx\/index.php\/wp-json\/wp\/v2\/users\/2"}],"replies":[{"embeddable":true,"href":"https:\/\/www.grieta.org.mx\/index.php\/wp-json\/wp\/v2\/comments?post=56442"}],"version-history":[{"count":1,"href":"https:\/\/www.grieta.org.mx\/index.php\/wp-json\/wp\/v2\/posts\/56442\/revisions"}],"predecessor-version":[{"id":56444,"href":"https:\/\/www.grieta.org.mx\/index.php\/wp-json\/wp\/v2\/posts\/56442\/revisions\/56444"}],"wp:featuredmedia":[{"embeddable":true,"href":"https:\/\/www.grieta.org.mx\/index.php\/wp-json\/wp\/v2\/media\/56443"}],"wp:attachment":[{"href":"https:\/\/www.grieta.org.mx\/index.php\/wp-json\/wp\/v2\/media?parent=56442"}],"wp:term":[{"taxonomy":"category","embeddable":true,"href":"https:\/\/www.grieta.org.mx\/index.php\/wp-json\/wp\/v2\/categories?post=56442"},{"taxonomy":"post_tag","embeddable":true,"href":"https:\/\/www.grieta.org.mx\/index.php\/wp-json\/wp\/v2\/tags?post=56442"}],"curies":[{"name":"wp","href":"https:\/\/api.w.org\/{rel}","templated":true}]}}