{"id":5641,"date":"2014-08-24T16:25:48","date_gmt":"2014-08-24T16:25:48","guid":{"rendered":"http:\/\/50.22.11.12\/~grietaor\/?p=5641"},"modified":"2016-03-27T17:00:27","modified_gmt":"2016-03-27T17:00:27","slug":"caso-comunidad-indigena-san-sebastian-teponahuaxtlan-y-pobladores-de-huajimic","status":"publish","type":"post","link":"https:\/\/www.grieta.org.mx\/index.php\/2014\/08\/24\/caso-comunidad-indigena-san-sebastian-teponahuaxtlan-y-pobladores-de-huajimic\/","title":{"rendered":"Caso comunidad ind\u00edgena San Sebasti\u00e1n Teponahuaxtl\u00e1n y pobladores de Huajimic"},"content":{"rendered":"<p>Centro de Medios Libres M\u00e9xico<br \/>\nby reflejo \u00b7 24 agosto, 2014<br \/>\nCASO COMUNIDAD IND\u00cdGENA SAN SEBASTI\u00c1N TEPONAHUAXTL\u00c1N Y POBLADORES DE HUAJIMIC<\/p>\n<p>La Comunidad wix\u00e1rika (huichol) de Waut+a San Sebasti\u00e1n Teponahuaxtl\u00e1n y Kuruxi Munewe Tuxpan, pertenecientes a los Municipios de Mezquitic y Bola\u00f1os, en el Estado de Jalisco, desde el 15 de julio de 1953 cuenta con Resoluci\u00f3n Presidencial mediante la cual le fue reconocida y titulada una superficie de 240, 447-04-00 (doscientas cuarenta mil cuatrocientos cuarenta y siete hect\u00e1reas, cuatro \u00e1reas, cero centi\u00e1reas) la cual fue publicada en el Diario Oficial de la Federaci\u00f3n el 19 de septiembre de ese mismo a\u00f1o.<\/p>\n<p>Es importante se\u00f1alar que la referida Resoluci\u00f3n fue otorgada por el Gobierno Federal en virtud de la culminaci\u00f3n del procedimiento de Reconocimiento y Titulaci\u00f3n de Bienes Comunales (RTBC) que inici\u00f3 la Comunidad aqu\u00ed se\u00f1alada con fecha 13 de agosto de 1948, la cual fue emitida al determinarse que los terrenos materia del reconocimiento eran precisamente aquellos que hab\u00eda venido poseyendo la Comunidad Ind\u00edgena de referencia y que fueron reconocidos por la Corona Espa\u00f1ola mediante t\u00edtulo virreinal en el a\u00f1o 1718, que fue como leg\u00edtimo por el Departamento Agrario para la emisi\u00f3n de la Resoluci\u00f3n que nos ocupa.<\/p>\n<p>A pesar de lo anterior, desde hace varios a\u00f1os, la parte sur-poniente de la Comunidad ha sido invadida por 45 pobladores de Huajimic, del Municipio de La Yesca, Nayarit, quienes dividieron la superficie en 64 lotes abarcando una superficie aproximada de 10, 000 hect\u00e1reas.<\/p>\n<p>RECURSOS JUR\u00cdDICOS<\/p>\n<p>Actualmente la Comunidad ha demandado ante el Tribunal Unitario Agrario Distrito XVI LA TOTALIDAD DE LA SUPERFICIE INVADIDA, solicitando la RESTITUCI\u00d3N de la superficie a favor de la Comunidad Ind\u00edgena y la nulidad de cualquier documento en la que intenten sustentar su posesi\u00f3n.<\/p>\n<p>De los 45 juicios agrarios, existen dos posesionarios sin datos para su localizaci\u00f3n, 10 expedientes se encuentran en fase de ejecuci\u00f3n pero con recursos de impugnaci\u00f3n interpuestos en contra de la misma, esta superficie representa un aproximado de 2, 600 hect\u00e1reas de la totalidad del conflicto, 22 expedientes a\u00fan se encuentran en litigio y representan una superficie aproximada de 3, 600 hect\u00e1reas. Los 13 expedientes restantes SE ENCUENTRAN EN ESTADO DE EJECUCI\u00d3N INMINENTE pues se emitieron las sentencias correspondientes sin que se hubiera recurrido el sentido de la misma por ninguna de las partes, as\u00ed mismo en todos los expedientes existe constancia por escrito de nuestra comunidad solicitando la entrega inmediata de las tierras comunales que se orden\u00f3 restituir en nuestro favor. Dichos expedientes representan una superficie aproximada de 3, 500 hect\u00e1reas.<\/p>\n<p>COSOMER<br \/>\nA la par que se instauraron los juicios agrarios se iniciaron los acercamientos con la Secretaria de Desarrollo Agrario, Territorial y Urbano (SEDATU antes SRA) para que el caso fuera considerado parte del programa Conflictos en el Medio Rural (COSOMER). En 2009 de acuerdo a los lineamientos de la entonces SRA, el caso fue considerado como parte del Universo de Trabajo y se celebraron diversas reuniones durante los a\u00f1os 2009, 2010 y 2011 en oficinas centrales de la referida Secretaria; as\u00ed mismo se realizaron los trabajos t\u00e9cnicos de la zona en conflicto acompa\u00f1ados de una brigada del Grupo de Atenci\u00f3n Especializada (GAE) de la Secretaria y la Direcci\u00f3n de Asuntos Agrarios del Estado de Jalisco; es importante se\u00f1alar que durante esta etapa, se solicitaron ante el Tribunal Agrario por lo menos tres suspensiones de procedimientos para el efecto se continuaran con las negociaciones por parte de la Secretaria; es de destacar que en 2009 la propia Secretaria present\u00f3 prorroga con el fin de que se continuaran las negociaciones dentro de los juicios hasta entonces instaurados.<\/p>\n<p>En septiembre del 2012 se inform\u00f3 por parte del entonces ingeniero asignado como Grupo de Atenci\u00f3n Especializada que el conflicto no estaba considerado en el universo de trabajo del programa, argumentando que para su inclusi\u00f3n primero habr\u00eda que integrar el expediente en la Delegaci\u00f3n mediante anuencia expresa del posesionario que corresponda, desde entonces no han existido mayores avances en la integraci\u00f3n de expedientes. Despu\u00e9s de varias reuniones con el Subsecretario de la Propiedad Rural, en reuni\u00f3n de fecha 27 de mayo de 2014 en oficinas centrales de la secretaria se acord\u00f3 con el Licenciado Rafael Sobrevilla Gonz\u00e1lez, Director de Conflictos de la Direcci\u00f3n General de Concertaci\u00f3n Social dar seguimiento con la Delegaci\u00f3n sobre el estado de los expedientes en integraci\u00f3n. El 02 de junio del a\u00f1o en curso fue enviado el oficio a la Delegaci\u00f3n solicitando informaci\u00f3n. El 23 de junio del a\u00f1o en curso desde la Delegaci\u00f3n Jalisco fueron enviados 8 expedientes integrados en relaci\u00f3n a los pobladores en posesi\u00f3n de nuestro territorio comunal y con fecha 30 de junio del mismo a\u00f1o 3 m\u00e1s; al respecto el 31 de julio nos fue informado v\u00eda la Delegaci\u00f3n Jalisco que de los 11 expediente enviados, s\u00f3lo hab\u00edan sido aceptados 9 a tr\u00e1mite.<\/p>\n<p>Es importante destacar que dentro de los expedientes que se encuentran en ejecuci\u00f3n en el Tribunal Agrario la Secretar\u00eda ha informado oficialmente a trav\u00e9s del Director General de Concertaci\u00f3n Social mediante oficio de fecha 26 de marzo de 2014, que el caso no es parte del universo de trabajo del programa y que se encuentra en integraci\u00f3n en la Delegaci\u00f3n.<\/p>\n<p>A pesar de la poca atenci\u00f3n que da el programa COSOMER al conflicto que nos ocupa, el Tribunal Unitario Agrario Distrito XVI insiste en argumentar excusas sin sustento jur\u00eddico, tales como esperar a que el conflicto sea resuelto y ejecutado a trav\u00e9s del programa COSOMER, para justificar con ello su omisi\u00f3n en ejercer sus facultades de ejecuci\u00f3n, a las cuales se encuentra obligado en los t\u00e9rminos que le ordena la ley, a pesar de las solicitudes expresas de fechas 22 de noviembre del a\u00f1o 2013, 27 de febrero y 29 de abril, ambas del a\u00f1o en curso, conforme a las cuales se la ha pedido que proceda a realizar la ejecuci\u00f3n de la sentencia dictada dentro del expediente 1469\/20012 con una superficie de 2, 488 hect\u00e1reas, mismas QUE CONFORME A DERECHO SE DEMOSTR\u00d3 NOS PERTENECEN.<\/p>\n<p>SUPERFICIE EN EJECUCI\u00d3N.- 3, 500 -97-65 hect\u00e1reas<br \/>\nSUPERFICIE CON RECURSO INTERPUESTO.- 2, 619-64-29 hect\u00e1reas<br \/>\nSUPERCIE EN LITIGIO.- 3, 611-45-08 hect\u00e1reas<\/p>\n<p>SUPERCIE TOTAL.- 9, 737\u201455-93 hect\u00e1reas<br \/>\nSUPERFICE EN REVIS\u00d3N DEL PROGRAMA COSOMER.- 1, 417 hect\u00e1reas<\/p>\n<p><a href=\"http:\/\/www.centrodemedioslibres.org\/2014\/08\/24\/caso-comunidad-indigena-san-sebastian-teponahuaxtlan-y-pobladores-de-huajimic\/\" target=\"_blank\">http:\/\/www.centrodemedioslibres.org\/2014\/08\/24\/caso-comunidad-indigena-san-sebastian-teponahuaxtlan-y-pobladores-de-huajimic\/<\/a><\/p>\n","protected":false},"excerpt":{"rendered":"<p>Centro de Medios Libres M\u00e9xico by reflejo \u00b7 24 agosto, 2014 CASO COMUNIDAD IND\u00cdGENA SAN SEBASTI\u00c1N TEPONAHUAXTL\u00c1N Y POBLADORES DE HUAJIMIC La Comunidad wix\u00e1rika (huichol) de Waut+a San Sebasti\u00e1n Teponahuaxtl\u00e1n &hellip; <a href=\"https:\/\/www.grieta.org.mx\/index.php\/2014\/08\/24\/caso-comunidad-indigena-san-sebastian-teponahuaxtlan-y-pobladores-de-huajimic\/\" class=\"more-link\">Leer m\u00e1s<\/a><\/p>\n","protected":false},"author":2,"featured_media":21928,"comment_status":"closed","ping_status":"open","sticky":false,"template":"","format":"standard","meta":{"ngg_post_thumbnail":0,"_jetpack_newsletter_access":"","_jetpack_dont_email_post_to_subs":false,"_jetpack_newsletter_tier_id":0,"_jetpack_memberships_contains_paywalled_content":false,"_jetpack_memberships_contains_paid_content":false,"footnotes":""},"categories":[80,230],"tags":[406,184],"class_list":["post-5641","post","type-post","status-publish","format-standard","has-post-thumbnail","hentry","category-cintillo","category-jalisco","tag-3-wixarikas","tag-despojo","entry"],"jetpack_featured_media_url":"https:\/\/www.grieta.org.mx\/wp-content\/uploads\/2018\/03\/14524434_1106112876131411_958039263622046936_o.jpg","jetpack_sharing_enabled":true,"jetpack_shortlink":"https:\/\/wp.me\/p7ZJR4-1sZ","jetpack_likes_enabled":false,"jetpack-related-posts":[{"id":5642,"url":"https:\/\/www.grieta.org.mx\/index.php\/2015\/07\/19\/la-lucha-del-pueblo-wixarika-de-san-sebastian-teponahuaxtlan-contra-el-despojo\/","url_meta":{"origin":5641,"position":0},"title":"La lucha del pueblo Wixarika de San Sebasti\u00e1n Teponahuaxtl\u00e1n contra el despojo.","author":"grieta","date":"19 julio, 2015","format":false,"excerpt":"19\/07\/15. 200 ind\u00edgenas recuperan mil ha invadidas por\u00a0ganaderoMilenio Jalisco 29\/05\/15. Wix\u00e1rikas esperan respuesta de las autoridades este fin de semanaM\u00e1s por m\u00e1s Guadalajara\/Cr\u00f3nica de Sociales 26\/03\/15. Incumplen autoridades la restituci\u00f3n de 10 mil hect\u00e1reas a huicholes de Nayaritla Jornada 24\/08\/14. Caso comunidad ind\u00edgena San Sebasti\u00e1n Teponahuaxtl\u00e1n y pobladores de HuajimicCentro\u2026","rel":"","context":"En &quot;CINTILLO&quot;","block_context":{"text":"CINTILLO","link":"https:\/\/www.grieta.org.mx\/index.php\/category\/cintillo\/"},"img":{"alt_text":"","src":"https:\/\/i0.wp.com\/www.grieta.org.mx\/wp-content\/uploads\/2018\/03\/14524434_1106112876131411_958039263622046936_o.jpg?resize=350%2C200&ssl=1","width":350,"height":200,"srcset":"https:\/\/i0.wp.com\/www.grieta.org.mx\/wp-content\/uploads\/2018\/03\/14524434_1106112876131411_958039263622046936_o.jpg?resize=350%2C200&ssl=1 1x, https:\/\/i0.wp.com\/www.grieta.org.mx\/wp-content\/uploads\/2018\/03\/14524434_1106112876131411_958039263622046936_o.jpg?resize=525%2C300&ssl=1 1.5x, https:\/\/i0.wp.com\/www.grieta.org.mx\/wp-content\/uploads\/2018\/03\/14524434_1106112876131411_958039263622046936_o.jpg?resize=700%2C400&ssl=1 2x"},"classes":[]},{"id":22538,"url":"https:\/\/www.grieta.org.mx\/index.php\/2018\/04\/15\/comunicado-del-congreso-nacional-indigena-y-del-concejo-indigena-de-gobierno-por-las-agresiones-en-huajimic\/","url_meta":{"origin":5641,"position":1},"title":"Comunicado del Congreso Nacional Ind\u00edgena y del Concejo Ind\u00edgena de Gobierno por las agresiones en Huajimic","author":"grieta","date":"15 abril, 2018","format":false,"excerpt":"Al pueblo de M\u00e9xico y a los pueblos del mundo. A la Sexta Nacional e Internacional A los medios de comunicaci\u00f3n Condenamos la cobarde agresi\u00f3n que sufrieron los compa\u00f1eros Carlos Gonz\u00e1lez Garc\u00eda y Cristian Ch\u00e1vez Gonz\u00e1lez, integrantes de la Comisi\u00f3n de Coordinaci\u00f3n y Seguimiento del Concejo Ind\u00edgena de Gobierno\/Congreso Nacional\u2026","rel":"","context":"En &quot;3. Wix\u00e1rikas&quot;","block_context":{"text":"3. Wix\u00e1rikas","link":"https:\/\/www.grieta.org.mx\/index.php\/category\/espejos-de-la-resistencia\/3-wixarikas\/"},"img":{"alt_text":"","src":"https:\/\/i0.wp.com\/www.grieta.org.mx\/wp-content\/uploads\/2018\/03\/14524434_1106112876131411_958039263622046936_o.jpg?resize=350%2C200&ssl=1","width":350,"height":200,"srcset":"https:\/\/i0.wp.com\/www.grieta.org.mx\/wp-content\/uploads\/2018\/03\/14524434_1106112876131411_958039263622046936_o.jpg?resize=350%2C200&ssl=1 1x, https:\/\/i0.wp.com\/www.grieta.org.mx\/wp-content\/uploads\/2018\/03\/14524434_1106112876131411_958039263622046936_o.jpg?resize=525%2C300&ssl=1 1.5x, https:\/\/i0.wp.com\/www.grieta.org.mx\/wp-content\/uploads\/2018\/03\/14524434_1106112876131411_958039263622046936_o.jpg?resize=700%2C400&ssl=1 2x"},"classes":[]},{"id":5672,"url":"https:\/\/www.grieta.org.mx\/index.php\/2015\/05\/29\/wixarikas-esperan-respuesta-de-las-autoridades-este-fin-de-semana\/","url_meta":{"origin":5641,"position":2},"title":"Wix\u00e1rikas esperan respuesta de las autoridades este fin de semana","author":"grieta","date":"29 mayo, 2015","format":false,"excerpt":"M\u00e1s por m\u00e1s Guadalajara\/Cr\u00f3nica de Sociales Las autoridades tradicionales y agrarias de San Sebasti\u00e1n Teponahuaxtl\u00e1n (Waut+a) dieron hasta este domingo para para que la Sedau act\u00fae para agilizar la restituci\u00f3n de 10 mil hect\u00e1reas de su territorio que est\u00e1n invadidas Alejandra Guill\u00e9n 29 de Mayo 2015 La comunidad San Sebasti\u00e1n\u2026","rel":"","context":"En &quot;CINTILLO&quot;","block_context":{"text":"CINTILLO","link":"https:\/\/www.grieta.org.mx\/index.php\/category\/cintillo\/"},"img":{"alt_text":"","src":"https:\/\/i0.wp.com\/www.grieta.org.mx\/wp-content\/uploads\/2018\/03\/14524434_1106112876131411_958039263622046936_o.jpg?resize=350%2C200&ssl=1","width":350,"height":200,"srcset":"https:\/\/i0.wp.com\/www.grieta.org.mx\/wp-content\/uploads\/2018\/03\/14524434_1106112876131411_958039263622046936_o.jpg?resize=350%2C200&ssl=1 1x, https:\/\/i0.wp.com\/www.grieta.org.mx\/wp-content\/uploads\/2018\/03\/14524434_1106112876131411_958039263622046936_o.jpg?resize=525%2C300&ssl=1 1.5x, https:\/\/i0.wp.com\/www.grieta.org.mx\/wp-content\/uploads\/2018\/03\/14524434_1106112876131411_958039263622046936_o.jpg?resize=700%2C400&ssl=1 2x"},"classes":[]},{"id":64309,"url":"https:\/\/www.grieta.org.mx\/index.php\/2022\/05\/27\/la-marcha-por-la-tierra-arrebatada-el-recorrido-a-pie-de-900-kilometros-de-los-wixaricas\/","url_meta":{"origin":5641,"position":3},"title":"La marcha por la tierra arrebatada. El recorrido a pie de 900 kil\u00f3metros de los wix\u00e1ricas","author":"grieta","date":"27 mayo, 2022","format":false,"excerpt":"Foto: Isabel Brise\u00f1o Por m\u00e1s de 60 a\u00f1os, el pueblo Wix\u00e1rika mantiene como herencia el reclamo de 11,500 hect\u00e1reas que les arrebataron a modo de guerra. En la \u00faltima batalla, caminan hasta la capital del pa\u00eds para reclamar al presidente que se hagan valer los 13 fallos judiciales que ordenan\u2026","rel":"","context":"En &quot;3. Wix\u00e1rikas&quot;","block_context":{"text":"3. Wix\u00e1rikas","link":"https:\/\/www.grieta.org.mx\/index.php\/category\/espejos-de-la-resistencia\/3-wixarikas\/"},"img":{"alt_text":"","src":"https:\/\/i0.wp.com\/www.grieta.org.mx\/wp-content\/uploads\/2022\/05\/caminata4_Wixarikas_IsabelBriseno_Pdp.jpg?resize=350%2C200&ssl=1","width":350,"height":200,"srcset":"https:\/\/i0.wp.com\/www.grieta.org.mx\/wp-content\/uploads\/2022\/05\/caminata4_Wixarikas_IsabelBriseno_Pdp.jpg?resize=350%2C200&ssl=1 1x, https:\/\/i0.wp.com\/www.grieta.org.mx\/wp-content\/uploads\/2022\/05\/caminata4_Wixarikas_IsabelBriseno_Pdp.jpg?resize=525%2C300&ssl=1 1.5x, https:\/\/i0.wp.com\/www.grieta.org.mx\/wp-content\/uploads\/2022\/05\/caminata4_Wixarikas_IsabelBriseno_Pdp.jpg?resize=700%2C400&ssl=1 2x"},"classes":[]},{"id":33773,"url":"https:\/\/www.grieta.org.mx\/index.php\/2019\/05\/07\/exigen-restitucion-de-tierras-para-wixarikas-jalisco\/","url_meta":{"origin":5641,"position":4},"title":"Exigen restituci\u00f3n de tierras para wix\u00e1rikas  (Jalisco)","author":"grieta","date":"7 mayo, 2019","format":false,"excerpt":"Martha Hern\u00e1ndez Fuentes \/ NTR noticias Aunque hay resoluciones legales a favor de las comunidades ind\u00edgenas de San Sebasti\u00e1n Teponahuaxtl\u00e1n y Tuxpan de Bola\u00f1os \u2013se ubican en Mezquitic y Bola\u00f1os, respectivamente\u2013 para que ganaderos del poblado de Huajimic, Nayarit, les restituyan tierras invadidas desde hace d\u00e9cadas, autoridades locales y federales\u2026","rel":"","context":"En &quot;3. Wix\u00e1rikas&quot;","block_context":{"text":"3. Wix\u00e1rikas","link":"https:\/\/www.grieta.org.mx\/index.php\/category\/espejos-de-la-resistencia\/3-wixarikas\/"},"img":{"alt_text":"","src":"https:\/\/i0.wp.com\/www.grieta.org.mx\/wp-content\/uploads\/2019\/05\/2019-05-06_11-05-05___4225.jpg?resize=350%2C200&ssl=1","width":350,"height":200,"srcset":"https:\/\/i0.wp.com\/www.grieta.org.mx\/wp-content\/uploads\/2019\/05\/2019-05-06_11-05-05___4225.jpg?resize=350%2C200&ssl=1 1x, https:\/\/i0.wp.com\/www.grieta.org.mx\/wp-content\/uploads\/2019\/05\/2019-05-06_11-05-05___4225.jpg?resize=525%2C300&ssl=1 1.5x, https:\/\/i0.wp.com\/www.grieta.org.mx\/wp-content\/uploads\/2019\/05\/2019-05-06_11-05-05___4225.jpg?resize=700%2C400&ssl=1 2x"},"classes":[]},{"id":5679,"url":"https:\/\/www.grieta.org.mx\/index.php\/2015\/03\/26\/incumplen-autoridades-la-restitucion-de-10-mil-hectareas-a-huicholes-de-nayarit\/","url_meta":{"origin":5641,"position":5},"title":"Incumplen autoridades la restituci\u00f3n de 10 mil hect\u00e1reas a huicholes de Nayarit","author":"grieta","date":"26 marzo, 2015","format":false,"excerpt":"Juan Carlos G. Partida Corresponsal Peri\u00f3dico La Jornada Jueves 26 de marzo de 2015, Guadalajara, Jal. Huicholes de San Sebasti\u00e1n Teponahuaxtl\u00e1n, municipio de Mezquitic, no han tenido acceso a sus tierras, aun cuando ya pasaron siete meses del compromiso de los gobiernos de Nayarit, Jalisco y federal para que les\u2026","rel":"","context":"En &quot;CINTILLO&quot;","block_context":{"text":"CINTILLO","link":"https:\/\/www.grieta.org.mx\/index.php\/category\/cintillo\/"},"img":{"alt_text":"","src":"https:\/\/i0.wp.com\/www.grieta.org.mx\/wp-content\/uploads\/2018\/03\/14524434_1106112876131411_958039263622046936_o.jpg?resize=350%2C200&ssl=1","width":350,"height":200,"srcset":"https:\/\/i0.wp.com\/www.grieta.org.mx\/wp-content\/uploads\/2018\/03\/14524434_1106112876131411_958039263622046936_o.jpg?resize=350%2C200&ssl=1 1x, https:\/\/i0.wp.com\/www.grieta.org.mx\/wp-content\/uploads\/2018\/03\/14524434_1106112876131411_958039263622046936_o.jpg?resize=525%2C300&ssl=1 1.5x, https:\/\/i0.wp.com\/www.grieta.org.mx\/wp-content\/uploads\/2018\/03\/14524434_1106112876131411_958039263622046936_o.jpg?resize=700%2C400&ssl=1 2x"},"classes":[]}],"_links":{"self":[{"href":"https:\/\/www.grieta.org.mx\/index.php\/wp-json\/wp\/v2\/posts\/5641","targetHints":{"allow":["GET"]}}],"collection":[{"href":"https:\/\/www.grieta.org.mx\/index.php\/wp-json\/wp\/v2\/posts"}],"about":[{"href":"https:\/\/www.grieta.org.mx\/index.php\/wp-json\/wp\/v2\/types\/post"}],"author":[{"embeddable":true,"href":"https:\/\/www.grieta.org.mx\/index.php\/wp-json\/wp\/v2\/users\/2"}],"replies":[{"embeddable":true,"href":"https:\/\/www.grieta.org.mx\/index.php\/wp-json\/wp\/v2\/comments?post=5641"}],"version-history":[{"count":1,"href":"https:\/\/www.grieta.org.mx\/index.php\/wp-json\/wp\/v2\/posts\/5641\/revisions"}],"predecessor-version":[{"id":5665,"href":"https:\/\/www.grieta.org.mx\/index.php\/wp-json\/wp\/v2\/posts\/5641\/revisions\/5665"}],"wp:featuredmedia":[{"embeddable":true,"href":"https:\/\/www.grieta.org.mx\/index.php\/wp-json\/wp\/v2\/media\/21928"}],"wp:attachment":[{"href":"https:\/\/www.grieta.org.mx\/index.php\/wp-json\/wp\/v2\/media?parent=5641"}],"wp:term":[{"taxonomy":"category","embeddable":true,"href":"https:\/\/www.grieta.org.mx\/index.php\/wp-json\/wp\/v2\/categories?post=5641"},{"taxonomy":"post_tag","embeddable":true,"href":"https:\/\/www.grieta.org.mx\/index.php\/wp-json\/wp\/v2\/tags?post=5641"}],"curies":[{"name":"wp","href":"https:\/\/api.w.org\/{rel}","templated":true}]}}