{"id":56384,"date":"2021-01-21T11:12:53","date_gmt":"2021-01-21T17:12:53","guid":{"rendered":"http:\/\/www.grieta.org.mx\/?p=56384"},"modified":"2021-01-25T11:25:59","modified_gmt":"2021-01-25T17:25:59","slug":"trabajadores-de-hospitales-inconformes-por-no-recibir-base-como-empleados-jalisco","status":"publish","type":"post","link":"https:\/\/www.grieta.org.mx\/index.php\/2021\/01\/21\/trabajadores-de-hospitales-inconformes-por-no-recibir-base-como-empleados-jalisco\/","title":{"rendered":"Trabajadores de hospitales inconformes por no recibir base como empleados (Jalisco)"},"content":{"rendered":"<p><img loading=\"lazy\" decoding=\"async\" data-attachment-id=\"56385\" data-permalink=\"https:\/\/www.grieta.org.mx\/index.php\/2021\/01\/21\/trabajadores-de-hospitales-inconformes-por-no-recibir-base-como-empleados-jalisco\/whatsapp-image-2021-01-21-at-14-25-19-696x392\/\" data-orig-file=\"https:\/\/www.grieta.org.mx\/wp-content\/uploads\/2021\/01\/WhatsApp-Image-2021-01-21-at-14.25.19-696x392-1.jpeg\" data-orig-size=\"696,392\" data-comments-opened=\"0\" data-image-meta=\"{&quot;aperture&quot;:&quot;0&quot;,&quot;credit&quot;:&quot;&quot;,&quot;camera&quot;:&quot;&quot;,&quot;caption&quot;:&quot;&quot;,&quot;created_timestamp&quot;:&quot;0&quot;,&quot;copyright&quot;:&quot;&quot;,&quot;focal_length&quot;:&quot;0&quot;,&quot;iso&quot;:&quot;0&quot;,&quot;shutter_speed&quot;:&quot;0&quot;,&quot;title&quot;:&quot;&quot;,&quot;orientation&quot;:&quot;0&quot;}\" data-image-title=\"WhatsApp-Image-2021-01-21-at-14.25.19-696&amp;#215;392\" data-image-description=\"\" data-image-caption=\"\" data-medium-file=\"https:\/\/www.grieta.org.mx\/wp-content\/uploads\/2021\/01\/WhatsApp-Image-2021-01-21-at-14.25.19-696x392-1-300x169.jpeg\" data-large-file=\"https:\/\/www.grieta.org.mx\/wp-content\/uploads\/2021\/01\/WhatsApp-Image-2021-01-21-at-14.25.19-696x392-1.jpeg\" class=\" wp-image-56385 aligncenter\" src=\"http:\/\/www.grieta.org.mx\/wp-content\/uploads\/2021\/01\/WhatsApp-Image-2021-01-21-at-14.25.19-696x392-1.jpeg\" alt=\"\" width=\"800\" height=\"451\" srcset=\"https:\/\/www.grieta.org.mx\/wp-content\/uploads\/2021\/01\/WhatsApp-Image-2021-01-21-at-14.25.19-696x392-1.jpeg 696w, https:\/\/www.grieta.org.mx\/wp-content\/uploads\/2021\/01\/WhatsApp-Image-2021-01-21-at-14.25.19-696x392-1-300x169.jpeg 300w\" sizes=\"auto, (max-width: 800px) 100vw, 800px\" \/><\/p>\n<p>Foto: Ignacio P\u00e9rez Vega<\/p>\n<p>Ignacio P\u00e9rez Vega \/UDGTV<\/p>\n<p>Guadalajara, Jalisco.\u00a0Un grupo de diez trabajadoras y empleados de la Maternidad \u201cEsperanza L\u00f3pez Mateos\u201d y del Hospital de Zoquipan, se manifestaron en la sede central de la Secretar\u00eda de Salud y en forma posterior en Casa Jalisco, para expresar su inconformidad al no haber recibido su base como empleados, en el paquete de mil bases que reci\u00e9n autoriz\u00f3 el gobernador Enrique Alfaro Ram\u00edrez.<\/p>\n<p>Refugio Serrano Cerda, trabaja en el \u00e1rea de intendencia desde hace 12 a\u00f1os y siete meses en la Maternidad y no ha recibido su base laboral. Ella explic\u00f3 que el personal del \u00e1rea \u201cparam\u00e9dica\u201d, entre quienes est\u00e1n intendentes, personal de cocina y los administrativos, se sienten \u201cdiscriminados\u201d, ya que las plazas se otorgaron \u00fanicamente a m\u00e9dicos y enfermeras, cuando tambi\u00e9n deb\u00edan darse bases a quienes tienen m\u00e1s de 10 a\u00f1os como eventuales.<\/p>\n<p>Por ello, les pidieron explicaciones al secretario de Salud, Fernando Petersen y al gobernador Enrique Alfaro.<\/p>\n<p>\u201cEstamos a una cuadra de las oficinas centrales de la Secretar\u00eda de Salud, porque nos vamos a manifestar, porque no es justo la forma en que se otorgaron las bases. No se tom\u00f3 en cuenta lo pactado, de tomar en cuenta la antig\u00fcedad y darle base al personal m\u00e1s antiguo. Estamos aqu\u00ed porque estamos inconformes. Si alg\u00fan hospital, como el HGO (Hospital General de Occidente), la Maternidad, centros de salud, en las regiones y en Hospital de la Mujer, todos los departamentos que pertenezcan a la Secretar\u00eda de Salud Jalisco, si est\u00e1n inconformes, pueden apoyarnos\u201d, expres\u00f3.<\/p>\n<p>Derivado de la pandemia y en reconocimiento a la entrega y dedicaci\u00f3n, en un acto de justicia laboral, el gobernador Enrique Alfaro, anunci\u00f3 la entrega de mil bases. El proceso se har\u00e1 en tres a\u00f1os, hasta llegar a un total de 4 mil 622 plazas laborales.<\/p>\n<p>Cuca Serrano y sus compa\u00f1eras y compa\u00f1eros que laboran en cl\u00ednicas y hospitales de la Secretar\u00eda de Salud est\u00e1n conscientes que no se van a dar plazas a todos, en el primer a\u00f1o. Sin embargo, creen que en este primer paquete debe incluirse al personal de intendencia, cocina y del \u00e1rea administrativa, ya que ellos tambi\u00e9n han estado en contacto con pacientes que tienen Covid-19 y que han estado internadas hasta dos d\u00edas en la Maternidad \u201cEsperanza L\u00f3pez Mateos\u201d.<\/p>\n<p>Cuca Serrano y sus compa\u00f1eras y compa\u00f1eros que laboran en cl\u00ednicas y hospitales de la Secretar\u00eda de Salud\u00a0<strong>est\u00e1n conscientes que no se van a dar plazas a todos,<\/strong>\u00a0en el primer a\u00f1o. Sin embargo, creen que<strong>\u00a0en este primer paquete debe incluirse al personal de intendencia, cocina y del \u00e1rea administrativa<\/strong>, ya que ellos tambi\u00e9n han estado en contacto con pacientes que tienen Covid-19 y que han estado internadas hasta dos d\u00edas en la Maternidad \u201cEsperanza L\u00f3pez Mateos\u201d.<\/p>\n<p><a href=\"https:\/\/udgtv.com\/noticias\/trabajadores-hospitales-inconformes-no-recibir-base-empleados\/\">https:\/\/udgtv.com\/noticias\/trabajadores-hospitales-inconformes-no-recibir-base-empleados\/<\/a><\/p>\n","protected":false},"excerpt":{"rendered":"<p>Foto: Ignacio P\u00e9rez Vega Ignacio P\u00e9rez Vega \/UDGTV Guadalajara, Jalisco.\u00a0Un grupo de diez trabajadoras y empleados de la Maternidad \u201cEsperanza L\u00f3pez Mateos\u201d y del Hospital de Zoquipan, se manifestaron en &hellip; <a href=\"https:\/\/www.grieta.org.mx\/index.php\/2021\/01\/21\/trabajadores-de-hospitales-inconformes-por-no-recibir-base-como-empleados-jalisco\/\" class=\"more-link\">Leer m\u00e1s<\/a><\/p>\n","protected":false},"author":2,"featured_media":56385,"comment_status":"closed","ping_status":"closed","sticky":false,"template":"","format":"standard","meta":{"ngg_post_thumbnail":0,"_jetpack_newsletter_access":"","_jetpack_dont_email_post_to_subs":false,"_jetpack_newsletter_tier_id":0,"_jetpack_memberships_contains_paywalled_content":false,"_jetpack_memberships_contains_paid_content":false,"footnotes":""},"categories":[80,918,2535,20,2],"tags":[3133,2367,105,3443],"class_list":["post-56384","post","type-post","status-publish","format-standard","has-post-thumbnail","hentry","category-cintillo","category-privatizacion-del-sector-salud","category-crisis-del-sector-salud-en-jalisco","category-jalisco","category-noticias-nacionales","tag-crisis-del-sector-salud","tag-crisis-en-el-sector-salud","tag-derechos-laborales","tag-lucha-por-basificacion","entry"],"jetpack_featured_media_url":"https:\/\/www.grieta.org.mx\/wp-content\/uploads\/2021\/01\/WhatsApp-Image-2021-01-21-at-14.25.19-696x392-1.jpeg","jetpack_sharing_enabled":true,"jetpack_shortlink":"https:\/\/wp.me\/p7ZJR4-eFq","jetpack_likes_enabled":false,"jetpack-related-posts":[{"id":54788,"url":"https:\/\/www.grieta.org.mx\/index.php\/2020\/11\/04\/pacientes-del-issste-protestaron-por-suspension-de-su-tratamiento-de-hemodialisis-jalisco\/","url_meta":{"origin":56384,"position":0},"title":"Pacientes del ISSSTE protestaron por suspensi\u00f3n de su tratamiento de hemodialisis (Jalisco)","author":"grieta","date":"4 noviembre, 2020","format":false,"excerpt":"Foto: Ignacio P\u00e9rez Vega Ignacio P\u00e9rez Vega \/ UDGTV Sin dar explicaci\u00f3n alguna, pacientes del\u00a0ISSSTE se quedaron a la espera de recibir sus tratamientos de hemodi\u00e1lisis, en el Hospital \u201cValent\u00edn G\u00f3mez Far\u00edas\u201d, este martes 3 de noviembre. Los afiliados al ISSSTE expresaron su molestia e incluso se manifestaron y bloquearon\u2026","rel":"","context":"En &quot;CINTILLO&quot;","block_context":{"text":"CINTILLO","link":"https:\/\/www.grieta.org.mx\/index.php\/category\/cintillo\/"},"img":{"alt_text":"","src":"https:\/\/i0.wp.com\/www.grieta.org.mx\/wp-content\/uploads\/2020\/11\/ISSSTE-hemodialisis-Ignacio-Perez-Vega-696x522-1.jpeg?resize=350%2C200&ssl=1","width":350,"height":200,"srcset":"https:\/\/i0.wp.com\/www.grieta.org.mx\/wp-content\/uploads\/2020\/11\/ISSSTE-hemodialisis-Ignacio-Perez-Vega-696x522-1.jpeg?resize=350%2C200&ssl=1 1x, https:\/\/i0.wp.com\/www.grieta.org.mx\/wp-content\/uploads\/2020\/11\/ISSSTE-hemodialisis-Ignacio-Perez-Vega-696x522-1.jpeg?resize=525%2C300&ssl=1 1.5x"},"classes":[]},{"id":58832,"url":"https:\/\/www.grieta.org.mx\/index.php\/2021\/04\/13\/movimiento-del-sector-salud-no-vacunado-en-jalisco-exige-al-gobierno-federal-vacunacion-al-100\/","url_meta":{"origin":56384,"position":1},"title":"Movimiento del Sector Salud no Vacunado en Jalisco exige al Gobierno federal vacunaci\u00f3n al 100%","author":"grieta","date":"13 abril, 2021","format":false,"excerpt":"Foto: Ignacio\u00a0 P\u00e9rez Vega Ignacio P\u00e9rez Vega \/ UDGTV En Jalisco a\u00fan resta por aplicar la vacuna anticovid a\u00a060% del personal de salud del sistema p\u00fablico.\u00a0En hospitales y cl\u00ednicas particulares, o quienes trabajan en consultorios de farmacias, no se ha vacunado a nadie ni en Jalisco ni en M\u00e9xico. Por\u2026","rel":"","context":"En &quot;COVID-19 en Jalisco&quot;","block_context":{"text":"COVID-19 en Jalisco","link":"https:\/\/www.grieta.org.mx\/index.php\/category\/noticias-nacionales\/jalisco\/covid-19-en-jalisco\/"},"img":{"alt_text":"","src":"https:\/\/i0.wp.com\/www.grieta.org.mx\/wp-content\/uploads\/2021\/04\/Personal-de-salud-Ignacio-Perez-Vega-1-696x392-1.jpeg?resize=350%2C200&ssl=1","width":350,"height":200,"srcset":"https:\/\/i0.wp.com\/www.grieta.org.mx\/wp-content\/uploads\/2021\/04\/Personal-de-salud-Ignacio-Perez-Vega-1-696x392-1.jpeg?resize=350%2C200&ssl=1 1x, https:\/\/i0.wp.com\/www.grieta.org.mx\/wp-content\/uploads\/2021\/04\/Personal-de-salud-Ignacio-Perez-Vega-1-696x392-1.jpeg?resize=525%2C300&ssl=1 1.5x"},"classes":[]},{"id":51347,"url":"https:\/\/www.grieta.org.mx\/index.php\/2020\/06\/25\/protestaran-el-1-de-julio-trabajadores-de-la-salud-en-guadalajara-y-12-estados\/","url_meta":{"origin":56384,"position":2},"title":"Protestar\u00e1n el 1 de julio, trabajadores de la salud en Guadalajara y 12 estados","author":"grieta","date":"25 junio, 2020","format":false,"excerpt":"Foto: Ignacio P\u00e9rez Vega Ignacio P\u00e9rez Vega \/ UDGTV Guadalajara. El pr\u00f3ximo mi\u00e9rcoles 1 de julio a las 12:00 horas, al cumplirse el segundo a\u00f1o del triunfo electoral de Andr\u00e9s Manuel L\u00f3pez Obrador, trabajadores del IMSS y de la Secretar\u00eda de Salud realizar\u00e1n una manifestaci\u00f3n en plaza Universidad, en el\u2026","rel":"","context":"En &quot;CINTILLO&quot;","block_context":{"text":"CINTILLO","link":"https:\/\/www.grieta.org.mx\/index.php\/category\/cintillo\/"},"img":{"alt_text":"","src":"https:\/\/i0.wp.com\/www.grieta.org.mx\/wp-content\/uploads\/2020\/06\/Protesta-Trabajadores-Ignacio-P%C3%A9rez-Vega-696x928.jpeg?resize=350%2C200&ssl=1","width":350,"height":200,"srcset":"https:\/\/i0.wp.com\/www.grieta.org.mx\/wp-content\/uploads\/2020\/06\/Protesta-Trabajadores-Ignacio-P%C3%A9rez-Vega-696x928.jpeg?resize=350%2C200&ssl=1 1x, https:\/\/i0.wp.com\/www.grieta.org.mx\/wp-content\/uploads\/2020\/06\/Protesta-Trabajadores-Ignacio-P%C3%A9rez-Vega-696x928.jpeg?resize=525%2C300&ssl=1 1.5x"},"classes":[]},{"id":52235,"url":"https:\/\/www.grieta.org.mx\/index.php\/2020\/07\/21\/acusan-hostigamiento-laboral-en-laboratorio-estatal-de-salud-jalisco\/","url_meta":{"origin":56384,"position":3},"title":"Acusan hostigamiento laboral en Laboratorio Estatal de Salud (Jalisco)","author":"grieta","date":"21 julio, 2020","format":false,"excerpt":"Foto: El Diario NTR Edgar Flores \/ El diario NTR Por lo menos 40 trabajadores de base y de contrato que forman parte de la plantilla del Laboratorio Estatal de Salud P\u00fablica de Jalisco denunciaron acoso laboral por parte de la directora del lugar, Lourdes Alamilla Cruz. Entre los casos\u2026","rel":"","context":"En &quot;CINTILLO&quot;","block_context":{"text":"CINTILLO","link":"https:\/\/www.grieta.org.mx\/index.php\/category\/cintillo\/"},"img":{"alt_text":"","src":"https:\/\/i0.wp.com\/www.grieta.org.mx\/wp-content\/uploads\/2020\/08\/2020-07-21_01-07-56___2048.jpg?resize=350%2C200&ssl=1","width":350,"height":200,"srcset":"https:\/\/i0.wp.com\/www.grieta.org.mx\/wp-content\/uploads\/2020\/08\/2020-07-21_01-07-56___2048.jpg?resize=350%2C200&ssl=1 1x, https:\/\/i0.wp.com\/www.grieta.org.mx\/wp-content\/uploads\/2020\/08\/2020-07-21_01-07-56___2048.jpg?resize=525%2C300&ssl=1 1.5x, https:\/\/i0.wp.com\/www.grieta.org.mx\/wp-content\/uploads\/2020\/08\/2020-07-21_01-07-56___2048.jpg?resize=700%2C400&ssl=1 2x"},"classes":[]},{"id":57987,"url":"https:\/\/www.grieta.org.mx\/index.php\/2021\/03\/21\/por-inseguridad-personal-medico-abandona-centro-de-salud-en-san-andres-cohamiata-jalisco\/","url_meta":{"origin":56384,"position":4},"title":"Por inseguridad personal m\u00e9dico abandona Centro de Salud en San Andr\u00e9s Cohamiata (Jalisco)","author":"grieta","date":"21 marzo, 2021","format":false,"excerpt":"Foto: Cortes\u00eda En la comunidad de San Andr\u00e9s Cohamiata, una de las tres que conforman la regi\u00f3n wix\u00e1rika, existen 21 localidades, las cuales se quedaron sin la atenci\u00f3n m\u00e9dica del centro de salud y de las casas de salud, por lo que no pueden atenderse ni situaciones de urgencia, ni\u2026","rel":"","context":"En &quot;CINTILLO&quot;","block_context":{"text":"CINTILLO","link":"https:\/\/www.grieta.org.mx\/index.php\/category\/cintillo\/"},"img":{"alt_text":"","src":"https:\/\/i0.wp.com\/www.grieta.org.mx\/wp-content\/uploads\/2021\/03\/WhatsApp-Image-2021-03-21-at-13.31.04-696x330-1.jpeg?resize=350%2C200&ssl=1","width":350,"height":200,"srcset":"https:\/\/i0.wp.com\/www.grieta.org.mx\/wp-content\/uploads\/2021\/03\/WhatsApp-Image-2021-03-21-at-13.31.04-696x330-1.jpeg?resize=350%2C200&ssl=1 1x, https:\/\/i0.wp.com\/www.grieta.org.mx\/wp-content\/uploads\/2021\/03\/WhatsApp-Image-2021-03-21-at-13.31.04-696x330-1.jpeg?resize=525%2C300&ssl=1 1.5x"},"classes":[]},{"id":55732,"url":"https:\/\/www.grieta.org.mx\/index.php\/2020\/12\/07\/secretaria-de-salud-jalisco-entrega-gel-caduco-en-tiempos-de-covid-19\/","url_meta":{"origin":56384,"position":5},"title":"Secretar\u00eda de Salud Jalisco entrega gel caduco en tiempos de COVID-19","author":"grieta","date":"7 diciembre, 2020","format":false,"excerpt":"Foto: Cortes\u00eda Elizabeth Ortiz \/ UDGTV Guadalajara Jalisco.\u00a0En el contexto de la pandemia de covid-19, la Secretar\u00eda de Salud Jalisco entreg\u00f3 gel caduco. Hay gel antibacterial para los usuarios de las cl\u00ednicas de Salud en en el estado que fue fabricado en abril y caduc\u00f3 en octubre. Gel de la\u2026","rel":"","context":"En &quot;CINTILLO&quot;","block_context":{"text":"CINTILLO","link":"https:\/\/www.grieta.org.mx\/index.php\/category\/cintillo\/"},"img":{"alt_text":"","src":"https:\/\/i0.wp.com\/www.grieta.org.mx\/wp-content\/uploads\/2020\/12\/Gel-caduco-696x522-1.jpeg?resize=350%2C200&ssl=1","width":350,"height":200,"srcset":"https:\/\/i0.wp.com\/www.grieta.org.mx\/wp-content\/uploads\/2020\/12\/Gel-caduco-696x522-1.jpeg?resize=350%2C200&ssl=1 1x, https:\/\/i0.wp.com\/www.grieta.org.mx\/wp-content\/uploads\/2020\/12\/Gel-caduco-696x522-1.jpeg?resize=525%2C300&ssl=1 1.5x"},"classes":[]}],"_links":{"self":[{"href":"https:\/\/www.grieta.org.mx\/index.php\/wp-json\/wp\/v2\/posts\/56384","targetHints":{"allow":["GET"]}}],"collection":[{"href":"https:\/\/www.grieta.org.mx\/index.php\/wp-json\/wp\/v2\/posts"}],"about":[{"href":"https:\/\/www.grieta.org.mx\/index.php\/wp-json\/wp\/v2\/types\/post"}],"author":[{"embeddable":true,"href":"https:\/\/www.grieta.org.mx\/index.php\/wp-json\/wp\/v2\/users\/2"}],"replies":[{"embeddable":true,"href":"https:\/\/www.grieta.org.mx\/index.php\/wp-json\/wp\/v2\/comments?post=56384"}],"version-history":[{"count":1,"href":"https:\/\/www.grieta.org.mx\/index.php\/wp-json\/wp\/v2\/posts\/56384\/revisions"}],"predecessor-version":[{"id":56387,"href":"https:\/\/www.grieta.org.mx\/index.php\/wp-json\/wp\/v2\/posts\/56384\/revisions\/56387"}],"wp:featuredmedia":[{"embeddable":true,"href":"https:\/\/www.grieta.org.mx\/index.php\/wp-json\/wp\/v2\/media\/56385"}],"wp:attachment":[{"href":"https:\/\/www.grieta.org.mx\/index.php\/wp-json\/wp\/v2\/media?parent=56384"}],"wp:term":[{"taxonomy":"category","embeddable":true,"href":"https:\/\/www.grieta.org.mx\/index.php\/wp-json\/wp\/v2\/categories?post=56384"},{"taxonomy":"post_tag","embeddable":true,"href":"https:\/\/www.grieta.org.mx\/index.php\/wp-json\/wp\/v2\/tags?post=56384"}],"curies":[{"name":"wp","href":"https:\/\/api.w.org\/{rel}","templated":true}]}}