{"id":56371,"date":"2020-11-24T22:04:31","date_gmt":"2020-11-25T04:04:31","guid":{"rendered":"http:\/\/www.grieta.org.mx\/?p=56371"},"modified":"2021-01-22T10:32:37","modified_gmt":"2021-01-22T16:32:37","slug":"rema-celebra-12-anos-de-resistencia-del-pueblo-de-salaverna-contra-la-mineria-zacatecas","status":"publish","type":"post","link":"https:\/\/www.grieta.org.mx\/index.php\/2020\/11\/24\/rema-celebra-12-anos-de-resistencia-del-pueblo-de-salaverna-contra-la-mineria-zacatecas\/","title":{"rendered":"Rema celebra 12 a\u00f1os de resistencia del pueblo de Salaverna contra la miner\u00eda (Zacatecas)"},"content":{"rendered":"<p>Autor: Jordana Gonzalez \/Contralinea, 24 de noviembre de 2020<\/p>\n<p>La Red Mexicana de Afectados por la Miner\u00eda (Rema) celebr\u00f3 los 12 a\u00f1os de resistencia del pueblo de Salaverna \u2013en Mazapil, Zacatecas\u2013 contra el proyecto minero de Frisco, propiedad del empresario Carlos Slim. La comunidad contin\u00faa luchando para que la empresa no \u201cse quede con lo poco que la destrucci\u00f3n de las actividades mineras les ha dejado en pie\u201d.<\/p>\n<figure id=\"attachment_56372\" aria-describedby=\"caption-attachment-56372\" style=\"width: 800px\" class=\"wp-caption alignnone\"><img loading=\"lazy\" decoding=\"async\" data-attachment-id=\"56372\" data-permalink=\"https:\/\/www.grieta.org.mx\/index.php\/2020\/11\/24\/rema-celebra-12-anos-de-resistencia-del-pueblo-de-salaverna-contra-la-mineria-zacatecas\/adolfo-vladimir\/\" data-orig-file=\"https:\/\/www.grieta.org.mx\/wp-content\/uploads\/2021\/01\/adolfo-vladimir.jpg\" data-orig-size=\"600,360\" data-comments-opened=\"0\" data-image-meta=\"{&quot;aperture&quot;:&quot;0&quot;,&quot;credit&quot;:&quot;&quot;,&quot;camera&quot;:&quot;&quot;,&quot;caption&quot;:&quot;&quot;,&quot;created_timestamp&quot;:&quot;0&quot;,&quot;copyright&quot;:&quot;&quot;,&quot;focal_length&quot;:&quot;0&quot;,&quot;iso&quot;:&quot;0&quot;,&quot;shutter_speed&quot;:&quot;0&quot;,&quot;title&quot;:&quot;&quot;,&quot;orientation&quot;:&quot;1&quot;}\" data-image-title=\"adolfo-vladimir\" data-image-description=\"\" data-image-caption=\"&lt;p&gt;Foto: Adolfo Vladimir, Cuartoscuro&lt;\/p&gt;\n\" data-medium-file=\"https:\/\/www.grieta.org.mx\/wp-content\/uploads\/2021\/01\/adolfo-vladimir-300x180.jpg\" data-large-file=\"https:\/\/www.grieta.org.mx\/wp-content\/uploads\/2021\/01\/adolfo-vladimir.jpg\" class=\"wp-image-56372\" src=\"http:\/\/www.grieta.org.mx\/wp-content\/uploads\/2021\/01\/adolfo-vladimir.jpg\" alt=\"\" width=\"800\" height=\"480\" srcset=\"https:\/\/www.grieta.org.mx\/wp-content\/uploads\/2021\/01\/adolfo-vladimir.jpg 600w, https:\/\/www.grieta.org.mx\/wp-content\/uploads\/2021\/01\/adolfo-vladimir-300x180.jpg 300w\" sizes=\"auto, (max-width: 800px) 100vw, 800px\" \/><figcaption id=\"caption-attachment-56372\" class=\"wp-caption-text\">Foto: Adolfo Vladimir, Cuartoscuro<\/figcaption><\/figure>\n<p>En un escrito, la Red dese\u00f3: \u201csalud para todas y todos ustedes, salud para Roberto y su familia, para sus vecinos, para sus chivos, sus \u00e1rboles y su milpa, que les dan fuerza para combatir a la usura y el despojo\u201d.<\/p>\n<p>Este caso, indic\u00f3, es uno de los muchos en M\u00e9xico que est\u00e1 en la impunidad, debido a que \u201clos gobernantes pasados y en turno son simples marionetas de las directrices, mandatos de empresarios abusivos\u201d, quienes no rinden cuentas. Para la Red, incluso el gobierno de la llamada cuarta transformaci\u00f3n es alfil \u201cde los poderes econ\u00f3micos\u201d.<\/p>\n<p>Para la Rema, en un pa\u00eds \u201cjusto\u201d en el que se ha dicho \u201cprimero los pobres\u201d, \u201cdeber\u00eda encarcelarse a Silm y al resto de pol\u00edticos de Zacatecas y a nivel federal, que le temen a este empresario que ha hecho su riqueza del dispendio nacional\u201d.<\/p>\n<p><a href=\"https:\/\/www.contralinea.com.mx\/archivo-revista\/2020\/11\/24\/rema-celebra-12-anos-de-resistencia-del-pueblo-de-salaverna-contra-la-mineria\/\">https:\/\/www.contralinea.com.mx\/archivo-revista\/2020\/11\/24\/rema-celebra-12-anos-de-resistencia-del-pueblo-de-salaverna-contra-la-mineria\/<\/a><\/p>\n","protected":false},"excerpt":{"rendered":"<p>Autor: Jordana Gonzalez \/Contralinea, 24 de noviembre de 2020 La Red Mexicana de Afectados por la Miner\u00eda (Rema) celebr\u00f3 los 12 a\u00f1os de resistencia del pueblo de Salaverna \u2013en Mazapil, &hellip; <a href=\"https:\/\/www.grieta.org.mx\/index.php\/2020\/11\/24\/rema-celebra-12-anos-de-resistencia-del-pueblo-de-salaverna-contra-la-mineria-zacatecas\/\" class=\"more-link\">Leer m\u00e1s<\/a><\/p>\n","protected":false},"author":2,"featured_media":56372,"comment_status":"closed","ping_status":"closed","sticky":false,"template":"","format":"standard","meta":{"ngg_post_thumbnail":0,"_jetpack_newsletter_access":"","_jetpack_dont_email_post_to_subs":false,"_jetpack_newsletter_tier_id":0,"_jetpack_memberships_contains_paywalled_content":false,"_jetpack_memberships_contains_paid_content":false,"footnotes":""},"categories":[80,1505,2930,1866,2690,3716,76],"tags":[2846,3149],"class_list":["post-56371","post","type-post","status-publish","format-standard","has-post-thumbnail","hentry","category-cintillo","category-danos-ambientales-y-a-la-salud-por-mineria-en-zacatecas","category-despojo-de-tierras-y-territorios-en-zacatecas","category-resistencia-contra-la-mineria-en-zacatecas","category-resistencias","category-resistencias-en-zacatecas","category-zacatecas","tag-lucha-contra-la-mineria","tag-lucha-contra-mineras","entry"],"jetpack_featured_media_url":"https:\/\/www.grieta.org.mx\/wp-content\/uploads\/2021\/01\/adolfo-vladimir.jpg","jetpack_sharing_enabled":true,"jetpack_shortlink":"https:\/\/wp.me\/p7ZJR4-eFd","jetpack_likes_enabled":false,"jetpack-related-posts":[{"id":63200,"url":"https:\/\/www.grieta.org.mx\/index.php\/2021\/12\/09\/don-roberto-10-anos-de-resistencia-en-salaverna-en-su-pelea-contra-slim-zacatecas\/","url_meta":{"origin":56371,"position":0},"title":"Don Roberto; 10 a\u00f1os de resistencia en Salaverna en su pelea contra Slim (Zacatecas)","author":"grieta","date":"9 diciembre, 2021","format":false,"excerpt":"Redacci\u00f3n La Vanguadia, Coahuila \/ 9 diciembre 2021 Narra c\u00f3mo un pueblo fue desaparecido por empresa minera Los habitantes del pueblo Salaverna, en el norte de Zacatecas, fueron desalojados por una empresa minera operada por Grupo Frisco, propiedad de Carlos Slim Hel\u00fa, en colaboraci\u00f3n con autoridades locales y estatales; la\u2026","rel":"","context":"En &quot;CINTILLO&quot;","block_context":{"text":"CINTILLO","link":"https:\/\/www.grieta.org.mx\/index.php\/category\/cintillo\/"},"img":{"alt_text":"","src":"https:\/\/i0.wp.com\/www.grieta.org.mx\/wp-content\/uploads\/2018\/03\/14524434_1106112876131411_958039263622046936_o.jpg?resize=350%2C200&ssl=1","width":350,"height":200,"srcset":"https:\/\/i0.wp.com\/www.grieta.org.mx\/wp-content\/uploads\/2018\/03\/14524434_1106112876131411_958039263622046936_o.jpg?resize=350%2C200&ssl=1 1x, https:\/\/i0.wp.com\/www.grieta.org.mx\/wp-content\/uploads\/2018\/03\/14524434_1106112876131411_958039263622046936_o.jpg?resize=525%2C300&ssl=1 1.5x, https:\/\/i0.wp.com\/www.grieta.org.mx\/wp-content\/uploads\/2018\/03\/14524434_1106112876131411_958039263622046936_o.jpg?resize=700%2C400&ssl=1 2x"},"classes":[]},{"id":63198,"url":"https:\/\/www.grieta.org.mx\/index.php\/2022\/01\/02\/defiende-ocmal-a-lideres-de-salaverna-zacatecas\/","url_meta":{"origin":56371,"position":1},"title":"Defiende OCMAL a l\u00edderes de Salaverna (Zacatecas)","author":"grieta","date":"2 enero, 2022","format":false,"excerpt":"domingo, 2 de enero de 2022 KAREN CALDER\u00d3N | NTRZACATECAS.COM La Red del Observatorio de Conflictos Mineros de Am\u00e9rica Latina (OCMAL), a trav\u00e9s de un comunicado, solicit\u00f3 al presidente de la Rep\u00fablica Mexicana, Andr\u00e9s Manuel L\u00f3pez Obrador, y al gobernador del estado, David Monreal \u00c1vila, poner un alto a la\u2026","rel":"","context":"En &quot;CINTILLO&quot;","block_context":{"text":"CINTILLO","link":"https:\/\/www.grieta.org.mx\/index.php\/category\/cintillo\/"},"img":{"alt_text":"","src":"https:\/\/i0.wp.com\/www.grieta.org.mx\/wp-content\/uploads\/2018\/03\/14524434_1106112876131411_958039263622046936_o.jpg?resize=350%2C200&ssl=1","width":350,"height":200,"srcset":"https:\/\/i0.wp.com\/www.grieta.org.mx\/wp-content\/uploads\/2018\/03\/14524434_1106112876131411_958039263622046936_o.jpg?resize=350%2C200&ssl=1 1x, https:\/\/i0.wp.com\/www.grieta.org.mx\/wp-content\/uploads\/2018\/03\/14524434_1106112876131411_958039263622046936_o.jpg?resize=525%2C300&ssl=1 1.5x, https:\/\/i0.wp.com\/www.grieta.org.mx\/wp-content\/uploads\/2018\/03\/14524434_1106112876131411_958039263622046936_o.jpg?resize=700%2C400&ssl=1 2x"},"classes":[]},{"id":43062,"url":"https:\/\/www.grieta.org.mx\/index.php\/2020\/01\/13\/ratifican-ejidatarios-rechazo-a-presa-milpillas-zacatecas\/","url_meta":{"origin":56371,"position":2},"title":"Ratifican ejidatarios rechazo a presa Milpillas (Zacatecas)","author":"grieta","date":"13 enero, 2020","format":false,"excerpt":"MIRIAM SERRANO\/ NTR Zacatecas, 13 de enero de 2020 JIM\u00c9NEZ DEL TE\u00daL.- Luego de que el pasado 4 enero se llev\u00f3 a cabo una asamblea en el Ejido Atotonilco, se inform\u00f3 que ejidatarios de esta localidad y de El Potrero de manera un\u00e1nime ratificaron su rechazo a la autorizaci\u00f3n de\u2026","rel":"","context":"En &quot;CINTILLO&quot;","block_context":{"text":"CINTILLO","link":"https:\/\/www.grieta.org.mx\/index.php\/category\/cintillo\/"},"img":{"alt_text":"","src":"https:\/\/i0.wp.com\/www.grieta.org.mx\/wp-content\/uploads\/2018\/03\/14524434_1106112876131411_958039263622046936_o.jpg?resize=350%2C200&ssl=1","width":350,"height":200,"srcset":"https:\/\/i0.wp.com\/www.grieta.org.mx\/wp-content\/uploads\/2018\/03\/14524434_1106112876131411_958039263622046936_o.jpg?resize=350%2C200&ssl=1 1x, https:\/\/i0.wp.com\/www.grieta.org.mx\/wp-content\/uploads\/2018\/03\/14524434_1106112876131411_958039263622046936_o.jpg?resize=525%2C300&ssl=1 1.5x, https:\/\/i0.wp.com\/www.grieta.org.mx\/wp-content\/uploads\/2018\/03\/14524434_1106112876131411_958039263622046936_o.jpg?resize=700%2C400&ssl=1 2x"},"classes":[]},{"id":38782,"url":"https:\/\/www.grieta.org.mx\/index.php\/2019\/09\/03\/rema-interpone-nuevo-juicio-zacatecas\/","url_meta":{"origin":56371,"position":3},"title":"REMA interpone nuevo juicio (Zacatecas)","author":"grieta","date":"3 septiembre, 2019","format":false,"excerpt":"Silvia Alvarado \/ NTR Zacatecas, 03 de septiembre de 2019 La Red Mexicana de Afectados por la Miner\u00eda (REMA) inform\u00f3 que fue interpuesto ante el Tribunal Unitario Agrario, el segundo juicio de nulidad del acta de asamblea realizada el 14 de octubre de 218 en El Potrero, en el que\u2026","rel":"","context":"En &quot;CINTILLO&quot;","block_context":{"text":"CINTILLO","link":"https:\/\/www.grieta.org.mx\/index.php\/category\/cintillo\/"},"img":{"alt_text":"","src":"https:\/\/i0.wp.com\/www.grieta.org.mx\/wp-content\/uploads\/2019\/09\/rema-1.jpeg?resize=350%2C200&ssl=1","width":350,"height":200,"srcset":"https:\/\/i0.wp.com\/www.grieta.org.mx\/wp-content\/uploads\/2019\/09\/rema-1.jpeg?resize=350%2C200&ssl=1 1x, https:\/\/i0.wp.com\/www.grieta.org.mx\/wp-content\/uploads\/2019\/09\/rema-1.jpeg?resize=525%2C300&ssl=1 1.5x, https:\/\/i0.wp.com\/www.grieta.org.mx\/wp-content\/uploads\/2019\/09\/rema-1.jpeg?resize=700%2C400&ssl=1 2x"},"classes":[]},{"id":56058,"url":"https:\/\/www.grieta.org.mx\/index.php\/2020\/12\/26\/acusan-contubernio-de-municipio-con-empresa-minera-zacatecas\/","url_meta":{"origin":56371,"position":4},"title":"Acusan contubernio de Municipio con empresa minera (Zacatecas)","author":"grieta","date":"26 diciembre, 2020","format":false,"excerpt":"MIRIAM SERRANO \/ NTRZACATECAS.COM, 26 de diciembre de 2020 MAZAPIL. Roberto de la Rosa D\u00e1vila, l\u00edder comunitario de Salaverna, denunci\u00f3 que existe contubernio entre el presidente municipal, Gregorio Mac\u00edas Z\u00fa\u00f1iga, y directivos de la empresa minera Frisco-Tayahua, de Carlos Slim, al violar los derechos humanos de los habitantes del municipio.\u2026","rel":"","context":"En &quot;CINTILLO&quot;","block_context":{"text":"CINTILLO","link":"https:\/\/www.grieta.org.mx\/index.php\/category\/cintillo\/"},"img":{"alt_text":"","src":"https:\/\/i0.wp.com\/www.grieta.org.mx\/wp-content\/uploads\/2020\/12\/mazapil-1.jpg?resize=350%2C200&ssl=1","width":350,"height":200,"srcset":"https:\/\/i0.wp.com\/www.grieta.org.mx\/wp-content\/uploads\/2020\/12\/mazapil-1.jpg?resize=350%2C200&ssl=1 1x, https:\/\/i0.wp.com\/www.grieta.org.mx\/wp-content\/uploads\/2020\/12\/mazapil-1.jpg?resize=525%2C300&ssl=1 1.5x, https:\/\/i0.wp.com\/www.grieta.org.mx\/wp-content\/uploads\/2020\/12\/mazapil-1.jpg?resize=700%2C400&ssl=1 2x"},"classes":[]},{"id":51837,"url":"https:\/\/www.grieta.org.mx\/index.php\/2020\/05\/19\/habitantes-de-salaverna-denuncian-penalmente-a-carlos-slim\/","url_meta":{"origin":56371,"position":5},"title":"Habitantes de Salaverna denuncian penalmente a Carlos Slim (Zacatecas)","author":"grieta","date":"19 mayo, 2020","format":false,"excerpt":"Juan Castro \/ El Sol de Zacatecas, 19 de mayo de 2020 Roberto de la Rosa D\u00e1vila, delegado municipal de Salaverna, inform\u00f3 que han interpuesto una denuncia penal en contra de la empresa minera Ocampo Minning Tayahua, y de su propietario, Carlos Slim Hel\u00fa, por los da\u00f1os ocasionados a las\u2026","rel":"","context":"En &quot;CINTILLO&quot;","block_context":{"text":"CINTILLO","link":"https:\/\/www.grieta.org.mx\/index.php\/category\/cintillo\/"},"img":{"alt_text":"","src":"https:\/\/i0.wp.com\/www.grieta.org.mx\/wp-content\/uploads\/2020\/07\/2020190506.jpg?resize=350%2C200&ssl=1","width":350,"height":200,"srcset":"https:\/\/i0.wp.com\/www.grieta.org.mx\/wp-content\/uploads\/2020\/07\/2020190506.jpg?resize=350%2C200&ssl=1 1x, https:\/\/i0.wp.com\/www.grieta.org.mx\/wp-content\/uploads\/2020\/07\/2020190506.jpg?resize=525%2C300&ssl=1 1.5x, https:\/\/i0.wp.com\/www.grieta.org.mx\/wp-content\/uploads\/2020\/07\/2020190506.jpg?resize=700%2C400&ssl=1 2x"},"classes":[]}],"_links":{"self":[{"href":"https:\/\/www.grieta.org.mx\/index.php\/wp-json\/wp\/v2\/posts\/56371","targetHints":{"allow":["GET"]}}],"collection":[{"href":"https:\/\/www.grieta.org.mx\/index.php\/wp-json\/wp\/v2\/posts"}],"about":[{"href":"https:\/\/www.grieta.org.mx\/index.php\/wp-json\/wp\/v2\/types\/post"}],"author":[{"embeddable":true,"href":"https:\/\/www.grieta.org.mx\/index.php\/wp-json\/wp\/v2\/users\/2"}],"replies":[{"embeddable":true,"href":"https:\/\/www.grieta.org.mx\/index.php\/wp-json\/wp\/v2\/comments?post=56371"}],"version-history":[{"count":1,"href":"https:\/\/www.grieta.org.mx\/index.php\/wp-json\/wp\/v2\/posts\/56371\/revisions"}],"predecessor-version":[{"id":56375,"href":"https:\/\/www.grieta.org.mx\/index.php\/wp-json\/wp\/v2\/posts\/56371\/revisions\/56375"}],"wp:featuredmedia":[{"embeddable":true,"href":"https:\/\/www.grieta.org.mx\/index.php\/wp-json\/wp\/v2\/media\/56372"}],"wp:attachment":[{"href":"https:\/\/www.grieta.org.mx\/index.php\/wp-json\/wp\/v2\/media?parent=56371"}],"wp:term":[{"taxonomy":"category","embeddable":true,"href":"https:\/\/www.grieta.org.mx\/index.php\/wp-json\/wp\/v2\/categories?post=56371"},{"taxonomy":"post_tag","embeddable":true,"href":"https:\/\/www.grieta.org.mx\/index.php\/wp-json\/wp\/v2\/tags?post=56371"}],"curies":[{"name":"wp","href":"https:\/\/api.w.org\/{rel}","templated":true}]}}