{"id":56359,"date":"2021-01-20T22:00:25","date_gmt":"2021-01-21T04:00:25","guid":{"rendered":"http:\/\/www.grieta.org.mx\/?p=56359"},"modified":"2021-01-20T22:00:25","modified_gmt":"2021-01-21T04:00:25","slug":"que-desarrollo-traera-el-mal-llamado-tren-maya-estacion-palenque","status":"publish","type":"post","link":"https:\/\/www.grieta.org.mx\/index.php\/2021\/01\/20\/que-desarrollo-traera-el-mal-llamado-tren-maya-estacion-palenque\/","title":{"rendered":"\u00bfQu\u00e9 \u201cdesarrollo\u201d traer\u00e1 el mal llamado Tren Maya?: Estaci\u00f3n Palenque"},"content":{"rendered":"<p><img loading=\"lazy\" decoding=\"async\" data-attachment-id=\"56360\" data-permalink=\"https:\/\/www.grieta.org.mx\/index.php\/2021\/01\/20\/que-desarrollo-traera-el-mal-llamado-tren-maya-estacion-palenque\/2de03b49-08fd-44c3-b8b0-79abdc1f7361\/\" data-orig-file=\"https:\/\/www.grieta.org.mx\/wp-content\/uploads\/2021\/01\/2DE03B49-08FD-44C3-B8B0-79ABDC1F7361.jpeg\" data-orig-size=\"666,1280\" data-comments-opened=\"0\" data-image-meta=\"{&quot;aperture&quot;:&quot;0&quot;,&quot;credit&quot;:&quot;&quot;,&quot;camera&quot;:&quot;&quot;,&quot;caption&quot;:&quot;&quot;,&quot;created_timestamp&quot;:&quot;0&quot;,&quot;copyright&quot;:&quot;&quot;,&quot;focal_length&quot;:&quot;0&quot;,&quot;iso&quot;:&quot;0&quot;,&quot;shutter_speed&quot;:&quot;0&quot;,&quot;title&quot;:&quot;&quot;,&quot;orientation&quot;:&quot;0&quot;}\" data-image-title=\"2DE03B49-08FD-44C3-B8B0-79ABDC1F7361\" data-image-description=\"\" data-image-caption=\"\" data-medium-file=\"https:\/\/www.grieta.org.mx\/wp-content\/uploads\/2021\/01\/2DE03B49-08FD-44C3-B8B0-79ABDC1F7361-156x300.jpeg\" data-large-file=\"https:\/\/www.grieta.org.mx\/wp-content\/uploads\/2021\/01\/2DE03B49-08FD-44C3-B8B0-79ABDC1F7361-533x1024.jpeg\" class=\"alignnone size-full wp-image-56360\" src=\"http:\/\/www.grieta.org.mx\/wp-content\/uploads\/2021\/01\/2DE03B49-08FD-44C3-B8B0-79ABDC1F7361.jpeg\" alt=\"\" width=\"666\" height=\"1280\" srcset=\"https:\/\/www.grieta.org.mx\/wp-content\/uploads\/2021\/01\/2DE03B49-08FD-44C3-B8B0-79ABDC1F7361.jpeg 666w, https:\/\/www.grieta.org.mx\/wp-content\/uploads\/2021\/01\/2DE03B49-08FD-44C3-B8B0-79ABDC1F7361-156x300.jpeg 156w, https:\/\/www.grieta.org.mx\/wp-content\/uploads\/2021\/01\/2DE03B49-08FD-44C3-B8B0-79ABDC1F7361-533x1024.jpeg 533w, https:\/\/www.grieta.org.mx\/wp-content\/uploads\/2021\/01\/2DE03B49-08FD-44C3-B8B0-79ABDC1F7361-260x500.jpeg 260w\" sizes=\"auto, (max-width: 666px) 100vw, 666px\" \/><\/p>\n<p>Colectivo Grieta<br \/>\n20 enero 2021<\/p>\n<p>En la promoci\u00f3n del mal llamado Tren Maya el gobierno federal a trav\u00e9s del director del Fondo Nacional de Fomento al Turismo (FONATUR) Rogelio Jim\u00e9nez Pons inform\u00f3 que en menos de 10 a\u00f1os se espera que la afluencia de turistas en Palenque pase de 600 mil visitas al a\u00f1o a 3 millones. Este vertiginoso aumento tendr\u00eda consecuencias como el despojo y privatizaci\u00f3n de tierras campesinas y su consecuente destrucci\u00f3n cultural, el colapso ambiental y el aumento de la pobreza y marginaci\u00f3n de su poblaci\u00f3n. Por estas y otras razones, los pueblos mayas han calificado a \u00e9ste como un proyecto de muerte y se organizan en defensa de la vida. <\/p>\n<p>De acuerdo con el gobierno federal el aumento a 3 millones de turistas al a\u00f1o ser\u00e1 posible a partir de la conexi\u00f3n que se establecer\u00e1 entre Palenque y la Riviera Maya a trav\u00e9s del tren, por lo que Jim\u00e9nez Pons se\u00f1al\u00f3 que el proyecto se est\u00e1 vendiendo a inversionistas nacionales y extranjeros que generen la infraestructura necesaria para recibirlos. Adem\u00e1s, se espera que la estaci\u00f3n Palenque sirva para establecer un punto de atracci\u00f3n que permita la afluencia a puntos intermedios como Tenosique y Balanc\u00e1n en Tabasco. <\/p>\n<p>La estaci\u00f3n Palenque es una de las diecinueve que el gobierno federal pretende construir como parte del tren. Seg\u00fan cifras oficiales del gobierno chiapaneco, actualmente Palenque cuenta 2994 habitaciones en 103 hoteles que pueden albergar 2412 turistas diarios, por lo que, con el aumento esperado, se necesitar\u00edan construir por lo menos 262 hoteles m\u00e1s, lo que implicar\u00eda, de acuerdo con el director de FONATUR, en \u00e9sta y el resto de estaciones, \u201cgenerar toda esa serie de programas urbanos que de paso empieza a ordenar el espacio de desarrollo\u201d. Este \u201cordenamiento del espacio de desarrollo\u201d tiene m\u00faltiples consecuencias para los pueblos que las habitan, de las cuales se\u00f1alaremos algunas.<\/p>\n<p>El proyecto de construcci\u00f3n de la estaci\u00f3n Palenque est\u00e1 vinculada a otros proyectos de desarrollo regional como el Centro Integralmente Planeado Palenque-Cascadas de Agua Azul (que abarca los municipios de Catazaj\u00e1, Chil\u00f3n, Ocosingo, Salto del Agua, Tumbal\u00e1 y Palenque) y la autopista San Crist\u00f3bal-Palenque impulsadas por el propio FONATUR. Estos proyectos intentan desarrollar toda una serie de infraestructuras que buscan, seg\u00fan el Senado de la Rep\u00fablica, integrar diferentes circuitos tur\u00edsticos \u201cespecializados, ecol\u00f3gicos, culturales, deportivos, de lujo y para un turismo de estancia prolongada\u201d, en los que Palenque ser\u00eda la punta de lanza, para lo cual \u201cse tendr\u00edan que reubicar comunidades ind\u00edgenas, que permitir\u00eda tanto a los inversionistas como a dichas comunidades coparticipar de manera activa en el proyecto tur\u00edstico\u201d.<\/p>\n<p>Disfrazado de coparticipaci\u00f3n, el Senado reconoce la necesidad de despojo a las comunidades ind\u00edgenas para echar a andar estos proyectos. En el municipio de Palenque los censos oficiales se\u00f1alan que un poco m\u00e1s de la mitad de la poblaci\u00f3n pertenece a los pueblos ch\u00b4ol y tzeltal. La mayor\u00eda de ellos se dedica a la agricultura de autoconsumo en tierra ejidales, siendo el sistema de la milpa la forma productiva dominante. El desarrollo de estos megaproyectos implicar\u00eda la destrucci\u00f3n de esta forma tradicional de trabajo de la tierra y la conversi\u00f3n de una parte de los antiguos milperos en fuerza de trabajo para la construcci\u00f3n del tren, la industria del turismo o la agroindustria, y otra parte, en seres humanos simplemente desechables.<\/p>\n<p>Por otro lado, como se ha se\u00f1alado el proyecto del tren no solo es tur\u00edstico sino industrial y de carga. Por ello es importante mencionar que, en Palenque, la actividad industrial principal es la producci\u00f3n ganadera de leche y carne bovina, actividad desarrollada en grandes latifundios y controladas en su mayor\u00eda por la empresa SuKarne. As\u00ed mismo existen monocultivos industriales de ma\u00edz y palma africana, esta \u00faltima, utilizada en la elaboraci\u00f3n de aceites para la industria de alimentos y cosm\u00e9tica, principalmente. <\/p>\n<p>La conversi\u00f3n al monocultivo de la palma se ha hecho bajo el pretexto de la producci\u00f3n de energ\u00edas limpias, sin embargo, los agrocombustibles que no se han producido todav\u00eda han generado un verdadero colapso ambiental. Enfermedades respiratorias, g\u00e1stricas y c\u00e1ncer, as\u00ed como destrucci\u00f3n de flora y fauna son las consecuencias de este monocultivo, lo cual es m\u00e1s grave en este caso, pues su producci\u00f3n se ha desarrollado en la zona l\u00edmite del Parque Nacional de Palenque zona de alta biodiversidad decretada como Zona Natural Protegida, en peligro de convertirse en un \u201cdesierto verde\u201d. <\/p>\n<p>Finalmente, el proyecto de tren profundizar\u00e1 las diferencias sociales aumentando la brecha social en un municipio en el que el 33% de la poblaci\u00f3n vive en la pobreza extrema. El proyecto de urbanizaci\u00f3n del tren no cuenta con un plan de desarrollo de servicios p\u00fablicos b\u00e1sicos (salud, seguridad, agua, drenaje, alumbrado, etc.), pero s\u00ed de conversi\u00f3n de tierras ejidales a uso habitacional. Con el desarrollo del tren incrementar\u00eda la especulaci\u00f3n sobre la tierra, generando el despojo y desplazamiento de los antiguos pobladores. Esta destrucci\u00f3n del tejido social, as\u00ed como la actuaci\u00f3n de polic\u00eda y pol\u00edticos locales, podr\u00eda acrecentar las redes de tr\u00e1fico de mujeres y migrantes, las redes de explotaci\u00f3n sexual y narcotr\u00e1fico.<\/p>\n<p>Estas son algunas de las posibles consecuencias que tendr\u00eda la imposici\u00f3n del mal llamado Tren Maya, sin embargo, \u00e9ste todav\u00eda no se define. Los proyectos que acompa\u00f1an al tren tienen por lo menos dos d\u00e9cadas de intentarse echar a andar y no lo han logrado. La organizaci\u00f3n de los pueblos ha sido clave para frenarlos. En la lucha contra el tren los pueblos ch\u00b4oles de los municipios de Ocosingo, Palenque y Salto de Agua, ganaron un amparo para suspender las obras, sin embargo, como lo demostr\u00f3 el gobierno federal con la represi\u00f3n del plant\u00f3n en Apatlaco para la imposici\u00f3n del Proyecto Integral Morelos (a pesar de existir 9 amparos de suspensi\u00f3n del mismo), los primeros en violar las leyes si estas no les favorecen, son los poderosos. As\u00ed los pueblos se organizan y desde el fortalecimiento de su tejido comunitario, tejen redes de resistencia para frenar la imposici\u00f3n, como se\u00f1al\u00f3 el Subcomandante Insurgente Mois\u00e9s: \u201cAs\u00ed que t\u00e9nganlo claro compa\u00f1eros y compa\u00f1eras; aqu\u00ed no hay salvador, ni hay salvadora. Los \u00fanicos que son salvadores y salvadoras son los hombres y las mujeres que luchan y se organizan\u201d.<\/p>\n<p>Fuentes de consulta:<br \/>\n<a href=\"http:\/\/www.turismochiapas.gob.mx\/sectur\/media\/descargables\/omt\/Chiapas2015\" rel=\"noopener\" target=\"_blank\">http:\/\/www.turismochiapas.gob.mx\/sectur\/media\/descargables\/omt\/Chiapas2015<\/a><br \/>\n<a href=\"https:\/\/www.chiapasparalelo.com\/opinion\/2017\/12\/palenque-en-cifras\/\" rel=\"noopener\" target=\"_blank\">https:\/\/www.chiapasparalelo.com\/opinion\/2017\/12\/palenque-en-cifras\/<\/a><br \/>\n<a href=\"http:\/\/www.turismochiapas.gob.mx\/institucional\/estadisticas\/formatos\/DICIEMBRE-2019.pdf\" rel=\"noopener\" target=\"_blank\">http:\/\/www.turismochiapas.gob.mx\/institucional\/estadisticas\/formatos\/DICIEMBRE-2019.pdf<\/a><br \/>\n<a href=\"https:\/\/www.xevt.com\/nacional\/recibira-palenque-hasta-3-millones-de-visitantes-con-el--tren-maya-fonatur\/117022\" rel=\"noopener\" target=\"_blank\">https:\/\/www.xevt.com\/nacional\/recibira-palenque-hasta-3-millones-de-visitantes-con-el&#8211;tren-maya-fonatur\/117022<\/a><br \/>\n<a href=\"https:\/\/imagenagropecuaria.com\/2015\/palma-de-aceite-deja-estela-de-contaminacion-en-chiapas\/\" rel=\"noopener\" target=\"_blank\">https:\/\/imagenagropecuaria.com\/2015\/palma-de-aceite-deja-estela-de-contaminacion-en-chiapas\/<\/a><br \/>\n<a href=\"https:\/\/www.chiapasparalelo.com\/noticias\/chiapas\/2020\/06\/tren-maya-no-responde-a-necesidades-materiales-y-culturales-de-la-poblacion-de-palenque\/\" rel=\"noopener\" target=\"_blank\">https:\/\/www.chiapasparalelo.com\/noticias\/chiapas\/2020\/06\/tren-maya-no-responde-a-necesidades-materiales-y-culturales-de-la-poblacion-de-palenque\/<\/a><br \/>\n<a href=\"https:\/\/www.senado.gob.mx\/64\/gaceta_del_senado\/documento\/27058\" rel=\"noopener\" target=\"_blank\">https:\/\/www.senado.gob.mx\/64\/gaceta_del_senado\/documento\/27058<\/a><\/p>\n","protected":false},"excerpt":{"rendered":"<p>Colectivo Grieta 20 enero 2021 En la promoci\u00f3n del mal llamado Tren Maya el gobierno federal a trav\u00e9s del director del Fondo Nacional de Fomento al Turismo (FONATUR) Rogelio Jim\u00e9nez &hellip; <a href=\"https:\/\/www.grieta.org.mx\/index.php\/2021\/01\/20\/que-desarrollo-traera-el-mal-llamado-tren-maya-estacion-palenque\/\" class=\"more-link\">Leer m\u00e1s<\/a><\/p>\n","protected":false},"author":2,"featured_media":56360,"comment_status":"closed","ping_status":"closed","sticky":false,"template":"","format":"standard","meta":{"ngg_post_thumbnail":0,"_jetpack_newsletter_access":"","_jetpack_dont_email_post_to_subs":false,"_jetpack_newsletter_tier_id":0,"_jetpack_memberships_contains_paywalled_content":false,"_jetpack_memberships_contains_paid_content":false,"footnotes":""},"categories":[80,1775,3,2026,2044],"tags":[3646,1878],"class_list":["post-56359","post","type-post","status-publish","format-standard","has-post-thumbnail","hentry","category-cintillo","category-colectivo-grieta","category-megaproyectos","category-tren-maya","category-tren-maya-analisis","tag-resistencia-contra-el-tren-maya","tag-tren-maya","entry"],"jetpack_featured_media_url":"https:\/\/www.grieta.org.mx\/wp-content\/uploads\/2021\/01\/2DE03B49-08FD-44C3-B8B0-79ABDC1F7361.jpeg","jetpack_sharing_enabled":true,"jetpack_shortlink":"https:\/\/wp.me\/p7ZJR4-eF1","jetpack_likes_enabled":false,"jetpack-related-posts":[{"id":56227,"url":"https:\/\/www.grieta.org.mx\/index.php\/2021\/01\/13\/compendio-informativo-los-rostros-no-tan-ocultos-del-mal-llamado-tren-maya\/","url_meta":{"origin":56359,"position":0},"title":"Compendio Informativo: LOS ROSTROS (NO TAN) OCULTOS DEL MAL LLAMADO \u201cTREN MAYA\u201d","author":"grieta","date":"13 enero, 2021","format":false,"excerpt":"Colectivo Grieta, 14 de enero de 2020 Ponemos a su disposici\u00f3n un archivo pdf compendiando una serie de notas en torno al mal llamado tren maya, en versi\u00f3n imprimible, para su consulta y\/o difusi\u00f3n m\u00e1s all\u00e1 del internet. El documento completo se puede descargar aqu\u00ed: http:\/\/www.grieta.org.mx\/?p=56227&preview=trueCompendio Informativo sobre el mal\u2026","rel":"","context":"En &quot;CINTILLO&quot;","block_context":{"text":"CINTILLO","link":"https:\/\/www.grieta.org.mx\/index.php\/category\/cintillo\/"},"img":{"alt_text":"","src":"https:\/\/i0.wp.com\/www.grieta.org.mx\/wp-content\/uploads\/2021\/01\/CompendioTren.jpg?resize=350%2C200&ssl=1","width":350,"height":200,"srcset":"https:\/\/i0.wp.com\/www.grieta.org.mx\/wp-content\/uploads\/2021\/01\/CompendioTren.jpg?resize=350%2C200&ssl=1 1x, https:\/\/i0.wp.com\/www.grieta.org.mx\/wp-content\/uploads\/2021\/01\/CompendioTren.jpg?resize=525%2C300&ssl=1 1.5x, https:\/\/i0.wp.com\/www.grieta.org.mx\/wp-content\/uploads\/2021\/01\/CompendioTren.jpg?resize=700%2C400&ssl=1 2x"},"classes":[]},{"id":57004,"url":"https:\/\/www.grieta.org.mx\/index.php\/2021\/02\/17\/el-mal-llamado-tren-maya-acumula-tres-nuevas-suspensiones-en-yucatan\/","url_meta":{"origin":56359,"position":1},"title":"El mal llamado \u201cTren Maya\u201d acumula tres nuevas suspensiones en Yucat\u00e1n","author":"grieta","date":"17 febrero, 2021","format":false,"excerpt":"Comunidades y colectivos denuncian que, con el pretexto de dar mantenimiento a las v\u00edas, el Gobierno Federal viola de manera sistem\u00e1tica las suspensiones hasta ahora emitidas y prosigue con las obras de construcci\u00f3n y la tala de \u00e1rboles COLECTIVO GRIETA CIUDAD DE M\u00c9XICO, 17 de febrero de 2021. El colectivo\u2026","rel":"","context":"En &quot;Campeche&quot;","block_context":{"text":"Campeche","link":"https:\/\/www.grieta.org.mx\/index.php\/category\/noticias-nacionales\/campeche\/"},"img":{"alt_text":"","src":"https:\/\/i0.wp.com\/www.grieta.org.mx\/wp-content\/uploads\/2021\/02\/Tren-maya-mapa.jpg?resize=350%2C200&ssl=1","width":350,"height":200,"srcset":"https:\/\/i0.wp.com\/www.grieta.org.mx\/wp-content\/uploads\/2021\/02\/Tren-maya-mapa.jpg?resize=350%2C200&ssl=1 1x, https:\/\/i0.wp.com\/www.grieta.org.mx\/wp-content\/uploads\/2021\/02\/Tren-maya-mapa.jpg?resize=525%2C300&ssl=1 1.5x, https:\/\/i0.wp.com\/www.grieta.org.mx\/wp-content\/uploads\/2021\/02\/Tren-maya-mapa.jpg?resize=700%2C400&ssl=1 2x, https:\/\/i0.wp.com\/www.grieta.org.mx\/wp-content\/uploads\/2021\/02\/Tren-maya-mapa.jpg?resize=1050%2C600&ssl=1 3x, https:\/\/i0.wp.com\/www.grieta.org.mx\/wp-content\/uploads\/2021\/02\/Tren-maya-mapa.jpg?resize=1400%2C800&ssl=1 4x"},"classes":[]},{"id":55555,"url":"https:\/\/www.grieta.org.mx\/index.php\/2020\/11\/28\/que-desarrollo-traera-el-tren-maya-estacion-bacalar\/","url_meta":{"origin":56359,"position":2},"title":"\u00bfQu\u00e9 desarrollo traer\u00e1 el Tren Maya? Estaci\u00f3n Bacalar","author":"grieta","date":"28 noviembre, 2020","format":false,"excerpt":"Colectivo Grieta \u00a0 \u00a0 \u00a0 La estaci\u00f3n de Bacalar se planea como una de las 19 estaciones del mega proyecto de despojo, mal llamado Tren Maya. Bacalar es una localidad del estado de Quintana Roo con 11,089 habitantes, de los cuales 6,658 se registran como Poblaci\u00f3n Econ\u00f3micamente Activa. Actualmente recibe\u2026","rel":"","context":"En &quot;CINTILLO&quot;","block_context":{"text":"CINTILLO","link":"https:\/\/www.grieta.org.mx\/index.php\/category\/cintillo\/"},"img":{"alt_text":"","src":"https:\/\/i0.wp.com\/www.grieta.org.mx\/wp-content\/uploads\/2020\/11\/WhatsApp-Image-2020-11-22-at-8.07.51-PM.jpg?resize=350%2C200&ssl=1","width":350,"height":200,"srcset":"https:\/\/i0.wp.com\/www.grieta.org.mx\/wp-content\/uploads\/2020\/11\/WhatsApp-Image-2020-11-22-at-8.07.51-PM.jpg?resize=350%2C200&ssl=1 1x, https:\/\/i0.wp.com\/www.grieta.org.mx\/wp-content\/uploads\/2020\/11\/WhatsApp-Image-2020-11-22-at-8.07.51-PM.jpg?resize=525%2C300&ssl=1 1.5x"},"classes":[]},{"id":52319,"url":"https:\/\/www.grieta.org.mx\/index.php\/2020\/08\/04\/los-rostros-no-tan-ocultos-del-mal-llamado-tren-maya-el-tren-de-la-4t-y-el-fomento-de-la-agroindustria\/","url_meta":{"origin":56359,"position":3},"title":"Los rostros (no tan) ocultos del mal llamado &#8220;tren maya&#8221;. Parte 1 : El tren de la 4T y el fomento de la agroindustria","author":"grieta","date":"4 agosto, 2020","format":false,"excerpt":"Colectivo Grieta, 04 de agosto de 2020 Ciudad de M\u00e9xico.- La publicidad y el discurso oficial tienden a presentar al mal llamado tren maya solo como un proyecto de desarrollo tur\u00edstico. A partir de eso el mismo discurso oficial ha tendido a circunscribir los posibles impactos ecol\u00f3gicos y sociales al\u2026","rel":"","context":"En &quot;Agroindustria&quot;","block_context":{"text":"Agroindustria","link":"https:\/\/www.grieta.org.mx\/index.php\/category\/megaproyectos\/agroindustria\/"},"img":{"alt_text":"","src":"https:\/\/i0.wp.com\/www.grieta.org.mx\/wp-content\/uploads\/2020\/08\/Soyatransgenica.jpg?resize=350%2C200&ssl=1","width":350,"height":200,"srcset":"https:\/\/i0.wp.com\/www.grieta.org.mx\/wp-content\/uploads\/2020\/08\/Soyatransgenica.jpg?resize=350%2C200&ssl=1 1x, https:\/\/i0.wp.com\/www.grieta.org.mx\/wp-content\/uploads\/2020\/08\/Soyatransgenica.jpg?resize=525%2C300&ssl=1 1.5x, https:\/\/i0.wp.com\/www.grieta.org.mx\/wp-content\/uploads\/2020\/08\/Soyatransgenica.jpg?resize=700%2C400&ssl=1 2x, https:\/\/i0.wp.com\/www.grieta.org.mx\/wp-content\/uploads\/2020\/08\/Soyatransgenica.jpg?resize=1050%2C600&ssl=1 3x, https:\/\/i0.wp.com\/www.grieta.org.mx\/wp-content\/uploads\/2020\/08\/Soyatransgenica.jpg?resize=1400%2C800&ssl=1 4x"},"classes":[]},{"id":63572,"url":"https:\/\/www.grieta.org.mx\/index.php\/2022\/02\/11\/una-empresa-militar-operara-cuatro-aeropuertos-y-el-tren-maya-amlo\/","url_meta":{"origin":56359,"position":4},"title":"Una empresa militar operar\u00e1 cuatro aeropuertos y el Tren Maya: AMLO","author":"grieta","date":"11 febrero, 2022","format":false,"excerpt":"Redacci\u00f3n\/Animal Pol\u00edtico 11 febrero 2022 La mayor\u00eda de las utilidades de esta empresa militar se destinar\u00e1n a las pensiones de marinos, soldados e integrantes de las Fuerzas Armadas. Una empresa militar llamada Olmeca, Maya Mexica administrar\u00e1 el Tren Maya y los nuevos aeropuertos de Santa Luc\u00eda, Tulum, Chetumal y Palenque,\u2026","rel":"","context":"En &quot;CINTILLO&quot;","block_context":{"text":"CINTILLO","link":"https:\/\/www.grieta.org.mx\/index.php\/category\/cintillo\/"},"img":{"alt_text":"","src":"https:\/\/i0.wp.com\/www.grieta.org.mx\/wp-content\/uploads\/2022\/03\/empresa-militar-aeropuertos-tren-maya.jpeg?resize=350%2C200&ssl=1","width":350,"height":200,"srcset":"https:\/\/i0.wp.com\/www.grieta.org.mx\/wp-content\/uploads\/2022\/03\/empresa-militar-aeropuertos-tren-maya.jpeg?resize=350%2C200&ssl=1 1x, https:\/\/i0.wp.com\/www.grieta.org.mx\/wp-content\/uploads\/2022\/03\/empresa-militar-aeropuertos-tren-maya.jpeg?resize=525%2C300&ssl=1 1.5x, https:\/\/i0.wp.com\/www.grieta.org.mx\/wp-content\/uploads\/2022\/03\/empresa-militar-aeropuertos-tren-maya.jpeg?resize=700%2C400&ssl=1 2x, https:\/\/i0.wp.com\/www.grieta.org.mx\/wp-content\/uploads\/2022\/03\/empresa-militar-aeropuertos-tren-maya.jpeg?resize=1050%2C600&ssl=1 3x"},"classes":[]},{"id":49384,"url":"https:\/\/www.grieta.org.mx\/index.php\/2020\/05\/09\/ganan-amparo-contra-el-tren-maya-pero-fonatur-se-niega-a-parar-construccion\/","url_meta":{"origin":56359,"position":5},"title":"Ganan amparo contra el Tren Maya; pero Fonatur se niega a parar construcci\u00f3n","author":"grieta","date":"9 mayo, 2020","format":false,"excerpt":"Texto: Redacci\u00f3n \/Foto: Archivo Isabel Mateos \/ Pie de P\u00e1gina El Ejecutivo federal aprob\u00f3 acuerdos para continuar la construcci\u00f3n del Tren Maya durante el confinamiento. Una juez federal, sin embargo, orden\u00f3 que se detuvieran los trabajos en 3 municipios. Pero el gobierno respondi\u00f3 que no se detendr\u00e1n los trabajos. Una\u2026","rel":"","context":"En &quot;CINTILLO&quot;","block_context":{"text":"CINTILLO","link":"https:\/\/www.grieta.org.mx\/index.php\/category\/cintillo\/"},"img":{"alt_text":"","src":"https:\/\/i0.wp.com\/www.grieta.org.mx\/wp-content\/uploads\/2020\/05\/trenMaya_-fotos_lucia_e_-Isabel1-e1589666901656.jpg?resize=350%2C200&ssl=1","width":350,"height":200,"srcset":"https:\/\/i0.wp.com\/www.grieta.org.mx\/wp-content\/uploads\/2020\/05\/trenMaya_-fotos_lucia_e_-Isabel1-e1589666901656.jpg?resize=350%2C200&ssl=1 1x, https:\/\/i0.wp.com\/www.grieta.org.mx\/wp-content\/uploads\/2020\/05\/trenMaya_-fotos_lucia_e_-Isabel1-e1589666901656.jpg?resize=525%2C300&ssl=1 1.5x, https:\/\/i0.wp.com\/www.grieta.org.mx\/wp-content\/uploads\/2020\/05\/trenMaya_-fotos_lucia_e_-Isabel1-e1589666901656.jpg?resize=700%2C400&ssl=1 2x"},"classes":[]}],"_links":{"self":[{"href":"https:\/\/www.grieta.org.mx\/index.php\/wp-json\/wp\/v2\/posts\/56359","targetHints":{"allow":["GET"]}}],"collection":[{"href":"https:\/\/www.grieta.org.mx\/index.php\/wp-json\/wp\/v2\/posts"}],"about":[{"href":"https:\/\/www.grieta.org.mx\/index.php\/wp-json\/wp\/v2\/types\/post"}],"author":[{"embeddable":true,"href":"https:\/\/www.grieta.org.mx\/index.php\/wp-json\/wp\/v2\/users\/2"}],"replies":[{"embeddable":true,"href":"https:\/\/www.grieta.org.mx\/index.php\/wp-json\/wp\/v2\/comments?post=56359"}],"version-history":[{"count":1,"href":"https:\/\/www.grieta.org.mx\/index.php\/wp-json\/wp\/v2\/posts\/56359\/revisions"}],"predecessor-version":[{"id":56362,"href":"https:\/\/www.grieta.org.mx\/index.php\/wp-json\/wp\/v2\/posts\/56359\/revisions\/56362"}],"wp:featuredmedia":[{"embeddable":true,"href":"https:\/\/www.grieta.org.mx\/index.php\/wp-json\/wp\/v2\/media\/56360"}],"wp:attachment":[{"href":"https:\/\/www.grieta.org.mx\/index.php\/wp-json\/wp\/v2\/media?parent=56359"}],"wp:term":[{"taxonomy":"category","embeddable":true,"href":"https:\/\/www.grieta.org.mx\/index.php\/wp-json\/wp\/v2\/categories?post=56359"},{"taxonomy":"post_tag","embeddable":true,"href":"https:\/\/www.grieta.org.mx\/index.php\/wp-json\/wp\/v2\/tags?post=56359"}],"curies":[{"name":"wp","href":"https:\/\/api.w.org\/{rel}","templated":true}]}}