{"id":56301,"date":"2021-01-12T01:12:57","date_gmt":"2021-01-12T07:12:57","guid":{"rendered":"http:\/\/www.grieta.org.mx\/?p=56301"},"modified":"2021-01-15T01:23:11","modified_gmt":"2021-01-15T07:23:11","slug":"el-miedo-a-morir-de-hambre-y-no-por-covid-19-ferieros-mexicanos","status":"publish","type":"post","link":"https:\/\/www.grieta.org.mx\/index.php\/2021\/01\/12\/el-miedo-a-morir-de-hambre-y-no-por-covid-19-ferieros-mexicanos\/","title":{"rendered":"El miedo a morir de hambre y no por Covid-19: ferieros mexicanos"},"content":{"rendered":"<p><img loading=\"lazy\" decoding=\"async\" data-attachment-id=\"56302\" data-permalink=\"https:\/\/www.grieta.org.mx\/index.php\/2021\/01\/12\/el-miedo-a-morir-de-hambre-y-no-por-covid-19-ferieros-mexicanos\/el-miedo-a-morir-de-hambre-y-no-por-covid-19-ferieros-mexicanos-edomex-ene\/\" data-orig-file=\"https:\/\/www.grieta.org.mx\/wp-content\/uploads\/2021\/01\/El-miedo-a-morir-de-hambre-y-no-por-Covid-19-ferieros-mexicanos-edomex-ene.jpg\" data-orig-size=\"600,360\" data-comments-opened=\"0\" data-image-meta=\"{&quot;aperture&quot;:&quot;0&quot;,&quot;credit&quot;:&quot;&quot;,&quot;camera&quot;:&quot;&quot;,&quot;caption&quot;:&quot;&quot;,&quot;created_timestamp&quot;:&quot;0&quot;,&quot;copyright&quot;:&quot;&quot;,&quot;focal_length&quot;:&quot;0&quot;,&quot;iso&quot;:&quot;0&quot;,&quot;shutter_speed&quot;:&quot;0&quot;,&quot;title&quot;:&quot;&quot;,&quot;orientation&quot;:&quot;1&quot;}\" data-image-title=\"El miedo a morir de hambre y no por Covid-19 ferieros mexicanos edomex ene\" data-image-description=\"\" data-image-caption=\"\" data-medium-file=\"https:\/\/www.grieta.org.mx\/wp-content\/uploads\/2021\/01\/El-miedo-a-morir-de-hambre-y-no-por-Covid-19-ferieros-mexicanos-edomex-ene-300x180.jpg\" data-large-file=\"https:\/\/www.grieta.org.mx\/wp-content\/uploads\/2021\/01\/El-miedo-a-morir-de-hambre-y-no-por-Covid-19-ferieros-mexicanos-edomex-ene.jpg\" class=\"alignnone size-full wp-image-56302\" src=\"http:\/\/www.grieta.org.mx\/wp-content\/uploads\/2021\/01\/El-miedo-a-morir-de-hambre-y-no-por-Covid-19-ferieros-mexicanos-edomex-ene.jpg\" alt=\"\" width=\"600\" height=\"360\" srcset=\"https:\/\/www.grieta.org.mx\/wp-content\/uploads\/2021\/01\/El-miedo-a-morir-de-hambre-y-no-por-Covid-19-ferieros-mexicanos-edomex-ene.jpg 600w, https:\/\/www.grieta.org.mx\/wp-content\/uploads\/2021\/01\/El-miedo-a-morir-de-hambre-y-no-por-Covid-19-ferieros-mexicanos-edomex-ene-300x180.jpg 300w\" sizes=\"auto, (max-width: 600px) 100vw, 600px\" \/><\/p>\n<h6>Foto: Jordana Gonz\u00e1lez<\/h6>\n<div id=\"ts-post-the-content\" class=\"entry-content\">\n<div class=\"addtoany_share_save_container addtoany_content addtoany_content_top\">\n<div data-a2a-url=\"https:\/\/www.contralinea.com.mx\/archivo-revista\/2021\/01\/12\/el-miedo-a-morir-de-hambre-y-no-por-covid-19-ferieros-mexicanos\/\" data-a2a-title=\"El miedo a morir de hambre y no por Covid-19: ferieros mexicanos\">Karen Ballesteros y Jordana Gonz\u00e1lez \/ Contral\u00ednea<\/div>\n<\/div>\n<\/div>\n<div data-a2a-url=\"https:\/\/www.contralinea.com.mx\/archivo-revista\/2021\/01\/12\/el-miedo-a-morir-de-hambre-y-no-por-covid-19-ferieros-mexicanos\/\" data-a2a-title=\"El miedo a morir de hambre y no por Covid-19: ferieros mexicanos\"><\/div>\n<div data-a2a-url=\"https:\/\/www.contralinea.com.mx\/archivo-revista\/2021\/01\/12\/el-miedo-a-morir-de-hambre-y-no-por-covid-19-ferieros-mexicanos\/\" data-a2a-title=\"El miedo a morir de hambre y no por Covid-19: ferieros mexicanos\">\n<h2>Morir de hambre y no por contagiarse de la Covid-19 es el temor de decenas de familias que se ganaban la vida en las ferias errantes, en los juegos mec\u00e1nicos, puestos de pan o comida, rifas, canicas, loter\u00eda, tiro al blanco\u2026 Apostados en avenidas, buscan sobrevivir de la caridad, vendiendo sus alcanc\u00edas y peluches o intercambi\u00e1ndolos por despensa.<\/h2>\n<p>El mayor miedo de los <em>ferieros<\/em> de M\u00e9xico es <strong>morir por hambre y no por Covid-19<\/strong>. Este sector de trabajadores informales lleva casi 10 meses sin poder obtener ingresos de la tradici\u00f3n familiar que los sostiene: las ferias errantes. Es el caso de <strong>79 familias<\/strong> \u2013cuyos integrantes var\u00edan de 10 a 20 personas\u2013 que actualmente \u00a0sobreviven gracias al <em>cambalache<\/em>de sus alcanc\u00edas por comida o dinero con quienes transitan por la <strong>avenida Central<\/strong> y <strong>Nuevo Arag\u00f3n<\/strong>, en el municipio de <strong>Ecatepec de Morelos<\/strong>, Estado de M\u00e9xico.<\/p>\n<p>Desde el 31 de marzo de 2020, cuando se emiti\u00f3 la <em>Declaratoria nacional de emergencia sanitaria por la pandemia<\/em>, profesiones y oficios no esenciales <strong>\u2013entre ellos los ferieros\u2013<\/strong>dejaron de laborar para prevenir los contagios de Covid-19. Las personas dedicadas a vender diversi\u00f3n \u2013mediante juegos mec\u00e1nicos y puestos de comida, canicas, tiro al blanco, en fiestas patronales religiosas, fiestas de mercados, aniversarios de colonias o pueblos, entre otros festejos\u2013 <strong>se encuentran varadas donde la suspensi\u00f3n de actividades les tom\u00f3 por sorpresa<\/strong>, pues se mueven a lo largo y ancho de la Rep\u00fablica \u201ccomo gitanos\u201d, aseguran.<\/p>\n<p>Sobre uno de los camellones de Avenida Central, a unos cuantos metros de la estaci\u00f3n del<strong>Mexibus Palomas<\/strong> se observan decenas de alcanc\u00edas de diferentes figuras. Detr\u00e1s de ellas, sentado bajo una lona, est\u00e1 Bernardo. Vigilante, mira el pasar de los autom\u00f3viles y de las personas.\u00a0 Mientras tanto Marisol, su compa\u00f1era de vida, y su hija menor de 7 a\u00f1os, Kimberly, <em>botean<\/em> (piden limosna) entre el tr\u00e1nsito de la avenida.<\/p>\n<p>S\u00f3lo uno de los carros se detiene y hace caso al audio que se reproduce de una de las bocinas; esta llama a apoyar a la familia Morales, ya sea con uno o dos pesos o productos de la canasta b\u00e1sica, as\u00ed como con la compra de una de las figuras de cer\u00e1mica exhibidas, lo hacen para subsistir y poder regresar a sus municipios de origen, explica Bernardo Morales de la Rosa. \u201cEstamos aqu\u00ed parados porque no tenemos con qu\u00e9 movernos\u201d.<\/p>\n<p>La familia Morales tuvo que quedarse en Ecatepec, debido a que la pandemia provocada por el virus SARS-CoV-2 hizo parar las fuentes de trabajo de miles de \u201ccompa\u00f1eros\u201d, dej\u00e1ndolos varados a su suerte en pueblos y comunidades.<\/p>\n<p>El hombre de 51 a\u00f1os naci\u00f3 en la feria, bajo el techo de l\u00e1mina de un remolque, y cuenta que \u00e9l y su familia de cuatro integrantes decidieron mantener su peque\u00f1o remolque en la entrada del municipio de Ecatepec y no moverse a zonas m\u00e1s rurales como Teotihuacan o Texcoco, pues los niveles de pobreza ah\u00ed son mayores.<\/p>\n<p>\u201cAqu\u00ed en la entrada a la Ciudad [de M\u00e9xico] es donde hay un poquito m\u00e1s de recursos y a nosotros nos agarra de paso porque la gente que viene a los centros comerciales de la Central de Abasto pasan por aqu\u00ed\u201d.<\/p>\n<p>Los primeros 2 meses de iniciada la Jornada Nacional de Sana Distancia, la gente \u201crespondi\u00f3: nos tra\u00eda frijoles, arroz, sopa, aceite\u201d. Los productos donados fueron repartidos entre quienes permanecen en este municipio, as\u00ed como en estados aleda\u00f1os como Guerrero e Hidalgo.<\/p>\n<p>Miguel \u00c1ngel Morales Delgado, sobrino de don Bernardo, qued\u00f3 varado junto con Mariana S\u00e1nchez Ram\u00edrez, su compa\u00f1era de vida, y su hijo reci\u00e9n nacido, en la colonia Nueva Arag\u00f3n, tambi\u00e9n en Ecatepec. El joven de 21 a\u00f1os explica que \u201cnos han tra\u00eddo ropa, zapatos y hasta despensas, nos han ayudado econ\u00f3micamente con algo. Nosotros no vamos a pedir tanto, o sea, lo que nos quieran ayudar\u201d.<\/p>\n<p>No obstante, as\u00ed como han recibido ayuda, tambi\u00e9n insultos, pues han sido tachados de \u201chuevones\u201d, detalla Bernardo Morales de la Rosa. Incluso, Miguel \u00c1ngel agrega que hay quienes cuestionan \u201cd\u00f3nde est\u00e1 el dinero que ganamos [antes de la contingencia sanitaria]. Creen que ganamos mucho y no es as\u00ed\u201d.<\/p>\n<p><img loading=\"lazy\" decoding=\"async\" data-attachment-id=\"56303\" data-permalink=\"https:\/\/www.grieta.org.mx\/index.php\/2021\/01\/12\/el-miedo-a-morir-de-hambre-y-no-por-covid-19-ferieros-mexicanos\/fer02-300x300\/\" data-orig-file=\"https:\/\/www.grieta.org.mx\/wp-content\/uploads\/2021\/01\/FER02-300x300-1.jpg\" data-orig-size=\"300,300\" data-comments-opened=\"0\" data-image-meta=\"{&quot;aperture&quot;:&quot;0&quot;,&quot;credit&quot;:&quot;&quot;,&quot;camera&quot;:&quot;&quot;,&quot;caption&quot;:&quot;&quot;,&quot;created_timestamp&quot;:&quot;0&quot;,&quot;copyright&quot;:&quot;&quot;,&quot;focal_length&quot;:&quot;0&quot;,&quot;iso&quot;:&quot;0&quot;,&quot;shutter_speed&quot;:&quot;0&quot;,&quot;title&quot;:&quot;&quot;,&quot;orientation&quot;:&quot;0&quot;}\" data-image-title=\"FER02-300&amp;#215;300\" data-image-description=\"\" data-image-caption=\"\" data-medium-file=\"https:\/\/www.grieta.org.mx\/wp-content\/uploads\/2021\/01\/FER02-300x300-1-300x300.jpg\" data-large-file=\"https:\/\/www.grieta.org.mx\/wp-content\/uploads\/2021\/01\/FER02-300x300-1.jpg\" class=\"alignnone  wp-image-56303\" src=\"http:\/\/www.grieta.org.mx\/wp-content\/uploads\/2021\/01\/FER02-300x300-1.jpg\" alt=\"\" width=\"297\" height=\"297\" srcset=\"https:\/\/www.grieta.org.mx\/wp-content\/uploads\/2021\/01\/FER02-300x300-1.jpg 300w, https:\/\/www.grieta.org.mx\/wp-content\/uploads\/2021\/01\/FER02-300x300-1-150x150.jpg 150w, https:\/\/www.grieta.org.mx\/wp-content\/uploads\/2021\/01\/FER02-300x300-1-130x130.jpg 130w, https:\/\/www.grieta.org.mx\/wp-content\/uploads\/2021\/01\/FER02-300x300-1-144x144.jpg 144w\" sizes=\"auto, (max-width: 297px) 100vw, 297px\" \/><\/p>\n<p><img loading=\"lazy\" decoding=\"async\" data-attachment-id=\"56304\" data-permalink=\"https:\/\/www.grieta.org.mx\/index.php\/2021\/01\/12\/el-miedo-a-morir-de-hambre-y-no-por-covid-19-ferieros-mexicanos\/fer03-300x300\/\" data-orig-file=\"https:\/\/www.grieta.org.mx\/wp-content\/uploads\/2021\/01\/FER03-300x300-1.jpg\" data-orig-size=\"300,300\" data-comments-opened=\"0\" data-image-meta=\"{&quot;aperture&quot;:&quot;0&quot;,&quot;credit&quot;:&quot;&quot;,&quot;camera&quot;:&quot;&quot;,&quot;caption&quot;:&quot;&quot;,&quot;created_timestamp&quot;:&quot;0&quot;,&quot;copyright&quot;:&quot;&quot;,&quot;focal_length&quot;:&quot;0&quot;,&quot;iso&quot;:&quot;0&quot;,&quot;shutter_speed&quot;:&quot;0&quot;,&quot;title&quot;:&quot;&quot;,&quot;orientation&quot;:&quot;0&quot;}\" data-image-title=\"FER03-300&amp;#215;300\" data-image-description=\"\" data-image-caption=\"\" data-medium-file=\"https:\/\/www.grieta.org.mx\/wp-content\/uploads\/2021\/01\/FER03-300x300-1-300x300.jpg\" data-large-file=\"https:\/\/www.grieta.org.mx\/wp-content\/uploads\/2021\/01\/FER03-300x300-1.jpg\" class=\"alignnone size-full wp-image-56304\" src=\"http:\/\/www.grieta.org.mx\/wp-content\/uploads\/2021\/01\/FER03-300x300-1.jpg\" alt=\"\" width=\"300\" height=\"300\" srcset=\"https:\/\/www.grieta.org.mx\/wp-content\/uploads\/2021\/01\/FER03-300x300-1.jpg 300w, https:\/\/www.grieta.org.mx\/wp-content\/uploads\/2021\/01\/FER03-300x300-1-150x150.jpg 150w, https:\/\/www.grieta.org.mx\/wp-content\/uploads\/2021\/01\/FER03-300x300-1-130x130.jpg 130w, https:\/\/www.grieta.org.mx\/wp-content\/uploads\/2021\/01\/FER03-300x300-1-144x144.jpg 144w\" sizes=\"auto, (max-width: 300px) 100vw, 300px\" \/><\/p>\n<p><img loading=\"lazy\" decoding=\"async\" data-attachment-id=\"56305\" data-permalink=\"https:\/\/www.grieta.org.mx\/index.php\/2021\/01\/12\/el-miedo-a-morir-de-hambre-y-no-por-covid-19-ferieros-mexicanos\/fer04-300x300\/\" data-orig-file=\"https:\/\/www.grieta.org.mx\/wp-content\/uploads\/2021\/01\/FER04-300x300-1.jpg\" data-orig-size=\"300,300\" data-comments-opened=\"0\" data-image-meta=\"{&quot;aperture&quot;:&quot;0&quot;,&quot;credit&quot;:&quot;&quot;,&quot;camera&quot;:&quot;&quot;,&quot;caption&quot;:&quot;&quot;,&quot;created_timestamp&quot;:&quot;0&quot;,&quot;copyright&quot;:&quot;&quot;,&quot;focal_length&quot;:&quot;0&quot;,&quot;iso&quot;:&quot;0&quot;,&quot;shutter_speed&quot;:&quot;0&quot;,&quot;title&quot;:&quot;&quot;,&quot;orientation&quot;:&quot;0&quot;}\" data-image-title=\"FER04-300&amp;#215;300\" data-image-description=\"\" data-image-caption=\"\" data-medium-file=\"https:\/\/www.grieta.org.mx\/wp-content\/uploads\/2021\/01\/FER04-300x300-1-300x300.jpg\" data-large-file=\"https:\/\/www.grieta.org.mx\/wp-content\/uploads\/2021\/01\/FER04-300x300-1.jpg\" class=\"alignnone size-full wp-image-56305\" src=\"http:\/\/www.grieta.org.mx\/wp-content\/uploads\/2021\/01\/FER04-300x300-1.jpg\" alt=\"\" width=\"300\" height=\"300\" srcset=\"https:\/\/www.grieta.org.mx\/wp-content\/uploads\/2021\/01\/FER04-300x300-1.jpg 300w, https:\/\/www.grieta.org.mx\/wp-content\/uploads\/2021\/01\/FER04-300x300-1-150x150.jpg 150w, https:\/\/www.grieta.org.mx\/wp-content\/uploads\/2021\/01\/FER04-300x300-1-130x130.jpg 130w, https:\/\/www.grieta.org.mx\/wp-content\/uploads\/2021\/01\/FER04-300x300-1-144x144.jpg 144w\" sizes=\"auto, (max-width: 300px) 100vw, 300px\" \/><\/p>\n<p><img loading=\"lazy\" decoding=\"async\" data-attachment-id=\"56306\" data-permalink=\"https:\/\/www.grieta.org.mx\/index.php\/2021\/01\/12\/el-miedo-a-morir-de-hambre-y-no-por-covid-19-ferieros-mexicanos\/fer05-300x300\/\" data-orig-file=\"https:\/\/www.grieta.org.mx\/wp-content\/uploads\/2021\/01\/FER05-300x300-1.jpg\" data-orig-size=\"300,300\" data-comments-opened=\"0\" data-image-meta=\"{&quot;aperture&quot;:&quot;0&quot;,&quot;credit&quot;:&quot;&quot;,&quot;camera&quot;:&quot;&quot;,&quot;caption&quot;:&quot;&quot;,&quot;created_timestamp&quot;:&quot;0&quot;,&quot;copyright&quot;:&quot;&quot;,&quot;focal_length&quot;:&quot;0&quot;,&quot;iso&quot;:&quot;0&quot;,&quot;shutter_speed&quot;:&quot;0&quot;,&quot;title&quot;:&quot;&quot;,&quot;orientation&quot;:&quot;0&quot;}\" data-image-title=\"FER05-300&amp;#215;300\" data-image-description=\"\" data-image-caption=\"\" data-medium-file=\"https:\/\/www.grieta.org.mx\/wp-content\/uploads\/2021\/01\/FER05-300x300-1-300x300.jpg\" data-large-file=\"https:\/\/www.grieta.org.mx\/wp-content\/uploads\/2021\/01\/FER05-300x300-1.jpg\" class=\"alignnone size-full wp-image-56306\" src=\"http:\/\/www.grieta.org.mx\/wp-content\/uploads\/2021\/01\/FER05-300x300-1.jpg\" alt=\"\" width=\"300\" height=\"300\" srcset=\"https:\/\/www.grieta.org.mx\/wp-content\/uploads\/2021\/01\/FER05-300x300-1.jpg 300w, https:\/\/www.grieta.org.mx\/wp-content\/uploads\/2021\/01\/FER05-300x300-1-150x150.jpg 150w, https:\/\/www.grieta.org.mx\/wp-content\/uploads\/2021\/01\/FER05-300x300-1-130x130.jpg 130w, https:\/\/www.grieta.org.mx\/wp-content\/uploads\/2021\/01\/FER05-300x300-1-144x144.jpg 144w\" sizes=\"auto, (max-width: 300px) 100vw, 300px\" \/><\/p>\n<h3><strong>Sobrevivir con 100 pesos al d\u00eda<\/strong><\/h3>\n<p>En tres d\u00edas, durante tiempos normales, cuando pod\u00edan trabajar sin restricciones y sin el temor de contagiarse por el coronavirus, <strong>ganaban entre 2 mil y 3 mil pesos, aseguran<\/strong>, pero s\u00f3lo si trabajaban los d\u00edas m\u00e1s fuertes: viernes, s\u00e1bado y domingo. Con ese dinero ten\u00edan que pagar los permisos necesarios a las autoridades locales, la mercanc\u00eda que necesitan, gasolina y peaje, adem\u00e1s de su propio sustento.<\/p>\n<p>Miguel Morales recuerda que el \u00faltimo d\u00eda que pudieron trabajar fue lunes, antes de que Protecci\u00f3n Civil les diera la orden de ya no laborar, pues si lo hac\u00edan los multar\u00edan. Aquel d\u00eda no hubo ganancias, recuerda.<\/p>\n<p>Ahora Miguel \u00c1ngel se cuestiona: \u201cqu\u00e9 vamos a trabajar si los juegos est\u00e1n orillados\u201d. Por lo que, a decir del se\u00f1or Bernardo Morales, \u201ca veces s\u00f3lo sacamos 100 pesos diarios\u201d, otros d\u00edas \u201cnos vamos con las manos vac\u00edas\u201d. Ambos tienen en cuenta que mucha gente ha perdido sus empleos y tambi\u00e9n sufre los estragos de la crisis.<\/p>\n<p>As\u00ed, en esta nueva normalidad los <em>ferieros<\/em> sobreviven con 500 o 600 pesos a la semana, cuando los gastos de una familia de cinco personas es de 3 mil pesos, \u201cporque <strong>tenemos que pagar agua, luz, comida y alimentos<\/strong>\u201d.<\/p>\n<p>Para ellos no hay opci\u00f3n para ahorrar si quiera un poco y destinarlo a comprar la botella de insulina de 500 necesaria para atender la diabetes de Bernardo Morales, o juntar para su di\u00e1lisis. \u201cMuchas veces hemos ido al gobierno para que nos apoye pero no hay recursos\u201d.<\/p>\n<p>Como \u201cno soy derechohabiente, en el Seguro [IMSS] me niegan los medicamentos. He ido a las cl\u00ednicas de las colonias, pero no la hay, me niegan y me dicen que son escasos los medicamentos y que debo llevar una receta m\u00e9dica de una dependencia del gobierno\u201d. Receta con la que no cuenta.<\/p>\n<p>Bernardo Morales se dice avergonzado de tener que sobrevivir de esta manera, pues una persona adulta como \u00e9l, a quien le ense\u00f1aron un oficio, hoy tiene que \u201cestar en la calle pidiendo limosna\u201d. Aunque, afirma, muchos han buscado emplearse: s\u00f3lo su sobrino logr\u00f3 poner un puesto de comida cerca de su remolque. \u201cPor falta de estudios [a la mayor\u00eda] no nos lo dan y muchos de nosotros, con trabajo terminamos la primaria porque nacimos en la calle\u201d.<\/p>\n<h3><strong>El hambre y la inseguridad<\/strong><strong>, lo m\u00e1s dif\u00edcil de enfrentar<\/strong><\/h3>\n<p>Como los ingresos obtenidos al d\u00eda son pocos, si bien les va, hay ocasiones que \u201cno nos llevamos ni un trago a la boca porque preferimos que nuestras criaturas coman\u201d, dice Bernardo Morales.<\/p>\n<p>Por eso, los Morales de la Rosa <strong>\u201cle tenemos<\/strong> <strong>m\u00e1s miedo a morir de hambre que de Covid<\/strong>: sabemos que de coronavirus moriremos en dos o tres d\u00edas en un hospital; pero de hambre, la agon\u00eda es m\u00e1s lenta. Morir de hambre por una infecci\u00f3n renal est\u00e1 m\u00e1s complicado que morir de una enfermedad como el coronavirus\u201d.<\/p>\n<p>En este tiempo, para la familia de Miguel \u00c1ngel Morales el hambre ha sido y ser\u00e1 el principal reto a enfrentar: \u201cde d\u00f3nde vamos a sacar dinero. Hasta cu\u00e1ndo vamos a vender alcanc\u00edas, si tenemos el material justo\u201d.<\/p>\n<p>La desesperaci\u00f3n acompa\u00f1a la pobreza. Mariana S\u00e1nchez Ram\u00edrez, de 20 a\u00f1os y de oficio<em>feriera<\/em>, considera que lo m\u00e1s dif\u00edcil, al principio, fue no conseguir un empleo. \u201cNosotros sal\u00edamos a buscar trabajo y nos dec\u00edan que no hab\u00eda vacantes. Nos sent\u00edamos muy mal en ese aspecto porque ya no ten\u00edamos dinero. [Los vecinos] nos llegaron\u00a0a apoyar con despensas o con dinero \u00a0para nuestro hijo\u201d. Ni con estudios de preparatoria, su esposo Miguel encontr\u00f3 un empleo formal \u201cpor lo mismo de esta situaci\u00f3n que nos pas\u00f3 a amolar\u201d.<\/p>\n<p>La delincuencia es otra variable por la que viven preocupadas las dos familias. Y es que al habitar la v\u00eda p\u00fablica, en un camell\u00f3n de la avenida Central o San Juan de Arag\u00f3n, los riesgos incrementan, aseguran a <em>Contral\u00ednea<\/em>.<\/p>\n<p>Bernardo Morales de la Rosa expone que<strong> los delincuentes se roban desde las l\u00e1mparas de los juegos hasta los fierros de los juegos mec\u00e1nicos, <\/strong>para venderlos<em> al kilo<\/em>. Lo que son unas cuantas monedas para los delincuentes, son a\u00f1os de inversi\u00f3n para las familias.<\/p>\n<p>Eso no es lo peor. A sus dos hijas (Kimberly Alondra de 7 a\u00f1os y Dana Paola de 13 a\u00f1os) y a su esposa Marisol, de 26 a\u00f1os, las han tratado de violar. \u201cHan intentado abrir el remolque y meterse a la fuerza\u201d.<\/p>\n<p>La se\u00f1ora Mariana S\u00e1nchez tambi\u00e9n teme lo peor. Por eso, en cuanto escucha \u201ccualquier<em>ruidito<\/em> me asomo por alg\u00fan <em>hoyito<\/em> para ver qui\u00e9n es. Como tengo perritos, ladran cuando se acercan. S\u00ed me da miedo que llegue a pasar otra cosa, pero es lo que estamos aqu\u00ed. Entre familia nos cuidamos\u201d.<\/p>\n<p>Robo, secuestro o sufrir violencia sexual son s\u00f3lo algunos de los riesgos que corren, puesto que muchos \u201cdeben buscar lugares en terrenos bald\u00edos o insalubres: el gobierno no nos quiere ver en los camellones que porque damos mal aspecto, una mala imagen al municipio. Somos obligados a escondernos en terrenos bald\u00edos, en los cuales somos presa f\u00e1cil\u201d, dice Bernardo Morales.<\/p>\n<p>Al vivir en condiciones insalubres, Morales de la Rosa afirma que <strong>\u201chan fallecido alrededor de mil personas del gremio<\/strong>. Sin embargo, para el gobierno no valemos. Nos hemos presentado ya con las actas de defunci\u00f3n a decirles: \u2018miren, los <em>ferieros<\/em> se est\u00e1n muriendo de Covid\u201d. Pero no hubo apoyo, denuncia.<\/p>\n<h3><strong>Invisibles para el gobierno<\/strong><\/h3>\n<p><strong>\u201cPara el gobierno municipal y estatal no somos nada, porque cuando nos utilizan que para un evento de pol\u00edtica ah\u00ed si estamos, pero ahorita\u2026\u201d,<\/strong> manifiesta Miguel \u00c1ngel Morales. S\u00f3lo han recibido una despensa por parte del presidente municipal de Ecatepec, Fernando Vilchis Contreras. Pero fue \u201ca ra\u00edz de que nosotros nos acercamos a ellos\u201d.<\/p>\n<p>El 13 de abril fue la primera vez en que alrededor de 100 <em>ferieros<\/em> marcharon al Z\u00f3calo capitalino para dirigirse a la Secretar\u00eda de Bienestar. Llegaron, pero les fueron requeridos documentos oficiales como la credencial de elector, comprobante de domicilio, acta de nacimiento. Documentos \u201ccon las cuales los <em>ferieros<\/em> no contamos\u201d.<\/p>\n<p>Ante la ausencia de la documentaci\u00f3n para que pudieran acceder a un pr\u00e9stamo de 6 mil pesos, se compromet\u00edan a dejar las facturas de sus camionetas. \u201cPero con ese dinero no comemos m\u00e1s de una semana\u201d. La propuesta de los trabajadores no fue aceptada por las autoridades, asegura Bernardo Morales.<\/p>\n<p>Incluso advierte que fueron v\u00edctimas de discriminaci\u00f3n en las oficinas de la Secretar\u00eda: \u201ccuando nos presentamos en las oficinas del Bienestar nos rechazan, nos ven como animales raros, casi se tapan la nariz y nos sacan a empujones\u00a0 porque dicen que no valemos porque no tenemos la documentaci\u00f3n. \u00a0Nosotros de d\u00f3nde vamos a tener tantos documentos si, con trabajo, tenemos estudio\u201d.<\/p>\n<p>Pasados 10 meses de suspendida su actividad laboral y en pleno sem\u00e1foro rojo declarado en el Estado de M\u00e9xico, el gremio contin\u00faa a la espera de que el gobierno los ayude de alguna forma. \u201cVamos a tardar a\u00f1os en poder abrir de nuevo\u201d.<\/p>\n<p>La Uni\u00f3n de Ferieros pide ser reconocida, porque \u201ctambi\u00e9n forma parte de una sociedad. Es importante que el gobierno nos voltee a ver y contemple el plan de sanitizaci\u00f3n de la asociaci\u00f3n cuando regresemos a\u00a0 actividades: contamos con gel, cubrebocas, dispensadores porque estamos haciendo un plan de trabajo para cuando el gobierno nos permita regresar a las calles. Ya tenemos barandillas, sanitizadores\u201d.<\/p>\n<p><a href=\"https:\/\/www.contralinea.com.mx\/archivo-revista\/2021\/01\/12\/el-miedo-a-morir-de-hambre-y-no-por-covid-19-ferieros-mexicanos\/\" target=\"_blank\" rel=\"noopener\">https:\/\/www.contralinea.com.mx\/archivo-revista\/2021\/01\/12\/el-miedo-a-morir-de-hambre-y-no-por-covid-19-ferieros-mexicanos\/<\/a><\/p>\n<\/div>\n","protected":false},"excerpt":{"rendered":"<p>Foto: Jordana Gonz\u00e1lez Karen Ballesteros y Jordana Gonz\u00e1lez \/ Contral\u00ednea Morir de hambre y no por contagiarse de la Covid-19 es el temor de decenas de familias que se ganaban &hellip; <a href=\"https:\/\/www.grieta.org.mx\/index.php\/2021\/01\/12\/el-miedo-a-morir-de-hambre-y-no-por-covid-19-ferieros-mexicanos\/\" class=\"more-link\">Leer m\u00e1s<\/a><\/p>\n","protected":false},"author":2,"featured_media":56302,"comment_status":"closed","ping_status":"closed","sticky":false,"template":"","format":"standard","meta":{"ngg_post_thumbnail":0,"_jetpack_newsletter_access":"","_jetpack_dont_email_post_to_subs":false,"_jetpack_newsletter_tier_id":0,"_jetpack_memberships_contains_paywalled_content":false,"_jetpack_memberships_contains_paid_content":false,"footnotes":""},"categories":[80,3270,918,2957,16,910,2768,2765,2996,2315,1827,3035,2,83],"tags":[3241,3133,2841,99],"class_list":["post-56301","post","type-post","status-publish","format-standard","has-post-thumbnail","hentry","category-cintillo","category-covid-19-en-estado-de-mexico","category-privatizacion-del-sector-salud","category-crisis-del-sector-salud-en-el-estado-de-mexico","category-estado-de-mexico","category-explotacion-y-precariedad-laboral","category-explotacion-y-precariedad-laboral-en-el-estado-de-mexico","category-incremento-de-la-violencia-en-el-estado-de-mexico","category-incremento-del-costo-de-la-vida-en-el-estado-de-mexico","category-la-ninez-bajo-la-tormenta-capitalista-en-el-estado-de-mexico","category-la-ninez-en-la-tormenta-capitalista","category-movilizaciones-y-protestas-de-habitantes-en-el-estado-de-mexico","category-noticias-nacionales","category-temas-nacionales","tag-covid-19","tag-crisis-del-sector-salud","tag-explotacion-y-precariedad-laboral","tag-inseguridad","entry"],"jetpack_featured_media_url":"https:\/\/www.grieta.org.mx\/wp-content\/uploads\/2021\/01\/El-miedo-a-morir-de-hambre-y-no-por-Covid-19-ferieros-mexicanos-edomex-ene.jpg","jetpack_sharing_enabled":true,"jetpack_shortlink":"https:\/\/wp.me\/p7ZJR4-eE5","jetpack_likes_enabled":false,"jetpack-related-posts":[{"id":56308,"url":"https:\/\/www.grieta.org.mx\/index.php\/2021\/01\/13\/protestan-anestesiologos-del-hospital-nicolas-san-juan-por-no-recibir-vacuna-estado-de-mexico\/","url_meta":{"origin":56301,"position":0},"title":"Protestan anestesi\u00f3logos del hospital Nicol\u00e1s San Juan por no recibir vacuna (Estado de M\u00e9xico)","author":"grieta","date":"13 enero, 2021","format":false,"excerpt":"Fotos: Cortes\u00eda \/ Fernando Sapichu Filiberto Ramos \/ El Sol de Toluca Tras no ser considerados se manifestaron a las afueras del nosocomio a la espera de ser escuchados por las autoridades de salud Especialistas del hospital Doctor Nicol\u00e1s San Juan, ubicado en la capital mexiquense, protestaron este mi\u00e9rcoles luego\u2026","rel":"","context":"En &quot;CINTILLO&quot;","block_context":{"text":"CINTILLO","link":"https:\/\/www.grieta.org.mx\/index.php\/category\/cintillo\/"},"img":{"alt_text":"","src":"https:\/\/i0.wp.com\/www.grieta.org.mx\/wp-content\/uploads\/2021\/01\/Protestan-anestesiologos-del-hospital-Nicolas-San-Juan-por-no-recibir-vacuna-edomex-ene.jpg?resize=350%2C200&ssl=1","width":350,"height":200,"srcset":"https:\/\/i0.wp.com\/www.grieta.org.mx\/wp-content\/uploads\/2021\/01\/Protestan-anestesiologos-del-hospital-Nicolas-San-Juan-por-no-recibir-vacuna-edomex-ene.jpg?resize=350%2C200&ssl=1 1x, https:\/\/i0.wp.com\/www.grieta.org.mx\/wp-content\/uploads\/2021\/01\/Protestan-anestesiologos-del-hospital-Nicolas-San-Juan-por-no-recibir-vacuna-edomex-ene.jpg?resize=525%2C300&ssl=1 1.5x, https:\/\/i0.wp.com\/www.grieta.org.mx\/wp-content\/uploads\/2021\/01\/Protestan-anestesiologos-del-hospital-Nicolas-San-Juan-por-no-recibir-vacuna-edomex-ene.jpg?resize=700%2C400&ssl=1 2x"},"classes":[]},{"id":47564,"url":"https:\/\/www.grieta.org.mx\/index.php\/2020\/03\/30\/protestan-medicos-de-hospitales-de-naucalpan-atizapan-y-coacalco-por-falta-de-insumos-estado-de-mexico\/","url_meta":{"origin":56301,"position":1},"title":"Protestan m\u00e9dicos de hospitales de Naucalpan, Atizap\u00e1n y Coacalco por falta de insumos (Estado de M\u00e9xico)","author":"grieta","date":"30 marzo, 2020","format":false,"excerpt":"Foto: Patricia Venegas \/ El Sol de Toluca Patricia Venegas \/ El Sol de Toluca Temen personal del sector salud infectarse por el COVID-19 M\u00e9dicos y enfermeras de los Hospitales Generales Salvador Gonz\u00e1lez Herrejon de Atizap\u00e1n, Maximiliano Ruiz Casta\u00f1eda de Naucalpan y del Centro de Salud de Coacalco realizaron protestas\u2026","rel":"","context":"En &quot;CINTILLO&quot;","block_context":{"text":"CINTILLO","link":"https:\/\/www.grieta.org.mx\/index.php\/category\/cintillo\/"},"img":{"alt_text":"","src":"https:\/\/i0.wp.com\/www.grieta.org.mx\/wp-content\/uploads\/2020\/04\/Protestan-m%C3%A9dicos-de-hospitales-de-Naucalpan-Atizap%C3%A1n-y-Coacalco-por-falta-de-insumos-edomex-abr.jpg?resize=350%2C200&ssl=1","width":350,"height":200,"srcset":"https:\/\/i0.wp.com\/www.grieta.org.mx\/wp-content\/uploads\/2020\/04\/Protestan-m%C3%A9dicos-de-hospitales-de-Naucalpan-Atizap%C3%A1n-y-Coacalco-por-falta-de-insumos-edomex-abr.jpg?resize=350%2C200&ssl=1 1x, https:\/\/i0.wp.com\/www.grieta.org.mx\/wp-content\/uploads\/2020\/04\/Protestan-m%C3%A9dicos-de-hospitales-de-Naucalpan-Atizap%C3%A1n-y-Coacalco-por-falta-de-insumos-edomex-abr.jpg?resize=525%2C300&ssl=1 1.5x, https:\/\/i0.wp.com\/www.grieta.org.mx\/wp-content\/uploads\/2020\/04\/Protestan-m%C3%A9dicos-de-hospitales-de-Naucalpan-Atizap%C3%A1n-y-Coacalco-por-falta-de-insumos-edomex-abr.jpg?resize=700%2C400&ssl=1 2x"},"classes":[]},{"id":45218,"url":"https:\/\/www.grieta.org.mx\/index.php\/2020\/02\/25\/familiares-de-ninos-con-cancer-y-pacientes-con-vih-clausuran-palacio-nacional-ciudad-de-mexico\/","url_meta":{"origin":56301,"position":2},"title":"Familiares de ni\u00f1os con c\u00e1ncer y pacientes con VIH \u201cclausuran\u201d Palacio Nacional (Ciudad de M\u00e9xico)","author":"grieta","date":"25 febrero, 2020","format":false,"excerpt":"Los diversos contingentes formaron un grupo de 35 personas que se plantaron junto a la puerta. Foto: Daniel Ojeda Gerardo Su\u00e1rez \/ El Heraldo de M\u00e9xico Los inconformes pegaron varios sellos con la frase \"clausurado\" en la puerta central del inmueble donde despacha el Presidente Familiares de ni\u00f1os con c\u00e1ncer\u2026","rel":"","context":"En &quot;CINTILLO&quot;","block_context":{"text":"CINTILLO","link":"https:\/\/www.grieta.org.mx\/index.php\/category\/cintillo\/"},"img":{"alt_text":"","src":"https:\/\/i0.wp.com\/www.grieta.org.mx\/wp-content\/uploads\/2020\/02\/Familiares-de-ni%C3%B1os-con-c%C3%A1ncer-y-pacientes-con-VIH-clausuran-Palacio-Nacional-cdmx-feb.jpg?resize=350%2C200&ssl=1","width":350,"height":200,"srcset":"https:\/\/i0.wp.com\/www.grieta.org.mx\/wp-content\/uploads\/2020\/02\/Familiares-de-ni%C3%B1os-con-c%C3%A1ncer-y-pacientes-con-VIH-clausuran-Palacio-Nacional-cdmx-feb.jpg?resize=350%2C200&ssl=1 1x, https:\/\/i0.wp.com\/www.grieta.org.mx\/wp-content\/uploads\/2020\/02\/Familiares-de-ni%C3%B1os-con-c%C3%A1ncer-y-pacientes-con-VIH-clausuran-Palacio-Nacional-cdmx-feb.jpg?resize=525%2C300&ssl=1 1.5x, https:\/\/i0.wp.com\/www.grieta.org.mx\/wp-content\/uploads\/2020\/02\/Familiares-de-ni%C3%B1os-con-c%C3%A1ncer-y-pacientes-con-VIH-clausuran-Palacio-Nacional-cdmx-feb.jpg?resize=700%2C400&ssl=1 2x, https:\/\/i0.wp.com\/www.grieta.org.mx\/wp-content\/uploads\/2020\/02\/Familiares-de-ni%C3%B1os-con-c%C3%A1ncer-y-pacientes-con-VIH-clausuran-Palacio-Nacional-cdmx-feb.jpg?resize=1050%2C600&ssl=1 3x"},"classes":[]},{"id":56557,"url":"https:\/\/www.grieta.org.mx\/index.php\/2020\/12\/31\/protestan-por-segundo-dia-medicos-del-hospital-lopez-mateos-estado-de-mexico\/","url_meta":{"origin":56301,"position":3},"title":"Protestan por segundo d\u00eda m\u00e9dicos del hospital L\u00f3pez Mateos (Estado de M\u00e9xico)","author":"grieta","date":"31 diciembre, 2020","format":false,"excerpt":"Imagen tomada de: ADNoticias Claudia Garc\u00eda \/ ADNoticias Exigen a la Secretar\u00eda de Salud no designar a un director que repita los actos de influyentismos y que ignore las necesidades Por segundo d\u00eda, m\u00e9dicos del hospital Adolfo L\u00f3pez Mateos se manifestaron en la explanada del nosocomio, la finalidad exigir mejores\u2026","rel":"","context":"En &quot;CINTILLO&quot;","block_context":{"text":"CINTILLO","link":"https:\/\/www.grieta.org.mx\/index.php\/category\/cintillo\/"},"img":{"alt_text":"","src":"https:\/\/i0.wp.com\/www.grieta.org.mx\/wp-content\/uploads\/2021\/01\/Protestan-por-segundo-dia-medicos-del-hospital-Lopez-Mateos-edomex-ene.jpeg?resize=350%2C200&ssl=1","width":350,"height":200,"srcset":"https:\/\/i0.wp.com\/www.grieta.org.mx\/wp-content\/uploads\/2021\/01\/Protestan-por-segundo-dia-medicos-del-hospital-Lopez-Mateos-edomex-ene.jpeg?resize=350%2C200&ssl=1 1x, https:\/\/i0.wp.com\/www.grieta.org.mx\/wp-content\/uploads\/2021\/01\/Protestan-por-segundo-dia-medicos-del-hospital-Lopez-Mateos-edomex-ene.jpeg?resize=525%2C300&ssl=1 1.5x, https:\/\/i0.wp.com\/www.grieta.org.mx\/wp-content\/uploads\/2021\/01\/Protestan-por-segundo-dia-medicos-del-hospital-Lopez-Mateos-edomex-ene.jpeg?resize=700%2C400&ssl=1 2x, https:\/\/i0.wp.com\/www.grieta.org.mx\/wp-content\/uploads\/2021\/01\/Protestan-por-segundo-dia-medicos-del-hospital-Lopez-Mateos-edomex-ene.jpeg?resize=1050%2C600&ssl=1 3x"},"classes":[]},{"id":54870,"url":"https:\/\/www.grieta.org.mx\/index.php\/2020\/11\/06\/enfermeros-se-manifiestan-en-coacalco-exigen-equipo-para-enfrentar-la-pandemia-estado-de-mexico\/","url_meta":{"origin":56301,"position":4},"title":"Enfermeros se manifiestan en Coacalco, exigen equipo para enfrentar la pandemia (Estado de M\u00e9xico)","author":"grieta","date":"6 noviembre, 2020","format":false,"excerpt":"Osvaldo M\u00fcller \/ HoyEstado Un grupo de 30 enfermeros del Hospital General de Zona n\u00famero 98 del Instituto Mexicano del Seguro Social (IMSS) ubicado en el municipio de Coacalco mantienen unbloqueo al exterior de la unidad para exigir la dotaci\u00f3n deequipo de protecci\u00f3n para enfrentar la pandemia por Covid-19. Los\u2026","rel":"","context":"En &quot;CINTILLO&quot;","block_context":{"text":"CINTILLO","link":"https:\/\/www.grieta.org.mx\/index.php\/category\/cintillo\/"},"img":{"alt_text":"","src":"https:\/\/i0.wp.com\/www.grieta.org.mx\/wp-content\/uploads\/2020\/11\/Enfermeros-se-manifiestan-en-Coacalco-exigen-equipo-para-enfrentar-la-pandemia-edomex-nov.jpeg?resize=350%2C200&ssl=1","width":350,"height":200,"srcset":"https:\/\/i0.wp.com\/www.grieta.org.mx\/wp-content\/uploads\/2020\/11\/Enfermeros-se-manifiestan-en-Coacalco-exigen-equipo-para-enfrentar-la-pandemia-edomex-nov.jpeg?resize=350%2C200&ssl=1 1x, https:\/\/i0.wp.com\/www.grieta.org.mx\/wp-content\/uploads\/2020\/11\/Enfermeros-se-manifiestan-en-Coacalco-exigen-equipo-para-enfrentar-la-pandemia-edomex-nov.jpeg?resize=525%2C300&ssl=1 1.5x, https:\/\/i0.wp.com\/www.grieta.org.mx\/wp-content\/uploads\/2020\/11\/Enfermeros-se-manifiestan-en-Coacalco-exigen-equipo-para-enfrentar-la-pandemia-edomex-nov.jpeg?resize=700%2C400&ssl=1 2x"},"classes":[]},{"id":40280,"url":"https:\/\/www.grieta.org.mx\/index.php\/2019\/10\/13\/cerca-de-302-mil-menores-trabajan-en-el-sector-informal-estado-de-mexico\/","url_meta":{"origin":56301,"position":5},"title":"Cerca de 302 mil menores trabajan en el sector informal (Estado de M\u00e9xico)","author":"grieta","date":"13 octubre, 2019","format":false,"excerpt":"Alma Rodr\u00edguez \/ Capital EdoMex En el Estado de M\u00e9xico se tiene un registro de 340 mil menores entre los 5 y 17 a\u00f1os de edad que labora, de los cuales, el 89% lo hace en condiciones no permitidas, es decir, cerca de 302 mil infantes y el 11% restante\u2026","rel":"","context":"En &quot;CINTILLO&quot;","block_context":{"text":"CINTILLO","link":"https:\/\/www.grieta.org.mx\/index.php\/category\/cintillo\/"},"img":{"alt_text":"","src":"https:\/\/i0.wp.com\/www.grieta.org.mx\/wp-content\/uploads\/2019\/10\/Cerca-de-302-mil-menores-trabajan-en-el-sector-informal-edomex-oct.jpg?resize=350%2C200","width":350,"height":200},"classes":[]}],"_links":{"self":[{"href":"https:\/\/www.grieta.org.mx\/index.php\/wp-json\/wp\/v2\/posts\/56301","targetHints":{"allow":["GET"]}}],"collection":[{"href":"https:\/\/www.grieta.org.mx\/index.php\/wp-json\/wp\/v2\/posts"}],"about":[{"href":"https:\/\/www.grieta.org.mx\/index.php\/wp-json\/wp\/v2\/types\/post"}],"author":[{"embeddable":true,"href":"https:\/\/www.grieta.org.mx\/index.php\/wp-json\/wp\/v2\/users\/2"}],"replies":[{"embeddable":true,"href":"https:\/\/www.grieta.org.mx\/index.php\/wp-json\/wp\/v2\/comments?post=56301"}],"version-history":[{"count":1,"href":"https:\/\/www.grieta.org.mx\/index.php\/wp-json\/wp\/v2\/posts\/56301\/revisions"}],"predecessor-version":[{"id":56307,"href":"https:\/\/www.grieta.org.mx\/index.php\/wp-json\/wp\/v2\/posts\/56301\/revisions\/56307"}],"wp:featuredmedia":[{"embeddable":true,"href":"https:\/\/www.grieta.org.mx\/index.php\/wp-json\/wp\/v2\/media\/56302"}],"wp:attachment":[{"href":"https:\/\/www.grieta.org.mx\/index.php\/wp-json\/wp\/v2\/media?parent=56301"}],"wp:term":[{"taxonomy":"category","embeddable":true,"href":"https:\/\/www.grieta.org.mx\/index.php\/wp-json\/wp\/v2\/categories?post=56301"},{"taxonomy":"post_tag","embeddable":true,"href":"https:\/\/www.grieta.org.mx\/index.php\/wp-json\/wp\/v2\/tags?post=56301"}],"curies":[{"name":"wp","href":"https:\/\/api.w.org\/{rel}","templated":true}]}}