{"id":5630,"date":"2015-08-22T16:15:49","date_gmt":"2015-08-22T16:15:49","guid":{"rendered":"http:\/\/50.22.11.12\/~grietaor\/?p=5630"},"modified":"2016-04-25T02:34:16","modified_gmt":"2016-04-25T02:34:16","slug":"por-tercera-vez-en-este-ano-guadalajara-se-pinta-de-colores","status":"publish","type":"post","link":"https:\/\/www.grieta.org.mx\/index.php\/2015\/08\/22\/por-tercera-vez-en-este-ano-guadalajara-se-pinta-de-colores\/","title":{"rendered":"Por tercera vez en este a\u00f1o, Guadalajara se pinta de colores"},"content":{"rendered":"<p>Por: Anna G. Lozano <\/p>\n<p>22 de agosto de 2015.- La avenida Hidalgo se volvi\u00f3 a cubrir de banderas de colores, pues la comunidad l\u00e9sbico, gay, bisexual, transexual, transg\u00e9nero e intersexual (LGBTTI) tom\u00f3 la ciudad para alzar la voz y luchar por la igualdad de sus derechos, el matrimonio igualitario y el respeto a las familias diversas.<\/p>\n<p>A trav\u00e9s de las redes sociales, la Red de la Diversidad Sexual logr\u00f3 reunir a m\u00e1s de cinco mil asistentes a la Marcha por la Igualdad en Jalisco pese a la lluvia que se hizo presente en la ciudad ayer por la tarde.<\/p>\n<p>\u201cEl hecho de que existan movimientos conservadores intentando menoscabar los derechos de las diferentes formas de familias, no es m\u00e1s que un acto de discriminaci\u00f3n; por ello diferentes organizaciones se unen a nosotros para trabajar por los derechos humanos y buscar nuevas respuestas para adecuar una realidad actual en donde existen en Jalisco las familias diversas\u201d Dijo Luis Guzm\u00e1n, miembro de CODISE.<\/p>\n<p>Mientras los organizadores continuaban su discurso incluyente, los participantes arribaron al punto de reuni\u00f3n en el cruce de avenida Hidalgo con Chapultepec al tiempo que preparaban sus pancartas moradas con la frase \u201cMismos impuestos, mismos derechos\u201d.<\/p>\n<p>\u201cHoy marcharemos por un estado laico, por un reconocimiento a todos los modelos de familia, por el matrimonio igualitario, por el derecho a todos los derechos, por una educaci\u00f3n laica en las escuelas, por el derecho a decidir sobre nuestros propios cuerpos, por una justicia social, por una ley de identidad sexog\u00e9rica, por el derecho de las ni\u00f1as y los ni\u00f1os, por el derecho a decidir\u2026\u201d<\/p>\n<p>Alrededor de las 16:30 horas m\u00e1s de diez organizaciones en pro de los derechos de la comunidad LGBTTTI organizaron a los asistentes, pues debido a la marcha de taxistas fue necesario cambiar la ruta que seguir\u00eda el contingente.<\/p>\n<p>Entre los participantes hab\u00eda madres y padres de familia que acompa\u00f1aban a sus hijos e hijas homosexuales, parejas heterosexuales, parejas homosexuales, madres solteras, amigos, colegas, conocidos y ciudadan\u00eda a favor de la inclusi\u00f3n.<\/p>\n<p>Todos ellos no dejaron de lanzar algunas consignas como \u201cno hay libertad pol\u00edtica, si no hay libertad sexual\u201d, \u201cpro vida, pro vida, mi vida no es tu vida\u201d, \u201cni enfermos, ni depravados, simplemente homosexuales\u201d, \u201cmatrimonio y adopci\u00f3n para toda la naci\u00f3n\u201d.<\/p>\n<p>Cuando los manifestantes ya caminaban sobre la avenida Vallarta, el \u00e1nimo del Colectivo L\u00e9sbico Tapat\u00edo se uni\u00f3 a la marcha y con sus c\u00e1nticos recordaron a personajes nacionales como Sor Juana In\u00e9s de la Cruz, Benito Ju\u00e1rez y remataron con la frase \u201cjoteamos, joteamos, pero tambi\u00e9n luchamos\u201d.<\/p>\n<p>Pese al optimismo y compromiso con su causa, cerca de las cinco de la tarde la marcha se detuvo unos minutos en el cruce con Federalismo debido al caos vial y la molestia de los conductores, pues desde la Minerva caminaba otra marcha de taxistas tambi\u00e9n hacia la Ju\u00e1rez.<\/p>\n<p>Ante la molestia de los ajenos a este movimiento, los participantes alzaron la voz para decirles que \u201cesta marcha no es de fiesta es de lucha y de protesta\u201d, \u201cgobierno priista homof\u00f3bico y machista\u201d, \u201codio, violencia y discriminaci\u00f3n no son valores para la naci\u00f3n.<\/p>\n<p><a href=\"http:\/\/www.proyectodiez.mx\/por-tercera-vez-en-este-ano-guadalajara-se-pinta-de-colores\/\" target=\"_blank\">http:\/\/www.proyectodiez.mx\/por-tercera-vez-en-este-ano-guadalajara-se-pinta-de-colores\/<\/a><\/p>\n","protected":false},"excerpt":{"rendered":"<p>Por: Anna G. Lozano 22 de agosto de 2015.- La avenida Hidalgo se volvi\u00f3 a cubrir de banderas de colores, pues la comunidad l\u00e9sbico, gay, bisexual, transexual, transg\u00e9nero e intersexual &hellip; <a href=\"https:\/\/www.grieta.org.mx\/index.php\/2015\/08\/22\/por-tercera-vez-en-este-ano-guadalajara-se-pinta-de-colores\/\" class=\"more-link\">Leer m\u00e1s<\/a><\/p>\n","protected":false},"author":2,"featured_media":21928,"comment_status":"closed","ping_status":"open","sticky":false,"template":"","format":"standard","meta":{"ngg_post_thumbnail":0,"_jetpack_newsletter_access":"","_jetpack_dont_email_post_to_subs":false,"_jetpack_newsletter_tier_id":0,"_jetpack_memberships_contains_paywalled_content":false,"_jetpack_memberships_contains_paid_content":false,"footnotes":""},"categories":[80,230],"tags":[408],"class_list":["post-5630","post","type-post","status-publish","format-standard","has-post-thumbnail","hentry","category-cintillo","category-jalisco","tag-derechos-comunidad-lgbttti","entry"],"jetpack_featured_media_url":"https:\/\/www.grieta.org.mx\/wp-content\/uploads\/2018\/03\/14524434_1106112876131411_958039263622046936_o.jpg","jetpack_sharing_enabled":true,"jetpack_shortlink":"https:\/\/wp.me\/p7ZJR4-1sO","jetpack_likes_enabled":false,"jetpack-related-posts":[{"id":5629,"url":"https:\/\/www.grieta.org.mx\/index.php\/2016\/06\/12\/movilizaciones-en-jalisco-en-defensa-de-los-derechos-de-la-comunidad-lgbttti\/","url_meta":{"origin":5630,"position":0},"title":"Defensa de los derechos de la comunidad LGBTTTI en Jalisco","author":"grieta","date":"12 junio, 2016","format":false,"excerpt":"12\/06\/16. Polic\u00eda de Guadalajara hostiga a marchantesNtr Guadalajara 23\/05\/16. Cr\u00edmenes por homofobia no cesan en JaliscoCr\u00f3nica Jalisco 22\/08\/15. Por tercera vez en este a\u00f1o, Guadalajara se pinta de coloresProyecto Diez 08\/08\/15. Se manifiestan contra odio, homofobia y discriminaci\u00f3nP\u00e1gina 24 Jalisco","rel":"","context":"En &quot;Jalisco&quot;","block_context":{"text":"Jalisco","link":"https:\/\/www.grieta.org.mx\/index.php\/category\/noticias-nacionales\/jalisco\/"},"img":{"alt_text":"","src":"https:\/\/i0.wp.com\/www.grieta.org.mx\/wp-content\/uploads\/2018\/03\/14524434_1106112876131411_958039263622046936_o.jpg?resize=350%2C200&ssl=1","width":350,"height":200,"srcset":"https:\/\/i0.wp.com\/www.grieta.org.mx\/wp-content\/uploads\/2018\/03\/14524434_1106112876131411_958039263622046936_o.jpg?resize=350%2C200&ssl=1 1x, https:\/\/i0.wp.com\/www.grieta.org.mx\/wp-content\/uploads\/2018\/03\/14524434_1106112876131411_958039263622046936_o.jpg?resize=525%2C300&ssl=1 1.5x, https:\/\/i0.wp.com\/www.grieta.org.mx\/wp-content\/uploads\/2018\/03\/14524434_1106112876131411_958039263622046936_o.jpg?resize=700%2C400&ssl=1 2x"},"classes":[]},{"id":62008,"url":"https:\/\/www.grieta.org.mx\/index.php\/2021\/09\/19\/a-un-ano-de-la-desaparicion-de-kenia-y-karla-piden-a-autoridades-mas-apertura-jalisco\/","url_meta":{"origin":5630,"position":1},"title":"A un a\u00f1o de la desaparici\u00f3n de Kenia y Karla piden a autoridades m\u00e1s apertura (Jalisco)","author":"grieta","date":"19 septiembre, 2021","format":false,"excerpt":"Foto: El Occidental Isabel R\u00edos \/ El Occidental A un a\u00f1o de la desaparici\u00f3n de Kenia Duarte P\u00e9rez y Karla Garc\u00eda Duarte, as\u00ed como de Jaime Adri\u00e1n Ram\u00edrez Sol\u00eds, en el municipio de Zapopan, el colectivo Uni\u00f3n Diversa de Jalisco pidi\u00f3 a las autoridades se garanticen los derechos de los\u2026","rel":"","context":"En &quot;CINTILLO&quot;","block_context":{"text":"CINTILLO","link":"https:\/\/www.grieta.org.mx\/index.php\/category\/cintillo\/"},"img":{"alt_text":"","src":"https:\/\/i0.wp.com\/www.grieta.org.mx\/wp-content\/uploads\/2021\/09\/Nos-siguen-faltando.jpeg?resize=350%2C200&ssl=1","width":350,"height":200,"srcset":"https:\/\/i0.wp.com\/www.grieta.org.mx\/wp-content\/uploads\/2021\/09\/Nos-siguen-faltando.jpeg?resize=350%2C200&ssl=1 1x, https:\/\/i0.wp.com\/www.grieta.org.mx\/wp-content\/uploads\/2021\/09\/Nos-siguen-faltando.jpeg?resize=525%2C300&ssl=1 1.5x, https:\/\/i0.wp.com\/www.grieta.org.mx\/wp-content\/uploads\/2021\/09\/Nos-siguen-faltando.jpeg?resize=700%2C400&ssl=1 2x"},"classes":[]},{"id":41119,"url":"https:\/\/www.grieta.org.mx\/index.php\/2019\/11\/01\/discriminacion-y-odio-contra-comunidad-lgbti-en-4-anos-se-han-investigado-390-delitos\/","url_meta":{"origin":5630,"position":2},"title":"Discriminaci\u00f3n y odio contra comunidad LGBTI: en 4 a\u00f1os, se han investigado 390 delitos","author":"grieta","date":"1 noviembre, 2019","format":false,"excerpt":"\u00a0 Er\u00e9ndira Aquino \/ Animal Pol\u00edtico Los estados en los que se registraron m\u00e1s delitos cometidos contra esta comunidad entre 2013 y 2017 son la CDMX, Puebla, Nuevo Le\u00f3n, Chiapas y Quer\u00e9taro. En cuatro a\u00f1os se iniciaron 390 carpetas de investigaci\u00f3n en el pa\u00eds por delitos cometidos contra personas LGBTI,\u2026","rel":"","context":"En &quot;CINTILLO&quot;","block_context":{"text":"CINTILLO","link":"https:\/\/www.grieta.org.mx\/index.php\/category\/cintillo\/"},"img":{"alt_text":"","src":"https:\/\/i0.wp.com\/www.grieta.org.mx\/wp-content\/uploads\/2019\/11\/Discriminaci%C3%B3n-y-odio-contra-comunidad-LGBTI-en-4-a%C3%B1os-se-han-investigado-390-delitos-nal-nov.jpg?resize=350%2C200&ssl=1","width":350,"height":200,"srcset":"https:\/\/i0.wp.com\/www.grieta.org.mx\/wp-content\/uploads\/2019\/11\/Discriminaci%C3%B3n-y-odio-contra-comunidad-LGBTI-en-4-a%C3%B1os-se-han-investigado-390-delitos-nal-nov.jpg?resize=350%2C200&ssl=1 1x, https:\/\/i0.wp.com\/www.grieta.org.mx\/wp-content\/uploads\/2019\/11\/Discriminaci%C3%B3n-y-odio-contra-comunidad-LGBTI-en-4-a%C3%B1os-se-han-investigado-390-delitos-nal-nov.jpg?resize=525%2C300&ssl=1 1.5x, https:\/\/i0.wp.com\/www.grieta.org.mx\/wp-content\/uploads\/2019\/11\/Discriminaci%C3%B3n-y-odio-contra-comunidad-LGBTI-en-4-a%C3%B1os-se-han-investigado-390-delitos-nal-nov.jpg?resize=700%2C400&ssl=1 2x"},"classes":[]},{"id":59789,"url":"https:\/\/www.grieta.org.mx\/index.php\/2021\/06\/12\/en-marcha-por-sus-derechos-comunidad-lgbtttiq-pugnaron-porque-autoridades-atiendan-a-familiares-de-desaparecidos-jalisco\/","url_meta":{"origin":5630,"position":3},"title":"En marcha por sus derechos comunidad LGBTTTIQ pugnaron porque autoridades atiendan a familiares de desaparecidos (Jalisco)","author":"grieta","date":"12 junio, 2021","format":false,"excerpt":"Foto: Aurelio Maga\u00f1a Elizabeth R\u00edos \/ El Occidental Luego de que el a\u00f1o pasado no se manifestaran por la pandemia, este s\u00e1bado colectivos y ciudadan\u00eda encabezaron la Marcha del Orgullo GDL, con la cual alzaron la voz para exigir el pleno respeto de los derechos de la comunidad LGBTTTIQ+. Aunque\u2026","rel":"","context":"En &quot;CINTILLO&quot;","block_context":{"text":"CINTILLO","link":"https:\/\/www.grieta.org.mx\/index.php\/category\/cintillo\/"},"img":{"alt_text":"","src":"https:\/\/i0.wp.com\/www.grieta.org.mx\/wp-content\/uploads\/2021\/06\/Marcha_GDL-2.jpg?resize=350%2C200&ssl=1","width":350,"height":200,"srcset":"https:\/\/i0.wp.com\/www.grieta.org.mx\/wp-content\/uploads\/2021\/06\/Marcha_GDL-2.jpg?resize=350%2C200&ssl=1 1x, https:\/\/i0.wp.com\/www.grieta.org.mx\/wp-content\/uploads\/2021\/06\/Marcha_GDL-2.jpg?resize=525%2C300&ssl=1 1.5x, https:\/\/i0.wp.com\/www.grieta.org.mx\/wp-content\/uploads\/2021\/06\/Marcha_GDL-2.jpg?resize=700%2C400&ssl=1 2x"},"classes":[]},{"id":62561,"url":"https:\/\/www.grieta.org.mx\/index.php\/2021\/10\/20\/ni-una-agresion-mas-a-la-comunidad-lgbt-condenan-ataque-con-acido-a-mujer-trans-en-guadalajara-jalisco\/","url_meta":{"origin":5630,"position":4},"title":"\u201cNi una agresi\u00f3n m\u00e1s a la comunidad LGBT+\u201d: condenan ataque con \u00e1cido a mujer trans en Guadalajara (Jalisco)","author":"grieta","date":"20 octubre, 2021","format":false,"excerpt":"Imagen: Zona Docs La red feminista Yo Voy 8 de Marzo y organizaciones de la comunidad LGBTTTIQ+ en Jalisco manifestaron su repudio ante el ataque perpetrado en contra de una mujer trans en Guadalajara y la negaci\u00f3n del derecho a la atenci\u00f3n m\u00e9dica integral parte de un hospital privado. Expusieron\u2026","rel":"","context":"En &quot;CINTILLO&quot;","block_context":{"text":"CINTILLO","link":"https:\/\/www.grieta.org.mx\/index.php\/category\/cintillo\/"},"img":{"alt_text":"","src":"https:\/\/i0.wp.com\/www.grieta.org.mx\/wp-content\/uploads\/2021\/11\/Portada_Ataque-a-Mujer-trans-en-Guadalajara_.jpg?resize=350%2C200&ssl=1","width":350,"height":200,"srcset":"https:\/\/i0.wp.com\/www.grieta.org.mx\/wp-content\/uploads\/2021\/11\/Portada_Ataque-a-Mujer-trans-en-Guadalajara_.jpg?resize=350%2C200&ssl=1 1x, https:\/\/i0.wp.com\/www.grieta.org.mx\/wp-content\/uploads\/2021\/11\/Portada_Ataque-a-Mujer-trans-en-Guadalajara_.jpg?resize=525%2C300&ssl=1 1.5x, https:\/\/i0.wp.com\/www.grieta.org.mx\/wp-content\/uploads\/2021\/11\/Portada_Ataque-a-Mujer-trans-en-Guadalajara_.jpg?resize=700%2C400&ssl=1 2x, https:\/\/i0.wp.com\/www.grieta.org.mx\/wp-content\/uploads\/2021\/11\/Portada_Ataque-a-Mujer-trans-en-Guadalajara_.jpg?resize=1050%2C600&ssl=1 3x"},"classes":[]},{"id":5544,"url":"https:\/\/www.grieta.org.mx\/index.php\/2015\/02\/21\/exigen-detener-la-criminalizacion-de-la-comunidad-indigena-de-mezcala\/","url_meta":{"origin":5630,"position":5},"title":"Exigen detener la criminalizaci\u00f3n de la comunidad ind\u00edgena de Mezcala","author":"grieta","date":"21 febrero, 2015","format":false,"excerpt":"Por: Jardiel Legaspi 21 de febrero de 2015.- Por las constantes violaciones a sus derechos, la Red Todos los Derechos para Todos y Todas, junto a diversas organizaciones civiles y ciudadanos, publicaron un comunicado en el que exigen el respeto a la Comunidad Ind\u00edgena de Mezcala de Asunci\u00f3n. Demandaron tambi\u00e9n\u2026","rel":"","context":"En &quot;CINTILLO&quot;","block_context":{"text":"CINTILLO","link":"https:\/\/www.grieta.org.mx\/index.php\/category\/cintillo\/"},"img":{"alt_text":"","src":"https:\/\/i0.wp.com\/www.grieta.org.mx\/wp-content\/uploads\/2018\/03\/14524434_1106112876131411_958039263622046936_o.jpg?resize=350%2C200&ssl=1","width":350,"height":200,"srcset":"https:\/\/i0.wp.com\/www.grieta.org.mx\/wp-content\/uploads\/2018\/03\/14524434_1106112876131411_958039263622046936_o.jpg?resize=350%2C200&ssl=1 1x, https:\/\/i0.wp.com\/www.grieta.org.mx\/wp-content\/uploads\/2018\/03\/14524434_1106112876131411_958039263622046936_o.jpg?resize=525%2C300&ssl=1 1.5x, https:\/\/i0.wp.com\/www.grieta.org.mx\/wp-content\/uploads\/2018\/03\/14524434_1106112876131411_958039263622046936_o.jpg?resize=700%2C400&ssl=1 2x"},"classes":[]}],"_links":{"self":[{"href":"https:\/\/www.grieta.org.mx\/index.php\/wp-json\/wp\/v2\/posts\/5630","targetHints":{"allow":["GET"]}}],"collection":[{"href":"https:\/\/www.grieta.org.mx\/index.php\/wp-json\/wp\/v2\/posts"}],"about":[{"href":"https:\/\/www.grieta.org.mx\/index.php\/wp-json\/wp\/v2\/types\/post"}],"author":[{"embeddable":true,"href":"https:\/\/www.grieta.org.mx\/index.php\/wp-json\/wp\/v2\/users\/2"}],"replies":[{"embeddable":true,"href":"https:\/\/www.grieta.org.mx\/index.php\/wp-json\/wp\/v2\/comments?post=5630"}],"version-history":[{"count":1,"href":"https:\/\/www.grieta.org.mx\/index.php\/wp-json\/wp\/v2\/posts\/5630\/revisions"}],"predecessor-version":[{"id":10919,"href":"https:\/\/www.grieta.org.mx\/index.php\/wp-json\/wp\/v2\/posts\/5630\/revisions\/10919"}],"wp:featuredmedia":[{"embeddable":true,"href":"https:\/\/www.grieta.org.mx\/index.php\/wp-json\/wp\/v2\/media\/21928"}],"wp:attachment":[{"href":"https:\/\/www.grieta.org.mx\/index.php\/wp-json\/wp\/v2\/media?parent=5630"}],"wp:term":[{"taxonomy":"category","embeddable":true,"href":"https:\/\/www.grieta.org.mx\/index.php\/wp-json\/wp\/v2\/categories?post=5630"},{"taxonomy":"post_tag","embeddable":true,"href":"https:\/\/www.grieta.org.mx\/index.php\/wp-json\/wp\/v2\/tags?post=5630"}],"curies":[{"name":"wp","href":"https:\/\/api.w.org\/{rel}","templated":true}]}}