{"id":56287,"date":"2021-01-13T00:40:13","date_gmt":"2021-01-13T06:40:13","guid":{"rendered":"http:\/\/www.grieta.org.mx\/?p=56287"},"modified":"2021-01-15T00:44:56","modified_gmt":"2021-01-15T06:44:56","slug":"neza-se-queda-sin-camas-hospital-provisional-no-se-utiliza-por-falta-de-medicos-y-burocracia-estado-de-mexico","status":"publish","type":"post","link":"https:\/\/www.grieta.org.mx\/index.php\/2021\/01\/13\/neza-se-queda-sin-camas-hospital-provisional-no-se-utiliza-por-falta-de-medicos-y-burocracia-estado-de-mexico\/","title":{"rendered":"Neza se queda sin camas; hospital provisional no se utiliza por falta de m\u00e9dicos y burocracia (Estado de M\u00e9xico)"},"content":{"rendered":"<p><img loading=\"lazy\" decoding=\"async\" data-attachment-id=\"56288\" data-permalink=\"https:\/\/www.grieta.org.mx\/index.php\/2021\/01\/13\/neza-se-queda-sin-camas-hospital-provisional-no-se-utiliza-por-falta-de-medicos-y-burocracia-estado-de-mexico\/neza-se-queda-sin-camas-hospital-provisional-no-se-utiliza-por-falta-de-medicos-y-burocracia-edomex-ene\/\" data-orig-file=\"https:\/\/www.grieta.org.mx\/wp-content\/uploads\/2021\/01\/Neza-se-queda-sin-camas-hospital-provisional-no-se-utiliza-por-falta-de-medicos-y-burocracia-edomex-ene.jpg\" data-orig-size=\"1200,600\" data-comments-opened=\"0\" data-image-meta=\"{&quot;aperture&quot;:&quot;0&quot;,&quot;credit&quot;:&quot;&quot;,&quot;camera&quot;:&quot;&quot;,&quot;caption&quot;:&quot;&quot;,&quot;created_timestamp&quot;:&quot;0&quot;,&quot;copyright&quot;:&quot;&quot;,&quot;focal_length&quot;:&quot;0&quot;,&quot;iso&quot;:&quot;0&quot;,&quot;shutter_speed&quot;:&quot;0&quot;,&quot;title&quot;:&quot;&quot;,&quot;orientation&quot;:&quot;1&quot;}\" data-image-title=\"Neza se queda sin camas; hospital provisional no se utiliza por falta de m\u00e9dicos y burocracia edomex ene\" data-image-description=\"\" data-image-caption=\"\" data-medium-file=\"https:\/\/www.grieta.org.mx\/wp-content\/uploads\/2021\/01\/Neza-se-queda-sin-camas-hospital-provisional-no-se-utiliza-por-falta-de-medicos-y-burocracia-edomex-ene-300x150.jpg\" data-large-file=\"https:\/\/www.grieta.org.mx\/wp-content\/uploads\/2021\/01\/Neza-se-queda-sin-camas-hospital-provisional-no-se-utiliza-por-falta-de-medicos-y-burocracia-edomex-ene-1024x512.jpg\" class=\"alignnone  wp-image-56288\" src=\"http:\/\/www.grieta.org.mx\/wp-content\/uploads\/2021\/01\/Neza-se-queda-sin-camas-hospital-provisional-no-se-utiliza-por-falta-de-medicos-y-burocracia-edomex-ene.jpg\" alt=\"\" width=\"649\" height=\"325\" srcset=\"https:\/\/www.grieta.org.mx\/wp-content\/uploads\/2021\/01\/Neza-se-queda-sin-camas-hospital-provisional-no-se-utiliza-por-falta-de-medicos-y-burocracia-edomex-ene.jpg 1200w, https:\/\/www.grieta.org.mx\/wp-content\/uploads\/2021\/01\/Neza-se-queda-sin-camas-hospital-provisional-no-se-utiliza-por-falta-de-medicos-y-burocracia-edomex-ene-300x150.jpg 300w, https:\/\/www.grieta.org.mx\/wp-content\/uploads\/2021\/01\/Neza-se-queda-sin-camas-hospital-provisional-no-se-utiliza-por-falta-de-medicos-y-burocracia-edomex-ene-1024x512.jpg 1024w, https:\/\/www.grieta.org.mx\/wp-content\/uploads\/2021\/01\/Neza-se-queda-sin-camas-hospital-provisional-no-se-utiliza-por-falta-de-medicos-y-burocracia-edomex-ene-768x384.jpg 768w, https:\/\/www.grieta.org.mx\/wp-content\/uploads\/2021\/01\/Neza-se-queda-sin-camas-hospital-provisional-no-se-utiliza-por-falta-de-medicos-y-burocracia-edomex-ene-1000x500.jpg 1000w\" sizes=\"auto, (max-width: 649px) 100vw, 649px\" \/><\/p>\n<h6>Imagen tomada de: ADNoticias<\/h6>\n<p>Mercedes Mart\u00ednez \/ ADNoticias<\/p>\n<blockquote><p>Nezahualc\u00f3yotl es el segundo municipio con m\u00e1s casos de covid-19 en el Estado de M\u00e9xico. En las \u00faltimas semanas registr\u00f3 un aumento de forma exponencial en los casos de positivos<\/p><\/blockquote>\n<p>Ante la saturaci\u00f3n por covid-19 en los hospitales generales Gustavo Baz Prada y La Perla de Nezahualc\u00f3yotl, autoridades de este municipio solicitaron al gobierno del Estado de M\u00e9xico que se ponga en funcionamiento el hospital provisional que se instal\u00f3 en la Deportiva Nezahualc\u00f3yotl hace ocho meses.<\/p>\n<p><strong>Desde marzo del a\u00f1o pasado se instal\u00f3 el hospital provisional pero no ha sido puesto en funcionamiento debido a que autoridades de salud estatal no lo han considerado necesario<\/strong>, sin embargo, ante la ocupaci\u00f3n hospitalaria al 100% por casos de covid-19 registrada la noche del martes, el municipio pide que entre en funcionamiento.<\/p>\n<p>Cuatro pacientes ya han sido rechazados ante la saturaci\u00f3n de los dos hospitales, seg\u00fan reportes. En atenci\u00f3n a este medio, <strong>el departamento de Comunicaci\u00f3n Social de Nezahualc\u00f3yotl explic\u00f3 que la solicitud que se hizo al gobierno estatal para abrir la Unidad Deportiva es necesaria para evitar que m\u00e1s pacientes sean rechazados, <\/strong>ya que podr\u00eda funcionar para atender casos por coronavirus o para dar cabida a casos que requieran rehabilitaci\u00f3n por covid-19 u otras enfermedades. De esta forma, ampliar los espacios para la atenci\u00f3n m\u00e9dica.<\/p>\n<p>Aunque el hospital provisional cuenta con camas, es necesario que el gobierno estatal autorice su operaci\u00f3n y sobre todo, env\u00ede m\u00e9dicos e insumos para su correcto funcionamiento.<\/p>\n<p>En conferencia de prensa a distancia, el presidente municipal Juan Hugo de la Rosa Garc\u00eda se\u00f1al\u00f3 que <strong>el hospital provisional ubicado en la Deportiva Nezahualc\u00f3yotl \u201ca\u00fan no est\u00e1 en funcionamiento pese a la insistencia del gobierno municipal ante el del Estado de M\u00e9xico, pues hay una saturaci\u00f3n hospitalaria que pone en grave riesgo a la poblaci\u00f3n\u201d.<\/strong><\/p>\n<h2><strong>NEZA REPORTA UN AUMENTO EXPONENCIAL DE CASOS\u00a0<\/strong><\/h2>\n<p>Nezahualc\u00f3yotl es el segundo municipio con m\u00e1s casos de covid-19 en el Estado de M\u00e9xico. En las \u00faltimas semanas registr\u00f3 un aumento de forma exponencial en los casos de positivos.<\/p>\n<p><strong>De 12 mil 849 casos registrados al 13 de diciembre, hubo un aumento de 4 mil 062 nuevos casos hasta el lunes, sumando en total 16 mil 911 casos positivos.\u00a0<\/strong><\/p>\n<p>Diciembre tambi\u00e9n fue el mes de mayor letalidad de la pandemia para la localidad, pues en este mismo periodo murieron 342 personas por esta enfermedad, con un promedio de 11 fallecimientos diarios, llegando a un total de 2 mil 030 decesos.<\/p>\n<h2><strong>EL 80% DE LOS CASOS SON ATENDIDOS EN LA CDMX\u00a0<\/strong><\/h2>\n<p><strong>La saturaci\u00f3n hospitalaria en este municipio se presenta a pesar que el 80 por ciento de sus pacientes son atendidos en la Ciudad de M\u00e9xico. <\/strong>Al respecto, De la Rosa Garc\u00eda inform\u00f3 que de los 16 mil 911 casos registrados en el municipio, 12 mil 807 casos han sido diagnosticados y\/o atendidos en hospitales ubicados en la Ciudad de M\u00e9xico o por el sistema de salud de la capital mexicana, lo que equivale al 75.73 por ciento y 4 mil 023 en hospitales ubicados en el Edomex lo que equivale al 23.79 por ciento.<\/p>\n<p>\u201c<strong>De los 4 mil 062 casos registrados durante los \u00faltimos 30 d\u00edas 3 mil 442 fueron diagnosticados y\/o atendidos en la CDMX lo que representa al 84.73 por ciento, 595 en el Estado de M\u00e9xico lo que equivale al 14.64 por ciento, es decir, cada vez m\u00e1s los vecinos de Neza acuden m\u00e1s a hospitales o cl\u00ednicas de la capital del pa\u00eds que de la entidad mexiquense<\/strong>\u201c, por lo que reiter\u00f3 su solicitud al gobierno estatal para la construcci\u00f3n de nuevos nosocomios en esta localidad\u201d.<\/p>\n<h2><strong>EL HOSPITAL PROVISIONAL CUENTA CON 100 CAMAS\u00a0<\/strong><\/h2>\n<p><strong>El hospital provisional<\/strong> al que el municipio hace referencia se ubica dentro del gimnasio de la Deportiva Municipal Bordo de Xochiaca, el cual <strong>cuenta con una capacidad de cien camas y abarca poco m\u00e1s de mil metros cuadrados\u00a0 de un terreno donado por la alcald\u00eda.\u00a0<\/strong><\/p>\n<p>Asimismo , cuenta con m\u00f3dulos individuales equipados con torres de pota venoclisis, bombas de infusi\u00f3n y mesas puente, de los cuales 20 de ellos cuentan con suministro de ox\u00edgeno v\u00eda tanques port\u00e1tiles y que el espacio adem\u00e1s tiene sanitarios con regaderas, central de enfermer\u00eda, almac\u00e9n de medicamentos, zona administrativa y de descanso m\u00e9dico, seg\u00fan informaci\u00f3n otorgada en mayo pasado por autoridades municipales.<\/p>\n<p><strong>El 17 de mayo de 2020, el alcalde De la Rosa Garc\u00eda dijo que la Unidad contaba con todos los servicios necesarios, por lo que s\u00f3lo se est\u00e1 a la espera entre en operaci\u00f3n para beneficio de la poblaci\u00f3n.<\/strong><\/p>\n<p>En ese momento, el presidente municipal record\u00f3 que el pasado 16 de abril por medio de una videoconferencia le solicit\u00f3 al gobernador del Estado de M\u00e9xico Alfredo del Mazo Maza reforzar la infraestructura m\u00e9dica en el municipio al exponerle que luego de la reconversi\u00f3n de los Hospitales La Perla y Gustavo Baz, pacientes con otras patolog\u00edas distintas a la del covid-19 vieron mermados los servicios m\u00e9dicos que recib\u00edan para atender sus enfermedades, por lo que agradeci\u00f3 la\u00a0 pronta y favorable respuesta a nombre de los propios habitantes.<\/p>\n<p>En 30 a\u00f1os, no se ha construido un hospital nuevo en Nezahualc\u00f3yotl, a\u00a0 pesar del crecimiento poblacional y urbano que ha tenido la ciudad. En cambio, hace dos a\u00f1os desapareci\u00f3 el Hospital Regional mejor conocida como la Cl\u00ednica 25.<\/p>\n<p><a href=\"https:\/\/adnoticias.mx\/neza-se-queda-sin-camas-hospital-provisional-no-se-utiliza-por-falta-de-medicos-y-autorizacion-del-edomex\/\" target=\"_blank\" rel=\"noopener\">https:\/\/adnoticias.mx\/neza-se-queda-sin-camas-hospital-provisional-no-se-utiliza-por-falta-de-medicos-y-autorizacion-del-edomex\/<\/a><\/p>\n","protected":false},"excerpt":{"rendered":"<p>Imagen tomada de: ADNoticias Mercedes Mart\u00ednez \/ ADNoticias Nezahualc\u00f3yotl es el segundo municipio con m\u00e1s casos de covid-19 en el Estado de M\u00e9xico. En las \u00faltimas semanas registr\u00f3 un aumento &hellip; <a href=\"https:\/\/www.grieta.org.mx\/index.php\/2021\/01\/13\/neza-se-queda-sin-camas-hospital-provisional-no-se-utiliza-por-falta-de-medicos-y-burocracia-estado-de-mexico\/\" class=\"more-link\">Leer m\u00e1s<\/a><\/p>\n","protected":false},"author":2,"featured_media":56288,"comment_status":"closed","ping_status":"closed","sticky":false,"template":"","format":"standard","meta":{"ngg_post_thumbnail":0,"_jetpack_newsletter_access":"","_jetpack_dont_email_post_to_subs":false,"_jetpack_newsletter_tier_id":0,"_jetpack_memberships_contains_paywalled_content":false,"_jetpack_memberships_contains_paid_content":false,"footnotes":""},"categories":[80,14,3295,3270,918,2957,3033,16,2,83],"tags":[3241,3133],"class_list":["post-56287","post","type-post","status-publish","format-standard","has-post-thumbnail","hentry","category-cintillo","category-ciudad-de-mexico","category-covid-19-en-ciudad-de-mexico","category-covid-19-en-estado-de-mexico","category-privatizacion-del-sector-salud","category-crisis-del-sector-salud-en-el-estado-de-mexico","category-crisis-en-el-sector-salud-en-la-ciudad-de-mexico","category-estado-de-mexico","category-noticias-nacionales","category-temas-nacionales","tag-covid-19","tag-crisis-del-sector-salud","entry"],"jetpack_featured_media_url":"https:\/\/www.grieta.org.mx\/wp-content\/uploads\/2021\/01\/Neza-se-queda-sin-camas-hospital-provisional-no-se-utiliza-por-falta-de-medicos-y-burocracia-edomex-ene.jpg","jetpack_sharing_enabled":true,"jetpack_shortlink":"https:\/\/wp.me\/p7ZJR4-eDR","jetpack_likes_enabled":false,"jetpack-related-posts":[{"id":56557,"url":"https:\/\/www.grieta.org.mx\/index.php\/2020\/12\/31\/protestan-por-segundo-dia-medicos-del-hospital-lopez-mateos-estado-de-mexico\/","url_meta":{"origin":56287,"position":0},"title":"Protestan por segundo d\u00eda m\u00e9dicos del hospital L\u00f3pez Mateos (Estado de M\u00e9xico)","author":"grieta","date":"31 diciembre, 2020","format":false,"excerpt":"Imagen tomada de: ADNoticias Claudia Garc\u00eda \/ ADNoticias Exigen a la Secretar\u00eda de Salud no designar a un director que repita los actos de influyentismos y que ignore las necesidades Por segundo d\u00eda, m\u00e9dicos del hospital Adolfo L\u00f3pez Mateos se manifestaron en la explanada del nosocomio, la finalidad exigir mejores\u2026","rel":"","context":"En &quot;CINTILLO&quot;","block_context":{"text":"CINTILLO","link":"https:\/\/www.grieta.org.mx\/index.php\/category\/cintillo\/"},"img":{"alt_text":"","src":"https:\/\/i0.wp.com\/www.grieta.org.mx\/wp-content\/uploads\/2021\/01\/Protestan-por-segundo-dia-medicos-del-hospital-Lopez-Mateos-edomex-ene.jpeg?resize=350%2C200&ssl=1","width":350,"height":200,"srcset":"https:\/\/i0.wp.com\/www.grieta.org.mx\/wp-content\/uploads\/2021\/01\/Protestan-por-segundo-dia-medicos-del-hospital-Lopez-Mateos-edomex-ene.jpeg?resize=350%2C200&ssl=1 1x, https:\/\/i0.wp.com\/www.grieta.org.mx\/wp-content\/uploads\/2021\/01\/Protestan-por-segundo-dia-medicos-del-hospital-Lopez-Mateos-edomex-ene.jpeg?resize=525%2C300&ssl=1 1.5x, https:\/\/i0.wp.com\/www.grieta.org.mx\/wp-content\/uploads\/2021\/01\/Protestan-por-segundo-dia-medicos-del-hospital-Lopez-Mateos-edomex-ene.jpeg?resize=700%2C400&ssl=1 2x, https:\/\/i0.wp.com\/www.grieta.org.mx\/wp-content\/uploads\/2021\/01\/Protestan-por-segundo-dia-medicos-del-hospital-Lopez-Mateos-edomex-ene.jpeg?resize=1050%2C600&ssl=1 3x"},"classes":[]},{"id":50411,"url":"https:\/\/www.grieta.org.mx\/index.php\/2020\/06\/03\/solo-2-de-los-125-municipios-del-edomex-estan-libres-de-covid-ya-son-15720-casos-positivos\/","url_meta":{"origin":56287,"position":1},"title":"Solo 2 de los 125 municipios del Edomex est\u00e1n libres de COVID; ya son 15,720 casos positivos","author":"grieta","date":"3 junio, 2020","format":false,"excerpt":"Foto: Cuartoscuro Animal Pol\u00edtico Aunque estas zonas est\u00e1n libres de casos, est\u00e1n rodeados de otros que s\u00ed registran enfermos. La zona lim\u00edtrofe con la CDMX es la m\u00e1s afectada por la pandemia. De los 125 municipios que tiene el Estado de M\u00e9xico, solo Santo Tom\u00e1s y Zacualpan siguen libres de\u2026","rel":"","context":"En &quot;CINTILLO&quot;","block_context":{"text":"CINTILLO","link":"https:\/\/www.grieta.org.mx\/index.php\/category\/cintillo\/"},"img":{"alt_text":"","src":"https:\/\/i0.wp.com\/www.grieta.org.mx\/wp-content\/uploads\/2020\/06\/Solo-2-de-los-125-municipios-del-Edomex-est%C3%A1n-libres-de-COVID-ya-son-15720-casos-positivos-edomex-jun.jpeg?resize=350%2C200&ssl=1","width":350,"height":200,"srcset":"https:\/\/i0.wp.com\/www.grieta.org.mx\/wp-content\/uploads\/2020\/06\/Solo-2-de-los-125-municipios-del-Edomex-est%C3%A1n-libres-de-COVID-ya-son-15720-casos-positivos-edomex-jun.jpeg?resize=350%2C200&ssl=1 1x, https:\/\/i0.wp.com\/www.grieta.org.mx\/wp-content\/uploads\/2020\/06\/Solo-2-de-los-125-municipios-del-Edomex-est%C3%A1n-libres-de-COVID-ya-son-15720-casos-positivos-edomex-jun.jpeg?resize=525%2C300&ssl=1 1.5x, https:\/\/i0.wp.com\/www.grieta.org.mx\/wp-content\/uploads\/2020\/06\/Solo-2-de-los-125-municipios-del-Edomex-est%C3%A1n-libres-de-COVID-ya-son-15720-casos-positivos-edomex-jun.jpeg?resize=700%2C400&ssl=1 2x, https:\/\/i0.wp.com\/www.grieta.org.mx\/wp-content\/uploads\/2020\/06\/Solo-2-de-los-125-municipios-del-Edomex-est%C3%A1n-libres-de-COVID-ya-son-15720-casos-positivos-edomex-jun.jpeg?resize=1050%2C600&ssl=1 3x"},"classes":[]},{"id":47721,"url":"https:\/\/www.grieta.org.mx\/index.php\/2020\/04\/10\/hospital-la-perla-se-va-a-paro-exigen-insumos-para-atender-covid-19-estado-de-mexico\/","url_meta":{"origin":56287,"position":2},"title":"Hospital La Perla se va a paro; exigen insumos para atender Covid-19 (Estado de M\u00e9xico)","author":"grieta","date":"10 abril, 2020","format":false,"excerpt":"Imagen tomada de: laverdadnoticias.com La Verdad Noticias Los m\u00e9dicos del Hospital La Perla pidieron de manera urgente la dotaci\u00f3n de insumos para atender a pacientes con Covid-19. Personal m\u00e9dico del Hospital General La Perla, en Nezahualc\u00f3yotl, Estado de M\u00e9xico, inici\u00f3 un paro de actividades para exigir a las autoridades de\u2026","rel":"","context":"En &quot;CINTILLO&quot;","block_context":{"text":"CINTILLO","link":"https:\/\/www.grieta.org.mx\/index.php\/category\/cintillo\/"},"img":{"alt_text":"","src":"https:\/\/i0.wp.com\/www.grieta.org.mx\/wp-content\/uploads\/2020\/04\/Hospital-La-Perla-se-va-a-paro-exigen-insumos-para-atender-Covid-19-edomex-abr.jpg?resize=350%2C200&ssl=1","width":350,"height":200,"srcset":"https:\/\/i0.wp.com\/www.grieta.org.mx\/wp-content\/uploads\/2020\/04\/Hospital-La-Perla-se-va-a-paro-exigen-insumos-para-atender-Covid-19-edomex-abr.jpg?resize=350%2C200&ssl=1 1x, https:\/\/i0.wp.com\/www.grieta.org.mx\/wp-content\/uploads\/2020\/04\/Hospital-La-Perla-se-va-a-paro-exigen-insumos-para-atender-Covid-19-edomex-abr.jpg?resize=525%2C300&ssl=1 1.5x, https:\/\/i0.wp.com\/www.grieta.org.mx\/wp-content\/uploads\/2020\/04\/Hospital-La-Perla-se-va-a-paro-exigen-insumos-para-atender-Covid-19-edomex-abr.jpg?resize=700%2C400&ssl=1 2x"},"classes":[]},{"id":47083,"url":"https:\/\/www.grieta.org.mx\/index.php\/2020\/04\/01\/registran-101-casos-de-sarampion-en-mexico\/","url_meta":{"origin":56287,"position":3},"title":"REGISTRAN 101 CASOS DE SARAMPI\u00d3N EN M\u00c9XICO","author":"grieta","date":"1 abril, 2020","format":false,"excerpt":"Imagen tomada de: www.reporteindigo.com Reporte \u00cdndigo \u00a0 Los casos de sarampi\u00f3n siguen aumentando en M\u00e9xico, del 21 al 31 de marzo los contagiados por esta enfermedad se duplicaron Los contagios de sarampi\u00f3n, una enfermedad que se consideraba erradicada en M\u00e9xico, contin\u00faan a ala alza pues se registran un total de\u2026","rel":"","context":"En &quot;CINTILLO&quot;","block_context":{"text":"CINTILLO","link":"https:\/\/www.grieta.org.mx\/index.php\/category\/cintillo\/"},"img":{"alt_text":"","src":"https:\/\/i0.wp.com\/www.grieta.org.mx\/wp-content\/uploads\/2020\/04\/REGISTRAN-101-CASOS-DE-SARAMPI%C3%93N-EN-M%C3%89XICO-cdmx-edomex-abr.jpg?resize=350%2C200","width":350,"height":200},"classes":[]},{"id":46682,"url":"https:\/\/www.grieta.org.mx\/index.php\/2020\/03\/21\/familiares-de-pacientes-protestan-frente-al-iner-ciudad-de-mexico\/","url_meta":{"origin":56287,"position":4},"title":"Familiares de pacientes protestan frente al INER (Ciudad de M\u00e9xico)","author":"grieta","date":"21 marzo, 2020","format":false,"excerpt":"Familiares de pacientes protestan frente al INER (Foto Reforma) La Silla Rota Los manifestantes aseguran que no tienen informaci\u00f3n sobre el estado de salud de sus familiares, adem\u00e1s, exigen mejores atenciones Familiares de pacientes del Instituto Nacional de Enfermedades Respiratorias (INER) se manifiestaron a las afueras del hospital. Los manifestantes\u2026","rel":"","context":"En &quot;CINTILLO&quot;","block_context":{"text":"CINTILLO","link":"https:\/\/www.grieta.org.mx\/index.php\/category\/cintillo\/"},"img":{"alt_text":"","src":"https:\/\/i0.wp.com\/www.grieta.org.mx\/wp-content\/uploads\/2020\/03\/Familiares-de-pacientes-protestan-frente-al-INER-cdmx-mzo.jpg?resize=350%2C200","width":350,"height":200},"classes":[]},{"id":47707,"url":"https:\/\/www.grieta.org.mx\/index.php\/2020\/04\/09\/el-hospital-no-72-tiene-27-casos-confirmados-con-covid-19-estado-de-mexico\/","url_meta":{"origin":56287,"position":5},"title":"El Hospital No. 72 tiene 27 casos confirmados con COVID-19 (Estado de M\u00e9xico)","author":"grieta","date":"9 abril, 2020","format":false,"excerpt":"Imagen tomada de: mexico.as.com Griselda Hern\u00e1ndez \/ As M\u00e9xico El Hospital General Regional No. 72 del IMSS, en Tlalnepantla, Estado de M\u00e9xico, tiene reportados hasta el momento, 27 trabajadores contagiados de COVID-19. Hospital General Regional No. 72 del IMSS, en Tlalnepantla, Estado de M\u00e9xico tiene al menos 27 personas contagiadas\u2026","rel":"","context":"En &quot;CINTILLO&quot;","block_context":{"text":"CINTILLO","link":"https:\/\/www.grieta.org.mx\/index.php\/category\/cintillo\/"},"img":{"alt_text":"","src":"https:\/\/i0.wp.com\/www.grieta.org.mx\/wp-content\/uploads\/2020\/04\/El-Hospital-No.-72-tiene-27-casos-confirmados-con-COVID-19-edomex-abr.jpg?resize=350%2C200&ssl=1","width":350,"height":200,"srcset":"https:\/\/i0.wp.com\/www.grieta.org.mx\/wp-content\/uploads\/2020\/04\/El-Hospital-No.-72-tiene-27-casos-confirmados-con-COVID-19-edomex-abr.jpg?resize=350%2C200&ssl=1 1x, https:\/\/i0.wp.com\/www.grieta.org.mx\/wp-content\/uploads\/2020\/04\/El-Hospital-No.-72-tiene-27-casos-confirmados-con-COVID-19-edomex-abr.jpg?resize=525%2C300&ssl=1 1.5x, https:\/\/i0.wp.com\/www.grieta.org.mx\/wp-content\/uploads\/2020\/04\/El-Hospital-No.-72-tiene-27-casos-confirmados-con-COVID-19-edomex-abr.jpg?resize=700%2C400&ssl=1 2x, https:\/\/i0.wp.com\/www.grieta.org.mx\/wp-content\/uploads\/2020\/04\/El-Hospital-No.-72-tiene-27-casos-confirmados-con-COVID-19-edomex-abr.jpg?resize=1050%2C600&ssl=1 3x"},"classes":[]}],"_links":{"self":[{"href":"https:\/\/www.grieta.org.mx\/index.php\/wp-json\/wp\/v2\/posts\/56287","targetHints":{"allow":["GET"]}}],"collection":[{"href":"https:\/\/www.grieta.org.mx\/index.php\/wp-json\/wp\/v2\/posts"}],"about":[{"href":"https:\/\/www.grieta.org.mx\/index.php\/wp-json\/wp\/v2\/types\/post"}],"author":[{"embeddable":true,"href":"https:\/\/www.grieta.org.mx\/index.php\/wp-json\/wp\/v2\/users\/2"}],"replies":[{"embeddable":true,"href":"https:\/\/www.grieta.org.mx\/index.php\/wp-json\/wp\/v2\/comments?post=56287"}],"version-history":[{"count":1,"href":"https:\/\/www.grieta.org.mx\/index.php\/wp-json\/wp\/v2\/posts\/56287\/revisions"}],"predecessor-version":[{"id":56289,"href":"https:\/\/www.grieta.org.mx\/index.php\/wp-json\/wp\/v2\/posts\/56287\/revisions\/56289"}],"wp:featuredmedia":[{"embeddable":true,"href":"https:\/\/www.grieta.org.mx\/index.php\/wp-json\/wp\/v2\/media\/56288"}],"wp:attachment":[{"href":"https:\/\/www.grieta.org.mx\/index.php\/wp-json\/wp\/v2\/media?parent=56287"}],"wp:term":[{"taxonomy":"category","embeddable":true,"href":"https:\/\/www.grieta.org.mx\/index.php\/wp-json\/wp\/v2\/categories?post=56287"},{"taxonomy":"post_tag","embeddable":true,"href":"https:\/\/www.grieta.org.mx\/index.php\/wp-json\/wp\/v2\/tags?post=56287"}],"curies":[{"name":"wp","href":"https:\/\/api.w.org\/{rel}","templated":true}]}}