{"id":56266,"date":"2021-01-13T13:21:09","date_gmt":"2021-01-13T19:21:09","guid":{"rendered":"http:\/\/www.grieta.org.mx\/?p=56266"},"modified":"2021-01-14T13:29:30","modified_gmt":"2021-01-14T19:29:30","slug":"tren-maya-el-megaproyecto-del-sexenio-contra-los-derechos-comunitarios","status":"publish","type":"post","link":"https:\/\/www.grieta.org.mx\/index.php\/2021\/01\/13\/tren-maya-el-megaproyecto-del-sexenio-contra-los-derechos-comunitarios\/","title":{"rendered":"Tren Maya: el megaproyecto del sexenio, contra los derechos comunitarios"},"content":{"rendered":"<p><img loading=\"lazy\" decoding=\"async\" data-attachment-id=\"56267\" data-permalink=\"https:\/\/www.grieta.org.mx\/index.php\/2021\/01\/13\/tren-maya-el-megaproyecto-del-sexenio-contra-los-derechos-comunitarios\/trencontraderechoscomunidades\/\" data-orig-file=\"https:\/\/www.grieta.org.mx\/wp-content\/uploads\/2021\/01\/TrenContraDerechosComunidades.png\" data-orig-size=\"733,411\" data-comments-opened=\"0\" data-image-meta=\"{&quot;aperture&quot;:&quot;0&quot;,&quot;credit&quot;:&quot;&quot;,&quot;camera&quot;:&quot;&quot;,&quot;caption&quot;:&quot;&quot;,&quot;created_timestamp&quot;:&quot;0&quot;,&quot;copyright&quot;:&quot;&quot;,&quot;focal_length&quot;:&quot;0&quot;,&quot;iso&quot;:&quot;0&quot;,&quot;shutter_speed&quot;:&quot;0&quot;,&quot;title&quot;:&quot;&quot;,&quot;orientation&quot;:&quot;0&quot;}\" data-image-title=\"TrenContraDerechosComunidades\" data-image-description=\"\" data-image-caption=\"\" data-medium-file=\"https:\/\/www.grieta.org.mx\/wp-content\/uploads\/2021\/01\/TrenContraDerechosComunidades-300x168.png\" data-large-file=\"https:\/\/www.grieta.org.mx\/wp-content\/uploads\/2021\/01\/TrenContraDerechosComunidades.png\" src=\"http:\/\/www.grieta.org.mx\/wp-content\/uploads\/2021\/01\/TrenContraDerechosComunidades.png\" alt=\"\" width=\"733\" height=\"411\" class=\"alignnone size-full wp-image-56267\" srcset=\"https:\/\/www.grieta.org.mx\/wp-content\/uploads\/2021\/01\/TrenContraDerechosComunidades.png 733w, https:\/\/www.grieta.org.mx\/wp-content\/uploads\/2021\/01\/TrenContraDerechosComunidades-300x168.png 300w\" sizes=\"auto, (max-width: 733px) 100vw, 733px\" \/><\/p>\n<p>Rosa Santana \/ Proceso<\/p>\n<blockquote><p>La orden del presidente L\u00f3pez Obrador de apresurar las obras del Tren Maya ignora ostensiblemente las suspensiones precautorias ordenadas por juzgados federales a solicitud de asociaciones civiles y comunidades mayas, urbanas y rurales de Campeche y Chiapas. Los representantes legales de \u00e9stas se quejan de que, mientras el Poder Judicial le da largas a decenas de demandas contra el megaproyecto, las obras avanzan aun sin contar con todos los permisos necesarios ni respetar el derecho de los pobladores.<\/p><\/blockquote>\n<p>CAMPECHE, CAM. (proceso).- Las demandas de amparo contra el Tren Maya se agolpan en los juzgados ante la indiferencia del gobierno federal, que en abierto desaf\u00edo al Poder Judicial desacat\u00f3 las primeras \u00f3rdenes de suspender precautoriamente los trabajos en tramos de Campeche y Chiapas, mientras se desahogan los juicios.<\/p>\n<p>Con reclamos por actos inconstitucionales y da\u00f1os sociales, culturales, ambientales, sanitarios y patrimoniales, entre otros, la pol\u00e9mica megaobra acumula en su contra por lo menos una decena de demandas de amparo colectivas promovidas en juzgados federales de Campeche, Yucat\u00e1n, Quintana Roo y Chiapas.<\/p>\n<p>Una de ellas ya fue turnada a la Suprema Corte de Justicia de la Naci\u00f3n (SCJN), donde el expediente a\u00fan espera ser admitido o rechazado.<\/p>\n<p>La demanda m\u00e1s reciente la promovi\u00f3 el pasado 14 de diciembre, en los juzgados de distrito de Campeche, la Asociaci\u00f3n de Zool\u00f3gicos, Criaderos y Acuarios de M\u00e9xico (Azcarm), que preside Ernesto Zazueta Zazueta, por el incumplimiento a las leyes ambientales y la violaci\u00f3n al derecho \u201cde todos los mexicanos a un ambiente sano\u201d.<\/p>\n<p>    \u201cCon esa acci\u00f3n legal la Azcarm busca la suspensi\u00f3n de las obras para la construcci\u00f3n del Tren Maya hasta que no se cuente de manera integral con las autorizaciones de Manifestaci\u00f3n de Impacto Ambiental (MIA); de Cambio de Uso de Suelo en Terrenos Forestales y el Informe Preventivo para las Especies de Vida Silvestre para todo el proyecto, pues estas obras implican una violaci\u00f3n directa a nuestro derecho fundamental a un medio ambiente sano, hecho que provocar\u00e1 da\u00f1os irreversibles y de imposible reparaci\u00f3n en nuestro medioambiente, biodiversidad y salud\u201d, denuncia Zazueta.<\/p>\n<p>Destaca que por carecer de las referidas autorizaciones, la obra infringe el art\u00edculo 4 de la Constituci\u00f3n, el art\u00edculo 3 de la Convenci\u00f3n Marco de las Naciones Unidas sobre el Cambio Clim\u00e1tico, el art\u00edculo 12 del Pacto Internacional de Derechos Econ\u00f3micos, Sociales y Culturales; el art\u00edculo 11 del Protocolo Adicional de la Convenci\u00f3n Americana sobre Derechos Humanos en Materia de Derechos Econ\u00f3micos, Sociales y Culturales, y el art\u00edculo 9 del Convenio sobre Diversidad Biol\u00f3gica.<\/p>\n<p>Aunque Rogelio Jim\u00e9nez Pons, director general del Fondo Nacional al Turismo (Fonatur), que est\u00e1 a cargo del proyecto, afirma que la primera fase de los trabajos de la ruta que recorrer\u00e1 cinco estados s\u00f3lo consiste en \u201crehabilitaci\u00f3n y mantenimiento de la v\u00eda ferroviaria\u201d, Zazueta se\u00f1ala:<\/p>\n<p>    \u201cEs falso, porque de los aproximadamente mil 500 kil\u00f3metros que se pretenden desarrollar, s\u00f3lo en 18% hay v\u00edas existentes. El resto se debe construir desde cero.\u201d <\/p>\n<p>Adem\u00e1s, el proyecto incluye 19 estaciones y 12 paraderos, lo que requiere \u201cde amplias extensiones de terrenos para la infraestructura de zonas para pasajeros, comercios y dem\u00e1s servicios tur\u00edsticos\u201d.<\/p>\n<p>Fragmento del reportaje publicado en la edici\u00f3n 2306 del semanario Proceso<\/p>\n<p><a href=\"https:\/\/www.proceso.com.mx\/reportajes\/2021\/1\/13\/tren-maya-el-megaproyecto-del-sexenio-contra-los-derechos-comunitarios-256160.html\" rel=\"noopener\" target=\"_blank\">https:\/\/www.proceso.com.mx\/reportajes\/2021\/1\/13\/tren-maya-el-megaproyecto-del-sexenio-contra-los-derechos-comunitarios-256160.html<\/a><\/p>\n","protected":false},"excerpt":{"rendered":"<p>Rosa Santana \/ Proceso La orden del presidente L\u00f3pez Obrador de apresurar las obras del Tren Maya ignora ostensiblemente las suspensiones precautorias ordenadas por juzgados federales a solicitud de asociaciones &hellip; <a href=\"https:\/\/www.grieta.org.mx\/index.php\/2021\/01\/13\/tren-maya-el-megaproyecto-del-sexenio-contra-los-derechos-comunitarios\/\" class=\"more-link\">Leer m\u00e1s<\/a><\/p>\n","protected":false},"author":2,"featured_media":56267,"comment_status":"closed","ping_status":"closed","sticky":false,"template":"","format":"standard","meta":{"ngg_post_thumbnail":0,"_jetpack_newsletter_access":"","_jetpack_dont_email_post_to_subs":false,"_jetpack_newsletter_tier_id":0,"_jetpack_memberships_contains_paywalled_content":false,"_jetpack_memberships_contains_paid_content":false,"footnotes":""},"categories":[11,80,3,922,926,944,952,2,28,1877,1875,1876,2026,36],"tags":[3113,1878],"class_list":["post-56266","post","type-post","status-publish","format-standard","has-post-thumbnail","hentry","category-campeche","category-cintillo","category-megaproyectos","category-megaproyectos-estados","category-mp-campeche","category-mp-quintana-roo","category-mp-yucatan","category-noticias-nacionales","category-quintana-roo","category-resistencia-al-tren-maya-en-la-peninsula-de-yucatan-campeche","category-resistencia-al-tren-maya-en-la-peninsula-de-yucatan","category-resistencia-al-tren-maya-en-la-peninsula-de-yucatan-quintana-roo","category-tren-maya","category-yucatan","tag-comunidades","tag-tren-maya","entry"],"jetpack_featured_media_url":"https:\/\/www.grieta.org.mx\/wp-content\/uploads\/2021\/01\/TrenContraDerechosComunidades.png","jetpack_sharing_enabled":true,"jetpack_shortlink":"https:\/\/wp.me\/p7ZJR4-eDw","jetpack_likes_enabled":false,"jetpack-related-posts":[{"id":47874,"url":"https:\/\/www.grieta.org.mx\/index.php\/2020\/04\/13\/las-vias-torcidas-del-tren-maya-video\/","url_meta":{"origin":56266,"position":0},"title":"Las v\u00edas torcidas del tren maya (Video)","author":"grieta","date":"13 abril, 2020","format":false,"excerpt":"https:\/\/www.youtube.com\/watch?v=k8FRX9eT0YY","rel":"","context":"En &quot;16. Pueblo Maya&quot;","block_context":{"text":"16. Pueblo Maya","link":"https:\/\/www.grieta.org.mx\/index.php\/category\/espejos-de-la-resistencia\/16-pueblo-maya\/"},"img":{"alt_text":"","src":"https:\/\/i0.wp.com\/www.grieta.org.mx\/wp-content\/uploads\/2020\/04\/ViasTorcidasTrenMaya.png?resize=350%2C200&ssl=1","width":350,"height":200,"srcset":"https:\/\/i0.wp.com\/www.grieta.org.mx\/wp-content\/uploads\/2020\/04\/ViasTorcidasTrenMaya.png?resize=350%2C200&ssl=1 1x, https:\/\/i0.wp.com\/www.grieta.org.mx\/wp-content\/uploads\/2020\/04\/ViasTorcidasTrenMaya.png?resize=525%2C300&ssl=1 1.5x, https:\/\/i0.wp.com\/www.grieta.org.mx\/wp-content\/uploads\/2020\/04\/ViasTorcidasTrenMaya.png?resize=700%2C400&ssl=1 2x"},"classes":[]},{"id":35945,"url":"https:\/\/www.grieta.org.mx\/index.php\/2019\/07\/05\/expansion-de-megaproyectos-en-la-peninsula-de-yucatan-video\/","url_meta":{"origin":56266,"position":1},"title":"Expansi\u00f3n de Megaproyectos en la Pen\u00ednsula de Yucat\u00e1n (Video)","author":"grieta","date":"5 julio, 2019","format":false,"excerpt":"https:\/\/youtu.be\/qLBARIAaBsI","rel":"","context":"En &quot;Campeche&quot;","block_context":{"text":"Campeche","link":"https:\/\/www.grieta.org.mx\/index.php\/category\/noticias-nacionales\/campeche\/"},"img":{"alt_text":"","src":"https:\/\/i0.wp.com\/img.youtube.com\/vi\/qLBARIAaBsI\/0.jpg?resize=350%2C200","width":350,"height":200},"classes":[]},{"id":41978,"url":"https:\/\/www.grieta.org.mx\/index.php\/2019\/12\/08\/rechazan-consulta-de-tren-maya\/","url_meta":{"origin":56266,"position":2},"title":"Rechazan consulta de Tren Maya","author":"grieta","date":"8 diciembre, 2019","format":false,"excerpt":"El Siglo de Torre\u00f3n Al considerar que incumple el Convenio 169 sobre Pueblos Ind\u00edgenas y Tribales Organizaciones ind\u00edgenas, civiles y acad\u00e9micos en la Pen\u00ednsula de Yucat\u00e1n, se pronunciaron en contra del megaproyecto del Tren Maya y expresaron su rechazo a la pretendida Consulta Ind\u00edgena organizada por el Gobierno mexicano, al\u2026","rel":"","context":"En &quot;16. Pueblo Maya&quot;","block_context":{"text":"16. Pueblo Maya","link":"https:\/\/www.grieta.org.mx\/index.php\/category\/espejos-de-la-resistencia\/16-pueblo-maya\/"},"img":{"alt_text":"","src":"https:\/\/i0.wp.com\/www.grieta.org.mx\/wp-content\/uploads\/2019\/12\/RechazanTrenMaya-e1575900335223.png?resize=350%2C200&ssl=1","width":350,"height":200,"srcset":"https:\/\/i0.wp.com\/www.grieta.org.mx\/wp-content\/uploads\/2019\/12\/RechazanTrenMaya-e1575900335223.png?resize=350%2C200&ssl=1 1x, https:\/\/i0.wp.com\/www.grieta.org.mx\/wp-content\/uploads\/2019\/12\/RechazanTrenMaya-e1575900335223.png?resize=525%2C300&ssl=1 1.5x, https:\/\/i0.wp.com\/www.grieta.org.mx\/wp-content\/uploads\/2019\/12\/RechazanTrenMaya-e1575900335223.png?resize=700%2C400&ssl=1 2x"},"classes":[]},{"id":48940,"url":"https:\/\/www.grieta.org.mx\/index.php\/2020\/05\/11\/interponen-queja-ante-la-cndh-contra-obras-del-tren-maya\/","url_meta":{"origin":56266,"position":3},"title":"Interponen queja ante la CNDH contra obras del Tren Maya","author":"grieta","date":"11 mayo, 2020","format":false,"excerpt":"Lilia Balam \/ Informe Fracto Colectivos ind\u00edgenas y organizaciones civiles argumentaron que continuar con la construcci\u00f3n del proyecto durante la pandemia vulnera los derechos de los pobladores de la regi\u00f3n. Colectivos ind\u00edgenas y organizaciones civiles de la Pen\u00ednsula de Yucat\u00e1n interpusieron una queja ante la Comisi\u00f3n Nacional de los Derechos\u2026","rel":"","context":"En &quot;Campeche&quot;","block_context":{"text":"Campeche","link":"https:\/\/www.grieta.org.mx\/index.php\/category\/noticias-nacionales\/campeche\/"},"img":{"alt_text":"","src":"https:\/\/i0.wp.com\/www.grieta.org.mx\/wp-content\/uploads\/2020\/05\/tren_maya.jpg1_-640x360-1-e1589284542406.jpg?resize=350%2C200&ssl=1","width":350,"height":200,"srcset":"https:\/\/i0.wp.com\/www.grieta.org.mx\/wp-content\/uploads\/2020\/05\/tren_maya.jpg1_-640x360-1-e1589284542406.jpg?resize=350%2C200&ssl=1 1x, https:\/\/i0.wp.com\/www.grieta.org.mx\/wp-content\/uploads\/2020\/05\/tren_maya.jpg1_-640x360-1-e1589284542406.jpg?resize=525%2C300&ssl=1 1.5x, https:\/\/i0.wp.com\/www.grieta.org.mx\/wp-content\/uploads\/2020\/05\/tren_maya.jpg1_-640x360-1-e1589284542406.jpg?resize=700%2C400&ssl=1 2x"},"classes":[]},{"id":64433,"url":"https:\/\/www.grieta.org.mx\/index.php\/2022\/06\/09\/con-omisiones-e-imprecisiones-la-manifestacion-de-impacto-ambiental-para-el-tren-maya-ong\/","url_meta":{"origin":56266,"position":4},"title":"Con omisiones e imprecisiones, la Manifestaci\u00f3n de Impacto Ambiental para el Tren Maya: ONG","author":"grieta","date":"9 junio, 2022","format":false,"excerpt":"Proceso CIUDAD DE M\u00c9XICO (apro).\u2013 La Manifestaci\u00f3n de Impacto Ambiental (MIA) que el Fondo Nacional de Fomento al Turismo (Fonatur) elabor\u00f3 para reiniciar las obras del Tramo 5 Sur del Tren Maya tiene \u201cuna gran cantidad de omisiones e imprecisiones\u201d en informaci\u00f3n \u201cesencial\u201d para determinar los impactos ambientales del megaproyecto\u2026","rel":"","context":"En &quot;Campeche&quot;","block_context":{"text":"Campeche","link":"https:\/\/www.grieta.org.mx\/index.php\/category\/noticias-nacionales\/campeche\/"},"img":{"alt_text":"","src":"https:\/\/i0.wp.com\/www.grieta.org.mx\/wp-content\/uploads\/2022\/06\/MIATren-e1655851330619.png?resize=350%2C200&ssl=1","width":350,"height":200,"srcset":"https:\/\/i0.wp.com\/www.grieta.org.mx\/wp-content\/uploads\/2022\/06\/MIATren-e1655851330619.png?resize=350%2C200&ssl=1 1x, https:\/\/i0.wp.com\/www.grieta.org.mx\/wp-content\/uploads\/2022\/06\/MIATren-e1655851330619.png?resize=525%2C300&ssl=1 1.5x, https:\/\/i0.wp.com\/www.grieta.org.mx\/wp-content\/uploads\/2022\/06\/MIATren-e1655851330619.png?resize=700%2C400&ssl=1 2x"},"classes":[]},{"id":49176,"url":"https:\/\/www.grieta.org.mx\/index.php\/2020\/05\/14\/cndh-pide-suspender-de-manera-urgente-obras-del-tren-maya\/","url_meta":{"origin":56266,"position":5},"title":"CNDH pide suspender de manera urgente obras del Tren Maya","author":"grieta","date":"14 mayo, 2020","format":false,"excerpt":"Lilia Balam \/ Informe Fracto El organismo emiti\u00f3 medidas cautelares al FONATUR para detener las actividades no esenciales relacionadas con el proyecto ferroviario, pues las obras vulnerar\u00edan los derechos de la poblaci\u00f3n. La Comisi\u00f3n Nacional de los Derechos Humanos (CNDH), solicit\u00f3 al Fondo Nacional de Fomento al Turismo (FONATUR), suspender\u2026","rel":"","context":"En &quot;Campeche&quot;","block_context":{"text":"Campeche","link":"https:\/\/www.grieta.org.mx\/index.php\/category\/noticias-nacionales\/campeche\/"},"img":{"alt_text":"","src":"https:\/\/i0.wp.com\/www.grieta.org.mx\/wp-content\/uploads\/2020\/05\/Tren_Maya_CNDH-1536x1003-e1589496540443.jpg?resize=350%2C200&ssl=1","width":350,"height":200,"srcset":"https:\/\/i0.wp.com\/www.grieta.org.mx\/wp-content\/uploads\/2020\/05\/Tren_Maya_CNDH-1536x1003-e1589496540443.jpg?resize=350%2C200&ssl=1 1x, https:\/\/i0.wp.com\/www.grieta.org.mx\/wp-content\/uploads\/2020\/05\/Tren_Maya_CNDH-1536x1003-e1589496540443.jpg?resize=525%2C300&ssl=1 1.5x, https:\/\/i0.wp.com\/www.grieta.org.mx\/wp-content\/uploads\/2020\/05\/Tren_Maya_CNDH-1536x1003-e1589496540443.jpg?resize=700%2C400&ssl=1 2x"},"classes":[]}],"_links":{"self":[{"href":"https:\/\/www.grieta.org.mx\/index.php\/wp-json\/wp\/v2\/posts\/56266","targetHints":{"allow":["GET"]}}],"collection":[{"href":"https:\/\/www.grieta.org.mx\/index.php\/wp-json\/wp\/v2\/posts"}],"about":[{"href":"https:\/\/www.grieta.org.mx\/index.php\/wp-json\/wp\/v2\/types\/post"}],"author":[{"embeddable":true,"href":"https:\/\/www.grieta.org.mx\/index.php\/wp-json\/wp\/v2\/users\/2"}],"replies":[{"embeddable":true,"href":"https:\/\/www.grieta.org.mx\/index.php\/wp-json\/wp\/v2\/comments?post=56266"}],"version-history":[{"count":1,"href":"https:\/\/www.grieta.org.mx\/index.php\/wp-json\/wp\/v2\/posts\/56266\/revisions"}],"predecessor-version":[{"id":56268,"href":"https:\/\/www.grieta.org.mx\/index.php\/wp-json\/wp\/v2\/posts\/56266\/revisions\/56268"}],"wp:featuredmedia":[{"embeddable":true,"href":"https:\/\/www.grieta.org.mx\/index.php\/wp-json\/wp\/v2\/media\/56267"}],"wp:attachment":[{"href":"https:\/\/www.grieta.org.mx\/index.php\/wp-json\/wp\/v2\/media?parent=56266"}],"wp:term":[{"taxonomy":"category","embeddable":true,"href":"https:\/\/www.grieta.org.mx\/index.php\/wp-json\/wp\/v2\/categories?post=56266"},{"taxonomy":"post_tag","embeddable":true,"href":"https:\/\/www.grieta.org.mx\/index.php\/wp-json\/wp\/v2\/tags?post=56266"}],"curies":[{"name":"wp","href":"https:\/\/api.w.org\/{rel}","templated":true}]}}