{"id":56244,"date":"2021-01-13T19:49:26","date_gmt":"2021-01-14T01:49:26","guid":{"rendered":"http:\/\/www.grieta.org.mx\/?p=56244"},"modified":"2021-01-13T23:57:41","modified_gmt":"2021-01-14T05:57:41","slug":"la-crisis-migratoria-de-los-haitianos-baja-california","status":"publish","type":"post","link":"https:\/\/www.grieta.org.mx\/index.php\/2021\/01\/13\/la-crisis-migratoria-de-los-haitianos-baja-california\/","title":{"rendered":"La crisis migratoria de los haitianos (Baja California)"},"content":{"rendered":"<p>Zeta Tijuana \/ Alejandro Arturo Villa.<\/p>\n<p><figure id=\"attachment_56245\" aria-describedby=\"caption-attachment-56245\" style=\"width: 800px\" class=\"wp-caption alignnone\"><img loading=\"lazy\" decoding=\"async\" data-attachment-id=\"56245\" data-permalink=\"https:\/\/www.grieta.org.mx\/index.php\/2021\/01\/13\/la-crisis-migratoria-de-los-haitianos-baja-california\/little-ahiti-tijuana\/\" data-orig-file=\"https:\/\/www.grieta.org.mx\/wp-content\/uploads\/2021\/01\/1-3.jpg\" data-orig-size=\"680,391\" data-comments-opened=\"0\" data-image-meta=\"{&quot;aperture&quot;:&quot;10&quot;,&quot;credit&quot;:&quot;JACQUELINE HERNANDEZ&quot;,&quot;camera&quot;:&quot;Canon EOS Rebel T6&quot;,&quot;caption&quot;:&quot;Little Ahiti, Tijuana&quot;,&quot;created_timestamp&quot;:&quot;1608601408&quot;,&quot;copyright&quot;:&quot;&quot;,&quot;focal_length&quot;:&quot;50&quot;,&quot;iso&quot;:&quot;100&quot;,&quot;shutter_speed&quot;:&quot;0.008&quot;,&quot;title&quot;:&quot;Little Ahiti, Tijuana&quot;,&quot;orientation&quot;:&quot;1&quot;}\" data-image-title=\"Little Ahiti, Tijuana\" data-image-description=\"\" data-image-caption=\"&lt;p&gt;Little Ahiti, Tijuana&lt;\/p&gt;\n\" data-medium-file=\"https:\/\/www.grieta.org.mx\/wp-content\/uploads\/2021\/01\/1-3-300x173.jpg\" data-large-file=\"https:\/\/www.grieta.org.mx\/wp-content\/uploads\/2021\/01\/1-3.jpg\" class=\"wp-image-56245\" src=\"http:\/\/www.grieta.org.mx\/wp-content\/uploads\/2021\/01\/1-3.jpg\" alt=\"\" width=\"800\" height=\"460\" srcset=\"https:\/\/www.grieta.org.mx\/wp-content\/uploads\/2021\/01\/1-3.jpg 680w, https:\/\/www.grieta.org.mx\/wp-content\/uploads\/2021\/01\/1-3-300x173.jpg 300w\" sizes=\"auto, (max-width: 800px) 100vw, 800px\" \/><figcaption id=\"caption-attachment-56245\" class=\"wp-caption-text\">Little Ahiti, Tijuana<\/figcaption><\/figure><br \/>\nFotos: Jacqueline Hern\u00e1ndez<\/p>\n<p>Sin documentos o permisos oficiales de residencia porque el Instituto<br \/>\nNacional de Migraci\u00f3n se los ha negado sistem\u00e1ticamente, la comunidad<br \/>\nhaitiana en Baja California se encuentra sin papeles, sin trabajo, sin<br \/>\ncomida, en el abandono. La supuesta declaraci\u00f3n de \u201cEstado Migratorio\u201d<br \/>\nresulta una falacia frente a los problemas que enfrentan los migrantes<br \/>\nen estos momentos.<\/p>\n<p><figure id=\"attachment_56246\" aria-describedby=\"caption-attachment-56246\" style=\"width: 800px\" class=\"wp-caption alignnone\"><img loading=\"lazy\" decoding=\"async\" data-attachment-id=\"56246\" data-permalink=\"https:\/\/www.grieta.org.mx\/index.php\/2021\/01\/13\/la-crisis-migratoria-de-los-haitianos-baja-california\/little-ahiti-tijuana-2\/\" data-orig-file=\"https:\/\/www.grieta.org.mx\/wp-content\/uploads\/2021\/01\/2-2.jpg\" data-orig-size=\"264,433\" data-comments-opened=\"0\" data-image-meta=\"{&quot;aperture&quot;:&quot;8&quot;,&quot;credit&quot;:&quot;JACQUELINE HERNANDEZ&quot;,&quot;camera&quot;:&quot;Canon EOS Rebel T6&quot;,&quot;caption&quot;:&quot;Little Ahiti, Tijuana&quot;,&quot;created_timestamp&quot;:&quot;1608601741&quot;,&quot;copyright&quot;:&quot;&quot;,&quot;focal_length&quot;:&quot;50&quot;,&quot;iso&quot;:&quot;100&quot;,&quot;shutter_speed&quot;:&quot;0.008&quot;,&quot;title&quot;:&quot;Little Ahiti, Tijuana&quot;,&quot;orientation&quot;:&quot;1&quot;}\" data-image-title=\"Little Ahiti, Tijuana\" data-image-description=\"\" data-image-caption=\"&lt;p&gt;Little Ahiti, Tijuana&lt;\/p&gt;\n\" data-medium-file=\"https:\/\/www.grieta.org.mx\/wp-content\/uploads\/2021\/01\/2-2-183x300.jpg\" data-large-file=\"https:\/\/www.grieta.org.mx\/wp-content\/uploads\/2021\/01\/2-2.jpg\" class=\"wp-image-56246\" src=\"http:\/\/www.grieta.org.mx\/wp-content\/uploads\/2021\/01\/2-2.jpg\" alt=\"\" width=\"800\" height=\"1312\" srcset=\"https:\/\/www.grieta.org.mx\/wp-content\/uploads\/2021\/01\/2-2.jpg 264w, https:\/\/www.grieta.org.mx\/wp-content\/uploads\/2021\/01\/2-2-183x300.jpg 183w\" sizes=\"auto, (max-width: 800px) 100vw, 800px\" \/><figcaption id=\"caption-attachment-56246\" class=\"wp-caption-text\">Little Ahiti, Tijuana<\/figcaption><\/figure><br \/>\nWilner Metelus<\/p>\n<p>M\u00e1s de 6 mil personas de origen haitiano que residen en Baja California se enfrentan a la invisibilizaci\u00f3n y vulneraci\u00f3n de sus derechos humanos de manera sistem\u00e1tica por parte de los tres niveles de gobierno, denunciaron activistas defensores de personas en contexto de movilidad y miembros de esta comunidad.<\/p>\n<p>Aunque el gobierno actual se aferra en asegurar que BC es un Estado Santuario Migrante, la realidad de comunidades migrantes desmiente rotundamente los discursos que, tanto el Poder Ejecutivo estatal como sus allegados, han repetido cada que tienen oportunidad, ignorando las problem\u00e1ticas alimentarias por las que pasan las personas en contexto de movilidad.<\/p>\n<p>Claro ejemplo de esto es la precariedad con la que lidian los migrantes de origen haitiano asentados en Baja California desde hace cuatro a\u00f1os. De acuerdo con Wilner Metelus, presidente del Comit\u00e9 Ciudadano en Defensa de los Naturalizados y Afromexicanos, en Tijuana habitan alrededor de 4 mil y en Mexicali, 2 mil personas en migrantes.<\/p>\n<p>La poblaci\u00f3n de Tijuana se encuentra distribuida en distintos puntos de la ciudad, prioritariamente en la Zona Norte, Centro y algunas comunidades en las zonas conurbadas. Como uno de los puntos referentes para este trabajo period\u00edstico, est\u00e1 el albergue denominado Little Hait\u00ed, ubicado en el Ca\u00f1\u00f3n del Alacr\u00e1n en la colonia Divina Providencia, a un costado del templo evang\u00e9lico Embajadores de Jes\u00fas, que tambi\u00e9n es habilitado como albergue para migrantes de otras nacionalidades.<\/p>\n<p>Para entrar al Ca\u00f1\u00f3n del Alacr\u00e1n se debe tener una gran habilidad para conducir por terrenos sin pavimento y llenos de lodo. Con las lluvias el sitio se vuelve un r\u00edo, con r\u00e1pidos feroces que se llevan autos, casitas y animales. Desde hace cuatro a\u00f1os que el asentamiento haitiano est\u00e1 ah\u00ed, ninguna autoridad ha procurado pavimentarles.<\/p>\n<p>En la zona se pueden observar algunos animales de granja, ni\u00f1os corriendo y llenos de tierra. Algunas de las casas de la zona son de cart\u00f3n y madera, como en gran parte de Tijuana, con lavaderos y cocinas al aire libre sin que parezca que viven en una de las ciudades de mayor poder adquisitivo del pa\u00eds.<\/p>\n<figure id=\"attachment_56247\" aria-describedby=\"caption-attachment-56247\" style=\"width: 800px\" class=\"wp-caption alignnone\"><img loading=\"lazy\" decoding=\"async\" data-attachment-id=\"56247\" data-permalink=\"https:\/\/www.grieta.org.mx\/index.php\/2021\/01\/13\/la-crisis-migratoria-de-los-haitianos-baja-california\/little-ahiti-tijuana-3\/\" data-orig-file=\"https:\/\/www.grieta.org.mx\/wp-content\/uploads\/2021\/01\/3-2.jpg\" data-orig-size=\"680,453\" data-comments-opened=\"0\" data-image-meta=\"{&quot;aperture&quot;:&quot;6.3&quot;,&quot;credit&quot;:&quot;JACQUELINE HERNANDEZ&quot;,&quot;camera&quot;:&quot;Canon EOS Rebel T6&quot;,&quot;caption&quot;:&quot;Little Ahiti, Tijuana&quot;,&quot;created_timestamp&quot;:&quot;1608601431&quot;,&quot;copyright&quot;:&quot;&quot;,&quot;focal_length&quot;:&quot;50&quot;,&quot;iso&quot;:&quot;100&quot;,&quot;shutter_speed&quot;:&quot;0.008&quot;,&quot;title&quot;:&quot;Little Ahiti, Tijuana&quot;,&quot;orientation&quot;:&quot;1&quot;}\" data-image-title=\"Little Ahiti, Tijuana\" data-image-description=\"\" data-image-caption=\"&lt;p&gt;Little Ahiti, Tijuana&lt;\/p&gt;\n\" data-medium-file=\"https:\/\/www.grieta.org.mx\/wp-content\/uploads\/2021\/01\/3-2-300x200.jpg\" data-large-file=\"https:\/\/www.grieta.org.mx\/wp-content\/uploads\/2021\/01\/3-2.jpg\" class=\"wp-image-56247\" src=\"http:\/\/www.grieta.org.mx\/wp-content\/uploads\/2021\/01\/3-2.jpg\" alt=\"\" width=\"800\" height=\"533\" srcset=\"https:\/\/www.grieta.org.mx\/wp-content\/uploads\/2021\/01\/3-2.jpg 680w, https:\/\/www.grieta.org.mx\/wp-content\/uploads\/2021\/01\/3-2-300x200.jpg 300w\" sizes=\"auto, (max-width: 800px) 100vw, 800px\" \/><figcaption id=\"caption-attachment-56247\" class=\"wp-caption-text\">Little Ahiti, Tijuana<\/figcaption><\/figure>\n<p>En la Peque\u00f1a Hait\u00ed viven al menos 250 personas, entre mujeres embarazadas, beb\u00e9s reci\u00e9n nacidos, ni\u00f1os en edad de ir a la escuela y adultos que se reparten las tareas dentro del espacio. La mayor\u00eda de las mujeres de la comunidad se encargan de cuidar a los ni\u00f1os, hacer la limpieza del albergue, cocinar y lavar la ropa de su familia; mientras que los hombres se dedican a conseguir recursos para comprar alimentos.<\/p>\n<p>El 90% de los hombres que viven en este lugar quedaron sin empleo a inicios de diciembre de 2020, por lo cual han optado el mercado informal para conseguir algo de dinero. Los que no tienen tanta suerte ayudan en las labores del hogar.<\/p>\n<p>Aquellos que perdieron su empleo excusan dos circunstancias: la primera, que los han despedido previo a la entrega de aguinaldos y as\u00ed no darles esa prestaci\u00f3n laboral que es obligaci\u00f3n del patr\u00f3n otorgar; y la segunda, que el Instituto Nacional de Migraci\u00f3n (INM) no les ha renovado su estatus migratorio en el pa\u00eds.<\/p>\n<p>El pastor Gustavo Banda Aceves, de la iglesia Embajadores de Jes\u00fas, quien convive y atiende a esta comunidad, detall\u00f3 a ZETA el contexto de las personas de origen haitiano que se encuentran en ese espacio:<\/p>\n<p>\u201cEstamos en una situaci\u00f3n muy dif\u00edcil, nuestros hermanos y hermanas haitianas, est\u00e1n yendo al Instituto Nacional de Migraci\u00f3n para actualizar su estatus migratorio y les est\u00e1n comentando que no les van a renovar las visas humanitarias que ten\u00edan aqu\u00ed, mucho menos les dar\u00e1n las permanentes. No sabemos a qu\u00e9 se deba esta situaci\u00f3n, pero muchos de ellos han venido y me han comentado eso. A algunos de ellos ya les han extendido un papel donde dice que tienen que salir del pa\u00eds.<\/p>\n<p>\u2013 \u00bfCu\u00e1ntas personas est\u00e1n en esa condici\u00f3n?<\/p>\n<p>\u201cAqu\u00ed tenemos aproximadamente 250 migrantes y, a todos los que se les han vencido, han ido al Instituto Nacional de Migraci\u00f3n, y les han dicho que no les van a renovar su estad\u00eda aqu\u00ed en M\u00e9xico\u201d.<\/p>\n<p>\u2013 \u00bfCu\u00e1les son las consecuencias de ello?<\/p>\n<p>\u201cEstamos ante una pandemia, una situaci\u00f3n muy dif\u00edcil y, si ellos no tienen papeles, no van a poder encontrar una fuente de trabajo confiable, van a tener que salir a las calles a vender, y con esta situaci\u00f3n de la pandemia, pues lo \u00fanico que van a hacer es incrementar los contagios y todo ese tipo de cosas\u201d.<\/p>\n<p>\u2013 \u00bfActualmente cuentan con trabajo?<\/p>\n<p>\u201cComo es natural, en esta \u00e9poca muchos de los haitianos est\u00e1n trabajando en la maquila, cuando se va acercando diciembre la mayor\u00eda son despedidos y contratados nuevamente en enero, pero cuando ellos vayan a tratar de conseguir estos empleos, ya no van a contar con sus papeles y entonces ya no van poder acceder a esos trabajos\u201d.<\/p>\n<p>ZETA tambi\u00e9n convers\u00f3 con algunos de los habitantes, c\u00f3mo Ronnie, quien lleg\u00f3 a Tijuana a inicios de 2020, tras seis a\u00f1os fuera de Hait\u00ed, buscando la forma de llegar a la frontera de M\u00e9xico con Estados Unidos para solicitar una visa humanitaria y tener una vida mejor en ese pa\u00eds.<\/p>\n<p>\u201cCada que vamos a Migraci\u00f3n nos dicen \u2018vuelve\u2019 y vamos, pero nunca hay una cita para nosotros, y este momento es muy dif\u00edcil, y estar sin empleo\u2026 El 90% de los haitianos no est\u00e1n trabajando porque en cada lugar que buscamos trabajo, nos dicen si tenemos residencia permanente y tenemos la de visitante; nos dicen que no podemos trabajar, es dif\u00edcil trabajar porque est\u00e1 vencido, todos los que tenemos el documento de visitantes est\u00e1 vencido. Entonces, estamos sin empleo, no sabemos si el Gobierno de M\u00e9xico nos puede apoyar para que nos den el documento\u201d, expres\u00f3.<\/p>\n<p>Aunque ni \u00e9l o alguno de sus compa\u00f1eros cercanos ha resultado contagiado de la COVID-19, se han enfrentado a la crisis econ\u00f3mica que ha impactado en la ciudad por culpa de la pandemia, y ante la falta de empleo, \u201cestamos pasando momentos dif\u00edciles por comida\u201d, reconoci\u00f3 Ronnie.<\/p>\n<figure id=\"attachment_56248\" aria-describedby=\"caption-attachment-56248\" style=\"width: 800px\" class=\"wp-caption alignnone\"><img loading=\"lazy\" decoding=\"async\" data-attachment-id=\"56248\" data-permalink=\"https:\/\/www.grieta.org.mx\/index.php\/2021\/01\/13\/la-crisis-migratoria-de-los-haitianos-baja-california\/little-ahiti-tijuana-4\/\" data-orig-file=\"https:\/\/www.grieta.org.mx\/wp-content\/uploads\/2021\/01\/4-1.jpg\" data-orig-size=\"680,453\" data-comments-opened=\"0\" data-image-meta=\"{&quot;aperture&quot;:&quot;10&quot;,&quot;credit&quot;:&quot;JACQUELINE HERNANDEZ&quot;,&quot;camera&quot;:&quot;Canon EOS Rebel T6&quot;,&quot;caption&quot;:&quot;Little Ahiti, Tijuana&quot;,&quot;created_timestamp&quot;:&quot;1608600861&quot;,&quot;copyright&quot;:&quot;&quot;,&quot;focal_length&quot;:&quot;50&quot;,&quot;iso&quot;:&quot;100&quot;,&quot;shutter_speed&quot;:&quot;0.008&quot;,&quot;title&quot;:&quot;Little Ahiti, Tijuana&quot;,&quot;orientation&quot;:&quot;1&quot;}\" data-image-title=\"Little Ahiti, Tijuana\" data-image-description=\"\" data-image-caption=\"&lt;p&gt;Little Ahiti, Tijuana&lt;\/p&gt;\n\" data-medium-file=\"https:\/\/www.grieta.org.mx\/wp-content\/uploads\/2021\/01\/4-1-300x200.jpg\" data-large-file=\"https:\/\/www.grieta.org.mx\/wp-content\/uploads\/2021\/01\/4-1.jpg\" class=\"wp-image-56248\" src=\"http:\/\/www.grieta.org.mx\/wp-content\/uploads\/2021\/01\/4-1.jpg\" alt=\"\" width=\"800\" height=\"533\" srcset=\"https:\/\/www.grieta.org.mx\/wp-content\/uploads\/2021\/01\/4-1.jpg 680w, https:\/\/www.grieta.org.mx\/wp-content\/uploads\/2021\/01\/4-1-300x200.jpg 300w\" sizes=\"auto, (max-width: 800px) 100vw, 800px\" \/><figcaption id=\"caption-attachment-56248\" class=\"wp-caption-text\">Little Ahiti, Tijuana<\/figcaption><\/figure>\n<p>\u201cESTO ES UNA CRISIS MIGRATORIA\u201d: WILNER METELUS<\/p>\n<p>En entrevista con este Semanario, el presidente del Comit\u00e9 Ciudadano en Defensa de los Naturalizados y Afromexicanos, Wilner Metelus, lament\u00f3 la precariedad en que se encuentran sus connacionales haitianos en Baja California y que los tres \u00f3rdenes de gobierno no se preocupen por mejorar su situaci\u00f3n.<\/p>\n<p>\u201cEn tiempos de pandemia la situaci\u00f3n de los migrantes afrodescendientes haitianos est\u00e1 muy complicada, est\u00e1n sufriendo much\u00edsimo, no solamente los migrantes afrodescendientes, sino de otros pa\u00edses. Tienen muchos problemas, de alimentaci\u00f3n principalmente y de salud. Me preocupa mucho porque son seres humanos, no tienen fuente de trabajo y no est\u00e1n recibiendo apoyo de las autoridades\u201d, declar\u00f3.<\/p>\n<p>En su opini\u00f3n, el gobierno mexicano debe entender la situaci\u00f3n de los migrantes afrodescendientes, ya que la mayor\u00eda de ellos tienen m\u00e1s de cuatro a\u00f1os en Baja California, \u201cson personas que est\u00e1n participando en el desarrollo de dicho Estado, no representan una amenaza para nuestros hermanos bajacalifornianos.<\/p>\n<p>\u201cPor la forma como est\u00e1 la situaci\u00f3n en Estados Unidos, ellos no tienen intenci\u00f3n de cruzar la frontera, el objetivo de ellos de quedarse en nuestro pa\u00eds, pero cualquier ciudadano que vive en un pa\u00eds necesita tener un documento para identificarse por su seguridad. Yo me pregunto: \u00bfPor qu\u00e9 las autoridades en nuestro pa\u00eds no quieren dar residencia permanente a nuestros hermanos haitianos?\u201d, cuestion\u00f3.<\/p>\n<p>Metelus calific\u00f3 de inhumano que los tres niveles de gobierno no se preocupen por la vulnerabilidad de la poblaci\u00f3n migrante m\u00e1s all\u00e1 del discurso, \u201cest\u00e1n viviendo con la pandemia y no tienen posibilidad de trabajar, tienen casi ocho meses, viven en sus casitas, sin recibir un salario, a algunos los despidieron en su trabajo porque algunos patrones no quieren darles aguinaldo. Ser\u00eda bueno que haya un programa integral de emergencia para ayudar a la comunidad afrodescendiente que se encuentran en Tijuana y Mexicali\u201d, sugiri\u00f3.<\/p>\n<p>Ejemplific\u00f3 el caso de del albergue Embajadores de Jes\u00fas, Little Haiti, el cual se encuentra sin recursos, al no recibir apoyo por parte de ninguna instancia gubernamental. Su poco ingreso proviene de algunas donaciones de ciudadanos estadounidenses y bajacalifornianos que los conocen y aportan alimentos o productos en especie.<\/p>\n<p>\u201cHabl\u00e9 con los migrantes afrodescendientes y haitianos, ahorita tienen bastantes problemas, no tienen dinero y a veces pasan dos o tres d\u00edas sin comer, me parece injusto, ellos tienen ni\u00f1os y ni\u00f1as, entonces, es una situaci\u00f3n muy dif\u00edcil. Para m\u00ed eso es una crisis migratoria, porque la verdad, el gobierno de nuestro pa\u00eds hoy en d\u00eda no est\u00e1n ayudando a los migrantes\u201d, denunci\u00f3 el activista.<\/p>\n<p><a href=\"https:\/\/zetatijuana.com\/2021\/01\/la-crisis-migratoria-de-los-haitianos\/\" target=\"_blank\" rel=\"noopener\">https:\/\/zetatijuana.com\/2021\/01\/la-crisis-migratoria-de-los-haitianos\/<\/a><\/p>\n","protected":false},"excerpt":{"rendered":"<p>Zeta Tijuana \/ Alejandro Arturo Villa. Fotos: Jacqueline Hern\u00e1ndez Sin documentos o permisos oficiales de residencia porque el Instituto Nacional de Migraci\u00f3n se los ha negado sistem\u00e1ticamente, la comunidad haitiana &hellip; <a href=\"https:\/\/www.grieta.org.mx\/index.php\/2021\/01\/13\/la-crisis-migratoria-de-los-haitianos-baja-california\/\" class=\"more-link\">Leer m\u00e1s<\/a><\/p>\n","protected":false},"author":2,"featured_media":56245,"comment_status":"closed","ping_status":"closed","sticky":false,"template":"","format":"standard","meta":{"ngg_post_thumbnail":0,"_jetpack_newsletter_access":"","_jetpack_dont_email_post_to_subs":false,"_jetpack_newsletter_tier_id":0,"_jetpack_memberships_contains_paywalled_content":false,"_jetpack_memberships_contains_paid_content":false,"footnotes":""},"categories":[5,80,3263,1166,2],"tags":[],"class_list":["post-56244","post","type-post","status-publish","format-standard","has-post-thumbnail","hentry","category-baja-california","category-cintillo","category-crisis-covid-19-en-baja-california","category-muros-y-poblaciones-migrantes-en-baja-california","category-noticias-nacionales","entry"],"jetpack_featured_media_url":"https:\/\/www.grieta.org.mx\/wp-content\/uploads\/2021\/01\/1-3.jpg","jetpack_sharing_enabled":true,"jetpack_shortlink":"https:\/\/wp.me\/p7ZJR4-eDa","jetpack_likes_enabled":false,"jetpack-related-posts":[{"id":29314,"url":"https:\/\/www.grieta.org.mx\/index.php\/2019\/02\/20\/arriban-a-tijuana-integrantes-de-tercera-caravana-migrante-baja-california\/","url_meta":{"origin":56244,"position":0},"title":"Arriban a Tijuana integrantes de tercera caravana migrante (Baja California)","author":"grieta","date":"20 febrero, 2019","format":false,"excerpt":"Zeta Tijuana. Manuel Ayala, Foto: cortes\u00eda\/33 migrantes centroamericanos arribaron este d\u00eda a Tijuana procedente de Piedras Negras. Procedentes de Piedras Negras, Coahuila, integrantes de la tercera caravana migrante arribaron esta ma\u00f1ana a Tijuana, con el prop\u00f3sito de solicitar asilo a las autoridades migratorias de Estados Unidos. El Instituto Nacional de\u2026","rel":"","context":"En &quot;Baja California&quot;","block_context":{"text":"Baja California","link":"https:\/\/www.grieta.org.mx\/index.php\/category\/noticias-nacionales\/baja-california\/"},"img":{"alt_text":"","src":"https:\/\/i0.wp.com\/www.grieta.org.mx\/wp-content\/uploads\/2019\/02\/m.jpeg?resize=350%2C200&ssl=1","width":350,"height":200,"srcset":"https:\/\/i0.wp.com\/www.grieta.org.mx\/wp-content\/uploads\/2019\/02\/m.jpeg?resize=350%2C200&ssl=1 1x, https:\/\/i0.wp.com\/www.grieta.org.mx\/wp-content\/uploads\/2019\/02\/m.jpeg?resize=525%2C300&ssl=1 1.5x, https:\/\/i0.wp.com\/www.grieta.org.mx\/wp-content\/uploads\/2019\/02\/m.jpeg?resize=700%2C400&ssl=1 2x"},"classes":[]},{"id":8700,"url":"https:\/\/www.grieta.org.mx\/index.php\/2016\/08\/31\/secuestro-de-migrantes-en-bc\/","url_meta":{"origin":56244,"position":1},"title":"Migrantes inundan Baja California","author":"grieta","date":"31 agosto, 2016","format":false,"excerpt":"31\/08\/16. Contin\u00faa llegada de migrantes extranjeros y mexicanos que buscan asilo en EU La Jornada Baja California 20\/08\/16. A la baja llegada de migrantes a BC que quieren asilo en EU El Sol de Puebla 10\/08\/16. Libera INM al grupo de migrantes detenidos en Mexicali La Jornada Baja California 10\/08\/16.\u2026","rel":"","context":"En &quot;Baja California&quot;","block_context":{"text":"Baja California","link":"https:\/\/www.grieta.org.mx\/index.php\/category\/noticias-nacionales\/baja-california\/"},"img":{"alt_text":"","src":"https:\/\/i0.wp.com\/www.grieta.org.mx\/wp-content\/uploads\/2018\/03\/14524434_1106112876131411_958039263622046936_o.jpg?resize=350%2C200&ssl=1","width":350,"height":200,"srcset":"https:\/\/i0.wp.com\/www.grieta.org.mx\/wp-content\/uploads\/2018\/03\/14524434_1106112876131411_958039263622046936_o.jpg?resize=350%2C200&ssl=1 1x, https:\/\/i0.wp.com\/www.grieta.org.mx\/wp-content\/uploads\/2018\/03\/14524434_1106112876131411_958039263622046936_o.jpg?resize=525%2C300&ssl=1 1.5x, https:\/\/i0.wp.com\/www.grieta.org.mx\/wp-content\/uploads\/2018\/03\/14524434_1106112876131411_958039263622046936_o.jpg?resize=700%2C400&ssl=1 2x"},"classes":[]},{"id":30787,"url":"https:\/\/www.grieta.org.mx\/index.php\/2019\/03\/14\/video-cruce-masivo-de-migrantes-hondurenos-por-playas-de-tijuana-sorprenden-a-autoridades-migratorias-de-eu-baja-california\/","url_meta":{"origin":56244,"position":2},"title":"Video: cruce masivo de migrantes hondure\u00f1os por Playas de Tijuana; Sorprenden a autoridades migratorias de EU (Baja California)","author":"grieta","date":"14 marzo, 2019","format":false,"excerpt":"Lindero Norte. Antonio Heras, Tijuana.- Desde Playas de Tijuana, 35 migrantes centroamericanos cruzaron el muro met\u00e1lico para ser detenidos en Ymperial Beach, California, por autoridades migratorias de Estados Unidos. Durante la tarde de este jueves, alrededor de las 18:15 horas, el grupo de ni\u00f1os, adolescentes y adultos se escabulleron entre\u2026","rel":"","context":"En &quot;Baja California&quot;","block_context":{"text":"Baja California","link":"https:\/\/www.grieta.org.mx\/index.php\/category\/noticias-nacionales\/baja-california\/"},"img":{"alt_text":"","src":"https:\/\/i0.wp.com\/www.grieta.org.mx\/wp-content\/uploads\/2018\/03\/14524434_1106112876131411_958039263622046936_o.jpg?resize=350%2C200&ssl=1","width":350,"height":200,"srcset":"https:\/\/i0.wp.com\/www.grieta.org.mx\/wp-content\/uploads\/2018\/03\/14524434_1106112876131411_958039263622046936_o.jpg?resize=350%2C200&ssl=1 1x, https:\/\/i0.wp.com\/www.grieta.org.mx\/wp-content\/uploads\/2018\/03\/14524434_1106112876131411_958039263622046936_o.jpg?resize=525%2C300&ssl=1 1.5x, https:\/\/i0.wp.com\/www.grieta.org.mx\/wp-content\/uploads\/2018\/03\/14524434_1106112876131411_958039263622046936_o.jpg?resize=700%2C400&ssl=1 2x"},"classes":[]},{"id":47974,"url":"https:\/\/www.grieta.org.mx\/index.php\/2020\/04\/11\/una-zona-de-guerra-hospitales-de-tijuana-abrumados-por-pacientes-con-coronavirus-baja-california\/","url_meta":{"origin":56244,"position":3},"title":"Una zona de guerra: hospitales de Tijuana abrumados por pacientes con coronavirus (Baja California)","author":"grieta","date":"11 abril, 2020","format":false,"excerpt":"Tomado de The San Diego Union-Tribune \/ Por Vanguardia Por WENDY FRY \/ ALEXANDRA MENDOZA","rel":"","context":"En &quot;CINTILLO&quot;","block_context":{"text":"CINTILLO","link":"https:\/\/www.grieta.org.mx\/index.php\/category\/cintillo\/"},"img":{"alt_text":"","src":"https:\/\/i0.wp.com\/www.grieta.org.mx\/wp-content\/uploads\/2018\/03\/14524434_1106112876131411_958039263622046936_o.jpg?resize=350%2C200&ssl=1","width":350,"height":200,"srcset":"https:\/\/i0.wp.com\/www.grieta.org.mx\/wp-content\/uploads\/2018\/03\/14524434_1106112876131411_958039263622046936_o.jpg?resize=350%2C200&ssl=1 1x, https:\/\/i0.wp.com\/www.grieta.org.mx\/wp-content\/uploads\/2018\/03\/14524434_1106112876131411_958039263622046936_o.jpg?resize=525%2C300&ssl=1 1.5x, https:\/\/i0.wp.com\/www.grieta.org.mx\/wp-content\/uploads\/2018\/03\/14524434_1106112876131411_958039263622046936_o.jpg?resize=700%2C400&ssl=1 2x"},"classes":[]},{"id":29718,"url":"https:\/\/www.grieta.org.mx\/index.php\/2019\/02\/25\/refuerzan-malla-fronteriza-baja-california\/","url_meta":{"origin":56244,"position":4},"title":"Refuerzan malla fronteriza (Baja California)","author":"grieta","date":"25 febrero, 2019","format":false,"excerpt":"Zeta Tijuana, Redacci\u00f3n ZETA, El lunes 18 de febrero iniciaron los trabajos para reemplazar 22 kil\u00f3metros de la malla secundaria en la frontera entre Tijuana y San Diego. Esta obra contempla 3 kil\u00f3metros adicionales de barrera met\u00e1lica en un \u00e1rea del Nido de las \u00c1guilas que no contaba con divisi\u00f3n.\u2026","rel":"","context":"En &quot;Baja California&quot;","block_context":{"text":"Baja California","link":"https:\/\/www.grieta.org.mx\/index.php\/category\/noticias-nacionales\/baja-california\/"},"img":{"alt_text":"","src":"https:\/\/i0.wp.com\/www.grieta.org.mx\/wp-content\/uploads\/2019\/02\/murofronterizodonaldtrump16b.jpg?resize=350%2C200&ssl=1","width":350,"height":200,"srcset":"https:\/\/i0.wp.com\/www.grieta.org.mx\/wp-content\/uploads\/2019\/02\/murofronterizodonaldtrump16b.jpg?resize=350%2C200&ssl=1 1x, https:\/\/i0.wp.com\/www.grieta.org.mx\/wp-content\/uploads\/2019\/02\/murofronterizodonaldtrump16b.jpg?resize=525%2C300&ssl=1 1.5x"},"classes":[]},{"id":30357,"url":"https:\/\/www.grieta.org.mx\/index.php\/2019\/03\/06\/arriba-grupo-de-400-migrantes-a-mexicali-38-son-ninos-baja-california\/","url_meta":{"origin":56244,"position":5},"title":"Arriba grupo de 400 migrantes a Mexicali; 38 son ni\u00f1os (Baja California)","author":"grieta","date":"6 marzo, 2019","format":false,"excerpt":"Zeta Tijuana. Eduardo Villa Lugo, Un grupo de alrededor de 400 centroamericanos arrib\u00f3 a Mexicali la madrugada de este mi\u00e9rcoles, confirm\u00f3 el director de Atenci\u00f3n a Migrantes, Gustavo Magallanes Cort\u00e9s. El funcionario indic\u00f3 que el grupo est\u00e1 conformado por 223 hombres, con 96 mujeres y un total de 38 ni\u00f1os,\u2026","rel":"","context":"En &quot;Baja California&quot;","block_context":{"text":"Baja California","link":"https:\/\/www.grieta.org.mx\/index.php\/category\/noticias-nacionales\/baja-california\/"},"img":{"alt_text":"","src":"https:\/\/i0.wp.com\/www.grieta.org.mx\/wp-content\/uploads\/2019\/03\/migrantes-4.jpg?resize=350%2C200&ssl=1","width":350,"height":200,"srcset":"https:\/\/i0.wp.com\/www.grieta.org.mx\/wp-content\/uploads\/2019\/03\/migrantes-4.jpg?resize=350%2C200&ssl=1 1x, https:\/\/i0.wp.com\/www.grieta.org.mx\/wp-content\/uploads\/2019\/03\/migrantes-4.jpg?resize=525%2C300&ssl=1 1.5x"},"classes":[]}],"_links":{"self":[{"href":"https:\/\/www.grieta.org.mx\/index.php\/wp-json\/wp\/v2\/posts\/56244","targetHints":{"allow":["GET"]}}],"collection":[{"href":"https:\/\/www.grieta.org.mx\/index.php\/wp-json\/wp\/v2\/posts"}],"about":[{"href":"https:\/\/www.grieta.org.mx\/index.php\/wp-json\/wp\/v2\/types\/post"}],"author":[{"embeddable":true,"href":"https:\/\/www.grieta.org.mx\/index.php\/wp-json\/wp\/v2\/users\/2"}],"replies":[{"embeddable":true,"href":"https:\/\/www.grieta.org.mx\/index.php\/wp-json\/wp\/v2\/comments?post=56244"}],"version-history":[{"count":1,"href":"https:\/\/www.grieta.org.mx\/index.php\/wp-json\/wp\/v2\/posts\/56244\/revisions"}],"predecessor-version":[{"id":56249,"href":"https:\/\/www.grieta.org.mx\/index.php\/wp-json\/wp\/v2\/posts\/56244\/revisions\/56249"}],"wp:featuredmedia":[{"embeddable":true,"href":"https:\/\/www.grieta.org.mx\/index.php\/wp-json\/wp\/v2\/media\/56245"}],"wp:attachment":[{"href":"https:\/\/www.grieta.org.mx\/index.php\/wp-json\/wp\/v2\/media?parent=56244"}],"wp:term":[{"taxonomy":"category","embeddable":true,"href":"https:\/\/www.grieta.org.mx\/index.php\/wp-json\/wp\/v2\/categories?post=56244"},{"taxonomy":"post_tag","embeddable":true,"href":"https:\/\/www.grieta.org.mx\/index.php\/wp-json\/wp\/v2\/tags?post=56244"}],"curies":[{"name":"wp","href":"https:\/\/api.w.org\/{rel}","templated":true}]}}