{"id":56188,"date":"2021-01-02T16:05:07","date_gmt":"2021-01-02T22:05:07","guid":{"rendered":"http:\/\/www.grieta.org.mx\/?p=56188"},"modified":"2021-01-09T16:10:15","modified_gmt":"2021-01-09T22:10:15","slug":"vulnera-droga-a-ninos-en-zona-rural-de-colima","status":"publish","type":"post","link":"https:\/\/www.grieta.org.mx\/index.php\/2021\/01\/02\/vulnera-droga-a-ninos-en-zona-rural-de-colima\/","title":{"rendered":"Vulnera droga a ni\u00f1os en zona rural de Colima"},"content":{"rendered":"<p><img loading=\"lazy\" decoding=\"async\" data-attachment-id=\"56189\" data-permalink=\"https:\/\/www.grieta.org.mx\/index.php\/2021\/01\/02\/vulnera-droga-a-ninos-en-zona-rural-de-colima\/metanfetaminacristal\/\" data-orig-file=\"https:\/\/www.grieta.org.mx\/wp-content\/uploads\/2021\/01\/metanfetaminacristal.jpg\" data-orig-size=\"777,437\" data-comments-opened=\"0\" data-image-meta=\"{&quot;aperture&quot;:&quot;0&quot;,&quot;credit&quot;:&quot;&quot;,&quot;camera&quot;:&quot;&quot;,&quot;caption&quot;:&quot;&quot;,&quot;created_timestamp&quot;:&quot;0&quot;,&quot;copyright&quot;:&quot;&quot;,&quot;focal_length&quot;:&quot;0&quot;,&quot;iso&quot;:&quot;0&quot;,&quot;shutter_speed&quot;:&quot;0&quot;,&quot;title&quot;:&quot;&quot;,&quot;orientation&quot;:&quot;0&quot;}\" data-image-title=\"metanfetaminacristal\" data-image-description=\"\" data-image-caption=\"\" data-medium-file=\"https:\/\/www.grieta.org.mx\/wp-content\/uploads\/2021\/01\/metanfetaminacristal-300x169.jpg\" data-large-file=\"https:\/\/www.grieta.org.mx\/wp-content\/uploads\/2021\/01\/metanfetaminacristal.jpg\" class=\" wp-image-56189 aligncenter\" src=\"http:\/\/www.grieta.org.mx\/wp-content\/uploads\/2021\/01\/metanfetaminacristal.jpg\" alt=\"\" width=\"800\" height=\"449\" srcset=\"https:\/\/www.grieta.org.mx\/wp-content\/uploads\/2021\/01\/metanfetaminacristal.jpg 777w, https:\/\/www.grieta.org.mx\/wp-content\/uploads\/2021\/01\/metanfetaminacristal-300x169.jpg 300w, https:\/\/www.grieta.org.mx\/wp-content\/uploads\/2021\/01\/metanfetaminacristal-768x432.jpg 768w\" sizes=\"auto, (max-width: 800px) 100vw, 800px\" \/><\/p>\n<p>Foto: Especial<\/p>\n<p>Carlos Rafael Mart\u00ednez Vald\u00e9s \/El Noticiero de Colima<\/p>\n<p><span class=\"wpsdc-drop-cap\">L<\/span>a situaci\u00f3n en la zona norte y rural del municipio de Comala ha alcanzado niveles alarmantes, ya que se ha detectado que alumnos de secundaria han empezado a consumir drogas<br \/>\nduras como la llamada \u201ccristal\u201d o \u201cfoco\u201d, seg\u00fan datos proporcionados por la coordinaci\u00f3n de prevenci\u00f3n del delito del municipio de Comala.<\/p>\n<p>No solo eso, adem\u00e1s se ha detectado que a un promedio de entre 15 y 20 alumnos por cada secundaria se les ha encontrado sustancias il\u00edcitas durante las operaciones mochilas que se llevaron a cabo en coordinaci\u00f3n con las asociaciones de padres de familia, con el fin de llegar sorpresivamente y que los alumnos no alcancen a esconder lo que traigan, esto antes de que se suspendieran las clases presenciales por la pandemia.<\/p>\n<p>Con ello se ha establecido que el \u00edndice de iniciaci\u00f3n en el consumo de drogas oscila entre los 12 y 15 a\u00f1os de edad, ni\u00f1os y adolescentes de esta zona rural, que principalmente consumen marihuana pero que tambi\u00e9n han experimentado con drogas m\u00e1s fuertes.<\/p>\n<p>Suchitl\u00e1n es la comunidad que m\u00e1s atenci\u00f3n necesita, as\u00ed como la colonia Cuauht\u00e9moc, donde se est\u00e1n realizando acciones para disminuir el consumo de drogas y los \u00edndices delictivos.<\/p>\n<p><a href=\"https:\/\/elnoticieroenlinea.com\/vulnera-droga-a-ninos-en-zona-rural-de-colima\/\">https:\/\/elnoticieroenlinea.com\/vulnera-droga-a-ninos-en-zona-rural-de-colima\/<\/a><\/p>\n","protected":false},"excerpt":{"rendered":"<p>Foto: Especial Carlos Rafael Mart\u00ednez Vald\u00e9s \/El Noticiero de Colima La situaci\u00f3n en la zona norte y rural del municipio de Comala ha alcanzado niveles alarmantes, ya que se ha &hellip; <a href=\"https:\/\/www.grieta.org.mx\/index.php\/2021\/01\/02\/vulnera-droga-a-ninos-en-zona-rural-de-colima\/\" class=\"more-link\">Leer m\u00e1s<\/a><\/p>\n","protected":false},"author":2,"featured_media":21928,"comment_status":"closed","ping_status":"closed","sticky":false,"template":"","format":"standard","meta":{"ngg_post_thumbnail":0,"_jetpack_newsletter_access":"","_jetpack_dont_email_post_to_subs":false,"_jetpack_newsletter_tier_id":0,"_jetpack_memberships_contains_paywalled_content":false,"_jetpack_memberships_contains_paid_content":false,"footnotes":""},"categories":[80,13,1827,3112,2,83],"tags":[3776,3065],"class_list":["post-56188","post","type-post","status-publish","format-standard","has-post-thumbnail","hentry","category-cintillo","category-colima","category-la-ninez-en-la-tormenta-capitalista","category-la-ninez-en-la-tormenta-en-colima","category-noticias-nacionales","category-temas-nacionales","tag-la-ninez-en-la-tormenta-capitalista","tag-violencia-contra-la-ninez","entry"],"jetpack_featured_media_url":"https:\/\/www.grieta.org.mx\/wp-content\/uploads\/2018\/03\/14524434_1106112876131411_958039263622046936_o.jpg","jetpack_sharing_enabled":true,"jetpack_shortlink":"https:\/\/wp.me\/p7ZJR4-eCg","jetpack_likes_enabled":false,"jetpack-related-posts":[{"id":50332,"url":"https:\/\/www.grieta.org.mx\/index.php\/2020\/06\/02\/aumenta-durante-la-contingencia-el-reporte-de-violencia-contra-menores-colima\/","url_meta":{"origin":56188,"position":0},"title":"Aumenta durante la contingencia el reporte de violencia contra menores (Colima)","author":"grieta","date":"2 junio, 2020","format":false,"excerpt":"Foto: El Comentario Francis Bravo \/ El Comentario De acuerdo con la procuradora de Protecci\u00f3n de Ni\u00f1as, Ni\u00f1os y Adolescentes en el municipio de Colima, Mar\u00eda Guadalupe Garc\u00eda V\u00e1zquez, al igual que en el caso de las mujeres, durante el\u00a0confinamiento por la pandemia\u00a0del Covid-19 la\u00a0violencia contra los menores tambi\u00e9n aument\u00f3.\u2026","rel":"","context":"En &quot;CINTILLO&quot;","block_context":{"text":"CINTILLO","link":"https:\/\/www.grieta.org.mx\/index.php\/category\/cintillo\/"},"img":{"alt_text":"","src":"https:\/\/i0.wp.com\/www.grieta.org.mx\/wp-content\/uploads\/2020\/06\/9eeb27bf0df6ed552eba21a30d4a5109.jpg?resize=350%2C200&ssl=1","width":350,"height":200,"srcset":"https:\/\/i0.wp.com\/www.grieta.org.mx\/wp-content\/uploads\/2020\/06\/9eeb27bf0df6ed552eba21a30d4a5109.jpg?resize=350%2C200&ssl=1 1x, https:\/\/i0.wp.com\/www.grieta.org.mx\/wp-content\/uploads\/2020\/06\/9eeb27bf0df6ed552eba21a30d4a5109.jpg?resize=525%2C300&ssl=1 1.5x, https:\/\/i0.wp.com\/www.grieta.org.mx\/wp-content\/uploads\/2020\/06\/9eeb27bf0df6ed552eba21a30d4a5109.jpg?resize=700%2C400&ssl=1 2x, https:\/\/i0.wp.com\/www.grieta.org.mx\/wp-content\/uploads\/2020\/06\/9eeb27bf0df6ed552eba21a30d4a5109.jpg?resize=1050%2C600&ssl=1 3x"},"classes":[]},{"id":71623,"url":"https:\/\/www.grieta.org.mx\/index.php\/2025\/04\/30\/dia-del-nino-en-colima-mas-balas-que-juegos\/","url_meta":{"origin":56188,"position":1},"title":"D\u00eda del Ni\u00f1o en Colima: m\u00e1s balas que juegos","author":"grieta","date":"30 abril, 2025","format":false,"excerpt":"Imagen: Diario Avanzada Heidi de Le\u00f3n Guti\u00e9rrez \/ Diario Avanzada Colima, M\u00e9xico, Avanzada (30\/04\/2025).- En el marco de la celebraci\u00f3n del D\u00eda del Ni\u00f1o, Colima no tiene mucho que festejar. Las infancias en la entidad enfrentan \u00a0la violencia, el crimen organizado y la desaparici\u00f3n. Los hechos anteriores se han convertido\u2026","rel":"","context":"En &quot;CINTILLO&quot;","block_context":{"text":"CINTILLO","link":"https:\/\/www.grieta.org.mx\/index.php\/category\/cintillo\/"},"img":{"alt_text":"","src":"https:\/\/i0.wp.com\/www.grieta.org.mx\/wp-content\/uploads\/2025\/05\/35f04a10-6e20-4b56-93db-5e43b3ac4158-1.png?resize=350%2C200&ssl=1","width":350,"height":200,"srcset":"https:\/\/i0.wp.com\/www.grieta.org.mx\/wp-content\/uploads\/2025\/05\/35f04a10-6e20-4b56-93db-5e43b3ac4158-1.png?resize=350%2C200&ssl=1 1x, https:\/\/i0.wp.com\/www.grieta.org.mx\/wp-content\/uploads\/2025\/05\/35f04a10-6e20-4b56-93db-5e43b3ac4158-1.png?resize=525%2C300&ssl=1 1.5x, https:\/\/i0.wp.com\/www.grieta.org.mx\/wp-content\/uploads\/2025\/05\/35f04a10-6e20-4b56-93db-5e43b3ac4158-1.png?resize=700%2C400&ssl=1 2x"},"classes":[]},{"id":46140,"url":"https:\/\/www.grieta.org.mx\/index.php\/2020\/03\/11\/alumnas-de-secundaria-enrique-corona-morfin-se-manifiestan-y-denuncian-acoso-sexual\/","url_meta":{"origin":56188,"position":2},"title":"Alumnas de secundaria Enrique Corona Morf\u00edn se manifiestan y denuncian acoso sexual (Colima)","author":"grieta","date":"11 marzo, 2020","format":false,"excerpt":"Foto: Ilustrativa Acusan a dos maestros de ver la ropa interior de las estudiantes, as\u00ed como tambi\u00e9n tomarles fotograf\u00edas Oscar Cervantes \/ Colima Noticias Colima, Col.-\u00a0 La ma\u00f1ana de este mi\u00e9rcoles, alumnas de la secundaria Federal Enrique Corona Morf\u00edn, se manifestaron en el plantel con pancartas y consignas para denunciar\u2026","rel":"","context":"En &quot;CINTILLO&quot;","block_context":{"text":"CINTILLO","link":"https:\/\/www.grieta.org.mx\/index.php\/category\/cintillo\/"},"img":{"alt_text":"","src":"https:\/\/i0.wp.com\/www.grieta.org.mx\/wp-content\/uploads\/2020\/03\/Nota-6.jpeg?resize=350%2C200&ssl=1","width":350,"height":200},"classes":[]},{"id":68332,"url":"https:\/\/www.grieta.org.mx\/index.php\/2024\/01\/10\/colima-registra-213-menores-desaparecidos\/","url_meta":{"origin":56188,"position":3},"title":"Colima registra 213 menores desaparecidos","author":"grieta","date":"10 enero, 2024","format":false,"excerpt":"*En la fotograf\u00eda: Kelsy Naomi, desapareci\u00f3 en mayo de 20219 en Tecom\u00e1n. Heidi de Le\u00f3n Gutierrez \/ DIario Avanzada Colima, M\u00e9xico, Avanzada (10\/01\/2024).- La violencia que afecta al estado no distingue edad ni g\u00e9nero. En la entidad existen 213 menores en calidad de desaparecidos o no localizados. Entre los menores\u2026","rel":"","context":"En &quot;Colima&quot;","block_context":{"text":"Colima","link":"https:\/\/www.grieta.org.mx\/index.php\/category\/noticias-nacionales\/colima\/"},"img":{"alt_text":"","src":"https:\/\/i0.wp.com\/www.grieta.org.mx\/wp-content\/uploads\/2024\/01\/Kelsy-Naomi.png?resize=350%2C200&ssl=1","width":350,"height":200,"srcset":"https:\/\/i0.wp.com\/www.grieta.org.mx\/wp-content\/uploads\/2024\/01\/Kelsy-Naomi.png?resize=350%2C200&ssl=1 1x, https:\/\/i0.wp.com\/www.grieta.org.mx\/wp-content\/uploads\/2024\/01\/Kelsy-Naomi.png?resize=525%2C300&ssl=1 1.5x"},"classes":[]},{"id":69557,"url":"https:\/\/www.grieta.org.mx\/index.php\/2024\/08\/28\/colima-ocupa-el-sexto-lugar-en-corrupcion-de-menores\/","url_meta":{"origin":56188,"position":4},"title":"Colima ocupa el sexto lugar en corrupci\u00f3n de menores","author":"grieta","date":"28 agosto, 2024","format":false,"excerpt":"Imagen: Diario Avanzada Heidi de Le\u00f3n Guti\u00e9rrez \/ Diario Avanzada Colima, M\u00e9xico, Avanzada (28\/08\/2024).- Colima se encuentra en el sexto lugar a nivel nacional en casos de corrupci\u00f3n de menores, un delito que ha cobrado relevancia en la entidad. Este a\u00f1o, se han registrado 13 casos, lo que coloca a\u2026","rel":"","context":"En &quot;CINTILLO&quot;","block_context":{"text":"CINTILLO","link":"https:\/\/www.grieta.org.mx\/index.php\/category\/cintillo\/"},"img":{"alt_text":"","src":"https:\/\/i0.wp.com\/www.grieta.org.mx\/wp-content\/uploads\/2024\/09\/aaa-21.jpg?resize=350%2C200&ssl=1","width":350,"height":200,"srcset":"https:\/\/i0.wp.com\/www.grieta.org.mx\/wp-content\/uploads\/2024\/09\/aaa-21.jpg?resize=350%2C200&ssl=1 1x, https:\/\/i0.wp.com\/www.grieta.org.mx\/wp-content\/uploads\/2024\/09\/aaa-21.jpg?resize=525%2C300&ssl=1 1.5x, https:\/\/i0.wp.com\/www.grieta.org.mx\/wp-content\/uploads\/2024\/09\/aaa-21.jpg?resize=700%2C400&ssl=1 2x"},"classes":[]},{"id":57840,"url":"https:\/\/www.grieta.org.mx\/index.php\/2021\/03\/16\/hay-399-mujeres-desaparecidas-en-colima-segun-el-fiscal-ninguna-es-por-trata\/","url_meta":{"origin":56188,"position":5},"title":"Hay 399 mujeres desaparecidas en Colima, seg\u00fan el Fiscal ninguna es por trata","author":"grieta","date":"16 marzo, 2021","format":false,"excerpt":"Imagen: Diario Avanzada Heidi de Le\u00f3n Guti\u00e9rrez \/ Diario Avanzada Colima, M\u00e9xico, Avanzada (16\/03\/2021).- En el estado de Colima existen 399 mujeres desaparecidas, de las cuales 105 son adolescentes o menores de edad, seg\u00fan los datos m\u00e1s actualizados con los que cuenta la secretar\u00eda de Gobernaci\u00f3n. La cifra anterior se\u2026","rel":"","context":"En &quot;CINTILLO&quot;","block_context":{"text":"CINTILLO","link":"https:\/\/www.grieta.org.mx\/index.php\/category\/cintillo\/"},"img":{"alt_text":"","src":"https:\/\/i0.wp.com\/www.grieta.org.mx\/wp-content\/uploads\/2021\/03\/159821306_436976120888799_9136011263406433812_n.jpg?resize=350%2C200&ssl=1","width":350,"height":200,"srcset":"https:\/\/i0.wp.com\/www.grieta.org.mx\/wp-content\/uploads\/2021\/03\/159821306_436976120888799_9136011263406433812_n.jpg?resize=350%2C200&ssl=1 1x, https:\/\/i0.wp.com\/www.grieta.org.mx\/wp-content\/uploads\/2021\/03\/159821306_436976120888799_9136011263406433812_n.jpg?resize=525%2C300&ssl=1 1.5x, https:\/\/i0.wp.com\/www.grieta.org.mx\/wp-content\/uploads\/2021\/03\/159821306_436976120888799_9136011263406433812_n.jpg?resize=700%2C400&ssl=1 2x, https:\/\/i0.wp.com\/www.grieta.org.mx\/wp-content\/uploads\/2021\/03\/159821306_436976120888799_9136011263406433812_n.jpg?resize=1050%2C600&ssl=1 3x"},"classes":[]}],"_links":{"self":[{"href":"https:\/\/www.grieta.org.mx\/index.php\/wp-json\/wp\/v2\/posts\/56188","targetHints":{"allow":["GET"]}}],"collection":[{"href":"https:\/\/www.grieta.org.mx\/index.php\/wp-json\/wp\/v2\/posts"}],"about":[{"href":"https:\/\/www.grieta.org.mx\/index.php\/wp-json\/wp\/v2\/types\/post"}],"author":[{"embeddable":true,"href":"https:\/\/www.grieta.org.mx\/index.php\/wp-json\/wp\/v2\/users\/2"}],"replies":[{"embeddable":true,"href":"https:\/\/www.grieta.org.mx\/index.php\/wp-json\/wp\/v2\/comments?post=56188"}],"version-history":[{"count":1,"href":"https:\/\/www.grieta.org.mx\/index.php\/wp-json\/wp\/v2\/posts\/56188\/revisions"}],"predecessor-version":[{"id":56190,"href":"https:\/\/www.grieta.org.mx\/index.php\/wp-json\/wp\/v2\/posts\/56188\/revisions\/56190"}],"wp:featuredmedia":[{"embeddable":true,"href":"https:\/\/www.grieta.org.mx\/index.php\/wp-json\/wp\/v2\/media\/21928"}],"wp:attachment":[{"href":"https:\/\/www.grieta.org.mx\/index.php\/wp-json\/wp\/v2\/media?parent=56188"}],"wp:term":[{"taxonomy":"category","embeddable":true,"href":"https:\/\/www.grieta.org.mx\/index.php\/wp-json\/wp\/v2\/categories?post=56188"},{"taxonomy":"post_tag","embeddable":true,"href":"https:\/\/www.grieta.org.mx\/index.php\/wp-json\/wp\/v2\/tags?post=56188"}],"curies":[{"name":"wp","href":"https:\/\/api.w.org\/{rel}","templated":true}]}}