{"id":56185,"date":"2021-01-05T15:56:43","date_gmt":"2021-01-05T21:56:43","guid":{"rendered":"http:\/\/www.grieta.org.mx\/?p=56185"},"modified":"2021-01-09T16:03:17","modified_gmt":"2021-01-09T22:03:17","slug":"localiza-colima-solo-a-20-de-desaparecidos","status":"publish","type":"post","link":"https:\/\/www.grieta.org.mx\/index.php\/2021\/01\/05\/localiza-colima-solo-a-20-de-desaparecidos\/","title":{"rendered":"Localiza Colima s\u00f3lo a 20% de desaparecidos"},"content":{"rendered":"<p>&nbsp;<\/p>\n<p><img loading=\"lazy\" decoding=\"async\" data-attachment-id=\"56186\" data-permalink=\"https:\/\/www.grieta.org.mx\/index.php\/2021\/01\/05\/localiza-colima-solo-a-20-de-desaparecidos\/localiza-colima-solo-a-20-de-desaparecidos0\/\" data-orig-file=\"https:\/\/www.grieta.org.mx\/wp-content\/uploads\/2021\/01\/Localiza-Colima-so\u0301lo-a-20-de-desaparecidos0.jpeg\" data-orig-size=\"620,291\" data-comments-opened=\"0\" data-image-meta=\"{&quot;aperture&quot;:&quot;0&quot;,&quot;credit&quot;:&quot;&quot;,&quot;camera&quot;:&quot;&quot;,&quot;caption&quot;:&quot;&quot;,&quot;created_timestamp&quot;:&quot;0&quot;,&quot;copyright&quot;:&quot;&quot;,&quot;focal_length&quot;:&quot;0&quot;,&quot;iso&quot;:&quot;0&quot;,&quot;shutter_speed&quot;:&quot;0&quot;,&quot;title&quot;:&quot;&quot;,&quot;orientation&quot;:&quot;0&quot;}\" data-image-title=\"Localiza-Colima-so\u0301lo-a-20-de-desaparecidos0\" data-image-description=\"\" data-image-caption=\"\" data-medium-file=\"https:\/\/www.grieta.org.mx\/wp-content\/uploads\/2021\/01\/Localiza-Colima-so\u0301lo-a-20-de-desaparecidos0-300x141.jpeg\" data-large-file=\"https:\/\/www.grieta.org.mx\/wp-content\/uploads\/2021\/01\/Localiza-Colima-so\u0301lo-a-20-de-desaparecidos0.jpeg\" class=\" wp-image-56186 aligncenter\" src=\"http:\/\/www.grieta.org.mx\/wp-content\/uploads\/2021\/01\/Localiza-Colima-so\u0301lo-a-20-de-desaparecidos0.jpeg\" alt=\"\" width=\"799\" height=\"375\" srcset=\"https:\/\/www.grieta.org.mx\/wp-content\/uploads\/2021\/01\/Localiza-Colima-so\u0301lo-a-20-de-desaparecidos0.jpeg 620w, https:\/\/www.grieta.org.mx\/wp-content\/uploads\/2021\/01\/Localiza-Colima-so\u0301lo-a-20-de-desaparecidos0-300x141.jpeg 300w\" sizes=\"auto, (max-width: 799px) 100vw, 799px\" \/><\/p>\n<p>Imagen: Colima Noticias<\/p>\n<p><strong><em>Tecom\u00e1n concentra la mayor\u00eda de casos y es el municipio con el mayor n\u00famero de fosas clandestinas en el pa\u00eds; acapara 75 por ciento de ausencias reportadas en la entidad.<\/em><\/strong><\/p>\n<p>Alfredo Aquiles \/ Colima Noticias<\/p>\n<p>Colima, Col.-\u00a0\u00a0Desde el a\u00f1o 2000 y hasta el 30 de diciembre de 2020, de 467 personas desaparecidas en Colima, s\u00f3lo aparecieron 94 v\u00edctimas, es decir, apenas 20 por ciento de los registros, de acuerdo con la Fiscal\u00eda General del Estado (FGE).<\/p>\n<p>De acuerdo con una revisi\u00f3n de datos de la FGE, Tecom\u00e1n es el municipio que concentra 75 por ciento de ausencias reportadas en la entidad, adem\u00e1s porque fue ah\u00ed donde autoridades hallaron dos fosas clandestinas en agosto y noviembre pasados, con 22 y 11 cuerpos de desaparecidos en cada una, seg\u00fan se\u00f1ala una investigaci\u00f3n realizada por el peri\u00f3dico La Raz\u00f3n.<\/p>\n<p>La informaci\u00f3n de la FGE da cuenta de 84 personas desaparecidas durante 2020 en Colima, de ellas, 63 fueron vistas por \u00faltima vez en Tecom\u00e1n y sitios cercanos a esa demarcaci\u00f3n, como el poblado de Madrid y el Cerro de Ortega, donde fueron localizadas las referidas fosas clandestinas.<\/p>\n<p>En cuanto a las personas localizadas cuya fecha de reporte fue el a\u00f1o pasado apenas se contabilizan cinco, todos hombres: tres en abril y dos m\u00e1s en marzo de 2020; es decir, 5.9 por ciento del total.<\/p>\n<p><strong>CIFRA NEGRA<\/strong><\/p>\n<p>Carmen Sep\u00falveda, presidenta del colectivo de b\u00fasqueda de personas Red de Desaparecidos de Colima, explic\u00f3 a este medio que aunque es cierto que la mayor\u00eda de casos se concentra en Tecom\u00e1n, no quiere decir que en el resto de la entidad este problema sea menor, pues hay una cifra negra importante.<\/p>\n<p>\u201cLamentablemente en el municipio de Tecom\u00e1n son varias personas, ah\u00ed se multiplican m\u00e1s las desapariciones, pero el problema tambi\u00e9n es que no todos los casos se denuncian\u201d en el estado, por lo que los datos oficiales podr\u00edan no coincidir con la realidad.<\/p>\n<p>La falta de informaci\u00f3n ha llevado al colectivo de b\u00fasqueda de personas a emitir una queja ante la Comisi\u00f3n de Derechos Humanos del Estado y a pedir la destituci\u00f3n de la comisionada de B\u00fasqueda de Colima, Rosa Evelia P\u00e9rez Valdivia.<\/p>\n<p>La activista explic\u00f3 que no tienen un recuento de la cantidad de personas desaparecidas para el final del a\u00f1o; sin embargo, asegur\u00f3 que \u00e9sta ha ido en aumento.<\/p>\n<p>S\u00f3lo del 1 de diciembre de 2018 al 24 de noviembre de 2020, la Comisi\u00f3n Nacional de B\u00fasqueda de Personas dio cuenta de 97 fosas clandestinas en Tecom\u00e1n \u2014el sitio con mayor cantidad del pa\u00eds\u2014, de las que se exhumaron 164 cuerpos.<\/p>\n<p>Otro de los municipios con gran cantidad de fosas localizadas en ese periodo fue Manzanillo, 33 en menos de dos a\u00f1os.<\/p>\n<p>Estas desapariciones ocurren en una entidad que ha sido disputada por los c\u00e1rteles Jalisco Nueva Generaci\u00f3n y el de Sinaloa. Adem\u00e1s, en el puerto de Manzanillo se localiza una de las principales aduanas del pa\u00eds, que tambi\u00e9n es uno de los principales puntos de introducci\u00f3n ilegal de precursores qu\u00edmicos, \u00fatiles para la producci\u00f3n de drogas sint\u00e9ticas.<\/p>\n<p><a href=\"https:\/\/www.colimanoticias.com\/localiza-colima-solo-a-20-de-desaparecidos\">https:\/\/www.colimanoticias.com\/localiza-colima-solo-a-20-de-desaparecidos<\/a>\/<\/p>\n<p>&nbsp;<\/p>\n","protected":false},"excerpt":{"rendered":"<p>&nbsp; Imagen: Colima Noticias Tecom\u00e1n concentra la mayor\u00eda de casos y es el municipio con el mayor n\u00famero de fosas clandestinas en el pa\u00eds; acapara 75 por ciento de ausencias &hellip; <a href=\"https:\/\/www.grieta.org.mx\/index.php\/2021\/01\/05\/localiza-colima-solo-a-20-de-desaparecidos\/\" class=\"more-link\">Leer m\u00e1s<\/a><\/p>\n","protected":false},"author":2,"featured_media":56186,"comment_status":"closed","ping_status":"closed","sticky":false,"template":"","format":"standard","meta":{"ngg_post_thumbnail":0,"_jetpack_newsletter_access":"","_jetpack_dont_email_post_to_subs":false,"_jetpack_newsletter_tier_id":0,"_jetpack_memberships_contains_paywalled_content":false,"_jetpack_memberships_contains_paid_content":false,"footnotes":""},"categories":[80,13,87,1829,2,83],"tags":[1828,121,2207,3775],"class_list":["post-56185","post","type-post","status-publish","format-standard","has-post-thumbnail","hentry","category-cintillo","category-colima","category-desaparecidos","category-desaparecidos-en-colima","category-noticias-nacionales","category-temas-nacionales","tag-busqueda-de-desaparecidos","tag-desaparecidos","tag-desaparecidos-en-colima","tag-estadisticas-de-desaparecidos","entry"],"jetpack_featured_media_url":"https:\/\/www.grieta.org.mx\/wp-content\/uploads\/2021\/01\/Localiza-Colima-so\u0301lo-a-20-de-desaparecidos0.jpeg","jetpack_sharing_enabled":true,"jetpack_shortlink":"https:\/\/wp.me\/p7ZJR4-eCd","jetpack_likes_enabled":false,"jetpack-related-posts":[{"id":52730,"url":"https:\/\/www.grieta.org.mx\/index.php\/2020\/08\/15\/otra-masacre-suman-31-cadaveres-encontrados-en-una-limonera-en-tecoman-colima\/","url_meta":{"origin":56185,"position":0},"title":"Otra masacre, suman 31 cad\u00e1veres encontrados en una limonera en Tecom\u00e1n (Colima)","author":"grieta","date":"15 agosto, 2020","format":false,"excerpt":"Foto: Diario Avanzada Redacci\u00f3n \/ Diario Avanzada TLANESI, Col.- Con un total de 31 cad\u00e1veres exhumados, concluy\u00f3 la b\u00fasqueda en fosas clandestinas localizadas en el municipio de Tecom\u00e1n, inform\u00f3 el portal de noticias de la revista Proceso. Aunque el pasado martes 11 la Fiscal\u00eda General del Estado (FGE) dio a\u2026","rel":"","context":"En &quot;CINTILLO&quot;","block_context":{"text":"CINTILLO","link":"https:\/\/www.grieta.org.mx\/index.php\/category\/cintillo\/"},"img":{"alt_text":"","src":"https:\/\/i0.wp.com\/www.grieta.org.mx\/wp-content\/uploads\/2020\/08\/Fosas-Clandestinas-1.jpg?resize=350%2C200&ssl=1","width":350,"height":200,"srcset":"https:\/\/i0.wp.com\/www.grieta.org.mx\/wp-content\/uploads\/2020\/08\/Fosas-Clandestinas-1.jpg?resize=350%2C200&ssl=1 1x, https:\/\/i0.wp.com\/www.grieta.org.mx\/wp-content\/uploads\/2020\/08\/Fosas-Clandestinas-1.jpg?resize=525%2C300&ssl=1 1.5x, https:\/\/i0.wp.com\/www.grieta.org.mx\/wp-content\/uploads\/2020\/08\/Fosas-Clandestinas-1.jpg?resize=700%2C400&ssl=1 2x"},"classes":[]},{"id":66880,"url":"https:\/\/www.grieta.org.mx\/index.php\/2023\/04\/29\/tecoman-el-municipio-con-mas-fosas-clandestinas-colima\/","url_meta":{"origin":56185,"position":1},"title":"Tecom\u00e1n, el municipio con m\u00e1s fosas clandestinas (Colima)","author":"grieta","date":"29 abril, 2023","format":false,"excerpt":"Imagen: El Comentario de Colima Con el reciente hallazgo anunciado por la Fiscal\u00eda General del Estado (FGE), de\u00a010 fosas clandestinas\u00a0encontradas en la comunidad de Cerro de Ortega en el municipio de Tecom\u00e1n, donde fueron exhumados 26 restos \u00f3seos y la entidad suma 29\u00a0fosas clandestinas\u00a0encontradas y 44 cad\u00e1veres y un resto\u2026","rel":"","context":"En &quot;CINTILLO&quot;","block_context":{"text":"CINTILLO","link":"https:\/\/www.grieta.org.mx\/index.php\/category\/cintillo\/"},"img":{"alt_text":"","src":"https:\/\/i0.wp.com\/www.grieta.org.mx\/wp-content\/uploads\/2023\/04\/LOCAL-6-3-780x470-1.jpg?resize=350%2C200&ssl=1","width":350,"height":200,"srcset":"https:\/\/i0.wp.com\/www.grieta.org.mx\/wp-content\/uploads\/2023\/04\/LOCAL-6-3-780x470-1.jpg?resize=350%2C200&ssl=1 1x, https:\/\/i0.wp.com\/www.grieta.org.mx\/wp-content\/uploads\/2023\/04\/LOCAL-6-3-780x470-1.jpg?resize=525%2C300&ssl=1 1.5x, https:\/\/i0.wp.com\/www.grieta.org.mx\/wp-content\/uploads\/2023\/04\/LOCAL-6-3-780x470-1.jpg?resize=700%2C400&ssl=1 2x"},"classes":[]},{"id":60405,"url":"https:\/\/www.grieta.org.mx\/index.php\/2021\/07\/09\/encontraron-188-cadaveres-en-fosas-clandestinas-en-tecoman-en-tres-anos-colima\/","url_meta":{"origin":56185,"position":2},"title":"Encontraron 188 cad\u00e1veres en fosas clandestinas en Tecom\u00e1n en tres a\u00f1os (Colima)","author":"grieta","date":"9 julio, 2021","format":false,"excerpt":"Foto: Diario Avanzada Heidi de Le\u00f3n Guti\u00e9rrez \/ Diario Avanzada Colima, M\u00e9xico, Avanzada (09\/07\/2021).- Los municipios que concentran el mayor n\u00famero de cuerpos encontrados en fosas clandestinas en el periodo de diciembre de 2018 \u2013 junio de 2021, se encuentran en los estados de Jalisco, Colima, Sinaloa, Guanajuato y Sonora.\u2026","rel":"","context":"En &quot;CINTILLO&quot;","block_context":{"text":"CINTILLO","link":"https:\/\/www.grieta.org.mx\/index.php\/category\/cintillo\/"},"img":{"alt_text":"","src":"https:\/\/i0.wp.com\/www.grieta.org.mx\/wp-content\/uploads\/2021\/07\/Fosas-Clandestinas.jpg?resize=350%2C200&ssl=1","width":350,"height":200,"srcset":"https:\/\/i0.wp.com\/www.grieta.org.mx\/wp-content\/uploads\/2021\/07\/Fosas-Clandestinas.jpg?resize=350%2C200&ssl=1 1x, https:\/\/i0.wp.com\/www.grieta.org.mx\/wp-content\/uploads\/2021\/07\/Fosas-Clandestinas.jpg?resize=525%2C300&ssl=1 1.5x, https:\/\/i0.wp.com\/www.grieta.org.mx\/wp-content\/uploads\/2021\/07\/Fosas-Clandestinas.jpg?resize=700%2C400&ssl=1 2x"},"classes":[]},{"id":65142,"url":"https:\/\/www.grieta.org.mx\/index.php\/2022\/09\/05\/tecoman-el-municipio-con-mas-fosas-clandestinas-en-el-pais-colima\/","url_meta":{"origin":56185,"position":3},"title":"Tecom\u00e1n, el municipio con m\u00e1s fosas clandestinas en el pa\u00eds (Colima)","author":"grieta","date":"5 septiembre, 2022","format":false,"excerpt":"Imagen: Diario Avanzada Redacci\u00f3n \/ Diario Avanzada Colima, M\u00e9xico, Avanzada (05\/09\/2022).- Este fin de semana, la Fiscal\u00eda General del Estado reconoci\u00f3 la localizaci\u00f3n de seis cuerpos sin vida y restos humanos en fosas clandestinas en la comunidad de Caleras,\u00a0en el municipio de Tecom\u00e1n. Unos meses antes,\u00a0en Tecolapa, en el mismo\u2026","rel":"","context":"En &quot;CINTILLO&quot;","block_context":{"text":"CINTILLO","link":"https:\/\/www.grieta.org.mx\/index.php\/category\/cintillo\/"},"img":{"alt_text":"","src":"https:\/\/i0.wp.com\/www.grieta.org.mx\/wp-content\/uploads\/2022\/09\/Fosas-Clandestinas.jpg?resize=350%2C200&ssl=1","width":350,"height":200,"srcset":"https:\/\/i0.wp.com\/www.grieta.org.mx\/wp-content\/uploads\/2022\/09\/Fosas-Clandestinas.jpg?resize=350%2C200&ssl=1 1x, https:\/\/i0.wp.com\/www.grieta.org.mx\/wp-content\/uploads\/2022\/09\/Fosas-Clandestinas.jpg?resize=525%2C300&ssl=1 1.5x, https:\/\/i0.wp.com\/www.grieta.org.mx\/wp-content\/uploads\/2022\/09\/Fosas-Clandestinas.jpg?resize=700%2C400&ssl=1 2x"},"classes":[]},{"id":53014,"url":"https:\/\/www.grieta.org.mx\/index.php\/2020\/09\/01\/fiscalia-de-colima-niega-informacion-sobre-las-fosas-de-santa-rosa\/","url_meta":{"origin":56185,"position":4},"title":"Fiscal\u00eda de Colima niega informaci\u00f3n sobre las fosas de Santa Rosa","author":"grieta","date":"1 septiembre, 2020","format":false,"excerpt":"Foto: Diario Avanzada Heidi de Le\u00f3n Guti\u00e9rrez \/ Diario Avanzada Colima, M\u00e9xico, Avanzada (01\/09\/2020).- La Fiscal\u00eda General del Estado (FGE) se neg\u00f3 a informar cu\u00e1les son las l\u00edneas de investigaci\u00f3n para identificar los m\u00e1s de 70 cuerpos localizados en las fosas de Santa Rosa en el municipio de Tecom\u00e1n en\u2026","rel":"","context":"En &quot;CINTILLO&quot;","block_context":{"text":"CINTILLO","link":"https:\/\/www.grieta.org.mx\/index.php\/category\/cintillo\/"},"img":{"alt_text":"","src":"https:\/\/i0.wp.com\/www.grieta.org.mx\/wp-content\/uploads\/2020\/09\/FOSAS-CLANDESTINAS-1.jpg?resize=350%2C200&ssl=1","width":350,"height":200,"srcset":"https:\/\/i0.wp.com\/www.grieta.org.mx\/wp-content\/uploads\/2020\/09\/FOSAS-CLANDESTINAS-1.jpg?resize=350%2C200&ssl=1 1x, https:\/\/i0.wp.com\/www.grieta.org.mx\/wp-content\/uploads\/2020\/09\/FOSAS-CLANDESTINAS-1.jpg?resize=525%2C300&ssl=1 1.5x, https:\/\/i0.wp.com\/www.grieta.org.mx\/wp-content\/uploads\/2020\/09\/FOSAS-CLANDESTINAS-1.jpg?resize=700%2C400&ssl=1 2x"},"classes":[]},{"id":57269,"url":"https:\/\/www.grieta.org.mx\/index.php\/2021\/02\/23\/crece-el-panteon-clandestino-mas-hallazgos-de-fosas-en-colima\/","url_meta":{"origin":56185,"position":5},"title":"Crece el pante\u00f3n clandestino: m\u00e1s hallazgos de fosas en Colima","author":"grieta","date":"23 febrero, 2021","format":false,"excerpt":"Imagen: Diario Avanzada Redacci\u00f3n \/ Diario Avanzada Colima, M\u00e9xico, Avanzada (23\/02\/2021).- Convertido en un creciente pante\u00f3n clandestino, Colima suma cada vez m\u00e1s fosas en su territorio con cuerpos de personas sepultados de manera irregular, todos ellos desaparecidos. El m\u00e1s reciente hallazgo fue el realizado la tarde de este domingo 21\u2026","rel":"","context":"En &quot;CINTILLO&quot;","block_context":{"text":"CINTILLO","link":"https:\/\/www.grieta.org.mx\/index.php\/category\/cintillo\/"},"img":{"alt_text":"","src":"https:\/\/i0.wp.com\/www.grieta.org.mx\/wp-content\/uploads\/2021\/03\/c-m.png?resize=350%2C200&ssl=1","width":350,"height":200,"srcset":"https:\/\/i0.wp.com\/www.grieta.org.mx\/wp-content\/uploads\/2021\/03\/c-m.png?resize=350%2C200&ssl=1 1x, https:\/\/i0.wp.com\/www.grieta.org.mx\/wp-content\/uploads\/2021\/03\/c-m.png?resize=525%2C300&ssl=1 1.5x, https:\/\/i0.wp.com\/www.grieta.org.mx\/wp-content\/uploads\/2021\/03\/c-m.png?resize=700%2C400&ssl=1 2x"},"classes":[]}],"_links":{"self":[{"href":"https:\/\/www.grieta.org.mx\/index.php\/wp-json\/wp\/v2\/posts\/56185","targetHints":{"allow":["GET"]}}],"collection":[{"href":"https:\/\/www.grieta.org.mx\/index.php\/wp-json\/wp\/v2\/posts"}],"about":[{"href":"https:\/\/www.grieta.org.mx\/index.php\/wp-json\/wp\/v2\/types\/post"}],"author":[{"embeddable":true,"href":"https:\/\/www.grieta.org.mx\/index.php\/wp-json\/wp\/v2\/users\/2"}],"replies":[{"embeddable":true,"href":"https:\/\/www.grieta.org.mx\/index.php\/wp-json\/wp\/v2\/comments?post=56185"}],"version-history":[{"count":1,"href":"https:\/\/www.grieta.org.mx\/index.php\/wp-json\/wp\/v2\/posts\/56185\/revisions"}],"predecessor-version":[{"id":56187,"href":"https:\/\/www.grieta.org.mx\/index.php\/wp-json\/wp\/v2\/posts\/56185\/revisions\/56187"}],"wp:featuredmedia":[{"embeddable":true,"href":"https:\/\/www.grieta.org.mx\/index.php\/wp-json\/wp\/v2\/media\/56186"}],"wp:attachment":[{"href":"https:\/\/www.grieta.org.mx\/index.php\/wp-json\/wp\/v2\/media?parent=56185"}],"wp:term":[{"taxonomy":"category","embeddable":true,"href":"https:\/\/www.grieta.org.mx\/index.php\/wp-json\/wp\/v2\/categories?post=56185"},{"taxonomy":"post_tag","embeddable":true,"href":"https:\/\/www.grieta.org.mx\/index.php\/wp-json\/wp\/v2\/tags?post=56185"}],"curies":[{"name":"wp","href":"https:\/\/api.w.org\/{rel}","templated":true}]}}