{"id":56175,"date":"2021-01-08T15:13:54","date_gmt":"2021-01-08T21:13:54","guid":{"rendered":"http:\/\/www.grieta.org.mx\/?p=56175"},"modified":"2021-01-09T15:34:24","modified_gmt":"2021-01-09T21:34:24","slug":"una-pandemia-qu-jalisce-no-cesa-la-crisis-de-desapariciones","status":"publish","type":"post","link":"https:\/\/www.grieta.org.mx\/index.php\/2021\/01\/08\/una-pandemia-qu-jalisce-no-cesa-la-crisis-de-desapariciones\/","title":{"rendered":"Una pandemia que no cesa, la crisis de desapariciones (Jalisco)"},"content":{"rendered":"<p><img loading=\"lazy\" decoding=\"async\" data-attachment-id=\"56176\" data-permalink=\"https:\/\/www.grieta.org.mx\/index.php\/2021\/01\/08\/una-pandemia-qu-jalisce-no-cesa-la-crisis-de-desapariciones\/captura-de-pantalla-2021-01-08-a-las-7-12-41\/\" data-orig-file=\"https:\/\/www.grieta.org.mx\/wp-content\/uploads\/2021\/01\/Captura-de-Pantalla-2021-01-08-a-las-7.12.41.png\" data-orig-size=\"971,503\" data-comments-opened=\"0\" data-image-meta=\"{&quot;aperture&quot;:&quot;0&quot;,&quot;credit&quot;:&quot;&quot;,&quot;camera&quot;:&quot;&quot;,&quot;caption&quot;:&quot;&quot;,&quot;created_timestamp&quot;:&quot;0&quot;,&quot;copyright&quot;:&quot;&quot;,&quot;focal_length&quot;:&quot;0&quot;,&quot;iso&quot;:&quot;0&quot;,&quot;shutter_speed&quot;:&quot;0&quot;,&quot;title&quot;:&quot;&quot;,&quot;orientation&quot;:&quot;0&quot;}\" data-image-title=\"Captura-de-Pantalla-2021-01-08-a-las-7.12.41\" data-image-description=\"\" data-image-caption=\"\" data-medium-file=\"https:\/\/www.grieta.org.mx\/wp-content\/uploads\/2021\/01\/Captura-de-Pantalla-2021-01-08-a-las-7.12.41-300x155.png\" data-large-file=\"https:\/\/www.grieta.org.mx\/wp-content\/uploads\/2021\/01\/Captura-de-Pantalla-2021-01-08-a-las-7.12.41.png\" class=\" wp-image-56176 aligncenter\" src=\"http:\/\/www.grieta.org.mx\/wp-content\/uploads\/2021\/01\/Captura-de-Pantalla-2021-01-08-a-las-7.12.41.png\" alt=\"\" width=\"801\" height=\"415\" srcset=\"https:\/\/www.grieta.org.mx\/wp-content\/uploads\/2021\/01\/Captura-de-Pantalla-2021-01-08-a-las-7.12.41.png 971w, https:\/\/www.grieta.org.mx\/wp-content\/uploads\/2021\/01\/Captura-de-Pantalla-2021-01-08-a-las-7.12.41-300x155.png 300w, https:\/\/www.grieta.org.mx\/wp-content\/uploads\/2021\/01\/Captura-de-Pantalla-2021-01-08-a-las-7.12.41-768x398.png 768w, https:\/\/www.grieta.org.mx\/wp-content\/uploads\/2021\/01\/Captura-de-Pantalla-2021-01-08-a-las-7.12.41-965x500.png 965w\" sizes=\"auto, (max-width: 801px) 100vw, 801px\" \/><\/p>\n<p>Imagen: Anuario Independiente<\/p>\n<p>Mar\u00eda Fernanda Lattuada y Eric Sandoval \/ Zona Docs<\/p>\n<p>En M\u00e9xico, desde los a\u00f1os sesenta a la fecha han desaparecido 73 mil 201 personas*; de esta cifra, el 41% de estas personas son j\u00f3venes entre los 14 y 29 a\u00f1os. Jalisco con 11 mil 267 personas desaparecidas, es el segundo estado con m\u00e1s personas desaparecidas del pa\u00eds, esto conforme el Registro Nacional de Personas Desaparecidas y No Localizadas. El primero en los dos \u00faltimos a\u00f1os.<\/p>\n<p>A pesar de esto, las autoridades estatales han sido incompetentes para atender y trabajar no s\u00f3lo en la b\u00fasqueda de las y los desaparecidos sino tambi\u00e9n en la aprobaci\u00f3n de las leyes en la materia.<\/p>\n<p>Sin embargo, el II Informe de Desapariciones presentado por el Gobierno de Jalisco, el 27 de octubre de 2020, no incorpor\u00f3 cr\u00edtica alguna, pues se asegur\u00f3 que las desapariciones van a la baja y las instituciones encargadas del tema trabajan de manera adecuada.<\/p>\n<p>Las familias y colectivos de b\u00fasqueda reaccionaron y, a trav\u00e9s de la iniciativa #LasFamiliasHablan, presentaron un contra informe se\u00f1alando las omisiones, atropellos del gobierno e, incluso, la manipulaci\u00f3n de las cifras de personas desaparecidas.<\/p>\n<p>En el informe presentado por el gobernador, Enrique Alfaro, se reconocieron mil 500 desapariciones menos que las que su propia administraci\u00f3n ha informado al Gobierno Federal.<\/p>\n<p style=\"text-align: center;\"><strong>Contin\u00faa la\u00a0lectura de este texto en:<\/strong><\/p>\n<p style=\"text-align: center;\"><a href=\"https:\/\/www.anuarioindependiente.mx\/agosto2020\">https:\/\/www.anuarioindependiente.mx\/agosto2020<\/a><\/p>\n<p>&nbsp;<\/p>\n<p><a href=\"https:\/\/www.zonadocs.mx\/2021\/01\/08\/una-pandemia-que-no-cesa-la-crisis-de-desapariciones\/\">https:\/\/www.zonadocs.mx\/2021\/01\/08\/una-pandemia-que-no-cesa-la-crisis-de-desapariciones\/<\/a><\/p>\n","protected":false},"excerpt":{"rendered":"<p>Imagen: Anuario Independiente Mar\u00eda Fernanda Lattuada y Eric Sandoval \/ Zona Docs En M\u00e9xico, desde los a\u00f1os sesenta a la fecha han desaparecido 73 mil 201 personas*; de esta cifra, &hellip; <a href=\"https:\/\/www.grieta.org.mx\/index.php\/2021\/01\/08\/una-pandemia-qu-jalisce-no-cesa-la-crisis-de-desapariciones\/\" class=\"more-link\">Leer m\u00e1s<\/a><\/p>\n","protected":false},"author":2,"featured_media":56176,"comment_status":"closed","ping_status":"closed","sticky":false,"template":"","format":"standard","meta":{"ngg_post_thumbnail":0,"_jetpack_newsletter_access":"","_jetpack_dont_email_post_to_subs":false,"_jetpack_newsletter_tier_id":0,"_jetpack_memberships_contains_paywalled_content":false,"_jetpack_memberships_contains_paid_content":false,"footnotes":""},"categories":[80,368,1032,20,2,83],"tags":[1828,3018,121,1668],"class_list":["post-56175","post","type-post","status-publish","format-standard","has-post-thumbnail","hentry","category-cintillo","category-desaparecidos-analisis","category-desaparecidos-en-jalisco","category-jalisco","category-noticias-nacionales","category-temas-nacionales","tag-busqueda-de-desaparecidos","tag-colectivos-de-busqueda-de-desaparecidos","tag-desaparecidos","tag-familiares-de-desaparecidos","entry"],"jetpack_featured_media_url":"https:\/\/www.grieta.org.mx\/wp-content\/uploads\/2021\/01\/Captura-de-Pantalla-2021-01-08-a-las-7.12.41.png","jetpack_sharing_enabled":true,"jetpack_shortlink":"https:\/\/wp.me\/p7ZJR4-eC3","jetpack_likes_enabled":false,"jetpack-related-posts":[{"id":62940,"url":"https:\/\/www.grieta.org.mx\/index.php\/2021\/12\/22\/huellas-de-amor-cuelga-50-fotos-de-desaparecidos-en-arbol-navideno-en-jalisco\/","url_meta":{"origin":56175,"position":0},"title":"Huellas de amor cuelga 50 fotos de desaparecidos en \u00e1rbol navide\u00f1o en Jalisco","author":"grieta","date":"22 diciembre, 2021","format":false,"excerpt":"Foto: Rosario \u00c1lvarez Rosario \u00c1lvarez \/ Telediario En Jalisco 15 mil 148 familias tienen alg\u00fan familiar desaparecido, de acuerdo al \u00faltimo corte del Registro Nacional de Personas Desaparecidas y No Localizadas. Tras este dato, el colectivo Huellas de Amor,\u00a0colg\u00f3 m\u00e1s de 50 fichas de b\u00fasqueda de hombres y mujeres alrededor\u2026","rel":"","context":"En &quot;CINTILLO&quot;","block_context":{"text":"CINTILLO","link":"https:\/\/www.grieta.org.mx\/index.php\/category\/cintillo\/"},"img":{"alt_text":"","src":"https:\/\/i0.wp.com\/www.grieta.org.mx\/wp-content\/uploads\/2021\/12\/arbol-navidad-instalado-plaza-liberacion.jpg?resize=350%2C200&ssl=1","width":350,"height":200,"srcset":"https:\/\/i0.wp.com\/www.grieta.org.mx\/wp-content\/uploads\/2021\/12\/arbol-navidad-instalado-plaza-liberacion.jpg?resize=350%2C200&ssl=1 1x, https:\/\/i0.wp.com\/www.grieta.org.mx\/wp-content\/uploads\/2021\/12\/arbol-navidad-instalado-plaza-liberacion.jpg?resize=525%2C300&ssl=1 1.5x, https:\/\/i0.wp.com\/www.grieta.org.mx\/wp-content\/uploads\/2021\/12\/arbol-navidad-instalado-plaza-liberacion.jpg?resize=700%2C400&ssl=1 2x"},"classes":[]},{"id":61780,"url":"https:\/\/www.grieta.org.mx\/index.php\/2021\/09\/16\/gobierno-del-estado-sin-cumplir-con-ley-de-personas-desaparecidas-mas-de-14-mil-personas-desaparecidas-en-la-entidad-jalisco\/","url_meta":{"origin":56175,"position":1},"title":"Gobierno del estado sin cumplir con Ley de Personas Desaparecidas, m\u00e1s de 14 mil personas desaparecidas en la entidad (Jalisco)","author":"grieta","date":"16 septiembre, 2021","format":false,"excerpt":"Foto: Rom\u00e1n Ortega V\u00edctor Ch\u00e1vez \/ El Occidental Desde el 14 de julio del 2020 a la fecha, el promedio de personas desaparecidas en Jalisco es de nueve personas por d\u00eda, ya suman tres mil 789. Mientras tanto, de las 14 responsabilidades que tienen las autoridades para consolidar la implementaci\u00f3n\u2026","rel":"","context":"En &quot;CINTILLO&quot;","block_context":{"text":"CINTILLO","link":"https:\/\/www.grieta.org.mx\/index.php\/category\/cintillo\/"},"img":{"alt_text":"","src":"https:\/\/i0.wp.com\/www.grieta.org.mx\/wp-content\/uploads\/2021\/09\/familiares-de-desaparecidos.jpeg?resize=350%2C200&ssl=1","width":350,"height":200,"srcset":"https:\/\/i0.wp.com\/www.grieta.org.mx\/wp-content\/uploads\/2021\/09\/familiares-de-desaparecidos.jpeg?resize=350%2C200&ssl=1 1x, https:\/\/i0.wp.com\/www.grieta.org.mx\/wp-content\/uploads\/2021\/09\/familiares-de-desaparecidos.jpeg?resize=525%2C300&ssl=1 1.5x, https:\/\/i0.wp.com\/www.grieta.org.mx\/wp-content\/uploads\/2021\/09\/familiares-de-desaparecidos.jpeg?resize=700%2C400&ssl=1 2x"},"classes":[]},{"id":60398,"url":"https:\/\/www.grieta.org.mx\/index.php\/2021\/07\/06\/familias-de-colima-recorren-jalisco-buscando-a-sus-desaparecidos\/","url_meta":{"origin":56175,"position":2},"title":"Familias de Colima recorren Jalisco buscando a sus desaparecidos","author":"grieta","date":"6 julio, 2021","format":false,"excerpt":"Foto:\u00a0 Diario Avanzada Heidi de Le\u00f3n Guti\u00e9rrez \/ Diario Avanzada Colima, M\u00e9xico, Avanzada (06\/07\/2021).- Integrantes de la Red de Personas Desaparecidas en Colima se encuentran en Jalisco para buscar a sus familiares \u00a0en hospitales, albergues,\u00a0 centros penitenciarios \u00a0y en distintos puntos de esa entidad como parte de la Jornada Nacional\u2026","rel":"","context":"En &quot;CINTILLO&quot;","block_context":{"text":"CINTILLO","link":"https:\/\/www.grieta.org.mx\/index.php\/category\/cintillo\/"},"img":{"alt_text":"","src":"https:\/\/i0.wp.com\/www.grieta.org.mx\/wp-content\/uploads\/2021\/07\/Des.png?resize=350%2C200&ssl=1","width":350,"height":200},"classes":[]},{"id":64242,"url":"https:\/\/www.grieta.org.mx\/index.php\/2022\/05\/19\/nos-faltan-mas-de-100-mil-personas-desaparecidas-reclaman-en-guadalajara-familiares-a-autoridades-jalisco\/","url_meta":{"origin":56175,"position":3},"title":"\u201cNos faltan m\u00e1s de 100 mil personas desaparecidas: reclaman en Guadalajara familiares a autoridades (Jalisco)","author":"grieta","date":"19 mayo, 2022","format":false,"excerpt":"Foto: Zona Docs En la Glorieta de las y los Desaparecidos de Guadalajara, colectivos de personas desaparecidas se reunieron este mi\u00e9rcoles 18 de mayo, para denunciar que en M\u00e9xico hay m\u00e1s de 100 mil personas desaparecidas. Mario Marlos \/ Zona Docs Acompa\u00f1adas de los retratos de sus seres queridos, los\u2026","rel":"","context":"En &quot;CINTILLO&quot;","block_context":{"text":"CINTILLO","link":"https:\/\/www.grieta.org.mx\/index.php\/category\/cintillo\/"},"img":{"alt_text":"","src":"https:\/\/i0.wp.com\/www.grieta.org.mx\/wp-content\/uploads\/2022\/05\/photo5490347735354812367.jpg?resize=350%2C200&ssl=1","width":350,"height":200,"srcset":"https:\/\/i0.wp.com\/www.grieta.org.mx\/wp-content\/uploads\/2022\/05\/photo5490347735354812367.jpg?resize=350%2C200&ssl=1 1x, https:\/\/i0.wp.com\/www.grieta.org.mx\/wp-content\/uploads\/2022\/05\/photo5490347735354812367.jpg?resize=525%2C300&ssl=1 1.5x, https:\/\/i0.wp.com\/www.grieta.org.mx\/wp-content\/uploads\/2022\/05\/photo5490347735354812367.jpg?resize=700%2C400&ssl=1 2x, https:\/\/i0.wp.com\/www.grieta.org.mx\/wp-content\/uploads\/2022\/05\/photo5490347735354812367.jpg?resize=1050%2C600&ssl=1 3x"},"classes":[]},{"id":67195,"url":"https:\/\/www.grieta.org.mx\/index.php\/2023\/07\/18\/jalisco-en-una-fosa-miles-de-personas-marchan-en-jalisco-exigiendo-el-fin-de-las-desapariciones-y-la-continuidad-de-las-busquedas-jalisco\/","url_meta":{"origin":56175,"position":4},"title":"&#8220;Jalisco es una fosa&#8221;, miles de personas marchan en Jalisco exigiendo el fin de las desapariciones y la continuidad de las b\u00fasquedas (Jalisco)","author":"grieta","date":"18 julio, 2023","format":false,"excerpt":"Imangen: Shiebi AL Colectivos de b\u00fasqueda de personas desaparecidas de Jalisco realizaron una mega marcha para demandar que la b\u00fasqueda de personas desaparecidas, esto tras el anuncio que el gobernador, Enrique Alfaro, hiciera tras el ataque que cobrara la vida de seis personas que acudieron a un\u00a0b\u00fasqueda en campo; adem\u00e1s\u2026","rel":"","context":"En &quot;CINTILLO&quot;","block_context":{"text":"CINTILLO","link":"https:\/\/www.grieta.org.mx\/index.php\/category\/cintillo\/"},"img":{"alt_text":"","src":"https:\/\/i0.wp.com\/www.grieta.org.mx\/wp-content\/uploads\/2023\/07\/IMG_9135-1536x901-1.jpg?resize=350%2C200&ssl=1","width":350,"height":200,"srcset":"https:\/\/i0.wp.com\/www.grieta.org.mx\/wp-content\/uploads\/2023\/07\/IMG_9135-1536x901-1.jpg?resize=350%2C200&ssl=1 1x, https:\/\/i0.wp.com\/www.grieta.org.mx\/wp-content\/uploads\/2023\/07\/IMG_9135-1536x901-1.jpg?resize=525%2C300&ssl=1 1.5x, https:\/\/i0.wp.com\/www.grieta.org.mx\/wp-content\/uploads\/2023\/07\/IMG_9135-1536x901-1.jpg?resize=700%2C400&ssl=1 2x, https:\/\/i0.wp.com\/www.grieta.org.mx\/wp-content\/uploads\/2023\/07\/IMG_9135-1536x901-1.jpg?resize=1050%2C600&ssl=1 3x, https:\/\/i0.wp.com\/www.grieta.org.mx\/wp-content\/uploads\/2023\/07\/IMG_9135-1536x901-1.jpg?resize=1400%2C800&ssl=1 4x"},"classes":[]},{"id":29367,"url":"https:\/\/www.grieta.org.mx\/index.php\/2019\/02\/06\/en-seis-anos-van-seis-mil-desaparecidos-en-jalisco\/","url_meta":{"origin":56175,"position":5},"title":"En seis a\u00f1os van seis mil desaparecidos en Jalisco","author":"grieta","date":"6 febrero, 2019","format":false,"excerpt":"Por Marisela Mu\u00f1oz \/ Vallarta opina Permanecen sin ser localizadas m\u00e1s de seis mil personas reportadas como desaparecidas en Jalisco en el \u00faltimo sexenio. Seg\u00fan un informe oficial de la Fiscal\u00eda General del Estado, entre 2012 y 2018 fueron reportadas como desaparecidas m\u00e1s de 20 mil personas, de las cuales\u2026","rel":"","context":"En &quot;CINTILLO&quot;","block_context":{"text":"CINTILLO","link":"https:\/\/www.grieta.org.mx\/index.php\/category\/cintillo\/"},"img":{"alt_text":"","src":"https:\/\/i0.wp.com\/www.grieta.org.mx\/wp-content\/uploads\/2019\/02\/DESAPARECIDOSjal.jpg?resize=350%2C200&ssl=1","width":350,"height":200,"srcset":"https:\/\/i0.wp.com\/www.grieta.org.mx\/wp-content\/uploads\/2019\/02\/DESAPARECIDOSjal.jpg?resize=350%2C200&ssl=1 1x, https:\/\/i0.wp.com\/www.grieta.org.mx\/wp-content\/uploads\/2019\/02\/DESAPARECIDOSjal.jpg?resize=525%2C300&ssl=1 1.5x"},"classes":[]}],"_links":{"self":[{"href":"https:\/\/www.grieta.org.mx\/index.php\/wp-json\/wp\/v2\/posts\/56175","targetHints":{"allow":["GET"]}}],"collection":[{"href":"https:\/\/www.grieta.org.mx\/index.php\/wp-json\/wp\/v2\/posts"}],"about":[{"href":"https:\/\/www.grieta.org.mx\/index.php\/wp-json\/wp\/v2\/types\/post"}],"author":[{"embeddable":true,"href":"https:\/\/www.grieta.org.mx\/index.php\/wp-json\/wp\/v2\/users\/2"}],"replies":[{"embeddable":true,"href":"https:\/\/www.grieta.org.mx\/index.php\/wp-json\/wp\/v2\/comments?post=56175"}],"version-history":[{"count":1,"href":"https:\/\/www.grieta.org.mx\/index.php\/wp-json\/wp\/v2\/posts\/56175\/revisions"}],"predecessor-version":[{"id":56178,"href":"https:\/\/www.grieta.org.mx\/index.php\/wp-json\/wp\/v2\/posts\/56175\/revisions\/56178"}],"wp:featuredmedia":[{"embeddable":true,"href":"https:\/\/www.grieta.org.mx\/index.php\/wp-json\/wp\/v2\/media\/56176"}],"wp:attachment":[{"href":"https:\/\/www.grieta.org.mx\/index.php\/wp-json\/wp\/v2\/media?parent=56175"}],"wp:term":[{"taxonomy":"category","embeddable":true,"href":"https:\/\/www.grieta.org.mx\/index.php\/wp-json\/wp\/v2\/categories?post=56175"},{"taxonomy":"post_tag","embeddable":true,"href":"https:\/\/www.grieta.org.mx\/index.php\/wp-json\/wp\/v2\/tags?post=56175"}],"curies":[{"name":"wp","href":"https:\/\/api.w.org\/{rel}","templated":true}]}}