{"id":56152,"date":"2020-12-30T10:40:43","date_gmt":"2020-12-30T16:40:43","guid":{"rendered":"http:\/\/www.grieta.org.mx\/?p=56152"},"modified":"2021-01-29T11:17:07","modified_gmt":"2021-01-29T17:17:07","slug":"de-ciudad-juarez-a-la-diamantina-rosa-27-anos-de-impunidad-en-feminicidios-chihuahua","status":"publish","type":"post","link":"https:\/\/www.grieta.org.mx\/index.php\/2020\/12\/30\/de-ciudad-juarez-a-la-diamantina-rosa-27-anos-de-impunidad-en-feminicidios-chihuahua\/","title":{"rendered":"De Ciudad Ju\u00e1rez a la diamantina rosa: 27 a\u00f1os de impunidad en feminicidios (Chihuahua)"},"content":{"rendered":"<div class=\"container pt-4\">\n<div class=\"row justify-content-center\">\n<div class=\"col-md-10 col-12 p-0\">\n<figure class=\"figure d-block mt-3\"><img loading=\"lazy\" decoding=\"async\" class=\"card-img-top d-block full wp-post-image\" src=\"https:\/\/piedepagina.mx\/wp-content\/uploads\/2020\/12\/TheRedNote_papa_esmerlada_especial.jpg\" sizes=\"auto, (max-width: 992px) 100vw, 992px\" srcset=\"https:\/\/piedepagina.mx\/wp-content\/uploads\/2020\/12\/TheRedNote_papa_esmerlada_especial.jpg 992w, https:\/\/piedepagina.mx\/wp-content\/uploads\/2020\/12\/TheRedNote_papa_esmerlada_especial-480x300.jpg 480w, https:\/\/piedepagina.mx\/wp-content\/uploads\/2020\/12\/TheRedNote_papa_esmerlada_especial-768x480.jpg 768w\" alt=\"\" width=\"803\" height=\"502\" \/><\/figure>\n<\/div>\n<\/div>\n<\/div>\n<div class=\"container\">\n<div class=\"row justify-content-center\">\n<div class=\"col-lg-8 col-md-10 col-12 px-4 post\">\n<p><strong>La\u00a0<em>Nota Roja\u00a0<\/em>es un podcast de 10 cap\u00edtulos que re\u00fane las historias de Alma, Esmeralda, Alejandra, Silvia Olga, Elizabeth, Andrea, Dana, mujeres desaparecidas y asesinadas en Ciudad Ju\u00e1rez, el municipio donde comenz\u00f3 la pandemia de feminicidios en M\u00e9xico<\/strong><\/p>\n<p>Pie de P\u00e1gina<\/p>\n<p>Texto: Vania Pigeonutt<\/p>\n<p>Fotos: cortes\u00eda\u00a0Producci\u00f3n\u00a0The Red Note<\/p>\n<p>CIUDAD DE M\u00c9XICO.- Esmeralda Castillo Rinc\u00f3n desapareci\u00f3 en Ciudad Ju\u00e1rez, Chihuahua, el 19 de mayo de 2009 camino a la secundaria. Ten\u00eda 14 a\u00f1os y cursaba el segundo grado. Su desaparici\u00f3n ocurri\u00f3 16 a\u00f1os despu\u00e9s de que la polic\u00eda estatal descubriera el cuerpo de Alma en el desierto: ella fue considerada la primera mujer asesinada en la ciudad que ha sido epicentro de violencias feminicidas.<\/p>\n<p>El pap\u00e1 de Esmeralda, Jos\u00e9 Luis Castillo Carre\u00f3n es un hombre de 60 a\u00f1os convertido en activista, tiene 11 a\u00f1os y cinco meses buscando a su hija. Es claro: en estos\u00a027\u00a0a\u00f1os desde la primera mujer encontrada asesinada en su municipio, los feminicidios y desapariciones de mujeres han aumentado. Prevalece la impunidad y falta de inter\u00e9s para que estos casos se resuelvan. Dejan a las familias solas con sus b\u00fasquedas.<\/p>\n<p>Las autoridades no investigan y hacen sus procesos revictimizantes, dice.<\/p>\n<blockquote class=\"wp-block-quote is-style-large\"><p>Para deslindarse de muchos de los casos de desaparici\u00f3n y para no hacer su trabajo de b\u00fasqueda y encontrar a la chica desaparecida, te dicen: \u2018no pues, ya muri\u00f3\u2019. Muchas de las veces se encuentran restos \u00f3seos, que posiblemente sean del mismo cuerpo; y les hablan a las madres, y entregan un hueso o dos, y les dicen: \u2018ya su hija muri\u00f3\u2019\u201d, explica Castillo.<\/p><\/blockquote>\n<p>El 16 de agosto de 2019, en el contexto de las protestas por el movimiento #nomecuidanmeviolan, contra la violencia policial, Jos\u00e9 Luis lanz\u00f3 diamantina rosa y pidi\u00f3: \u201cno se olviden de mi ni\u00f1a\u201d.<\/p>\n<p>\u00c9l sigue en campo, y su esposa Alicia Rinc\u00f3n vende hamburguesas afuera de su casa para seguir financiando la b\u00fasqueda.<\/p>\n<p>El caso de Esmeralda es narrado en el p\u00f3dcast de\u00a0<em>La Nota Roja<\/em>, que en 10 cap\u00edtulos de 40 minutos profundiza en el fen\u00f3meno de feminicidio en Ciudad Ju\u00e1rez, como una ilustraci\u00f3n de esta violencia que inici\u00f3 en 1993, pero que se expandi\u00f3 en diferentes estados y se diversific\u00f3: las mujeres no s\u00f3lo son asesinadas, pueden ser desaparecidas, y violentadas sexualmente. Es un problema de Am\u00e9rica Latina y del mundo.<\/p>\n<p>El objetivo del p\u00f3dcast dice la productora Estefan\u00eda Bonilla a\u00a0<strong>Pie de P\u00e1gina<\/strong>, es explicar el fen\u00f3meno feminicida desde el punto de vista hist\u00f3rico, antropol\u00f3gico y sociol\u00f3gico.<\/p>\n<p>\u201cEn 1993 es cuando se empieza a registrar en Ciudad Ju\u00e1rez todo el tema de los abusos de feminicidio y de las desapariciones de mujeres que\u00a0tambi\u00e9n da con la coyuntura de lo que es frontera con el Tratado de Libre Comercio (TLC) y con todo este tipo de movimiento sociales y econ\u00f3micos que tambi\u00e9n se dan en relaci\u00f3n con Estados Unidos y M\u00e9xico, toda esta serie de tr\u00e1fico ilegal en todo sentido\u201d, explica.<\/p>\n<p>El cineasta Craig Whitney, quien escribi\u00f3 la serie considera que \u201cla historia p\u00fablica es tambi\u00e9n una historia personal a la de las v\u00edctimas y sus familias. El problema del feminicidio es nacional\u2026 pero la manifestaci\u00f3n en Ju\u00e1rez tiene elementos \u00fanicos: hay trata de personas, tr\u00e1fico de drogas y armas en los Estados Unidos. Es una raz\u00f3n por qu\u00e9 este fen\u00f3meno, esta pandemia de feminicidios en M\u00e9xico comienza en Ju\u00e1rez\u201d.<\/p>\n<h3>Ju\u00e1rez, Tijuana y Acapulco, los municipios de mayor incidencia<\/h3>\n<p>Hace unos d\u00edas, la Organizaci\u00f3n de las Naciones Unidas (ONU)\u2013 Mujeres present\u00f3 junto al Instituto Nacional de la Mujer el informe anual: \u201cViolencia Feminicida en M\u00e9xico, aproximaciones y tendencias\u201d. El documento coloca a Ju\u00e1rez; Tijuana, Baja California y Acapulco, Guerrero como los municipios con la mayor incidencia de casos durante el tiempo que comprende el estudio 1990 hasta 2019.<\/p>\n<p>En 2019, Chihuahua fue el segundo lugar en casos de homicidio con presunci\u00f3n de feminicidio, con el 14.1 por ciento, mientras que Colima ocupa el primer lugar en n\u00famero de casos y una tasa del 20.3 por ciento.<\/p>\n<p>Que Ju\u00e1rez siga en los primeros sitios en cuanto a asesinatos de mujeres, precisa Whitney, no es casual. Si bien all\u00ed comienza la historia del feminicidio en el pa\u00eds, hay cosas h\u00edperlocales al ser una cuidad fronteriza. \u201cLa realidad si es que a una autoridad no le conviene tener que estar resolviendo estos cr\u00edmenes, es muy probable que se est\u00e9n beneficiando de todo esto que est\u00e1 ocurriendo\u201d.<\/p>\n<p>Considera lo mismo que Jos\u00e9 Luis Castillo, quien cree que los cambios generados en M\u00e9xico, en cuanto a feminicidios, en leyes contra la impunidad de estas violencias contras las mujeres, se han logrado gracias a las familias y su organizaci\u00f3n colectiva.<\/p>\n<p>\u201cHa sido gracias a ellos, que se lograron los mecanismos con las fiscal\u00edas especializadas; la Ley Olimpia, La Ley Ingrid, y eso ha sido gracias a esas feministas radicales que tanto critican\u00a0que van y rompen vidrios y pintan paredes\u201d, considera.<\/p>\n<p>En la investigaci\u00f3n, en la cual tambi\u00e9n participa la periodista juarense, Alicia Fern\u00e1ndez, Whitney y el equipo de la\u00a0<em>Nota Roja<\/em>\u00a0descubrieron circunstancias que tienen que ver con el tr\u00e1fico de personas, drogas y armas y el tr\u00e1fico de otras violencias. \u201cAh\u00ed es donde empieza a hacerse una situaci\u00f3n sistem\u00e1tica o muy compleja\u201d.<\/p>\n<h3>Un hueso no es Esmeralda<\/h3>\n<p>Jos\u00e9 Luis Castillo recibi\u00f3 una llamada en 2015. Le avisaron que su hija fue encontrada muerta. Cuando le avisaron le dijeron que desafortunadamente se encontraron puros restos \u00f3seos, pero la prueba de ADN coincide a la de Esmeralda.<\/p>\n<p>Al d\u00eda siguiente de ir al Servicio M\u00e9dico Forense (Semefo) a reconocer los huesos y que hicieran un segundo ADN, le dijeron: \u2018no, no es necesario pedir un segundo examen\u2019. Jos\u00e9 Luis les dijo:\u201c\u00bfPor qu\u00e9 no?\u201d y le dijeron: \u2018Porque estos restos ya vienen de laboratorio\u00a0 que se encuentra en Estados Unidos, ya es el segundo examen que les hacemos\u2019.<\/p>\n<p>\u2013Oye entonces, \u00bfpor qu\u00e9 cuando les hiciste el primer examen, aqu\u00ed en Ju\u00e1rez, no me notificaste a m\u00ed, que ya hab\u00edas encontrado algunos restos, que daban con nuestro ADN, y que posiblemente fueran de Esmeralda.<\/p>\n<p>\u2013\u00a1Ah, no! es que ya lo conocemos a usted que es activista y que usted, luego, luego le va a sacar a la prensa, y por eso no le quisimos avisar.<\/p>\n<p>Cuando lleg\u00f3 al Semefo encontr\u00f3 no huesos sino un hueso, una tibia, la derecha. \u00c9l reclam\u00f3 la insensibilidad. Quien lo llev\u00f3 a la identificaci\u00f3n le dijo: \u201ccapaz a usted le conviene m\u00e1s decir que Esmeralda ya est\u00e1 muerta, porque se le va a pagar una cantidad fuerte de dinero, y lo vamos a apoyar con una casa, o con una troca para que no ande de pie\u201d.<\/p>\n<p>Nunca hubo una explicaci\u00f3n de c\u00f3mo muri\u00f3 en versi\u00f3n de las autoridades. Por eso \u00e9l jam\u00e1s crey\u00f3, en todo caso hay gente que vive sin una pierna, pero el Ministerio P\u00fablico ya hab\u00eda dicho de que Esmeralda estaba sin vida. La judicializaci\u00f3n de la carpeta de Esmeralda, clasificando el delito como feminicidio, sin tener una explicaci\u00f3n de c\u00f3mo falleci\u00f3 y cu\u00e1l fue la causa de su muerte, oblig\u00f3 a Castillo a tener que sacar su expediente clasificado como feminicidio a la Fiscal\u00eda de b\u00fasqueda de personas.<\/p>\n<p>Jos\u00e9 Luis lamenta que sean\u00a0sobre todo las mam\u00e1s quienes est\u00e1n buscando a sus hijos. \u201cNo es justo que nosotros los padres de familia tengamos que hacer los rastreos, para buscar a nuestras hijas, y a nuestros seres queridos, y encontrarlos tanto en Chihuahua, en Guerrero, Tijuana y las autoridades\u201d.<\/p>\n<p>En todo este tiempo ha hecho actividades con colectivos para seguir luchando. Su mayor urgencia es venir a la Ciudad de M\u00e9xico a buscar a Esmeralda desde una llamada que recibi\u00f3 supuestamente de la universidad donde estudiaba. Ha recibido indicios de que vive, pero no tiene el dinero para buscarla.<\/p>\n<p>\u201cNosotros los rastreadores, los colectivos tenemos que andar pr\u00e1cticamente pidi\u00e9ndole limosna a las autoridades para que nos proporcionen para viajes, para vi\u00e1ticos\u2026 hasta siquiera para darme 50, 60 litros, de gasolina. Cuando nosotros los padres vamos a hacer el trabajo que les corresponde a ellos, por lo cual, el pueblo les est\u00e1 pagando, y todav\u00eda nos miran:\u00a0\u2018ah\u00ed vienen los pobres, llorones a ver qu\u00e9 les damos, dales un hueso para que no est\u00e9n chingando \u2018\u201d.<\/p>\n<figure class=\"wp-block-image size-large\"><img loading=\"lazy\" decoding=\"async\" class=\"wp-image-53039\" src=\"https:\/\/piedepagina.mx\/wp-content\/uploads\/2020\/12\/TheRedNote_protesta_feminicidio004.jpg\" sizes=\"auto, (max-width: 992px) 100vw, 992px\" srcset=\"https:\/\/piedepagina.mx\/wp-content\/uploads\/2020\/12\/TheRedNote_protesta_feminicidio004.jpg 992w, https:\/\/piedepagina.mx\/wp-content\/uploads\/2020\/12\/TheRedNote_protesta_feminicidio004-480x300.jpg 480w, https:\/\/piedepagina.mx\/wp-content\/uploads\/2020\/12\/TheRedNote_protesta_feminicidio004-768x480.jpg 768w\" alt=\"\" width=\"804\" height=\"503\" \/><\/figure>\n<h3>Indolencia exacerbada<\/h3>\n<p>Durante la investigaci\u00f3n de este podcast lo que m\u00e1s destac\u00f3 fue la impunidad prevaleciente. \u201cHay problemas con el sistema el gobierno, pero la gente de M\u00e9xico se fleta, son incre\u00edbles. Pienso que si vamos a cambiar el problema de feminicidio, ser\u00e1 la gente, es como el problema de feminicidios\u201d, considera Whitney.<\/p>\n<p>\u201cDe inicio, la sociedad debe concientizarse y entender de si ya tenemos esta interconexi\u00f3n gracias al internet, a esta transnacionalizaci\u00f3n de recursos econ\u00f3micos, pol\u00edticos y tecnol\u00f3gicos, es momento de pensarnos como la sociedad global, y por esa raz\u00f3n iniciativas como la de Las Tesis en Chile que tiene la repercusi\u00f3n a nivel internacional, Vivir Quintana con su canci\u00f3n Sin Miedo\u201d, planea Estefan\u00eda.<\/p>\n<p>Considera que la conversaci\u00f3n debe continuar. La gente debe enterarse de la g\u00e9nesis de este fen\u00f3meno de violencia feminicida. El proyecto est\u00e1 disponible en espa\u00f1ol e ingl\u00e9s como The red note. En nuestro idioma es narrado por la periodista Lydia Cacho.\u00a0\u00a0Est\u00e1 disponible en Apple Podcast, y SpotifyPodcast.<\/p>\n<h3>\u00abTe van a quitar esa oportunidad\u00bb<\/h3>\n<p>Jos\u00e9 Luis recuerda c\u00f3mo era su vida antes de la desaparici\u00f3n de Esmeralda: trabajaba en el ayuntamiento e Ciudad Ju\u00e1rez en el \u00e1rea de Control de Tr\u00e1fico, el cual ten\u00eda a su cargo los sem\u00e1foros, las l\u00edneas amarillas, las l\u00edneas que est\u00e1n en los cruces peatonales, donde no se puede estacionar la gente.<\/p>\n<p>Esmeralda por esos d\u00edas so\u00f1aba con ser veterinaria y \u00e9l se enferm\u00f3. As\u00ed que permiti\u00f3 que lo inyectara, al fin de cuentas hab\u00eda practicado con naranjas. Al d\u00eda siguiente\u00a0Jos\u00e9 Luis amaneci\u00f3 mejor.<\/p>\n<p>\u2013\u00bfNo fuiste a la escuela?<\/p>\n<p>\u2013 No, no pa, yo me quiero quedar a cuidarte.<\/p>\n<p>Le dije: \u201chija, ya faltan 15 d\u00edas, ya vas a entrar al curso del ajedrez, a nivel estatal, faltas mucho, te van a quitar esa oportunidad.<\/p>\n<p>Ese d\u00eda Jos\u00e9 Luis por su gripe no pudo llevarla a la secundaria. Esmeralda nunca andaba sola. \u00c9l se arrepiente de haberle exigido que se fuera a la escuela. Desde ese 19 de mayo de 2009, no la ve.<\/p>\n<div class=\"molongui-clearfix\"><\/div>\n<div id=\"mab-2964794035\" class=\"m-a-box \" data-plugin-release=\"4.2.13\" data-plugin-version=\"free\" data-box-layout=\"slim\" data-box-position=\"below\" data-multiauthor=\"false\" data-author-type=\"user\">\n<div class=\"m-a-box-container molongui-border-none molongui-border-style-solid molongui-border-width-2-px m-a-box-shadow-none\">\n<div class=\"m-a-box-tab m-a-box-content m-a-box-profile\" data-profile-layout=\"layout-1\" data-author-ref=\"user-83\">\n<div class=\"m-a-box-content-top\"><a href=\"https:\/\/piedepagina.mx\/de-ciudad-juarez-a-la-diamantina-rosa-27-anos-de-impunidad-en-feminicidios\/\">https:\/\/piedepagina.mx\/de-ciudad-juarez-a-la-diamantina-rosa-27-anos-de-impunidad-en-feminicidios\/<\/a><\/div>\n<div class=\"m-a-box-content-middle\">\n<div class=\"m-a-box-item m-a-box-avatar \"><\/div>\n<\/div>\n<\/div>\n<\/div>\n<\/div>\n<\/div>\n<\/div>\n<\/div>\n","protected":false},"excerpt":{"rendered":"<p>La\u00a0Nota Roja\u00a0es un podcast de 10 cap\u00edtulos que re\u00fane las historias de Alma, Esmeralda, Alejandra, Silvia Olga, Elizabeth, Andrea, Dana, mujeres desaparecidas y asesinadas en Ciudad Ju\u00e1rez, el municipio donde &hellip; <a href=\"https:\/\/www.grieta.org.mx\/index.php\/2020\/12\/30\/de-ciudad-juarez-a-la-diamantina-rosa-27-anos-de-impunidad-en-feminicidios-chihuahua\/\" class=\"more-link\">Leer m\u00e1s<\/a><\/p>\n","protected":false},"author":2,"featured_media":56153,"comment_status":"closed","ping_status":"closed","sticky":false,"template":"","format":"standard","meta":{"ngg_post_thumbnail":0,"_jetpack_newsletter_access":"","_jetpack_dont_email_post_to_subs":false,"_jetpack_newsletter_tier_id":0,"_jetpack_memberships_contains_paywalled_content":false,"_jetpack_memberships_contains_paid_content":false,"footnotes":""},"categories":[12,80,1918],"tags":[3225,631,81],"class_list":["post-56152","post","type-post","status-publish","format-standard","has-post-thumbnail","hentry","category-chihuahua","category-cintillo","category-feminicidios-en-chihuahua","tag-aumento-de-la-violencia-contra-las-mujeres","tag-desaparecidas","tag-feminicidios","entry"],"jetpack_featured_media_url":"https:\/\/www.grieta.org.mx\/wp-content\/uploads\/2021\/01\/TheRedNote_papa_esmerlada_especial.jpg","jetpack_sharing_enabled":true,"jetpack_shortlink":"https:\/\/wp.me\/p7ZJR4-eBG","jetpack_likes_enabled":false,"jetpack-related-posts":[{"id":4042,"url":"https:\/\/www.grieta.org.mx\/index.php\/2016\/09\/07\/feminicidios-en-chihuahua\/","url_meta":{"origin":56152,"position":0},"title":"Feminicidios en Chihuahua","author":"grieta","date":"7 septiembre, 2016","format":false,"excerpt":"01\/08\/16. A 18 a\u00f1os de la desaparici\u00f3n de joven en Cd. Ju\u00e1rez, madre realiza las investigaciones que corresponde a las autoridadesRevolucionTresPuntoCero 22\/07\/16. Chihuahua sigue siendo l\u00ecder en...feminicidiosLa Parada Digital 28\/04\/16. \u201cAy\u00fadenme, s\u00e1quenme de aqu\u00ed. Sigo viva, tengo miedo\u201d; militares los detienen y llevan 7 a\u00f1os desaparecidos Revoluci\u00f3nTresPuntoCero 11\/03\/16. Familiares de\u2026","rel":"","context":"En &quot;Chihuahua&quot;","block_context":{"text":"Chihuahua","link":"https:\/\/www.grieta.org.mx\/index.php\/category\/noticias-nacionales\/chihuahua\/"},"img":{"alt_text":"","src":"https:\/\/i0.wp.com\/www.grieta.org.mx\/wp-content\/uploads\/2018\/03\/14524434_1106112876131411_958039263622046936_o.jpg?resize=350%2C200&ssl=1","width":350,"height":200,"srcset":"https:\/\/i0.wp.com\/www.grieta.org.mx\/wp-content\/uploads\/2018\/03\/14524434_1106112876131411_958039263622046936_o.jpg?resize=350%2C200&ssl=1 1x, https:\/\/i0.wp.com\/www.grieta.org.mx\/wp-content\/uploads\/2018\/03\/14524434_1106112876131411_958039263622046936_o.jpg?resize=525%2C300&ssl=1 1.5x, https:\/\/i0.wp.com\/www.grieta.org.mx\/wp-content\/uploads\/2018\/03\/14524434_1106112876131411_958039263622046936_o.jpg?resize=700%2C400&ssl=1 2x"},"classes":[]},{"id":4044,"url":"https:\/\/www.grieta.org.mx\/index.php\/2016\/03\/11\/familiares-de-mujeres-asesinadas-en-cd-juarez-exigen-al-gobierno-de-cesar-duarte-que-haga-su-trabajo-y-frene-desapariciones-y-feminicidios\/","url_meta":{"origin":56152,"position":1},"title":"Familiares de mujeres asesinadas en Cd. Ju\u00e1rez exigen al gobierno de C\u00e9sar Duarte que \u201chaga su trabajo\u201d y frene desapariciones y feminicidios","author":"grieta","date":"11 marzo, 2016","format":false,"excerpt":"SinEmbargo Familiares de mujeres v\u00edctimas de violencia en Ciudad Ju\u00e1rez, Chihuahua, exigieron al gobierno de C\u00e9sar Duarte que \u201chaga su trabajo\u201d y frene las desapariciones y feminicidios. Jos\u00e9 Luis Castillo, padre de Esmeralda Castillo Rinc\u00f3n, cuyo paradero se desconoce desde 2009, pidi\u00f3 a las autoridades de los tres niveles de\u2026","rel":"","context":"En &quot;chihuahua&quot;","block_context":{"text":"chihuahua","link":"https:\/\/www.grieta.org.mx\/index.php\/category\/chihuahua\/"},"img":{"alt_text":"","src":"https:\/\/i0.wp.com\/www.grieta.org.mx\/wp-content\/uploads\/2018\/03\/14524434_1106112876131411_958039263622046936_o.jpg?resize=350%2C200&ssl=1","width":350,"height":200,"srcset":"https:\/\/i0.wp.com\/www.grieta.org.mx\/wp-content\/uploads\/2018\/03\/14524434_1106112876131411_958039263622046936_o.jpg?resize=350%2C200&ssl=1 1x, https:\/\/i0.wp.com\/www.grieta.org.mx\/wp-content\/uploads\/2018\/03\/14524434_1106112876131411_958039263622046936_o.jpg?resize=525%2C300&ssl=1 1.5x, https:\/\/i0.wp.com\/www.grieta.org.mx\/wp-content\/uploads\/2018\/03\/14524434_1106112876131411_958039263622046936_o.jpg?resize=700%2C400&ssl=1 2x"},"classes":[]},{"id":4517,"url":"https:\/\/www.grieta.org.mx\/index.php\/2016\/03\/03\/exigen-familias-detener-desapariciones-de-menores-y-castigar-feminicidios-en-juarez\/","url_meta":{"origin":56152,"position":2},"title":"Exigen familias detener desapariciones de menores y castigar feminicidios en Ju\u00e1rez","author":"grieta","date":"3 marzo, 2016","format":false,"excerpt":"La Jornada En el inicio de las actividades por el D\u00eda Internacional de la Mujer, que se conmemora el 8 de marzo, un centenar de padres de desaparecidas, activistas y otros ciudadanos realizaron una marcha ayer por la ma\u00f1ana en Ciudad Ju\u00e1rez, Chihuahua, para exigir a la Fiscal\u00eda Especializada en\u2026","rel":"","context":"En &quot;chihuahua&quot;","block_context":{"text":"chihuahua","link":"https:\/\/www.grieta.org.mx\/index.php\/category\/chihuahua\/"},"img":{"alt_text":"","src":"https:\/\/i0.wp.com\/www.grieta.org.mx\/wp-content\/uploads\/2018\/03\/14524434_1106112876131411_958039263622046936_o.jpg?resize=350%2C200&ssl=1","width":350,"height":200,"srcset":"https:\/\/i0.wp.com\/www.grieta.org.mx\/wp-content\/uploads\/2018\/03\/14524434_1106112876131411_958039263622046936_o.jpg?resize=350%2C200&ssl=1 1x, https:\/\/i0.wp.com\/www.grieta.org.mx\/wp-content\/uploads\/2018\/03\/14524434_1106112876131411_958039263622046936_o.jpg?resize=525%2C300&ssl=1 1.5x, https:\/\/i0.wp.com\/www.grieta.org.mx\/wp-content\/uploads\/2018\/03\/14524434_1106112876131411_958039263622046936_o.jpg?resize=700%2C400&ssl=1 2x"},"classes":[]},{"id":67972,"url":"https:\/\/www.grieta.org.mx\/index.php\/2023\/10\/21\/67972\/","url_meta":{"origin":56152,"position":3},"title":"A m\u00e1s de 30 a\u00f1os\u2026","author":"grieta","date":"21 octubre, 2023","format":false,"excerpt":"A m\u00e1s de 30 a\u00f1os de que se empezaron a documentar los asesinatos de mujeres en Chihuahua y Ciudad Ju\u00e1rez, cientos de familias de v\u00edctimas a\u00fan no tienen acceso a la justicia Feminicidios: Paula y Julia, primeras v\u00edctimas, \u00edconos de la lucha por justicia en Ciudad Ju\u00e1rez.A m\u00e1s de 30\u2026","rel":"","context":"En &quot;Chihuahua&quot;","block_context":{"text":"Chihuahua","link":"https:\/\/www.grieta.org.mx\/index.php\/category\/noticias-nacionales\/chihuahua\/"},"img":{"alt_text":"","src":"https:\/\/i0.wp.com\/www.grieta.org.mx\/wp-content\/uploads\/2023\/10\/imagen.jpg?resize=350%2C200&ssl=1","width":350,"height":200,"srcset":"https:\/\/i0.wp.com\/www.grieta.org.mx\/wp-content\/uploads\/2023\/10\/imagen.jpg?resize=350%2C200&ssl=1 1x, https:\/\/i0.wp.com\/www.grieta.org.mx\/wp-content\/uploads\/2023\/10\/imagen.jpg?resize=525%2C300&ssl=1 1.5x, https:\/\/i0.wp.com\/www.grieta.org.mx\/wp-content\/uploads\/2023\/10\/imagen.jpg?resize=700%2C400&ssl=1 2x"},"classes":[]},{"id":43278,"url":"https:\/\/www.grieta.org.mx\/index.php\/2020\/01\/21\/tu-lucha-sigue-isabel-colectivas-feministas-protestan-por-el-feminicidio-de-activista-ciudad-de-mexico\/","url_meta":{"origin":56152,"position":4},"title":"\u201cTu lucha sigue, Isabel\u201d: colectivas feministas protestan por el feminicidio de activista (Ciudad de M\u00e9xico)","author":"grieta","date":"21 enero, 2020","format":false,"excerpt":"Foto: Er\u00e9ndira Aquino Er\u00e9ndira Aquino \/ Animal Pol\u00edtico Las manifestantes acudieron a instalaciones de Casa Chihuahua, en la Ciudad de M\u00e9xico, para reclamar que las autoridades estatales no han dado informaci\u00f3n clara del caso. Decenas de mujeres protestaron este martes por el asesinato de Isabel Cabanillas, activista y artista pl\u00e1stica\u2026","rel":"","context":"En &quot;Chihuahua&quot;","block_context":{"text":"Chihuahua","link":"https:\/\/www.grieta.org.mx\/index.php\/category\/noticias-nacionales\/chihuahua\/"},"img":{"alt_text":"","src":"https:\/\/i0.wp.com\/www.grieta.org.mx\/wp-content\/uploads\/2020\/01\/Tu-lucha-sigue-Isabel-colectivas-feministas-protestan-por-el-feminicidio-de-activista-cdmx-ene.jpeg?resize=350%2C200&ssl=1","width":350,"height":200,"srcset":"https:\/\/i0.wp.com\/www.grieta.org.mx\/wp-content\/uploads\/2020\/01\/Tu-lucha-sigue-Isabel-colectivas-feministas-protestan-por-el-feminicidio-de-activista-cdmx-ene.jpeg?resize=350%2C200&ssl=1 1x, https:\/\/i0.wp.com\/www.grieta.org.mx\/wp-content\/uploads\/2020\/01\/Tu-lucha-sigue-Isabel-colectivas-feministas-protestan-por-el-feminicidio-de-activista-cdmx-ene.jpeg?resize=525%2C300&ssl=1 1.5x, https:\/\/i0.wp.com\/www.grieta.org.mx\/wp-content\/uploads\/2020\/01\/Tu-lucha-sigue-Isabel-colectivas-feministas-protestan-por-el-feminicidio-de-activista-cdmx-ene.jpeg?resize=700%2C400&ssl=1 2x"},"classes":[]},{"id":32177,"url":"https:\/\/www.grieta.org.mx\/index.php\/2019\/04\/07\/destacan-los-tres-municipios-con-mas-feminicidos-en-mexico\/","url_meta":{"origin":56152,"position":5},"title":"\u2018Destacan\u2019 los tres municipios con m\u00e1s feminicidos en M\u00e9xico","author":"grieta","date":"7 abril, 2019","format":false,"excerpt":"Benito Ju\u00e1rez, en Quintana Roo, Ju\u00e1rez, en Chihuahua y Torre\u00f3n, Coahuila son los tres con m\u00e1s asesinatos de mujeres en 2019 EXC\u00c9LSIOR\/VANGUARDIA MX CDMX.- Los municipios de Torre\u00f3n y Ramos Arizpe, Coahuila, se ubican entre las 100 ciudades del pa\u00eds donde se han cometido feminicidios, seg\u00fan datos del Secretariado Ejecutivo\u2026","rel":"","context":"En &quot;Chihuahua&quot;","block_context":{"text":"Chihuahua","link":"https:\/\/www.grieta.org.mx\/index.php\/category\/noticias-nacionales\/chihuahua\/"},"img":{"alt_text":"","src":"https:\/\/i0.wp.com\/www.grieta.org.mx\/wp-content\/uploads\/2019\/04\/ser-mujer.jpg?resize=350%2C200&ssl=1","width":350,"height":200,"srcset":"https:\/\/i0.wp.com\/www.grieta.org.mx\/wp-content\/uploads\/2019\/04\/ser-mujer.jpg?resize=350%2C200&ssl=1 1x, https:\/\/i0.wp.com\/www.grieta.org.mx\/wp-content\/uploads\/2019\/04\/ser-mujer.jpg?resize=525%2C300&ssl=1 1.5x, https:\/\/i0.wp.com\/www.grieta.org.mx\/wp-content\/uploads\/2019\/04\/ser-mujer.jpg?resize=700%2C400&ssl=1 2x"},"classes":[]}],"_links":{"self":[{"href":"https:\/\/www.grieta.org.mx\/index.php\/wp-json\/wp\/v2\/posts\/56152","targetHints":{"allow":["GET"]}}],"collection":[{"href":"https:\/\/www.grieta.org.mx\/index.php\/wp-json\/wp\/v2\/posts"}],"about":[{"href":"https:\/\/www.grieta.org.mx\/index.php\/wp-json\/wp\/v2\/types\/post"}],"author":[{"embeddable":true,"href":"https:\/\/www.grieta.org.mx\/index.php\/wp-json\/wp\/v2\/users\/2"}],"replies":[{"embeddable":true,"href":"https:\/\/www.grieta.org.mx\/index.php\/wp-json\/wp\/v2\/comments?post=56152"}],"version-history":[{"count":1,"href":"https:\/\/www.grieta.org.mx\/index.php\/wp-json\/wp\/v2\/posts\/56152\/revisions"}],"predecessor-version":[{"id":56155,"href":"https:\/\/www.grieta.org.mx\/index.php\/wp-json\/wp\/v2\/posts\/56152\/revisions\/56155"}],"wp:featuredmedia":[{"embeddable":true,"href":"https:\/\/www.grieta.org.mx\/index.php\/wp-json\/wp\/v2\/media\/56153"}],"wp:attachment":[{"href":"https:\/\/www.grieta.org.mx\/index.php\/wp-json\/wp\/v2\/media?parent=56152"}],"wp:term":[{"taxonomy":"category","embeddable":true,"href":"https:\/\/www.grieta.org.mx\/index.php\/wp-json\/wp\/v2\/categories?post=56152"},{"taxonomy":"post_tag","embeddable":true,"href":"https:\/\/www.grieta.org.mx\/index.php\/wp-json\/wp\/v2\/tags?post=56152"}],"curies":[{"name":"wp","href":"https:\/\/api.w.org\/{rel}","templated":true}]}}