{"id":56148,"date":"2021-01-05T10:38:22","date_gmt":"2021-01-05T16:38:22","guid":{"rendered":"http:\/\/www.grieta.org.mx\/?p=56148"},"modified":"2021-01-08T10:39:53","modified_gmt":"2021-01-08T16:39:53","slug":"justicia-para-daniel-el-estudiante-asesinado-que-lucho-por-universidad-gratuita-en-ciudad-juarez-chihuahua","status":"publish","type":"post","link":"https:\/\/www.grieta.org.mx\/index.php\/2021\/01\/05\/justicia-para-daniel-el-estudiante-asesinado-que-lucho-por-universidad-gratuita-en-ciudad-juarez-chihuahua\/","title":{"rendered":"Justicia para Daniel, el estudiante asesinado que luch\u00f3 por universidad gratuita en Ciudad Ju\u00e1rez (Chihuahua)"},"content":{"rendered":"<div class=\"ap_single_thumbnail ap_mobile_noshow\"><img loading=\"lazy\" decoding=\"async\" class=\"lazy\" src=\"https:\/\/www.animalpolitico.com\/wp-content\/uploads\/2021\/01\/justicia-daniel-estudiante-asesinado-ciudad-juarez.jpg\" width=\"791\" height=\"412\" \/><\/div>\n<div class=\"ap_single_credits ap_mobile_noshow\">Facebook: Educaci\u00f3n gratuita UACJ<\/div>\n<div class=\"ap_single_first_info\">\n<div class=\"ap_single_first_info_author\">Por: <strong>Blanca Elizabeth Carmona y Karen Cano \/ La Verdad de Ju\u00e1rez<\/strong><\/div>\n<div>\n<p>Juan Daniel Vargas Ortiz era estudiante de la carrera de Biolog\u00eda. Lo asesinaron a golpes.<\/p>\n<p>Su cuerpo se localiz\u00f3 en el fraccionamiento Jardines de Roma, el pasado domingo, de acuerdo con autoridades encargadas de su investigaci\u00f3n.<\/p>\n<p>La tarde del 30 de diciembre sus compa\u00f1eros universitarios de la asamblea estudiantil revelaron en redes sociales que el hombre asesinado era un estudiante de la Universidad Aut\u00f3noma de Ciudad Ju\u00e1rez (UACJ) y lamentaron su muerte.<\/p>\n<p><iframe loading=\"lazy\" src=\"https:\/\/www.facebook.com\/plugins\/post.php?href=https%3A%2F%2Fwww.facebook.com%2Fpermalink.php%3Fstory_fbid%3D111922290795586%26id%3D103880648266417&amp;width=500&amp;show_text=true&amp;height=754&amp;appId\" width=\"500\" height=\"754\" frameborder=\"0\" scrolling=\"no\" allowfullscreen=\"allowfullscreen\"><\/iframe><\/p>\n<p>La instituci\u00f3n de educaci\u00f3n superior confirm\u00f3 la informaci\u00f3n y tambi\u00e9n repudi\u00f3 el hecho. Exigi\u00f3 a las autoridades una pronta y eficiente investigaci\u00f3n,\u00a0<a href=\"https:\/\/comunica.uacj.mx\/31-12-2020\/15803\">en una postura p\u00fablica sobre el caso difundido en su p\u00e1gina oficial.<\/a><\/p>\n<p>Un investigador de la Fiscal\u00eda General del Estado (FGE) indic\u00f3 que el cuerpo de Juan Daniel fue localizado el domingo pasado en la calle Monte Antene al cruce con Villa Burguese, del fraccionamiento Jardines de Roma.<\/p>\n<p>A simple vista a la v\u00edctima se le observaron golpes en el rostro al parecer ocasionados con un objeto contuso. Sin embargo, hasta este jueves a\u00fan no estaba determinada la causa de muerte, indic\u00f3 el investigador.<\/p>\n<p>El vocero de la FGE zona Norte, Alejandro Ruvalcaba, confirm\u00f3 el homicidio de Vargas Ortiz, al referir que ya fue identificado por los familiares y agreg\u00f3 que est\u00e1 por determinarse la causa de muerte.<\/p>\n<h3><strong>PUGN\u00d3 POR UNIVERSIDAD GRATUITA<\/strong><\/h3>\n<p>Juan Daniel particip\u00f3 en la protesta y toma de las instalaciones del edificio de rector\u00eda el pasado 11 de diciembre, de acuerdo con sus compa\u00f1eros que integran el grupo promotor de Educaci\u00f3n Gratuita UACJ, quienes exigen #JusticiaParaDanielVargas.<\/p>\n<p>En esa fecha, un grupo de universitarios de diferentes programas educativos decidi\u00f3 tomar las instalaciones como protesta de lo que consideran una falta de sensibilidad por parte de la m\u00e1xima casa de estudios ante la pandemia, pues pese a que muchas familias perdieron empleos e ingresos debido a la contingencia, no se condon\u00f3 ning\u00fan pago, obligando a muchos a suspender sus estudios.<\/p>\n<p>Entre otras cosas, exig\u00edan confrontar al rector para hablar sobre la gratuidad, en el marco de la una ley aprobada al respecto por el senado en d\u00edas recientes, adem\u00e1s del retiro de los cobros de multas por pago extempor\u00e1neo de colegiaturas, y la falta de calidad de las clases impartidas durante la contingencia v\u00eda internet.<\/p>\n<p>Para ello, organizaron un grupo por la Educaci\u00f3n Gratuita UACJ, desde la cual, fueron los primeros en informar a trav\u00e9s de sus redes sociales sobre el asesinato de Juan Daniel.<\/p>\n<p>\u201cCompa\u00f1eros universitarios, el estudiante Juan Daniel Vargas Ortiz de la carrera de Biolog\u00eda, con excelentes calificaciones y gran compa\u00f1erismo, estuvo en la toma de la Rector\u00eda ocurrida el 11 de diciembre quien tuvo una participaci\u00f3n muy en\u00e9rgica y valiente, muy generosa y destacada por su compa\u00f1erismo. Lamentablemente ha sido asesinado y expresamos nuestras condolencias a toda su familia y pronta resignaci\u00f3n\u201d, fue parte del mensaje que presentaron a trav\u00e9s de redes sociales.<\/p>\n<p>En el mismo, refirieron que no pod\u00edan negar o afirmar que este hecho de sangre se tratara de una represalia debido a la manifestaci\u00f3n, esto, ya que durante la toma que dur\u00f3 50 horas, denunciaron p\u00fablicamente haber sido amenazados por parte de elementos de la Secretar\u00eda de Seguridad P\u00fablica Municipal, y de personal de seguridad de la propia instituci\u00f3n.<\/p>\n<p>\u201c(\u2026) Por eso nuestra postura es: Exigimos a las autoridades transparentar los hechos ocurridos, la muerte de nuestro compa\u00f1ero no puede quedar impune. Juan Daniel Vargas Ortiz: aunque tu muerte sea ajena o no al movimiento, continuaremos con la lucha en tu nombre, y siempre tendremos en nuestra memoria tu lucha por educaci\u00f3n gratuita\u201d, se lee en el comunicado publicado la noche de este mi\u00e9rcoles 30 de diciembre.<\/p>\n<p>El d\u00eda de la manifestaci\u00f3n, los participantes hab\u00edan planeado quedarse en las instalaciones de la Rector\u00eda hasta que el rector se entrevistara con ellos pero hombres que vest\u00edan uniformes policiacos y llevaban el rostro tapado acudieron al lugar para amenazarlos y tomarles fotograf\u00edas, indicaron el 12 de diciembre algunos de los participantes del movimiento.<\/p>\n<p>En esta misma publicaci\u00f3n decenas de alumnos expresaron su p\u00e9same hacia \u00e9l, y lo recordaron como un estudiante destacado, inteligente, y muy sensible ante los problemas de los dem\u00e1s.<\/p>\n<h3><strong>UACJ, EXIGE ESCLARECER ASESINATO<\/strong><\/h3>\n<p>La Universidad Aut\u00f3noma de Ciudad Ju\u00e1rez exigi\u00f3 a las autoridades que se investigue hasta esclarecer los hechos en que perdiera la vida el joven Juan Daniel Vargas Ortiz, estudiante en el Instituto de Ciencias Biom\u00e9dicas.<\/p>\n<p>\u201cLa comunidad universitaria repudia cualquier acto de violencia, sobre todo cuando se priva de la vida a uno de sus integrantes, por lo que insiste en la necesidad de que se aplique la ley a quien resulte responsable\u201d, se expresa en la postura emitida por la UACJ.<\/p>\n<p>La m\u00e1xima casa de estudios tambi\u00e9n se\u00f1al\u00f3 que est\u00e1 en contacto con la familia del alumno y le ofrecieron apoyo y asesor\u00eda.<\/p>\n<blockquote class=\"wp-embedded-content\" data-secret=\"zpsnW9Mj5c\"><p><a href=\"https:\/\/laverdadjuarez.com\/index.php\/2021\/01\/01\/indigna-a-universitarios-asesinato-de-juan-daniel-estudiante-de-uacj\/\">Indigna a universitarios asesinato de Juan Daniel, estudiante de UACJ<\/a><\/p><\/blockquote>\n<p><iframe loading=\"lazy\" class=\"wp-embedded-content\" sandbox=\"allow-scripts\" security=\"restricted\" style=\"position: absolute; clip: rect(1px, 1px, 1px, 1px);\" title=\"&#8220;Indigna a universitarios asesinato de Juan Daniel, estudiante de UACJ&#8221; &#8212; La Verdad Ju\u00e1rez\" src=\"https:\/\/laverdadjuarez.com\/index.php\/2021\/01\/01\/indigna-a-universitarios-asesinato-de-juan-daniel-estudiante-de-uacj\/embed\/#?secret=zpsnW9Mj5c\" data-secret=\"zpsnW9Mj5c\" width=\"600\" height=\"338\" frameborder=\"0\" marginwidth=\"0\" marginheight=\"0\" scrolling=\"no\"><\/iframe><\/p>\n<\/div>\n<\/div>\n","protected":false},"excerpt":{"rendered":"<p>Facebook: Educaci\u00f3n gratuita UACJ Por: Blanca Elizabeth Carmona y Karen Cano \/ La Verdad de Ju\u00e1rez Juan Daniel Vargas Ortiz era estudiante de la carrera de Biolog\u00eda. Lo asesinaron a &hellip; <a href=\"https:\/\/www.grieta.org.mx\/index.php\/2021\/01\/05\/justicia-para-daniel-el-estudiante-asesinado-que-lucho-por-universidad-gratuita-en-ciudad-juarez-chihuahua\/\" class=\"more-link\">Leer m\u00e1s<\/a><\/p>\n","protected":false},"author":2,"featured_media":56150,"comment_status":"closed","ping_status":"closed","sticky":false,"template":"","format":"standard","meta":{"ngg_post_thumbnail":0,"_jetpack_newsletter_access":"","_jetpack_dont_email_post_to_subs":false,"_jetpack_newsletter_tier_id":0,"_jetpack_memberships_contains_paywalled_content":false,"_jetpack_memberships_contains_paid_content":false,"footnotes":""},"categories":[12,80,1042],"tags":[121],"class_list":["post-56148","post","type-post","status-publish","format-standard","has-post-thumbnail","hentry","category-chihuahua","category-cintillo","category-desaparecidos-en-chihuahua","tag-desaparecidos","entry"],"jetpack_featured_media_url":"https:\/\/www.grieta.org.mx\/wp-content\/uploads\/2021\/01\/justicia-daniel-estudiante-asesinado-ciudad-juarez-1.jpg","jetpack_sharing_enabled":true,"jetpack_shortlink":"https:\/\/wp.me\/p7ZJR4-eBC","jetpack_likes_enabled":false,"jetpack-related-posts":[{"id":38097,"url":"https:\/\/www.grieta.org.mx\/index.php\/2019\/08\/16\/galeria-glitter-rosa-la-marcha-feminista-en-ciudad-juarez-chihuahua\/","url_meta":{"origin":56148,"position":0},"title":"Galer\u00eda: Glitter Rosa, la marcha feminista en Ciudad Ju\u00e1rez (Chihuahua)","author":"grieta","date":"16 agosto, 2019","format":false,"excerpt":"Redacci\u00f3n; Fotograf\u00edas: Rey J. Jauregui\/ LA VERDAD DE JU\u00c1REZ Ciudad Ju\u00e1rez \u2013 Entre gritos de consignas contra \u201cactitudes machistas\u201d, haciendo pintas y lanzando brillantina rosa, decenas de mujeres marcharon en Ciudad Ju\u00e1rez para exigir un alto a la violencia de g\u00e9nero y en protesta por la revictimizaci\u00f3n de las autoridades\u2026","rel":"","context":"En &quot;Chihuahua&quot;","block_context":{"text":"Chihuahua","link":"https:\/\/www.grieta.org.mx\/index.php\/category\/noticias-nacionales\/chihuahua\/"},"img":{"alt_text":"","src":"https:\/\/i0.wp.com\/www.grieta.org.mx\/wp-content\/uploads\/2019\/08\/Foto-Galer%C3%ADa-Mujeres.jpg?resize=350%2C200&ssl=1","width":350,"height":200,"srcset":"https:\/\/i0.wp.com\/www.grieta.org.mx\/wp-content\/uploads\/2019\/08\/Foto-Galer%C3%ADa-Mujeres.jpg?resize=350%2C200&ssl=1 1x, https:\/\/i0.wp.com\/www.grieta.org.mx\/wp-content\/uploads\/2019\/08\/Foto-Galer%C3%ADa-Mujeres.jpg?resize=525%2C300&ssl=1 1.5x, https:\/\/i0.wp.com\/www.grieta.org.mx\/wp-content\/uploads\/2019\/08\/Foto-Galer%C3%ADa-Mujeres.jpg?resize=700%2C400&ssl=1 2x, https:\/\/i0.wp.com\/www.grieta.org.mx\/wp-content\/uploads\/2019\/08\/Foto-Galer%C3%ADa-Mujeres.jpg?resize=1050%2C600&ssl=1 3x, https:\/\/i0.wp.com\/www.grieta.org.mx\/wp-content\/uploads\/2019\/08\/Foto-Galer%C3%ADa-Mujeres.jpg?resize=1400%2C800&ssl=1 4x"},"classes":[]},{"id":4042,"url":"https:\/\/www.grieta.org.mx\/index.php\/2016\/09\/07\/feminicidios-en-chihuahua\/","url_meta":{"origin":56148,"position":1},"title":"Feminicidios en Chihuahua","author":"grieta","date":"7 septiembre, 2016","format":false,"excerpt":"01\/08\/16. A 18 a\u00f1os de la desaparici\u00f3n de joven en Cd. Ju\u00e1rez, madre realiza las investigaciones que corresponde a las autoridadesRevolucionTresPuntoCero 22\/07\/16. Chihuahua sigue siendo l\u00ecder en...feminicidiosLa Parada Digital 28\/04\/16. \u201cAy\u00fadenme, s\u00e1quenme de aqu\u00ed. Sigo viva, tengo miedo\u201d; militares los detienen y llevan 7 a\u00f1os desaparecidos Revoluci\u00f3nTresPuntoCero 11\/03\/16. Familiares de\u2026","rel":"","context":"En &quot;Chihuahua&quot;","block_context":{"text":"Chihuahua","link":"https:\/\/www.grieta.org.mx\/index.php\/category\/noticias-nacionales\/chihuahua\/"},"img":{"alt_text":"","src":"https:\/\/i0.wp.com\/www.grieta.org.mx\/wp-content\/uploads\/2018\/03\/14524434_1106112876131411_958039263622046936_o.jpg?resize=350%2C200&ssl=1","width":350,"height":200,"srcset":"https:\/\/i0.wp.com\/www.grieta.org.mx\/wp-content\/uploads\/2018\/03\/14524434_1106112876131411_958039263622046936_o.jpg?resize=350%2C200&ssl=1 1x, https:\/\/i0.wp.com\/www.grieta.org.mx\/wp-content\/uploads\/2018\/03\/14524434_1106112876131411_958039263622046936_o.jpg?resize=525%2C300&ssl=1 1.5x, https:\/\/i0.wp.com\/www.grieta.org.mx\/wp-content\/uploads\/2018\/03\/14524434_1106112876131411_958039263622046936_o.jpg?resize=700%2C400&ssl=1 2x"},"classes":[]},{"id":486,"url":"https:\/\/www.grieta.org.mx\/index.php\/2015\/05\/09\/unos-50-familiares-de-desaparecidos-en-chihuahua-salen-en-caravana-al-df\/","url_meta":{"origin":56148,"position":2},"title":"Unos 50 familiares de desaparecidos en Chihuahua salen en caravana al DF","author":"grieta","date":"9 mayo, 2015","format":false,"excerpt":"La Jornada Ciudad Ju\u00e1rez, Chih. Unas 50 madres de desaparecidos en los municipios de Ciudad Ju\u00e1rez, Cuauht\u00e9moc y Chihuahua capital partieron desde esta localidad fronteriza a la ciudad de M\u00e9xico para participar en la Marcha por la dignidad nacional de madres buscando a nuestros hijos e hijas, buscando la justicia\u2026","rel":"","context":"En &quot;chihuahua&quot;","block_context":{"text":"chihuahua","link":"https:\/\/www.grieta.org.mx\/index.php\/category\/chihuahua\/"},"img":{"alt_text":"","src":"https:\/\/i0.wp.com\/www.grieta.org.mx\/wp-content\/uploads\/2018\/03\/14524434_1106112876131411_958039263622046936_o.jpg?resize=350%2C200&ssl=1","width":350,"height":200,"srcset":"https:\/\/i0.wp.com\/www.grieta.org.mx\/wp-content\/uploads\/2018\/03\/14524434_1106112876131411_958039263622046936_o.jpg?resize=350%2C200&ssl=1 1x, https:\/\/i0.wp.com\/www.grieta.org.mx\/wp-content\/uploads\/2018\/03\/14524434_1106112876131411_958039263622046936_o.jpg?resize=525%2C300&ssl=1 1.5x, https:\/\/i0.wp.com\/www.grieta.org.mx\/wp-content\/uploads\/2018\/03\/14524434_1106112876131411_958039263622046936_o.jpg?resize=700%2C400&ssl=1 2x"},"classes":[]},{"id":32152,"url":"https:\/\/www.grieta.org.mx\/index.php\/2019\/04\/08\/universitarios-y-familia-de-dana-marchan-en-contra-de-los-feminicidios-chihuahua\/","url_meta":{"origin":56148,"position":3},"title":"Universitarios y familia de Dana marchan en contra de los feminicidios (Chihuahua)","author":"grieta","date":"8 abril, 2019","format":false,"excerpt":"Tras la muerte de la estudiante de literatura, salieron a las calles para exigir un cese a la violencia contra la mujer ? Luz del C\u00e1rmen Sosa\/EL DIARIO DE JU\u00c1REZ Ciudad Ju\u00e1rez.- \u201cPorqu\u00e9 nos asesinan, si somos la esperanza de Am\u00e9rica Latina\u201d, \u201cJusticia\u201d, son las consignan que lanzan m\u00e1s de\u2026","rel":"","context":"En &quot;Chihuahua&quot;","block_context":{"text":"Chihuahua","link":"https:\/\/www.grieta.org.mx\/index.php\/category\/noticias-nacionales\/chihuahua\/"},"img":{"alt_text":"","src":"https:\/\/i0.wp.com\/www.grieta.org.mx\/wp-content\/uploads\/2018\/03\/14524434_1106112876131411_958039263622046936_o.jpg?resize=350%2C200&ssl=1","width":350,"height":200,"srcset":"https:\/\/i0.wp.com\/www.grieta.org.mx\/wp-content\/uploads\/2018\/03\/14524434_1106112876131411_958039263622046936_o.jpg?resize=350%2C200&ssl=1 1x, https:\/\/i0.wp.com\/www.grieta.org.mx\/wp-content\/uploads\/2018\/03\/14524434_1106112876131411_958039263622046936_o.jpg?resize=525%2C300&ssl=1 1.5x, https:\/\/i0.wp.com\/www.grieta.org.mx\/wp-content\/uploads\/2018\/03\/14524434_1106112876131411_958039263622046936_o.jpg?resize=700%2C400&ssl=1 2x"},"classes":[]},{"id":11894,"url":"https:\/\/www.grieta.org.mx\/index.php\/2016\/05\/02\/asesinan-a-cinco-personas-en-chihuahua\/","url_meta":{"origin":56148,"position":4},"title":"Asesinan a cinco personas en Chihuahua","author":"grieta","date":"2 mayo, 2016","format":false,"excerpt":"Patricia Mayorga Proceso Por lo menos siete personas fueron privadas de su libertad el jueves pasado y cinco de ellas fueron localizadas sin vida ayer en el municipio de Guachochi. El pasado jueves fueron privadas de su libertad varias personas cerca del ejido de T\u00f3nachi, localizado a unos 40 minutos\u2026","rel":"","context":"En &quot;chihuahua&quot;","block_context":{"text":"chihuahua","link":"https:\/\/www.grieta.org.mx\/index.php\/category\/chihuahua\/"},"img":{"alt_text":"","src":"https:\/\/i0.wp.com\/www.grieta.org.mx\/wp-content\/uploads\/2018\/03\/14524434_1106112876131411_958039263622046936_o.jpg?resize=350%2C200&ssl=1","width":350,"height":200,"srcset":"https:\/\/i0.wp.com\/www.grieta.org.mx\/wp-content\/uploads\/2018\/03\/14524434_1106112876131411_958039263622046936_o.jpg?resize=350%2C200&ssl=1 1x, https:\/\/i0.wp.com\/www.grieta.org.mx\/wp-content\/uploads\/2018\/03\/14524434_1106112876131411_958039263622046936_o.jpg?resize=525%2C300&ssl=1 1.5x, https:\/\/i0.wp.com\/www.grieta.org.mx\/wp-content\/uploads\/2018\/03\/14524434_1106112876131411_958039263622046936_o.jpg?resize=700%2C400&ssl=1 2x"},"classes":[]},{"id":35199,"url":"https:\/\/www.grieta.org.mx\/index.php\/2019\/06\/15\/rastas-tatuajes-o-apariencia-los-motivos-de-arrestos-juveniles-en-ciudad-juarez-chihuahua\/","url_meta":{"origin":56148,"position":5},"title":"Rastas, tatuajes o apariencia, los motivos de arrestos juveniles en Ciudad Ju\u00e1rez (Chihuahua)","author":"grieta","date":"15 junio, 2019","format":false,"excerpt":"LA VERDAD Colectivo de organizaciones sociales en alianza con CEDH y Uni Unida arman un frente contra las detenciones arbitrarias de adolescentes y j\u00f3venes que realizan corporaciones policiacas, principalmente la Municipal; son un atropello, advierten en campa\u00f1a informativa que llevan a la v\u00eda p\u00fablica Ciudad Ju\u00e1rez \u2013 Usar rastas, tatuajes\u2026","rel":"","context":"En &quot;Chihuahua&quot;","block_context":{"text":"Chihuahua","link":"https:\/\/www.grieta.org.mx\/index.php\/category\/noticias-nacionales\/chihuahua\/"},"img":{"alt_text":"","src":"https:\/\/i0.wp.com\/www.grieta.org.mx\/wp-content\/uploads\/2019\/06\/Tira-Paro-OK.jpg?resize=350%2C200&ssl=1","width":350,"height":200,"srcset":"https:\/\/i0.wp.com\/www.grieta.org.mx\/wp-content\/uploads\/2019\/06\/Tira-Paro-OK.jpg?resize=350%2C200&ssl=1 1x, https:\/\/i0.wp.com\/www.grieta.org.mx\/wp-content\/uploads\/2019\/06\/Tira-Paro-OK.jpg?resize=525%2C300&ssl=1 1.5x, https:\/\/i0.wp.com\/www.grieta.org.mx\/wp-content\/uploads\/2019\/06\/Tira-Paro-OK.jpg?resize=700%2C400&ssl=1 2x, https:\/\/i0.wp.com\/www.grieta.org.mx\/wp-content\/uploads\/2019\/06\/Tira-Paro-OK.jpg?resize=1050%2C600&ssl=1 3x, https:\/\/i0.wp.com\/www.grieta.org.mx\/wp-content\/uploads\/2019\/06\/Tira-Paro-OK.jpg?resize=1400%2C800&ssl=1 4x"},"classes":[]}],"_links":{"self":[{"href":"https:\/\/www.grieta.org.mx\/index.php\/wp-json\/wp\/v2\/posts\/56148","targetHints":{"allow":["GET"]}}],"collection":[{"href":"https:\/\/www.grieta.org.mx\/index.php\/wp-json\/wp\/v2\/posts"}],"about":[{"href":"https:\/\/www.grieta.org.mx\/index.php\/wp-json\/wp\/v2\/types\/post"}],"author":[{"embeddable":true,"href":"https:\/\/www.grieta.org.mx\/index.php\/wp-json\/wp\/v2\/users\/2"}],"replies":[{"embeddable":true,"href":"https:\/\/www.grieta.org.mx\/index.php\/wp-json\/wp\/v2\/comments?post=56148"}],"version-history":[{"count":1,"href":"https:\/\/www.grieta.org.mx\/index.php\/wp-json\/wp\/v2\/posts\/56148\/revisions"}],"predecessor-version":[{"id":56151,"href":"https:\/\/www.grieta.org.mx\/index.php\/wp-json\/wp\/v2\/posts\/56148\/revisions\/56151"}],"wp:featuredmedia":[{"embeddable":true,"href":"https:\/\/www.grieta.org.mx\/index.php\/wp-json\/wp\/v2\/media\/56150"}],"wp:attachment":[{"href":"https:\/\/www.grieta.org.mx\/index.php\/wp-json\/wp\/v2\/media?parent=56148"}],"wp:term":[{"taxonomy":"category","embeddable":true,"href":"https:\/\/www.grieta.org.mx\/index.php\/wp-json\/wp\/v2\/categories?post=56148"},{"taxonomy":"post_tag","embeddable":true,"href":"https:\/\/www.grieta.org.mx\/index.php\/wp-json\/wp\/v2\/tags?post=56148"}],"curies":[{"name":"wp","href":"https:\/\/api.w.org\/{rel}","templated":true}]}}