{"id":56100,"date":"2021-01-02T13:26:58","date_gmt":"2021-01-02T19:26:58","guid":{"rendered":"http:\/\/www.grieta.org.mx\/?p=56100"},"modified":"2021-01-04T13:37:40","modified_gmt":"2021-01-04T19:37:40","slug":"terminacion-de-contratos-del-imss-deja-sin-hemodialisis-a-pacientes-de-insuficiencia-renal-jalisco","status":"publish","type":"post","link":"https:\/\/www.grieta.org.mx\/index.php\/2021\/01\/02\/terminacion-de-contratos-del-imss-deja-sin-hemodialisis-a-pacientes-de-insuficiencia-renal-jalisco\/","title":{"rendered":"Terminaci\u00f3n de contratos del IMSS deja sin hemodi\u00e1lisis a pacientes de insuficiencia renal (Jalisco)"},"content":{"rendered":"<p><img loading=\"lazy\" decoding=\"async\" data-attachment-id=\"56101\" data-permalink=\"https:\/\/www.grieta.org.mx\/index.php\/2021\/01\/02\/terminacion-de-contratos-del-imss-deja-sin-hemodialisis-a-pacientes-de-insuficiencia-renal-jalisco\/whatsapp-image-2021-01-02-at-15-07-01-696x522\/\" data-orig-file=\"https:\/\/www.grieta.org.mx\/wp-content\/uploads\/2021\/01\/WhatsApp-Image-2021-01-02-at-15.07.01-696x522-1.jpeg\" data-orig-size=\"696,522\" data-comments-opened=\"0\" data-image-meta=\"{&quot;aperture&quot;:&quot;0&quot;,&quot;credit&quot;:&quot;&quot;,&quot;camera&quot;:&quot;&quot;,&quot;caption&quot;:&quot;&quot;,&quot;created_timestamp&quot;:&quot;0&quot;,&quot;copyright&quot;:&quot;&quot;,&quot;focal_length&quot;:&quot;0&quot;,&quot;iso&quot;:&quot;0&quot;,&quot;shutter_speed&quot;:&quot;0&quot;,&quot;title&quot;:&quot;&quot;,&quot;orientation&quot;:&quot;0&quot;}\" data-image-title=\"WhatsApp-Image-2021-01-02-at-15.07.01-696&amp;#215;522\" data-image-description=\"\" data-image-caption=\"\" data-medium-file=\"https:\/\/www.grieta.org.mx\/wp-content\/uploads\/2021\/01\/WhatsApp-Image-2021-01-02-at-15.07.01-696x522-1-300x225.jpeg\" data-large-file=\"https:\/\/www.grieta.org.mx\/wp-content\/uploads\/2021\/01\/WhatsApp-Image-2021-01-02-at-15.07.01-696x522-1.jpeg\" class=\" wp-image-56101 aligncenter\" src=\"http:\/\/www.grieta.org.mx\/wp-content\/uploads\/2021\/01\/WhatsApp-Image-2021-01-02-at-15.07.01-696x522-1.jpeg\" alt=\"\" width=\"800\" height=\"599\" srcset=\"https:\/\/www.grieta.org.mx\/wp-content\/uploads\/2021\/01\/WhatsApp-Image-2021-01-02-at-15.07.01-696x522-1.jpeg 696w, https:\/\/www.grieta.org.mx\/wp-content\/uploads\/2021\/01\/WhatsApp-Image-2021-01-02-at-15.07.01-696x522-1-300x225.jpeg 300w, https:\/\/www.grieta.org.mx\/wp-content\/uploads\/2021\/01\/WhatsApp-Image-2021-01-02-at-15.07.01-696x522-1-667x500.jpeg 667w\" sizes=\"auto, (max-width: 800px) 100vw, 800px\" \/><\/p>\n<p>Foto: Georgina Garc\u00eda Sol\u00eds<\/p>\n<p><em>Los afectados son derechohabientes del Hospital General Regional n\u00famero 45, quienes se manifestaron el viernes 1 de enero a las afueras del nosocomio<\/em><\/p>\n<p>Georgina Garc\u00eda Sol\u00eds \/ UDGTV<\/p>\n<p><strong>Pacientes de insuficiencia renal no han podido recibir su tratamiento de hemodi\u00e1lisis<\/strong>\u00a0por la terminaci\u00f3n de los contratos que tiene el Instituto Mexicano del Seguro Social (IMSS) con las empresas proveedoras.<\/p>\n<p>Los afectados son derechohabientes del Hospital General Regional n\u00famero 45, quienes se manifestaron el viernes 1 de enero a las afueras del nosocomio, luego de que se les neg\u00f3 el tratamiento.<\/p>\n<p>El s\u00e1bado<strong>\u00a0llegaron al hospital \u201cAyala\u201d m\u00e1s pacientes que no pudieron recibir la hemodi\u00e1lisis<\/strong>\u00a0en los servicios subrogados, quienes al pedir informes no encontraron empat\u00eda, es el caso del se\u00f1or Valent\u00edn Miramontes.<\/p>\n<p><em>\u201cNo dan una informaci\u00f3n amplia porque pues son gente hasta cierto punto personas que se creen mucho, como due\u00f1as de las instituciones que no saben que les pagan a ellos de lo que nosotros pagamos de seguro, eso no quieren entender para que den una informaci\u00f3n amable\u201d.<\/em><\/p>\n<p>El se\u00f1or Valent\u00edn Miramontes<strong>\u00a0recibe tres hemodi\u00e1lisis a la semana y no tener acceso al tratamiento pone en riesgo su vida.<\/strong>\u00a0En la cl\u00ednica 45 le dieron un tel\u00e9fono para que verifique si fue enviado a otro proveedor, en caso contrario deber\u00e1 regresar el lunes.<\/p>\n<p><a href=\"https:\/\/udgtv.com\/noticias\/terminacion-contratos-imss-deja-sin-hemodialisis-pacientes-insuficiencia-renal\/\">https:\/\/udgtv.com\/noticias\/terminacion-contratos-imss-deja-sin-hemodialisis-pacientes-insuficiencia-renal\/<\/a><\/p>\n","protected":false},"excerpt":{"rendered":"<p>Foto: Georgina Garc\u00eda Sol\u00eds Los afectados son derechohabientes del Hospital General Regional n\u00famero 45, quienes se manifestaron el viernes 1 de enero a las afueras del nosocomio Georgina Garc\u00eda Sol\u00eds &hellip; <a href=\"https:\/\/www.grieta.org.mx\/index.php\/2021\/01\/02\/terminacion-de-contratos-del-imss-deja-sin-hemodialisis-a-pacientes-de-insuficiencia-renal-jalisco\/\" class=\"more-link\">Leer m\u00e1s<\/a><\/p>\n","protected":false},"author":2,"featured_media":56101,"comment_status":"closed","ping_status":"closed","sticky":false,"template":"","format":"standard","meta":{"ngg_post_thumbnail":0,"_jetpack_newsletter_access":"","_jetpack_dont_email_post_to_subs":false,"_jetpack_newsletter_tier_id":0,"_jetpack_memberships_contains_paywalled_content":false,"_jetpack_memberships_contains_paid_content":false,"footnotes":""},"categories":[80,918,2535,20,2,83],"tags":[3133,2367,3735],"class_list":["post-56100","post","type-post","status-publish","format-standard","has-post-thumbnail","hentry","category-cintillo","category-privatizacion-del-sector-salud","category-crisis-del-sector-salud-en-jalisco","category-jalisco","category-noticias-nacionales","category-temas-nacionales","tag-crisis-del-sector-salud","tag-crisis-en-el-sector-salud","tag-protestas-por-falta-de-tratamientos-medicos","entry"],"jetpack_featured_media_url":"https:\/\/www.grieta.org.mx\/wp-content\/uploads\/2021\/01\/WhatsApp-Image-2021-01-02-at-15.07.01-696x522-1.jpeg","jetpack_sharing_enabled":true,"jetpack_shortlink":"https:\/\/wp.me\/p7ZJR4-eAQ","jetpack_likes_enabled":false,"jetpack-related-posts":[{"id":35033,"url":"https:\/\/www.grieta.org.mx\/index.php\/2019\/06\/18\/exigen-a-amlo-no-quitar-hemodialisis-del-imss-sinaloa\/","url_meta":{"origin":56100,"position":0},"title":"Exigen a AMLO no quitar hemodi\u00e1lisis del IMSS (Sinaloa)","author":"grieta","date":"18 junio, 2019","format":false,"excerpt":"Derechohabientes del IMSS se manifiestan en las afueras del instituto para exigir que el presidente de la Rep\u00fablica, Andr\u00e9s Manuel L\u00f3pez Obrador, no les quite el recurso al \u00e1rea de la salud Blanca Regalado \/ El Debate Mazatl\u00e1n, Sinaloa.- Concepci\u00f3n Becerra, llorando le exige al presidente la rep\u00fablica, Andr\u00e9s Manuel\u2026","rel":"","context":"En &quot;CINTILLO&quot;","block_context":{"text":"CINTILLO","link":"https:\/\/www.grieta.org.mx\/index.php\/category\/cintillo\/"},"img":{"alt_text":"","src":"https:\/\/i0.wp.com\/www.grieta.org.mx\/wp-content\/uploads\/2019\/06\/f1d24030-3ef8-49f3-877e-2e0ec974bfe0_crop1560876923444.jpg_1727466156.jpg?resize=350%2C200&ssl=1","width":350,"height":200,"srcset":"https:\/\/i0.wp.com\/www.grieta.org.mx\/wp-content\/uploads\/2019\/06\/f1d24030-3ef8-49f3-877e-2e0ec974bfe0_crop1560876923444.jpg_1727466156.jpg?resize=350%2C200&ssl=1 1x, https:\/\/i0.wp.com\/www.grieta.org.mx\/wp-content\/uploads\/2019\/06\/f1d24030-3ef8-49f3-877e-2e0ec974bfe0_crop1560876923444.jpg_1727466156.jpg?resize=525%2C300&ssl=1 1.5x, https:\/\/i0.wp.com\/www.grieta.org.mx\/wp-content\/uploads\/2019\/06\/f1d24030-3ef8-49f3-877e-2e0ec974bfe0_crop1560876923444.jpg_1727466156.jpg?resize=700%2C400&ssl=1 2x"},"classes":[]},{"id":49179,"url":"https:\/\/www.grieta.org.mx\/index.php\/2020\/05\/12\/piden-reubicar-a-pacientes-de-hemodialisis-que-tienen-covid-19-en-el-issste-yucatan\/","url_meta":{"origin":56100,"position":1},"title":"Piden reubicar a pacientes de hemodi\u00e1lisis que tienen COVID-19 en el ISSSTE (Yucat\u00e1n)","author":"grieta","date":"12 mayo, 2020","format":false,"excerpt":"Informe Fracto Familiares de pacientes del Hospital Regional del ISSSTE \u201cElvia Carrillo Puerto\u201d protestaron en las puertas de ese nosocomio tras enterarse de que una paciente de hemodi\u00e1lisis dio positivo a la prueba del virus. Familiares de pacientes con insuficiencia renal del Hospital Regional del Instituto de Seguridad y Servicios\u2026","rel":"","context":"En &quot;CINTILLO&quot;","block_context":{"text":"CINTILLO","link":"https:\/\/www.grieta.org.mx\/index.php\/category\/cintillo\/"},"img":{"alt_text":"","src":"https:\/\/i0.wp.com\/www.grieta.org.mx\/wp-content\/uploads\/2020\/05\/unnamed-e1589497167443.jpg?resize=350%2C200&ssl=1","width":350,"height":200,"srcset":"https:\/\/i0.wp.com\/www.grieta.org.mx\/wp-content\/uploads\/2020\/05\/unnamed-e1589497167443.jpg?resize=350%2C200&ssl=1 1x, https:\/\/i0.wp.com\/www.grieta.org.mx\/wp-content\/uploads\/2020\/05\/unnamed-e1589497167443.jpg?resize=525%2C300&ssl=1 1.5x, https:\/\/i0.wp.com\/www.grieta.org.mx\/wp-content\/uploads\/2020\/05\/unnamed-e1589497167443.jpg?resize=700%2C400&ssl=1 2x"},"classes":[]},{"id":61583,"url":"https:\/\/www.grieta.org.mx\/index.php\/2021\/09\/06\/medicamento-apocrifo-reciben-pacientes-con-insuficiencia-renal-jalisco\/","url_meta":{"origin":56100,"position":2},"title":"Medicamento ap\u00f3crifo reciben pacientes con insuficiencia renal (Jalisco)","author":"grieta","date":"6 septiembre, 2021","format":false,"excerpt":"Foto: Francisco Rodr\u00edguez Isaura L\u00f3pez \/ El Occidental Con la exigencia de \"medicamentos de calidad\", pacientes con insuficiencia renal del Instituto Mexicano del Seguro Social (IMSS) se manifestaron en la explanada del Centro M\u00e9dico Nacional de Occidente (CMNO). Denuncian la autenticidad de un lote de medicamentos de \u00e1cido micofen\u00f3lico bajo\u2026","rel":"","context":"En &quot;CINTILLO&quot;","block_context":{"text":"CINTILLO","link":"https:\/\/www.grieta.org.mx\/index.php\/category\/cintillo\/"},"img":{"alt_text":"","src":"https:\/\/i0.wp.com\/www.grieta.org.mx\/wp-content\/uploads\/2021\/09\/Pacientes.jpeg?resize=350%2C200&ssl=1","width":350,"height":200,"srcset":"https:\/\/i0.wp.com\/www.grieta.org.mx\/wp-content\/uploads\/2021\/09\/Pacientes.jpeg?resize=350%2C200&ssl=1 1x, https:\/\/i0.wp.com\/www.grieta.org.mx\/wp-content\/uploads\/2021\/09\/Pacientes.jpeg?resize=525%2C300&ssl=1 1.5x, https:\/\/i0.wp.com\/www.grieta.org.mx\/wp-content\/uploads\/2021\/09\/Pacientes.jpeg?resize=700%2C400&ssl=1 2x"},"classes":[]},{"id":71878,"url":"https:\/\/www.grieta.org.mx\/index.php\/2025\/07\/02\/pacientes-del-hospital-zoquiapan-de-ixtapaluca-mantienen-bloqueo-claman-que-no-los-dejen-sin-tratamiento-estado-de-mexico\/","url_meta":{"origin":56100,"position":3},"title":"Pacientes del Hospital Zoquiapan de Ixtapaluca mantienen bloqueo, claman que no los dejen sin tratamiento (Estado de M\u00e9xico)","author":"grieta","date":"2 julio, 2025","format":false,"excerpt":"Miguel Gonz\u00e1lez \/ La Jornada Estado de M\u00e9xico Pacientes del Hospital Zoquiapan de Ixtapaluca bloquean las afueras del nosocomio y claman que no los dejen sin tratamiento ante el retiro de equipo de hemodi\u00e1lisis. Pacientes con da\u00f1o renal del Hospital Zoquiapan \u201cDr. Pedro L\u00f3pez\u201d del municipio de Ixtapaluca, acompa\u00f1ados por\u2026","rel":"","context":"En &quot;CINTILLO&quot;","block_context":{"text":"CINTILLO","link":"https:\/\/www.grieta.org.mx\/index.php\/category\/cintillo\/"},"img":{"alt_text":"","src":"https:\/\/i0.wp.com\/www.grieta.org.mx\/wp-content\/uploads\/2025\/07\/Captura-de-pantalla-2025-07-02-000613.png?resize=350%2C200&ssl=1","width":350,"height":200,"srcset":"https:\/\/i0.wp.com\/www.grieta.org.mx\/wp-content\/uploads\/2025\/07\/Captura-de-pantalla-2025-07-02-000613.png?resize=350%2C200&ssl=1 1x, https:\/\/i0.wp.com\/www.grieta.org.mx\/wp-content\/uploads\/2025\/07\/Captura-de-pantalla-2025-07-02-000613.png?resize=525%2C300&ssl=1 1.5x, https:\/\/i0.wp.com\/www.grieta.org.mx\/wp-content\/uploads\/2025\/07\/Captura-de-pantalla-2025-07-02-000613.png?resize=700%2C400&ssl=1 2x"},"classes":[]},{"id":46771,"url":"https:\/\/www.grieta.org.mx\/index.php\/2020\/03\/24\/trabajadores-del-imss-exigen-medidas-e-insumos-jalisco\/","url_meta":{"origin":56100,"position":4},"title":"Trabajadores del IMSS exigen medidas e insumos (Jalisco)","author":"grieta","date":"24 marzo, 2020","format":false,"excerpt":"Foto: Especial Edgar Flores \/ El Diario NTR Al mediod\u00eda de ayer trabajadores de la Hospital General Regional (HGR) 46 del Instituto Mexicano del Seguro Social (IMSS) se manifestaron a las afueras del nosocomio para exigir insumos y medidas de protecci\u00f3n a prop\u00f3sito de la contingencia sanitaria por el Covid-19.\u2026","rel":"","context":"En &quot;CINTILLO&quot;","block_context":{"text":"CINTILLO","link":"https:\/\/www.grieta.org.mx\/index.php\/category\/cintillo\/"},"img":{"alt_text":"","src":"https:\/\/i0.wp.com\/www.grieta.org.mx\/wp-content\/uploads\/2020\/03\/2020-03-24_12-03-18___7035.jpg?resize=350%2C200&ssl=1","width":350,"height":200,"srcset":"https:\/\/i0.wp.com\/www.grieta.org.mx\/wp-content\/uploads\/2020\/03\/2020-03-24_12-03-18___7035.jpg?resize=350%2C200&ssl=1 1x, https:\/\/i0.wp.com\/www.grieta.org.mx\/wp-content\/uploads\/2020\/03\/2020-03-24_12-03-18___7035.jpg?resize=525%2C300&ssl=1 1.5x, https:\/\/i0.wp.com\/www.grieta.org.mx\/wp-content\/uploads\/2020\/03\/2020-03-24_12-03-18___7035.jpg?resize=700%2C400&ssl=1 2x"},"classes":[]},{"id":43162,"url":"https:\/\/www.grieta.org.mx\/index.php\/2020\/01\/16\/derechohabientes-de-la-unidad-medicina-familiar-2-del-imss-denuncian-falta-de-medicamentos-jalisco\/","url_meta":{"origin":56100,"position":5},"title":"Derechohabientes de la Unidad Medicina Familiar 2 del IMSS denuncian falta de medicamentos (Jalisco)","author":"grieta","date":"16 enero, 2020","format":false,"excerpt":"Imagen: Isaura L\u00f3pez Villalobos Algunos hac\u00edan fila en el m\u00f3dulo de atenci\u00f3n y orientaci\u00f3n de la Unidad M\u00e9dica para pedir informaci\u00f3n sobre su tratamiento Isaura L\u00f3pez Villalobos \/ UDGTV Guadalajara, Jalisco. En la Unidad Medicina Familiar n\u00famero 2 del IMSS Jalisco derechohabientes denuncian la falta de medicamentos. Algunos hac\u00edan fila\u2026","rel":"","context":"En &quot;CINTILLO&quot;","block_context":{"text":"CINTILLO","link":"https:\/\/www.grieta.org.mx\/index.php\/category\/cintillo\/"},"img":{"alt_text":"","src":"https:\/\/i0.wp.com\/www.grieta.org.mx\/wp-content\/uploads\/2020\/01\/IMSS-falta-medicamentos-Isaura-L%C3%B3pez-Villalobos-2-696x522.jpeg?resize=350%2C200&ssl=1","width":350,"height":200,"srcset":"https:\/\/i0.wp.com\/www.grieta.org.mx\/wp-content\/uploads\/2020\/01\/IMSS-falta-medicamentos-Isaura-L%C3%B3pez-Villalobos-2-696x522.jpeg?resize=350%2C200&ssl=1 1x, https:\/\/i0.wp.com\/www.grieta.org.mx\/wp-content\/uploads\/2020\/01\/IMSS-falta-medicamentos-Isaura-L%C3%B3pez-Villalobos-2-696x522.jpeg?resize=525%2C300&ssl=1 1.5x"},"classes":[]}],"_links":{"self":[{"href":"https:\/\/www.grieta.org.mx\/index.php\/wp-json\/wp\/v2\/posts\/56100","targetHints":{"allow":["GET"]}}],"collection":[{"href":"https:\/\/www.grieta.org.mx\/index.php\/wp-json\/wp\/v2\/posts"}],"about":[{"href":"https:\/\/www.grieta.org.mx\/index.php\/wp-json\/wp\/v2\/types\/post"}],"author":[{"embeddable":true,"href":"https:\/\/www.grieta.org.mx\/index.php\/wp-json\/wp\/v2\/users\/2"}],"replies":[{"embeddable":true,"href":"https:\/\/www.grieta.org.mx\/index.php\/wp-json\/wp\/v2\/comments?post=56100"}],"version-history":[{"count":1,"href":"https:\/\/www.grieta.org.mx\/index.php\/wp-json\/wp\/v2\/posts\/56100\/revisions"}],"predecessor-version":[{"id":56102,"href":"https:\/\/www.grieta.org.mx\/index.php\/wp-json\/wp\/v2\/posts\/56100\/revisions\/56102"}],"wp:featuredmedia":[{"embeddable":true,"href":"https:\/\/www.grieta.org.mx\/index.php\/wp-json\/wp\/v2\/media\/56101"}],"wp:attachment":[{"href":"https:\/\/www.grieta.org.mx\/index.php\/wp-json\/wp\/v2\/media?parent=56100"}],"wp:term":[{"taxonomy":"category","embeddable":true,"href":"https:\/\/www.grieta.org.mx\/index.php\/wp-json\/wp\/v2\/categories?post=56100"},{"taxonomy":"post_tag","embeddable":true,"href":"https:\/\/www.grieta.org.mx\/index.php\/wp-json\/wp\/v2\/tags?post=56100"}],"curies":[{"name":"wp","href":"https:\/\/api.w.org\/{rel}","templated":true}]}}