{"id":56088,"date":"2020-12-28T19:06:22","date_gmt":"2020-12-29T01:06:22","guid":{"rendered":"http:\/\/www.grieta.org.mx\/?p=56088"},"modified":"2021-01-02T21:11:13","modified_gmt":"2021-01-03T03:11:13","slug":"a-dos-meses-de-desaparecida-familiares-y-activistas-exigen-la-aparicion-con-vida-de-zayra-oaxaca","status":"publish","type":"post","link":"https:\/\/www.grieta.org.mx\/index.php\/2020\/12\/28\/a-dos-meses-de-desaparecida-familiares-y-activistas-exigen-la-aparicion-con-vida-de-zayra-oaxaca\/","title":{"rendered":"A dos meses de desaparecida, familiares y activistas exigen la aparici\u00f3n con vida de Zayra  (Oaxaca)"},"content":{"rendered":"<p>Noticias \/ Citlalli Luciana.<\/p>\n<p><img loading=\"lazy\" decoding=\"async\" data-attachment-id=\"56089\" data-permalink=\"https:\/\/www.grieta.org.mx\/index.php\/2020\/12\/28\/a-dos-meses-de-desaparecida-familiares-y-activistas-exigen-la-aparicion-con-vida-de-zayra-oaxaca\/z-10\/\" data-orig-file=\"https:\/\/www.grieta.org.mx\/wp-content\/uploads\/2021\/01\/Z.jpg\" data-orig-size=\"1144,645\" data-comments-opened=\"0\" data-image-meta=\"{&quot;aperture&quot;:&quot;0&quot;,&quot;credit&quot;:&quot;&quot;,&quot;camera&quot;:&quot;&quot;,&quot;caption&quot;:&quot;&quot;,&quot;created_timestamp&quot;:&quot;0&quot;,&quot;copyright&quot;:&quot;&quot;,&quot;focal_length&quot;:&quot;0&quot;,&quot;iso&quot;:&quot;0&quot;,&quot;shutter_speed&quot;:&quot;0&quot;,&quot;title&quot;:&quot;&quot;,&quot;orientation&quot;:&quot;0&quot;}\" data-image-title=\"Z\" data-image-description=\"\" data-image-caption=\"\" data-medium-file=\"https:\/\/www.grieta.org.mx\/wp-content\/uploads\/2021\/01\/Z-300x169.jpg\" data-large-file=\"https:\/\/www.grieta.org.mx\/wp-content\/uploads\/2021\/01\/Z-1024x577.jpg\" class=\"alignnone wp-image-56089\" src=\"http:\/\/www.grieta.org.mx\/wp-content\/uploads\/2021\/01\/Z.jpg\" alt=\"\" width=\"800\" height=\"451\" srcset=\"https:\/\/www.grieta.org.mx\/wp-content\/uploads\/2021\/01\/Z.jpg 1144w, https:\/\/www.grieta.org.mx\/wp-content\/uploads\/2021\/01\/Z-300x169.jpg 300w, https:\/\/www.grieta.org.mx\/wp-content\/uploads\/2021\/01\/Z-1024x577.jpg 1024w, https:\/\/www.grieta.org.mx\/wp-content\/uploads\/2021\/01\/Z-768x433.jpg 768w, https:\/\/www.grieta.org.mx\/wp-content\/uploads\/2021\/01\/Z-887x500.jpg 887w\" sizes=\"auto, (max-width: 800px) 100vw, 800px\" \/><\/p>\n<p>El 23 de diciembre Zayra Leticia Morales Loyola cumpli\u00f3 dos meses de haber sido desaparecida, su familia, amistades y organizaciones feministas contin\u00faan el rastreo apoyadas en redes sociales bajo el hastag Te Seguimos buscando.<\/p>\n<p>\u201cHace dos meses, aproximadamente a estas horas te desaparecieron prima #Zayra, te arrebataron de tu familia, de tus dos hijos, de tu vida llena de planes, de tu alegr\u00eda ante la vida, re\u00edas por todo, te ve\u00edas contenta, te arrebataron de nosotras, ahora s\u00f3lo queremos que regreses a nosotras con vida, ya no es vida, ya nada es igual, estoy llena de rabia, mucho dolor por tu ausencia\u201d, escribi\u00f3 una de sus primas en redes sociales.<\/p>\n<p>Zayra fue desaparecida el 23 de octubre en Santa Mar\u00eda Xochixtlapilco, Huajuapan de Le\u00f3n entre las 22:00 y 23:00 horas.<\/p>\n<p>La joven madre de dos ni\u00f1os hab\u00eda acudido a dos locales de su casa a cancelar una cena y no regres\u00f3 a casa.<\/p>\n<p>A m\u00e1s de un mes de lo ocurrido, la Fiscal\u00eda de Oaxaca llev\u00f3 a cabo la detenci\u00f3n de los hermanos E. S. M. y J. C. S. M. como probables responsables del delito de desaparici\u00f3n por particulares en agravio de Zayra.<\/p>\n<p>B\u00fasqueda por redes sociales<\/p>\n<p>De acuerdo con la Red de Mujeres para una Vida Libre de Violencia (Remuvi), la de Zayra fue uno de los 30 casos de mujeres reportadas como desaparecidas en Oaxaca solo en el mes de octubre.<\/p>\n<p>En este sentido, desde el pasado 21 de diciembre, la Remuvi inici\u00f3 una campa\u00f1a de exigencia de presentaci\u00f3n con vida de Zayra a trav\u00e9s de las redes sociales, en ellas se muestran a varias mujeres pidiendo por la pronta localizaci\u00f3n.<\/p>\n<p>\u201cNo queremos que este caso sea uno m\u00e1s de impunidad, no descansaremos hasta encontrarte, Zayra\u201d, indicaron en uno de los ocho videos publicados en Facebook, a manera de recordar a las autoridades que la detenci\u00f3n de dos personas recientemente presentadas por la Fiscal\u00eda, no cierra el caso.<\/p>\n<p>\u201cExigimos al gobernador del estado, Alejandro Murat Hinojosa y al fiscal general del estado, Rub\u00e9n Vasconcelos M\u00e9ndez, que investigue el paradero de Zayra Leticia Morales Loyola\u201d, expresaron.<\/p>\n<p>\u201cBasta de tanta violencia contra las mujeres, exigimos al gobierno del estado de Oaxaca, as\u00ed como a la Fiscal\u00eda que d\u00e9 con el paradero de Zayra Leticia, quien fue vista por \u00faltima vez el 23 de octubre. No descansaremos hasta encontrarla\u201d, se\u00f1alaron en otro video.<\/p>\n<p>Hasta este momento, a dos meses de la ausencia de Zayra, no hay indicios que lleven a su paradero, mientras tanto la familia contin\u00faa la b\u00fasqueda por distintos medios.<\/p>\n<p><a href=\"https:\/\/www.nvinoticias.com\/nota\/170960\/dos-meses-de-desaparecida-familiares-y-activistas-exigen-la-aparicion-con-vida-de-zayra\" target=\"_blank\" rel=\"noopener\">https:\/\/www.nvinoticias.com\/nota\/170960\/dos-meses-de-desaparecida-familiares-y-activistas-exigen-la-aparicion-con-vida-de-zayra<\/a><\/p>\n","protected":false},"excerpt":{"rendered":"<p>Noticias \/ Citlalli Luciana. El 23 de diciembre Zayra Leticia Morales Loyola cumpli\u00f3 dos meses de haber sido desaparecida, su familia, amistades y organizaciones feministas contin\u00faan el rastreo apoyadas en &hellip; <a href=\"https:\/\/www.grieta.org.mx\/index.php\/2020\/12\/28\/a-dos-meses-de-desaparecida-familiares-y-activistas-exigen-la-aparicion-con-vida-de-zayra-oaxaca\/\" class=\"more-link\">Leer m\u00e1s<\/a><\/p>\n","protected":false},"author":2,"featured_media":56089,"comment_status":"closed","ping_status":"closed","sticky":false,"template":"","format":"standard","meta":{"ngg_post_thumbnail":0,"_jetpack_newsletter_access":"","_jetpack_dont_email_post_to_subs":false,"_jetpack_newsletter_tier_id":0,"_jetpack_memberships_contains_paywalled_content":false,"_jetpack_memberships_contains_paid_content":false,"footnotes":""},"categories":[80,2832,1325,2,25,1665],"tags":[],"class_list":["post-56088","post","type-post","status-publish","format-standard","has-post-thumbnail","hentry","category-cintillo","category-desaparecidos-en-oaxaca","category-feminicidios-en-oaxaca-oaxaca","category-noticias-nacionales","category-oaxaca","category-violencia-contra-las-mujeres-en-oaxaca","entry"],"jetpack_featured_media_url":"https:\/\/www.grieta.org.mx\/wp-content\/uploads\/2021\/01\/Z.jpg","jetpack_sharing_enabled":true,"jetpack_shortlink":"https:\/\/wp.me\/p7ZJR4-eAE","jetpack_likes_enabled":false,"jetpack-related-posts":[{"id":56734,"url":"https:\/\/www.grieta.org.mx\/index.php\/2021\/02\/01\/impotencia-dolor-y-tristeza-por-la-desaparicion-de-zayra-en-la-mixteca-de-oaxaca\/","url_meta":{"origin":56088,"position":0},"title":"Impotencia, dolor y tristeza por la desaparici\u00f3n de Zayra en la Mixteca de Oaxaca","author":"grieta","date":"1 febrero, 2021","format":false,"excerpt":"Noticias \/ Citlalli Luciana. El pasado 23 de enero se cumplieron tres meses de que Zayra Morales Loyola fuera desaparecida en Xochilxtlapilco, Huajuapan de Le\u00f3n. Luz Mar\u00eda Leticia Loyola L\u00f3pez, su madre, no oculta la tristeza, el dolor y la impotencia de no tener a su hija en casa. \u201cHan\u2026","rel":"","context":"En &quot;CINTILLO&quot;","block_context":{"text":"CINTILLO","link":"https:\/\/www.grieta.org.mx\/index.php\/category\/cintillo\/"},"img":{"alt_text":"","src":"https:\/\/i0.wp.com\/www.grieta.org.mx\/wp-content\/uploads\/2021\/02\/2.png?resize=350%2C200&ssl=1","width":350,"height":200,"srcset":"https:\/\/i0.wp.com\/www.grieta.org.mx\/wp-content\/uploads\/2021\/02\/2.png?resize=350%2C200&ssl=1 1x, https:\/\/i0.wp.com\/www.grieta.org.mx\/wp-content\/uploads\/2021\/02\/2.png?resize=525%2C300&ssl=1 1.5x, https:\/\/i0.wp.com\/www.grieta.org.mx\/wp-content\/uploads\/2021\/02\/2.png?resize=700%2C400&ssl=1 2x, https:\/\/i0.wp.com\/www.grieta.org.mx\/wp-content\/uploads\/2021\/02\/2.png?resize=1050%2C600&ssl=1 3x"},"classes":[]},{"id":54613,"url":"https:\/\/www.grieta.org.mx\/index.php\/2020\/10\/28\/me-estoy-muriendo-en-vida-clama-madre-de-zayra-una-de-las-30-desaparecidas-en-oaxaca\/","url_meta":{"origin":56088,"position":1},"title":"&#8220;Me estoy muriendo en vida&#8221;, clama madre de Zayra, una de las 30 desaparecidas en Oaxaca","author":"grieta","date":"28 octubre, 2020","format":false,"excerpt":"P\u00e1gina 3 \/ Pedro Mat\u00edas *Acusan a Fiscal\u00eda de actuar con lentitud ante esta problem\u00e1tica. | *Familiares rompen el confinamiento para protestar frente al Palacio de Gobierno. Estaci\u00f3n Foto. OAXACA, Oax.- \u201cHija de mi vida, te amo, regresa por favor, me estoy muriendo en vida. \u201cMi dolor es muy grande\u2026","rel":"","context":"En &quot;CINTILLO&quot;","block_context":{"text":"CINTILLO","link":"https:\/\/www.grieta.org.mx\/index.php\/category\/cintillo\/"},"img":{"alt_text":"","src":"https:\/\/i0.wp.com\/www.grieta.org.mx\/wp-content\/uploads\/2020\/10\/Zayra-Leticia-Morales-Loyola.jpeg?resize=350%2C200&ssl=1","width":350,"height":200,"srcset":"https:\/\/i0.wp.com\/www.grieta.org.mx\/wp-content\/uploads\/2020\/10\/Zayra-Leticia-Morales-Loyola.jpeg?resize=350%2C200&ssl=1 1x, https:\/\/i0.wp.com\/www.grieta.org.mx\/wp-content\/uploads\/2020\/10\/Zayra-Leticia-Morales-Loyola.jpeg?resize=525%2C300&ssl=1 1.5x, https:\/\/i0.wp.com\/www.grieta.org.mx\/wp-content\/uploads\/2020\/10\/Zayra-Leticia-Morales-Loyola.jpeg?resize=700%2C400&ssl=1 2x"},"classes":[]},{"id":63820,"url":"https:\/\/www.grieta.org.mx\/index.php\/2022\/03\/21\/temo-por-mi-vida-dice-madre-de-zayra-tras-liberacion-de-sospechosos-oaxaca\/","url_meta":{"origin":56088,"position":2},"title":"\u201cTemo por mi vida\u201d, dice madre de Zayra tras liberaci\u00f3n de sospechosos (Oaxaca)","author":"grieta","date":"21 marzo, 2022","format":false,"excerpt":"Noticias \/ Citlalli L\u00f3pez Vel\u00e1zquez. Luego de se\u00f1alar que su vida y la de sus nietos corre peligro tras la liberaci\u00f3n de tres personas indiciadas con la desaparici\u00f3n de Zayra Morales Loyola cometida en Xochixtlalpilco, Huajuapan de Le\u00f3n en 2020, Leticia Loyola, madre de la joven, pidi\u00f3 al Fiscal, Arturo\u2026","rel":"","context":"En &quot;CINTILLO&quot;","block_context":{"text":"CINTILLO","link":"https:\/\/www.grieta.org.mx\/index.php\/category\/cintillo\/"},"img":{"alt_text":"","src":"https:\/\/i0.wp.com\/www.grieta.org.mx\/wp-content\/uploads\/2018\/03\/14524434_1106112876131411_958039263622046936_o.jpg?resize=350%2C200&ssl=1","width":350,"height":200,"srcset":"https:\/\/i0.wp.com\/www.grieta.org.mx\/wp-content\/uploads\/2018\/03\/14524434_1106112876131411_958039263622046936_o.jpg?resize=350%2C200&ssl=1 1x, https:\/\/i0.wp.com\/www.grieta.org.mx\/wp-content\/uploads\/2018\/03\/14524434_1106112876131411_958039263622046936_o.jpg?resize=525%2C300&ssl=1 1.5x, https:\/\/i0.wp.com\/www.grieta.org.mx\/wp-content\/uploads\/2018\/03\/14524434_1106112876131411_958039263622046936_o.jpg?resize=700%2C400&ssl=1 2x"},"classes":[]},{"id":55671,"url":"https:\/\/www.grieta.org.mx\/index.php\/2020\/11\/23\/se-cumple-un-mes-de-la-desaparicion-de-zayra-morales-en-oaxaca\/","url_meta":{"origin":56088,"position":3},"title":"Se cumple un mes de la desaparici\u00f3n de Zayra Morales en Oaxaca","author":"grieta","date":"23 noviembre, 2020","format":false,"excerpt":"Noticias \/ Citlalli Luciana. Exige Gesmujer claridad en protocolos de b\u00fasqueda La Fiscal\u00eda de Oaxaca contin\u00faa sin tener datos que lleven a la localizaci\u00f3n de Zayra Morales Loyola. Al cumplirse este d\u00eda un mes de la desaparici\u00f3n de Zayra Morales Loyola, el Grupo de Estudios Sobre la Mujer Rosario Castellanos\u2026","rel":"","context":"En &quot;CINTILLO&quot;","block_context":{"text":"CINTILLO","link":"https:\/\/www.grieta.org.mx\/index.php\/category\/cintillo\/"},"img":{"alt_text":"","src":"https:\/\/i0.wp.com\/www.grieta.org.mx\/wp-content\/uploads\/2020\/12\/A-2.jpg?resize=350%2C200&ssl=1","width":350,"height":200,"srcset":"https:\/\/i0.wp.com\/www.grieta.org.mx\/wp-content\/uploads\/2020\/12\/A-2.jpg?resize=350%2C200&ssl=1 1x, https:\/\/i0.wp.com\/www.grieta.org.mx\/wp-content\/uploads\/2020\/12\/A-2.jpg?resize=525%2C300&ssl=1 1.5x, https:\/\/i0.wp.com\/www.grieta.org.mx\/wp-content\/uploads\/2020\/12\/A-2.jpg?resize=700%2C400&ssl=1 2x, https:\/\/i0.wp.com\/www.grieta.org.mx\/wp-content\/uploads\/2020\/12\/A-2.jpg?resize=1050%2C600&ssl=1 3x"},"classes":[]},{"id":63802,"url":"https:\/\/www.grieta.org.mx\/index.php\/2022\/03\/20\/en-oaxaca-fallaron-las-autoridades-los-dejaron-libres-madre-de-zayra-leticia-exige-justicia-por-su-hija-desaparecida\/","url_meta":{"origin":56088,"position":4},"title":"\u201cEn Oaxaca fallaron las autoridades, los dejaron libres\u201d: Madre de Zayra Leticia exige justicia por su hija desaparecida","author":"grieta","date":"20 marzo, 2022","format":false,"excerpt":"P\u00e1gina 3 \/ Tierra Com\u00fan. Oaxaca, Oax.- \u201cUna camioneta negra la llev\u00f3 esa noche del 23 de octubre del 2020 y desde entonces ya no s\u00e9 nada de mi hija Zayra Leticia\u201d dice su madre Luz Mar\u00eda Loyola qui\u00e9n asegura que las l\u00e1grimas ya no alcanzan para calmar la impotencia\u2026","rel":"","context":"En &quot;CINTILLO&quot;","block_context":{"text":"CINTILLO","link":"https:\/\/www.grieta.org.mx\/index.php\/category\/cintillo\/"},"img":{"alt_text":"","src":"https:\/\/i0.wp.com\/www.grieta.org.mx\/wp-content\/uploads\/2018\/03\/14524434_1106112876131411_958039263622046936_o.jpg?resize=350%2C200&ssl=1","width":350,"height":200,"srcset":"https:\/\/i0.wp.com\/www.grieta.org.mx\/wp-content\/uploads\/2018\/03\/14524434_1106112876131411_958039263622046936_o.jpg?resize=350%2C200&ssl=1 1x, https:\/\/i0.wp.com\/www.grieta.org.mx\/wp-content\/uploads\/2018\/03\/14524434_1106112876131411_958039263622046936_o.jpg?resize=525%2C300&ssl=1 1.5x, https:\/\/i0.wp.com\/www.grieta.org.mx\/wp-content\/uploads\/2018\/03\/14524434_1106112876131411_958039263622046936_o.jpg?resize=700%2C400&ssl=1 2x"},"classes":[]},{"id":62461,"url":"https:\/\/www.grieta.org.mx\/index.php\/2021\/10\/26\/a-un-ano-de-su-desaparicion-sin-rastro-de-zayra-leticia-oaxaca\/","url_meta":{"origin":56088,"position":5},"title":"A un a\u00f1o de su desaparici\u00f3n, sin rastro de Zayra Leticia (Oaxaca)","author":"grieta","date":"26 octubre, 2021","format":false,"excerpt":"P\u00e1gina 3 \/ Nathalie G\u00f3mez Huajuapan de Le\u00f3n, Oax.(pagina3.mx).-Sali\u00f3 el 23 de octubre de 2020 a cancelar una cena a unos metros de su casa, pero no volvi\u00f3. A un a\u00f1o de su desaparici\u00f3n, de Sayra Leticia Morales Loyola no se tiene ning\u00fan rastro. Luz Mar\u00eda Leticia Loyola L\u00f3pez, madre\u2026","rel":"","context":"En &quot;CINTILLO&quot;","block_context":{"text":"CINTILLO","link":"https:\/\/www.grieta.org.mx\/index.php\/category\/cintillo\/"},"img":{"alt_text":"","src":"https:\/\/i0.wp.com\/www.grieta.org.mx\/wp-content\/uploads\/2021\/10\/1.png?resize=350%2C200&ssl=1","width":350,"height":200,"srcset":"https:\/\/i0.wp.com\/www.grieta.org.mx\/wp-content\/uploads\/2021\/10\/1.png?resize=350%2C200&ssl=1 1x, https:\/\/i0.wp.com\/www.grieta.org.mx\/wp-content\/uploads\/2021\/10\/1.png?resize=525%2C300&ssl=1 1.5x, https:\/\/i0.wp.com\/www.grieta.org.mx\/wp-content\/uploads\/2021\/10\/1.png?resize=700%2C400&ssl=1 2x"},"classes":[]}],"_links":{"self":[{"href":"https:\/\/www.grieta.org.mx\/index.php\/wp-json\/wp\/v2\/posts\/56088","targetHints":{"allow":["GET"]}}],"collection":[{"href":"https:\/\/www.grieta.org.mx\/index.php\/wp-json\/wp\/v2\/posts"}],"about":[{"href":"https:\/\/www.grieta.org.mx\/index.php\/wp-json\/wp\/v2\/types\/post"}],"author":[{"embeddable":true,"href":"https:\/\/www.grieta.org.mx\/index.php\/wp-json\/wp\/v2\/users\/2"}],"replies":[{"embeddable":true,"href":"https:\/\/www.grieta.org.mx\/index.php\/wp-json\/wp\/v2\/comments?post=56088"}],"version-history":[{"count":1,"href":"https:\/\/www.grieta.org.mx\/index.php\/wp-json\/wp\/v2\/posts\/56088\/revisions"}],"predecessor-version":[{"id":56090,"href":"https:\/\/www.grieta.org.mx\/index.php\/wp-json\/wp\/v2\/posts\/56088\/revisions\/56090"}],"wp:featuredmedia":[{"embeddable":true,"href":"https:\/\/www.grieta.org.mx\/index.php\/wp-json\/wp\/v2\/media\/56089"}],"wp:attachment":[{"href":"https:\/\/www.grieta.org.mx\/index.php\/wp-json\/wp\/v2\/media?parent=56088"}],"wp:term":[{"taxonomy":"category","embeddable":true,"href":"https:\/\/www.grieta.org.mx\/index.php\/wp-json\/wp\/v2\/categories?post=56088"},{"taxonomy":"post_tag","embeddable":true,"href":"https:\/\/www.grieta.org.mx\/index.php\/wp-json\/wp\/v2\/tags?post=56088"}],"curies":[{"name":"wp","href":"https:\/\/api.w.org\/{rel}","templated":true}]}}