{"id":56084,"date":"2020-12-28T18:01:28","date_gmt":"2020-12-29T00:01:28","guid":{"rendered":"http:\/\/www.grieta.org.mx\/?p=56084"},"modified":"2021-01-02T21:05:35","modified_gmt":"2021-01-03T03:05:35","slug":"colectivos-feministas-exigen-dar-con-responsable-de-la-muerte-de-bertha-jose-oaxaca","status":"publish","type":"post","link":"https:\/\/www.grieta.org.mx\/index.php\/2020\/12\/28\/colectivos-feministas-exigen-dar-con-responsable-de-la-muerte-de-bertha-jose-oaxaca\/","title":{"rendered":"Colectivos feministas exigen dar con responsable de la muerte de Bertha Jos\u00e9 (Oaxaca)"},"content":{"rendered":"<p>Noticias \/ Staff.<\/p>\n<p><img loading=\"lazy\" decoding=\"async\" data-attachment-id=\"56085\" data-permalink=\"https:\/\/www.grieta.org.mx\/index.php\/2020\/12\/28\/colectivos-feministas-exigen-dar-con-responsable-de-la-muerte-de-bertha-jose-oaxaca\/bertha\/\" data-orig-file=\"https:\/\/www.grieta.org.mx\/wp-content\/uploads\/2021\/01\/bertha.jpg\" data-orig-size=\"1144,645\" data-comments-opened=\"0\" data-image-meta=\"{&quot;aperture&quot;:&quot;0&quot;,&quot;credit&quot;:&quot;&quot;,&quot;camera&quot;:&quot;&quot;,&quot;caption&quot;:&quot;&quot;,&quot;created_timestamp&quot;:&quot;0&quot;,&quot;copyright&quot;:&quot;&quot;,&quot;focal_length&quot;:&quot;0&quot;,&quot;iso&quot;:&quot;0&quot;,&quot;shutter_speed&quot;:&quot;0&quot;,&quot;title&quot;:&quot;&quot;,&quot;orientation&quot;:&quot;0&quot;}\" data-image-title=\"bertha\" data-image-description=\"\" data-image-caption=\"\" data-medium-file=\"https:\/\/www.grieta.org.mx\/wp-content\/uploads\/2021\/01\/bertha-300x169.jpg\" data-large-file=\"https:\/\/www.grieta.org.mx\/wp-content\/uploads\/2021\/01\/bertha-1024x577.jpg\" class=\"alignnone wp-image-56085\" src=\"http:\/\/www.grieta.org.mx\/wp-content\/uploads\/2021\/01\/bertha.jpg\" alt=\"\" width=\"800\" height=\"451\" srcset=\"https:\/\/www.grieta.org.mx\/wp-content\/uploads\/2021\/01\/bertha.jpg 1144w, https:\/\/www.grieta.org.mx\/wp-content\/uploads\/2021\/01\/bertha-300x169.jpg 300w, https:\/\/www.grieta.org.mx\/wp-content\/uploads\/2021\/01\/bertha-1024x577.jpg 1024w, https:\/\/www.grieta.org.mx\/wp-content\/uploads\/2021\/01\/bertha-768x433.jpg 768w, https:\/\/www.grieta.org.mx\/wp-content\/uploads\/2021\/01\/bertha-887x500.jpg 887w\" sizes=\"auto, (max-width: 800px) 100vw, 800px\" \/><\/p>\n<p>Colectivos feministas de Oaxaca, mediante redes sociales, han exigido a las autoridades de la entidad detener al responsable o responsables de la muerte de Bertha Jos\u00e9 Dom\u00ednguez, quien fue asesinada con arma blanca en la regi\u00f3n del Istmo de Tehuantepec, presuntamente por su esposo, Jes\u00fas M. A., quien se encuentra pr\u00f3fugo.<\/p>\n<p>El crimen se registr\u00f3 en plena Navidad, el pasado 25 de diciembre, sin que hasta el momento se presente alg\u00fan avance en la investigaci\u00f3n. El presunto asesinato de Bertha se suma a otros 109 feminicidios en lo que va del a\u00f1o, de acuerdo con datos de Ges Mujer \u201cRosario Castellanos\u201d.<\/p>\n<p>Adem\u00e1s de acuerdo con esta organizaci\u00f3n, la regi\u00f3n del Istmo de Tehuantepec es la segunda m\u00e1s peligrosa para las mujeres, pues van 101 feminicidios de un total de 493, desde el inicio de la administraci\u00f3n del actual gobierno estatal.<\/p>\n<p>Cabe se\u00f1alar que Bertha era originaria de la comunidad de San Pedro Jilotepec, perteneciente al municipio de Magdalena Tequisistl\u00e1n, Istmo, en donde fue sepultada el pasado s\u00e1bado.<\/p>\n<p>La joven ten\u00eda 27 a\u00f1os de edad y viv\u00eda en Uni\u00f3n Hidalgo, tras los hechos las autoridades de justicia en el Istmo comenzaron una carpeta de investigaci\u00f3n por feminicidio.<\/p>\n<p><a href=\"https:\/\/www.nvinoticias.com\/nota\/170966\/colectivos-feministas-exigen-dar-con-responsable-de-la-muerte-de-bertha-jose\" target=\"_blank\" rel=\"noopener\">https:\/\/www.nvinoticias.com\/nota\/170966\/colectivos-feministas-exigen-dar-con-responsable-de-la-muerte-de-bertha-jose<\/a><\/p>\n","protected":false},"excerpt":{"rendered":"<p>Noticias \/ Staff. Colectivos feministas de Oaxaca, mediante redes sociales, han exigido a las autoridades de la entidad detener al responsable o responsables de la muerte de Bertha Jos\u00e9 Dom\u00ednguez, &hellip; <a href=\"https:\/\/www.grieta.org.mx\/index.php\/2020\/12\/28\/colectivos-feministas-exigen-dar-con-responsable-de-la-muerte-de-bertha-jose-oaxaca\/\" class=\"more-link\">Leer m\u00e1s<\/a><\/p>\n","protected":false},"author":2,"featured_media":56085,"comment_status":"closed","ping_status":"closed","sticky":false,"template":"","format":"standard","meta":{"ngg_post_thumbnail":0,"_jetpack_newsletter_access":"","_jetpack_dont_email_post_to_subs":false,"_jetpack_newsletter_tier_id":0,"_jetpack_memberships_contains_paywalled_content":false,"_jetpack_memberships_contains_paid_content":false,"footnotes":""},"categories":[80,1325,3163,2,25,1665],"tags":[],"class_list":["post-56084","post","type-post","status-publish","format-standard","has-post-thumbnail","hentry","category-cintillo","category-feminicidios-en-oaxaca-oaxaca","category-la-lucha-de-las-mujeres-en-oaxaca","category-noticias-nacionales","category-oaxaca","category-violencia-contra-las-mujeres-en-oaxaca","entry"],"jetpack_featured_media_url":"https:\/\/www.grieta.org.mx\/wp-content\/uploads\/2021\/01\/bertha.jpg","jetpack_sharing_enabled":true,"jetpack_shortlink":"https:\/\/wp.me\/p7ZJR4-eAA","jetpack_likes_enabled":false,"jetpack-related-posts":[{"id":66408,"url":"https:\/\/www.grieta.org.mx\/index.php\/2023\/03\/01\/mujeres-en-la-mixteca-exigen-justicia-por-la-muerte-de-jenni-flor-oaxaca\/","url_meta":{"origin":56084,"position":0},"title":"Mujeres en la Mixteca exigen justicia por la muerte de Jenni Flor (Oaxaca)","author":"grieta","date":"1 marzo, 2023","format":false,"excerpt":"Imagen: Cortes\u00eda Leslie Aguilar \/\u00a0 NVI Noticias HUAJUAPAN DE LE\u00d3N, Oaxaca.- La colectiva feminista Marea Verde Mixteca pidi\u00f3 justicia por el feminismo de Jenni Flor, de 25 a\u00f1os de edad, quien fue asesinada la tarde del 27 de febrero en la comunidad de Santa Cruz Tacache de Mina por su\u2026","rel":"","context":"En &quot;CINTILLO&quot;","block_context":{"text":"CINTILLO","link":"https:\/\/www.grieta.org.mx\/index.php\/category\/cintillo\/"},"img":{"alt_text":"","src":"https:\/\/i0.wp.com\/www.grieta.org.mx\/wp-content\/uploads\/2023\/03\/protesta_por_jenni.webp?resize=350%2C200&ssl=1","width":350,"height":200,"srcset":"https:\/\/i0.wp.com\/www.grieta.org.mx\/wp-content\/uploads\/2023\/03\/protesta_por_jenni.webp?resize=350%2C200&ssl=1 1x, https:\/\/i0.wp.com\/www.grieta.org.mx\/wp-content\/uploads\/2023\/03\/protesta_por_jenni.webp?resize=525%2C300&ssl=1 1.5x, https:\/\/i0.wp.com\/www.grieta.org.mx\/wp-content\/uploads\/2023\/03\/protesta_por_jenni.webp?resize=700%2C400&ssl=1 2x"},"classes":[]},{"id":65754,"url":"https:\/\/www.grieta.org.mx\/index.php\/2022\/11\/02\/con-ofrenda-piden-justicia-para-victimas-de-feminicidio-en-oaxaca\/","url_meta":{"origin":56084,"position":1},"title":"Con ofrenda piden justicia para v\u00edctimas de feminicidio en Oaxaca","author":"grieta","date":"2 noviembre, 2022","format":false,"excerpt":"Imagen: El Solo de Nayarit Redacci\u00f3n \/ El Sol de Nayarit Integrantes de la colectiva \"las nietas de Lilith Oaxaca\", instalaron un altar en memoria de las mujeres que fueron v\u00edctimas de feminicidio en Oaxaca. El altar est\u00e1 ubicado a un costado del atrio de Santo Domingo de Guzm\u00e1n, en\u2026","rel":"","context":"En &quot;CINTILLO&quot;","block_context":{"text":"CINTILLO","link":"https:\/\/www.grieta.org.mx\/index.php\/category\/cintillo\/"},"img":{"alt_text":"","src":"https:\/\/i0.wp.com\/www.grieta.org.mx\/wp-content\/uploads\/2022\/11\/87688_17_20221102213731_117captura_de_pantalla_2022-11-02_a_la_s__2.47.41_p.m.png?resize=350%2C200&ssl=1","width":350,"height":200,"srcset":"https:\/\/i0.wp.com\/www.grieta.org.mx\/wp-content\/uploads\/2022\/11\/87688_17_20221102213731_117captura_de_pantalla_2022-11-02_a_la_s__2.47.41_p.m.png?resize=350%2C200&ssl=1 1x, https:\/\/i0.wp.com\/www.grieta.org.mx\/wp-content\/uploads\/2022\/11\/87688_17_20221102213731_117captura_de_pantalla_2022-11-02_a_la_s__2.47.41_p.m.png?resize=525%2C300&ssl=1 1.5x"},"classes":[]},{"id":24773,"url":"https:\/\/www.grieta.org.mx\/index.php\/2018\/07\/16\/mas-de-198-feminicidios-en-oaxaca-urge-declarar-alerta-de-genero\/","url_meta":{"origin":56084,"position":2},"title":"M\u00e1s de 198 feminicidios en Oaxaca, urge declarar alerta de g\u00e9nero","author":"grieta","date":"16 julio, 2018","format":false,"excerpt":"P\u00e1gina 3. Diana Manzo \/ Corresponsal, Juchit\u00e1n, Oaxaca.- Paulina Tolentino L\u00f3pez de 16 a\u00f1os de edad desapareci\u00f3 hace una semana en Juchit\u00e1n y todav\u00eda no aparece, seg\u00fan la organizaci\u00f3n social Consorcio para la Equidad y G\u00e9nero suman 278 mujeres las desaparecidas en Oaxaca desde la administraci\u00f3n del actual gobernador Alejandro\u2026","rel":"","context":"En &quot;CINTILLO&quot;","block_context":{"text":"CINTILLO","link":"https:\/\/www.grieta.org.mx\/index.php\/category\/cintillo\/"},"img":{"alt_text":"","src":"https:\/\/i0.wp.com\/www.grieta.org.mx\/wp-content\/uploads\/2018\/07\/feminicidio-en-Oaxaca.jpg?resize=350%2C200&ssl=1","width":350,"height":200,"srcset":"https:\/\/i0.wp.com\/www.grieta.org.mx\/wp-content\/uploads\/2018\/07\/feminicidio-en-Oaxaca.jpg?resize=350%2C200&ssl=1 1x, https:\/\/i0.wp.com\/www.grieta.org.mx\/wp-content\/uploads\/2018\/07\/feminicidio-en-Oaxaca.jpg?resize=525%2C300&ssl=1 1.5x, https:\/\/i0.wp.com\/www.grieta.org.mx\/wp-content\/uploads\/2018\/07\/feminicidio-en-Oaxaca.jpg?resize=700%2C400&ssl=1 2x"},"classes":[]},{"id":65823,"url":"https:\/\/www.grieta.org.mx\/index.php\/2022\/11\/26\/piden-justicia-por-cuatro-feminicidios-y-tres-desapariciones-en-oaxaca\/","url_meta":{"origin":56084,"position":3},"title":"Piden justicia por cuatro feminicidios y tres desapariciones en Oaxaca","author":"grieta","date":"26 noviembre, 2022","format":false,"excerpt":"Imagen: NVI Noticas Lesle Aguilar \/NVI Noticias HUAJUAPAN DE LE\u00d3N, Oaxaca. - Colectivos feministas pidieron a la Fiscal\u00eda de Oaxaca que se aclaren cuatro casos de feminicidios y tres desapariciones ocurridas en la Mixteca. La colectiva feminista Marea Verde Mixteca dio a conocer en el marco del D\u00eda Internacional para\u2026","rel":"","context":"En &quot;CINTILLO&quot;","block_context":{"text":"CINTILLO","link":"https:\/\/www.grieta.org.mx\/index.php\/category\/cintillo\/"},"img":{"alt_text":"","src":"https:\/\/i0.wp.com\/www.grieta.org.mx\/wp-content\/uploads\/2022\/11\/protesta-dia-naranja.webp?resize=350%2C200&ssl=1","width":350,"height":200,"srcset":"https:\/\/i0.wp.com\/www.grieta.org.mx\/wp-content\/uploads\/2022\/11\/protesta-dia-naranja.webp?resize=350%2C200&ssl=1 1x, https:\/\/i0.wp.com\/www.grieta.org.mx\/wp-content\/uploads\/2022\/11\/protesta-dia-naranja.webp?resize=525%2C300&ssl=1 1.5x, https:\/\/i0.wp.com\/www.grieta.org.mx\/wp-content\/uploads\/2022\/11\/protesta-dia-naranja.webp?resize=700%2C400&ssl=1 2x"},"classes":[]},{"id":65826,"url":"https:\/\/www.grieta.org.mx\/index.php\/2022\/11\/25\/oaxaca-se-suma-a-marcha-del-25n-paralizan-carretera-de-juchitan-para-exigir-alto-a-la-violencia-contra-las-mujeres\/","url_meta":{"origin":56084,"position":4},"title":"Oaxaca se suma a marcha del 25N: paralizan carretera de Juchit\u00e1n para exigir alto a la violencia contra las mujeres","author":"grieta","date":"25 noviembre, 2022","format":false,"excerpt":"Imagen: Especial Jos\u00e9 Luis L\u00f3pez \/ El Heraldo En el marco del\u00a0D\u00eda de lucha para la erradicaci\u00f3n de la violencia contra las mujeres, las integrantes del\u00a0Grupo de Mujeres 8 de Marzo, se manifestaron con un bloqueo parcial en la carretera federal en Juchit\u00e1n,\u00a0Oaxaca. Rogelia Gonz\u00e1lez Luis, dirigente de esta organizaci\u00f3n,\u2026","rel":"","context":"En &quot;CINTILLO&quot;","block_context":{"text":"CINTILLO","link":"https:\/\/www.grieta.org.mx\/index.php\/category\/cintillo\/"},"img":{"alt_text":"","src":"https:\/\/i0.wp.com\/www.grieta.org.mx\/wp-content\/uploads\/2022\/11\/f960x540-624263_698338_0.jpg?resize=350%2C200&ssl=1","width":350,"height":200,"srcset":"https:\/\/i0.wp.com\/www.grieta.org.mx\/wp-content\/uploads\/2022\/11\/f960x540-624263_698338_0.jpg?resize=350%2C200&ssl=1 1x, https:\/\/i0.wp.com\/www.grieta.org.mx\/wp-content\/uploads\/2022\/11\/f960x540-624263_698338_0.jpg?resize=525%2C300&ssl=1 1.5x, https:\/\/i0.wp.com\/www.grieta.org.mx\/wp-content\/uploads\/2022\/11\/f960x540-624263_698338_0.jpg?resize=700%2C400&ssl=1 2x"},"classes":[]},{"id":41527,"url":"https:\/\/www.grieta.org.mx\/index.php\/2019\/11\/24\/afro-oaxaquenas-exigen-a-murat-garantizar-la-vida-de-las-oaxaquenas-oaxaca\/","url_meta":{"origin":56084,"position":5},"title":"Afro-Oaxaque\u00f1as exigen a Murat garantizar la vida de las oaxaque\u00f1as (Oaxaca)","author":"grieta","date":"24 noviembre, 2019","format":false,"excerpt":"P\u00e1gina 3 \/ Comunicados. Al presidente de la Rep\u00fablica Lic. Andr\u00e9s Manuel L\u00f3pez Obrador Al gobernador de Oaxaca, Alejandro Murat Al fiscal general de Oaxaca, Rub\u00e9n Vasconcelos M\u00e9ndez A la Secretar\u00eda de la Mujer Oaxaque\u00f1a Las integrantes del \u201cPacto de Mujeres\u201d surgido del VI Foro de Mujeres Lideresas Huatulco 2018,\u2026","rel":"","context":"En &quot;CINTILLO&quot;","block_context":{"text":"CINTILLO","link":"https:\/\/www.grieta.org.mx\/index.php\/category\/cintillo\/"},"img":{"alt_text":"","src":"https:\/\/i0.wp.com\/www.grieta.org.mx\/wp-content\/uploads\/2018\/03\/14524434_1106112876131411_958039263622046936_o.jpg?resize=350%2C200&ssl=1","width":350,"height":200,"srcset":"https:\/\/i0.wp.com\/www.grieta.org.mx\/wp-content\/uploads\/2018\/03\/14524434_1106112876131411_958039263622046936_o.jpg?resize=350%2C200&ssl=1 1x, https:\/\/i0.wp.com\/www.grieta.org.mx\/wp-content\/uploads\/2018\/03\/14524434_1106112876131411_958039263622046936_o.jpg?resize=525%2C300&ssl=1 1.5x, https:\/\/i0.wp.com\/www.grieta.org.mx\/wp-content\/uploads\/2018\/03\/14524434_1106112876131411_958039263622046936_o.jpg?resize=700%2C400&ssl=1 2x"},"classes":[]}],"_links":{"self":[{"href":"https:\/\/www.grieta.org.mx\/index.php\/wp-json\/wp\/v2\/posts\/56084","targetHints":{"allow":["GET"]}}],"collection":[{"href":"https:\/\/www.grieta.org.mx\/index.php\/wp-json\/wp\/v2\/posts"}],"about":[{"href":"https:\/\/www.grieta.org.mx\/index.php\/wp-json\/wp\/v2\/types\/post"}],"author":[{"embeddable":true,"href":"https:\/\/www.grieta.org.mx\/index.php\/wp-json\/wp\/v2\/users\/2"}],"replies":[{"embeddable":true,"href":"https:\/\/www.grieta.org.mx\/index.php\/wp-json\/wp\/v2\/comments?post=56084"}],"version-history":[{"count":1,"href":"https:\/\/www.grieta.org.mx\/index.php\/wp-json\/wp\/v2\/posts\/56084\/revisions"}],"predecessor-version":[{"id":56086,"href":"https:\/\/www.grieta.org.mx\/index.php\/wp-json\/wp\/v2\/posts\/56084\/revisions\/56086"}],"wp:featuredmedia":[{"embeddable":true,"href":"https:\/\/www.grieta.org.mx\/index.php\/wp-json\/wp\/v2\/media\/56085"}],"wp:attachment":[{"href":"https:\/\/www.grieta.org.mx\/index.php\/wp-json\/wp\/v2\/media?parent=56084"}],"wp:term":[{"taxonomy":"category","embeddable":true,"href":"https:\/\/www.grieta.org.mx\/index.php\/wp-json\/wp\/v2\/categories?post=56084"},{"taxonomy":"post_tag","embeddable":true,"href":"https:\/\/www.grieta.org.mx\/index.php\/wp-json\/wp\/v2\/tags?post=56084"}],"curies":[{"name":"wp","href":"https:\/\/api.w.org\/{rel}","templated":true}]}}