{"id":56078,"date":"2020-12-28T11:51:32","date_gmt":"2020-12-28T17:51:32","guid":{"rendered":"http:\/\/www.grieta.org.mx\/?p=56078"},"modified":"2021-01-02T20:56:04","modified_gmt":"2021-01-03T02:56:04","slug":"covid-19-ha-contagiado-al-13-2-del-personal-de-salud-en-oaxaca","status":"publish","type":"post","link":"https:\/\/www.grieta.org.mx\/index.php\/2020\/12\/28\/covid-19-ha-contagiado-al-13-2-del-personal-de-salud-en-oaxaca\/","title":{"rendered":"COVID-19 ha contagiado al 13.2% del personal de Salud en Oaxaca"},"content":{"rendered":"<p>Noticias \/ Nadia Altamirano.<\/p>\n<p>Enfermeras, principales v\u00edctimas<\/p>\n<p><img loading=\"lazy\" decoding=\"async\" data-attachment-id=\"56079\" data-permalink=\"https:\/\/www.grieta.org.mx\/index.php\/2020\/12\/28\/covid-19-ha-contagiado-al-13-2-del-personal-de-salud-en-oaxaca\/1-122\/\" data-orig-file=\"https:\/\/www.grieta.org.mx\/wp-content\/uploads\/2021\/01\/1.jpg\" data-orig-size=\"1144,645\" data-comments-opened=\"0\" data-image-meta=\"{&quot;aperture&quot;:&quot;0&quot;,&quot;credit&quot;:&quot;&quot;,&quot;camera&quot;:&quot;&quot;,&quot;caption&quot;:&quot;&quot;,&quot;created_timestamp&quot;:&quot;0&quot;,&quot;copyright&quot;:&quot;&quot;,&quot;focal_length&quot;:&quot;0&quot;,&quot;iso&quot;:&quot;0&quot;,&quot;shutter_speed&quot;:&quot;0&quot;,&quot;title&quot;:&quot;&quot;,&quot;orientation&quot;:&quot;0&quot;}\" data-image-title=\"1\" data-image-description=\"\" data-image-caption=\"\" data-medium-file=\"https:\/\/www.grieta.org.mx\/wp-content\/uploads\/2021\/01\/1-300x169.jpg\" data-large-file=\"https:\/\/www.grieta.org.mx\/wp-content\/uploads\/2021\/01\/1-1024x577.jpg\" class=\"alignnone wp-image-56079\" src=\"http:\/\/www.grieta.org.mx\/wp-content\/uploads\/2021\/01\/1.jpg\" alt=\"\" width=\"800\" height=\"451\" srcset=\"https:\/\/www.grieta.org.mx\/wp-content\/uploads\/2021\/01\/1.jpg 1144w, https:\/\/www.grieta.org.mx\/wp-content\/uploads\/2021\/01\/1-300x169.jpg 300w, https:\/\/www.grieta.org.mx\/wp-content\/uploads\/2021\/01\/1-1024x577.jpg 1024w, https:\/\/www.grieta.org.mx\/wp-content\/uploads\/2021\/01\/1-768x433.jpg 768w, https:\/\/www.grieta.org.mx\/wp-content\/uploads\/2021\/01\/1-887x500.jpg 887w\" sizes=\"auto, (max-width: 800px) 100vw, 800px\" \/><\/p>\n<p>Para quienes est\u00e1n en la atenci\u00f3n en un \u00e1rea COVID-19, el contagio ha sido sin\u00f3nimo de resguardo por 14 o 21 d\u00edas, tiempo en el que despu\u00e9s deben reintegrarse a las labores de cuidados de pacientes en estado cr\u00edtico, como la enfermera Brenda Araceli Narv\u00e1ez M\u00e9ndez.<\/p>\n<p>\u201cMe contagie en el mes de julio, la sintomatolog\u00eda no fue mucha, cefalea constante que no se quitaba, malestar general y dolor articular, me mandaron 21 d\u00edas de incapacidad, de resguardo a la casa\u201d, recuerda.<\/p>\n<p>Hablar de ese contagio implica mencionar el miedo que sinti\u00f3 cuando se hizo la prueba y hab\u00eda que esperar el resultado, un miedo que mut\u00f3 cuando le dijeron que era positiva a SARS-CoV-2, pues no sab\u00eda c\u00f3mo iba a reaccionar su cuerpo a un virus del que sigue desconociendo mucho.<\/p>\n<p>Ella pudo superar la COVID-19 sin requerir la hospitalizaci\u00f3n o terapia con ox\u00edgeno y volvi\u00f3 a trabajar con un poco de tranquilidad, \u201cporque s\u00e9 que mi organismo tiene ciertas defensas y que puedo estar atendiendo a los pacientes\u201d.<\/p>\n<p>A\u00fan as\u00ed sigue usando cubrebocas y cada que ingresa al \u00e1rea COVID del Hospital Regional Presidente Ju\u00e1rez del ISSSTE utiliza el equipo de protecci\u00f3n como si no tuviera un contagio previo.<\/p>\n<p>\u201cEl riesgo es constante porque la carga viral a la que estamos expuestas es much\u00edsima, (en el \u00e1rea) tenemos 14 o 16 pacientes de ventilaci\u00f3n mec\u00e1nica, a parte de los que tienen oxigenoterapia por c\u00e1nula nasal o mascarilla por bolsa reservorio, tenemos mucho cuidado para entrar\u201d, recalca.<\/p>\n<p>Uno de cada 100 fallece<\/p>\n<p>Los Servicios de Salud de Oaxaca reporta que son 27 mil 632 personas que laboran en alguna instituci\u00f3n de salud, y son los de esa dependencia los m\u00e1s numerosos con 19 mil 236 trabajadores.<\/p>\n<p>Le sigue el Instituto Mexicano del Seguro Social (IMSS) que en Oaxaca tiene 4 mil 598 trabajadores, mientras que el ISSSTE reporta mil 687 personas adscritas a alguna unidad m\u00e9dica.<\/p>\n<p>De ese universo, el 13.2 por ciento del personal de \u00e1reas de salud se ha contagiado, siendo principalmente las enfermeras donde se concentra la cifra m\u00e1s alta con mil 401 casos, seguidos de aquellas personas que trabajan en otras \u00e1reas como laboratorios, Rayos X, limpieza y que acumulan mil 1178 casos.<\/p>\n<p>El personal m\u00e9dico concentra mil 92 contagios.<\/p>\n<p>En todo el pa\u00eds, al corte del 21 de diciembre, suman 176 mil 320 contagios confirmados entre personal de salud, de los cuales 5 mil 522 est\u00e1n activos, incluyendo 99 en Oaxaca, pero la cifra mayor la tiene la Ciudad de M\u00e9xico con mil 277.<\/p>\n<p>Del n\u00famero total de contagios en el pa\u00eds entre personal de \u00e1reas de salud, dos mil 330 perdieron la vida, incluyendo poco m\u00e1s de 50 en Oaxaca.<\/p>\n<p><a href=\"https:\/\/www.nvinoticias.com\/nota\/170929\/covid-19-ha-contagiado-al-132-del-personal-de-salud-en-oaxaca\" target=\"_blank\" rel=\"noopener\">https:\/\/www.nvinoticias.com\/nota\/170929\/covid-19-ha-contagiado-al-132-del-personal-de-salud-en-oaxaca<\/a><\/p>\n","protected":false},"excerpt":{"rendered":"<p>Noticias \/ Nadia Altamirano. Enfermeras, principales v\u00edctimas Para quienes est\u00e1n en la atenci\u00f3n en un \u00e1rea COVID-19, el contagio ha sido sin\u00f3nimo de resguardo por 14 o 21 d\u00edas, tiempo &hellip; <a href=\"https:\/\/www.grieta.org.mx\/index.php\/2020\/12\/28\/covid-19-ha-contagiado-al-13-2-del-personal-de-salud-en-oaxaca\/\" class=\"more-link\">Leer m\u00e1s<\/a><\/p>\n","protected":false},"author":2,"featured_media":56079,"comment_status":"closed","ping_status":"closed","sticky":false,"template":"","format":"standard","meta":{"ngg_post_thumbnail":0,"_jetpack_newsletter_access":"","_jetpack_dont_email_post_to_subs":false,"_jetpack_newsletter_tier_id":0,"_jetpack_memberships_contains_paywalled_content":false,"_jetpack_memberships_contains_paid_content":false,"footnotes":""},"categories":[80,3262,1728,2,25],"tags":[],"class_list":["post-56078","post","type-post","status-publish","format-standard","has-post-thumbnail","hentry","category-cintillo","category-crisis-covid-19-en-oaxaca","category-crisis-del-sector-salud-en-oaxaca","category-noticias-nacionales","category-oaxaca","entry"],"jetpack_featured_media_url":"https:\/\/www.grieta.org.mx\/wp-content\/uploads\/2021\/01\/1.jpg","jetpack_sharing_enabled":true,"jetpack_shortlink":"https:\/\/wp.me\/p7ZJR4-eAu","jetpack_likes_enabled":false,"jetpack-related-posts":[{"id":50211,"url":"https:\/\/www.grieta.org.mx\/index.php\/2020\/06\/03\/tunden-policias-a-enfermero-por-miedo-a-covid-19-en-santiago-astata-oaxaca\/","url_meta":{"origin":56078,"position":0},"title":"Tunden polic\u00edas a enfermero por miedo a COVID-19, en Santiago Astata (Oaxaca)","author":"grieta","date":"3 junio, 2020","format":false,"excerpt":"Noticias \/ Por El Sol de M\u00e9xico. Anoche result\u00f3 salvajemente golpeado el enfermero Pedro Rosales Avenda\u00f1o a manos de polic\u00edas municipales de Santiago Astata, en la regi\u00f3n de la Sierra de Oaxaca, cuando se dirig\u00eda a sus labores, luego de considerarlo un contagio para la comunidad. En los primeros informes\u2026","rel":"","context":"En &quot;Brutalidad polic\u00edaca en Oaxaca&quot;","block_context":{"text":"Brutalidad polic\u00edaca en Oaxaca","link":"https:\/\/www.grieta.org.mx\/index.php\/category\/noticias-nacionales\/oaxaca\/brutalidad-policiaca-en-oaxaca\/"},"img":{"alt_text":"","src":"https:\/\/i0.wp.com\/www.grieta.org.mx\/wp-content\/uploads\/2018\/03\/14524434_1106112876131411_958039263622046936_o.jpg?resize=350%2C200&ssl=1","width":350,"height":200,"srcset":"https:\/\/i0.wp.com\/www.grieta.org.mx\/wp-content\/uploads\/2018\/03\/14524434_1106112876131411_958039263622046936_o.jpg?resize=350%2C200&ssl=1 1x, https:\/\/i0.wp.com\/www.grieta.org.mx\/wp-content\/uploads\/2018\/03\/14524434_1106112876131411_958039263622046936_o.jpg?resize=525%2C300&ssl=1 1.5x, https:\/\/i0.wp.com\/www.grieta.org.mx\/wp-content\/uploads\/2018\/03\/14524434_1106112876131411_958039263622046936_o.jpg?resize=700%2C400&ssl=1 2x"},"classes":[]},{"id":49857,"url":"https:\/\/www.grieta.org.mx\/index.php\/2020\/05\/08\/trasladan-a-49-presos-al-penal-de-tanivet-ante-riesgo-de-contagio-por-covid-19-oaxaca\/","url_meta":{"origin":56078,"position":1},"title":"Trasladan a 49 presos al penal de Tanivet ante riesgo de contagio por Covid-19 (Oaxaca)","author":"grieta","date":"8 mayo, 2020","format":false,"excerpt":"P\u00e1gina 3 \/ Pedro Mat\u00edas. OAXACA, Oax.- La Secretar\u00eda de Seguridad P\u00fablica de Oaxaca (SSPO) traslad\u00f3 a 49 Personas Privadas de Libertad (PPL) del Centro Penitenciario de Santa Mar\u00eda Ixcotel al ubicado en San Francisco Tanivet por encontrarse dentro del grupo vulnerable de contagio por Covid-19. La medida preventiva ante\u2026","rel":"","context":"En &quot;CINTILLO&quot;","block_context":{"text":"CINTILLO","link":"https:\/\/www.grieta.org.mx\/index.php\/category\/cintillo\/"},"img":{"alt_text":"","src":"https:\/\/i0.wp.com\/www.grieta.org.mx\/wp-content\/uploads\/2020\/05\/A.png?resize=350%2C200&ssl=1","width":350,"height":200,"srcset":"https:\/\/i0.wp.com\/www.grieta.org.mx\/wp-content\/uploads\/2020\/05\/A.png?resize=350%2C200&ssl=1 1x, https:\/\/i0.wp.com\/www.grieta.org.mx\/wp-content\/uploads\/2020\/05\/A.png?resize=525%2C300&ssl=1 1.5x, https:\/\/i0.wp.com\/www.grieta.org.mx\/wp-content\/uploads\/2020\/05\/A.png?resize=700%2C400&ssl=1 2x"},"classes":[]},{"id":50721,"url":"https:\/\/www.grieta.org.mx\/index.php\/2020\/06\/06\/sigue-en-riesgo-personal-de-salud-en-tuxtepec-ante-covid-19-oaxaca\/","url_meta":{"origin":56078,"position":2},"title":"Sigue en riesgo personal de salud en Tuxtepec ante COVID-19  (Oaxaca)","author":"grieta","date":"6 junio, 2020","format":false,"excerpt":"Noticias \/ Victoria Bustos. M\u00e9dicos y enfermeras dan batalla al virus con miedo a enfermarse. TUXTEPEC, Oaxaca.-Debido al incremento constante de casos de COVID-19 en la regi\u00f3n Cuenca del Papaloapan y el municipio de Tuxtepec, el personal de salud no se da abasto para atenderlos, adem\u00e1s de que enfrentan el\u2026","rel":"","context":"En &quot;CINTILLO&quot;","block_context":{"text":"CINTILLO","link":"https:\/\/www.grieta.org.mx\/index.php\/category\/cintillo\/"},"img":{"alt_text":"","src":"https:\/\/i0.wp.com\/www.grieta.org.mx\/wp-content\/uploads\/2018\/03\/14524434_1106112876131411_958039263622046936_o.jpg?resize=350%2C200&ssl=1","width":350,"height":200,"srcset":"https:\/\/i0.wp.com\/www.grieta.org.mx\/wp-content\/uploads\/2018\/03\/14524434_1106112876131411_958039263622046936_o.jpg?resize=350%2C200&ssl=1 1x, https:\/\/i0.wp.com\/www.grieta.org.mx\/wp-content\/uploads\/2018\/03\/14524434_1106112876131411_958039263622046936_o.jpg?resize=525%2C300&ssl=1 1.5x, https:\/\/i0.wp.com\/www.grieta.org.mx\/wp-content\/uploads\/2018\/03\/14524434_1106112876131411_958039263622046936_o.jpg?resize=700%2C400&ssl=1 2x"},"classes":[]},{"id":52499,"url":"https:\/\/www.grieta.org.mx\/index.php\/2020\/07\/24\/con-20-decesos-y-1690-contagios-personal-de-salud-de-oaxaca-expone-problematicas\/","url_meta":{"origin":56078,"position":3},"title":"Con 20 decesos y 1,690 contagios, personal de salud de Oaxaca expone problem\u00e1ticas","author":"grieta","date":"24 julio, 2020","format":false,"excerpt":"Proceso \/ Pedro Mat\u00edas. Hospital Presidente Ju\u00e1rez del ISSSTE en Oaxaca. Foto: Google Maps OAXACA, Oax., (apro).- A mil 690 casos asciende el n\u00famero de contagios por covid-19 entre el personal m\u00e9dico, de los cuales 20 han muerto por coronavirus, confirmaron los Servicios de Salud. Los casos m\u00e1s recientes son\u2026","rel":"","context":"En &quot;CINTILLO&quot;","block_context":{"text":"CINTILLO","link":"https:\/\/www.grieta.org.mx\/index.php\/category\/cintillo\/"},"img":{"alt_text":"","src":"https:\/\/i0.wp.com\/www.grieta.org.mx\/wp-content\/uploads\/2020\/08\/t.jpeg?resize=350%2C200&ssl=1","width":350,"height":200,"srcset":"https:\/\/i0.wp.com\/www.grieta.org.mx\/wp-content\/uploads\/2020\/08\/t.jpeg?resize=350%2C200&ssl=1 1x, https:\/\/i0.wp.com\/www.grieta.org.mx\/wp-content\/uploads\/2020\/08\/t.jpeg?resize=525%2C300&ssl=1 1.5x, https:\/\/i0.wp.com\/www.grieta.org.mx\/wp-content\/uploads\/2020\/08\/t.jpeg?resize=700%2C400&ssl=1 2x"},"classes":[]},{"id":51718,"url":"https:\/\/www.grieta.org.mx\/index.php\/2020\/07\/12\/contagio-masivo-de-covid-19-entre-personal-medico-del-hospital-de-juchitan-dan-positivo-115-oaxaca\/","url_meta":{"origin":56078,"position":4},"title":"Contagio masivo de covid-19 entre personal m\u00e9dico del Hospital de Juchit\u00e1n; dan positivo 115 (Oaxaca)","author":"grieta","date":"12 julio, 2020","format":false,"excerpt":"P\u00e1gina 3 \/ Diana Manzo y Pedro Mat\u00edas. OAXACA, Oax.- A unas horas de la reapertura del Hospital General \u201cMacedonio Ben\u00edtez Fuentes\u201d de Juchit\u00e1n de Zaragoza, en el Istmo de Tehuantepec, surge un nuevo brote masivo de contagio de covid-19 al confirmarse que 115 trabajadores de Salud dieron positivo. Esto\u2026","rel":"","context":"En &quot;CINTILLO&quot;","block_context":{"text":"CINTILLO","link":"https:\/\/www.grieta.org.mx\/index.php\/category\/cintillo\/"},"img":{"alt_text":"","src":"https:\/\/i0.wp.com\/www.grieta.org.mx\/wp-content\/uploads\/2018\/03\/14524434_1106112876131411_958039263622046936_o.jpg?resize=350%2C200&ssl=1","width":350,"height":200,"srcset":"https:\/\/i0.wp.com\/www.grieta.org.mx\/wp-content\/uploads\/2018\/03\/14524434_1106112876131411_958039263622046936_o.jpg?resize=350%2C200&ssl=1 1x, https:\/\/i0.wp.com\/www.grieta.org.mx\/wp-content\/uploads\/2018\/03\/14524434_1106112876131411_958039263622046936_o.jpg?resize=525%2C300&ssl=1 1.5x, https:\/\/i0.wp.com\/www.grieta.org.mx\/wp-content\/uploads\/2018\/03\/14524434_1106112876131411_958039263622046936_o.jpg?resize=700%2C400&ssl=1 2x"},"classes":[]},{"id":51947,"url":"https:\/\/www.grieta.org.mx\/index.php\/2020\/07\/15\/juchitan-ahora-40-policias-se-encuentran-aislados-al-contagiarse-de-covid-19-oaxaca\/","url_meta":{"origin":56078,"position":5},"title":"Juchit\u00e1n: ahora 40 polic\u00edas se encuentran aislados al contagiarse de covid-19 (Oaxaca)","author":"grieta","date":"15 julio, 2020","format":false,"excerpt":"P\u00e1gina 3 \/ Diana Manzo y Pedro Mat\u00edas \u00a0 *Ya fueron cerrados los mercados p\u00fablicos y el Hospital *Juchit\u00e1n podr\u00eda convertirse en el epicentro de la pandemia Ante el incremento desbordado de casos por covid-19 y el aumento de muertes en los \u00faltimos 15 d\u00edas, fueron cerrados al p\u00fablico los\u2026","rel":"","context":"En &quot;CINTILLO&quot;","block_context":{"text":"CINTILLO","link":"https:\/\/www.grieta.org.mx\/index.php\/category\/cintillo\/"},"img":{"alt_text":"","src":"https:\/\/i0.wp.com\/www.grieta.org.mx\/wp-content\/uploads\/2020\/07\/1-1.jpeg?resize=350%2C200&ssl=1","width":350,"height":200,"srcset":"https:\/\/i0.wp.com\/www.grieta.org.mx\/wp-content\/uploads\/2020\/07\/1-1.jpeg?resize=350%2C200&ssl=1 1x, https:\/\/i0.wp.com\/www.grieta.org.mx\/wp-content\/uploads\/2020\/07\/1-1.jpeg?resize=525%2C300&ssl=1 1.5x"},"classes":[]}],"_links":{"self":[{"href":"https:\/\/www.grieta.org.mx\/index.php\/wp-json\/wp\/v2\/posts\/56078","targetHints":{"allow":["GET"]}}],"collection":[{"href":"https:\/\/www.grieta.org.mx\/index.php\/wp-json\/wp\/v2\/posts"}],"about":[{"href":"https:\/\/www.grieta.org.mx\/index.php\/wp-json\/wp\/v2\/types\/post"}],"author":[{"embeddable":true,"href":"https:\/\/www.grieta.org.mx\/index.php\/wp-json\/wp\/v2\/users\/2"}],"replies":[{"embeddable":true,"href":"https:\/\/www.grieta.org.mx\/index.php\/wp-json\/wp\/v2\/comments?post=56078"}],"version-history":[{"count":1,"href":"https:\/\/www.grieta.org.mx\/index.php\/wp-json\/wp\/v2\/posts\/56078\/revisions"}],"predecessor-version":[{"id":56080,"href":"https:\/\/www.grieta.org.mx\/index.php\/wp-json\/wp\/v2\/posts\/56078\/revisions\/56080"}],"wp:featuredmedia":[{"embeddable":true,"href":"https:\/\/www.grieta.org.mx\/index.php\/wp-json\/wp\/v2\/media\/56079"}],"wp:attachment":[{"href":"https:\/\/www.grieta.org.mx\/index.php\/wp-json\/wp\/v2\/media?parent=56078"}],"wp:term":[{"taxonomy":"category","embeddable":true,"href":"https:\/\/www.grieta.org.mx\/index.php\/wp-json\/wp\/v2\/categories?post=56078"},{"taxonomy":"post_tag","embeddable":true,"href":"https:\/\/www.grieta.org.mx\/index.php\/wp-json\/wp\/v2\/tags?post=56078"}],"curies":[{"name":"wp","href":"https:\/\/api.w.org\/{rel}","templated":true}]}}