{"id":56033,"date":"2020-12-17T17:37:22","date_gmt":"2020-12-17T23:37:22","guid":{"rendered":"http:\/\/www.grieta.org.mx\/?p=56033"},"modified":"2020-12-27T17:46:59","modified_gmt":"2020-12-27T23:46:59","slug":"exigen-un-alto-a-la-privatizacion-del-agua-en-queretaro","status":"publish","type":"post","link":"https:\/\/www.grieta.org.mx\/index.php\/2020\/12\/17\/exigen-un-alto-a-la-privatizacion-del-agua-en-queretaro\/","title":{"rendered":"EXIGEN UN ALTO A LA PRIVATIZACI\u00d3N DEL AGUA EN QUER\u00c9TARO"},"content":{"rendered":"<p><img loading=\"lazy\" decoding=\"async\" data-attachment-id=\"56035\" data-permalink=\"https:\/\/www.grieta.org.mx\/index.php\/2020\/12\/17\/exigen-un-alto-a-la-privatizacion-del-agua-en-queretaro\/exigen-un-alto-a-la-privatizacion-del-agua-en-queretaro-dic\/\" data-orig-file=\"https:\/\/www.grieta.org.mx\/wp-content\/uploads\/2020\/12\/EXIGEN-UN-ALTO-A-LA-PRIVATIZACION-DEL-AGUA-EN-QUERETARO-dic.jpg\" data-orig-size=\"780,470\" data-comments-opened=\"0\" data-image-meta=\"{&quot;aperture&quot;:&quot;0&quot;,&quot;credit&quot;:&quot;&quot;,&quot;camera&quot;:&quot;&quot;,&quot;caption&quot;:&quot;&quot;,&quot;created_timestamp&quot;:&quot;0&quot;,&quot;copyright&quot;:&quot;&quot;,&quot;focal_length&quot;:&quot;0&quot;,&quot;iso&quot;:&quot;0&quot;,&quot;shutter_speed&quot;:&quot;0&quot;,&quot;title&quot;:&quot;&quot;,&quot;orientation&quot;:&quot;0&quot;}\" data-image-title=\"EXIGEN UN ALTO A LA PRIVATIZACI\u00d3N DEL AGUA EN QUER\u00c9TARO dic\" data-image-description=\"\" data-image-caption=\"\" data-medium-file=\"https:\/\/www.grieta.org.mx\/wp-content\/uploads\/2020\/12\/EXIGEN-UN-ALTO-A-LA-PRIVATIZACION-DEL-AGUA-EN-QUERETARO-dic-300x181.jpg\" data-large-file=\"https:\/\/www.grieta.org.mx\/wp-content\/uploads\/2020\/12\/EXIGEN-UN-ALTO-A-LA-PRIVATIZACION-DEL-AGUA-EN-QUERETARO-dic.jpg\" class=\"alignnone  wp-image-56035\" src=\"http:\/\/www.grieta.org.mx\/wp-content\/uploads\/2020\/12\/EXIGEN-UN-ALTO-A-LA-PRIVATIZACION-DEL-AGUA-EN-QUERETARO-dic.jpg\" alt=\"\" width=\"596\" height=\"359\" srcset=\"https:\/\/www.grieta.org.mx\/wp-content\/uploads\/2020\/12\/EXIGEN-UN-ALTO-A-LA-PRIVATIZACION-DEL-AGUA-EN-QUERETARO-dic.jpg 780w, https:\/\/www.grieta.org.mx\/wp-content\/uploads\/2020\/12\/EXIGEN-UN-ALTO-A-LA-PRIVATIZACION-DEL-AGUA-EN-QUERETARO-dic-300x181.jpg 300w, https:\/\/www.grieta.org.mx\/wp-content\/uploads\/2020\/12\/EXIGEN-UN-ALTO-A-LA-PRIVATIZACION-DEL-AGUA-EN-QUERETARO-dic-768x463.jpg 768w\" sizes=\"auto, (max-width: 596px) 100vw, 596px\" \/><\/p>\n<h6>Fotos: Infoqromex Noticias<\/h6>\n<p>Infoqromex Noticias<\/p>\n<p>QUER\u00c9TARO, Qro., a 17 de diciembre de 2020. Alrededor de 50 personas entre vecinos, ciudadanos y activistas se manifestaron en inmediaciones de la Comisi\u00f3n Estatal de Aguas (CEA).<\/p>\n<p>Los inconformes se oponen al abastecimiento del agua a cargo de un empresa privada como Abastecedora Queretana de Agua y Alcantarillado (AQUAA).<\/p>\n<p><img loading=\"lazy\" decoding=\"async\" data-attachment-id=\"56036\" data-permalink=\"https:\/\/www.grieta.org.mx\/index.php\/2020\/12\/17\/exigen-un-alto-a-la-privatizacion-del-agua-en-queretaro\/1-photo5105085329202850017-767x1024\/\" data-orig-file=\"https:\/\/www.grieta.org.mx\/wp-content\/uploads\/2020\/12\/1-photo5105085329202850017-767x1024-1.jpg\" data-orig-size=\"767,1024\" data-comments-opened=\"0\" data-image-meta=\"{&quot;aperture&quot;:&quot;0&quot;,&quot;credit&quot;:&quot;&quot;,&quot;camera&quot;:&quot;&quot;,&quot;caption&quot;:&quot;&quot;,&quot;created_timestamp&quot;:&quot;0&quot;,&quot;copyright&quot;:&quot;&quot;,&quot;focal_length&quot;:&quot;0&quot;,&quot;iso&quot;:&quot;0&quot;,&quot;shutter_speed&quot;:&quot;0&quot;,&quot;title&quot;:&quot;&quot;,&quot;orientation&quot;:&quot;0&quot;}\" data-image-title=\"1 photo5105085329202850017-767&amp;#215;1024\" data-image-description=\"\" data-image-caption=\"\" data-medium-file=\"https:\/\/www.grieta.org.mx\/wp-content\/uploads\/2020\/12\/1-photo5105085329202850017-767x1024-1-225x300.jpg\" data-large-file=\"https:\/\/www.grieta.org.mx\/wp-content\/uploads\/2020\/12\/1-photo5105085329202850017-767x1024-1.jpg\" class=\"alignnone  wp-image-56036\" src=\"http:\/\/www.grieta.org.mx\/wp-content\/uploads\/2020\/12\/1-photo5105085329202850017-767x1024-1.jpg\" alt=\"\" width=\"646\" height=\"863\" srcset=\"https:\/\/www.grieta.org.mx\/wp-content\/uploads\/2020\/12\/1-photo5105085329202850017-767x1024-1.jpg 767w, https:\/\/www.grieta.org.mx\/wp-content\/uploads\/2020\/12\/1-photo5105085329202850017-767x1024-1-225x300.jpg 225w, https:\/\/www.grieta.org.mx\/wp-content\/uploads\/2020\/12\/1-photo5105085329202850017-767x1024-1-375x500.jpg 375w\" sizes=\"auto, (max-width: 646px) 100vw, 646px\" \/><\/p>\n<p><img loading=\"lazy\" decoding=\"async\" data-attachment-id=\"56037\" data-permalink=\"https:\/\/www.grieta.org.mx\/index.php\/2020\/12\/17\/exigen-un-alto-a-la-privatizacion-del-agua-en-queretaro\/2-photo5105085329202850025-1024x767\/\" data-orig-file=\"https:\/\/www.grieta.org.mx\/wp-content\/uploads\/2020\/12\/2-photo5105085329202850025-1024x767-1.jpg\" data-orig-size=\"1024,767\" data-comments-opened=\"0\" data-image-meta=\"{&quot;aperture&quot;:&quot;0&quot;,&quot;credit&quot;:&quot;&quot;,&quot;camera&quot;:&quot;&quot;,&quot;caption&quot;:&quot;&quot;,&quot;created_timestamp&quot;:&quot;0&quot;,&quot;copyright&quot;:&quot;&quot;,&quot;focal_length&quot;:&quot;0&quot;,&quot;iso&quot;:&quot;0&quot;,&quot;shutter_speed&quot;:&quot;0&quot;,&quot;title&quot;:&quot;&quot;,&quot;orientation&quot;:&quot;0&quot;}\" data-image-title=\"2 photo5105085329202850025-1024&amp;#215;767\" data-image-description=\"\" data-image-caption=\"\" data-medium-file=\"https:\/\/www.grieta.org.mx\/wp-content\/uploads\/2020\/12\/2-photo5105085329202850025-1024x767-1-300x225.jpg\" data-large-file=\"https:\/\/www.grieta.org.mx\/wp-content\/uploads\/2020\/12\/2-photo5105085329202850025-1024x767-1.jpg\" class=\"alignnone  wp-image-56037\" src=\"http:\/\/www.grieta.org.mx\/wp-content\/uploads\/2020\/12\/2-photo5105085329202850025-1024x767-1.jpg\" alt=\"\" width=\"646\" height=\"484\" srcset=\"https:\/\/www.grieta.org.mx\/wp-content\/uploads\/2020\/12\/2-photo5105085329202850025-1024x767-1.jpg 1024w, https:\/\/www.grieta.org.mx\/wp-content\/uploads\/2020\/12\/2-photo5105085329202850025-1024x767-1-300x225.jpg 300w, https:\/\/www.grieta.org.mx\/wp-content\/uploads\/2020\/12\/2-photo5105085329202850025-1024x767-1-768x575.jpg 768w, https:\/\/www.grieta.org.mx\/wp-content\/uploads\/2020\/12\/2-photo5105085329202850025-1024x767-1-668x500.jpg 668w\" sizes=\"auto, (max-width: 646px) 100vw, 646px\" \/><\/p>\n<p><img loading=\"lazy\" decoding=\"async\" data-attachment-id=\"56038\" data-permalink=\"https:\/\/www.grieta.org.mx\/index.php\/2020\/12\/17\/exigen-un-alto-a-la-privatizacion-del-agua-en-queretaro\/3-photo5105085329202850027-1024x767\/\" data-orig-file=\"https:\/\/www.grieta.org.mx\/wp-content\/uploads\/2020\/12\/3-photo5105085329202850027-1024x767-1.jpg\" data-orig-size=\"1024,767\" data-comments-opened=\"0\" data-image-meta=\"{&quot;aperture&quot;:&quot;0&quot;,&quot;credit&quot;:&quot;&quot;,&quot;camera&quot;:&quot;&quot;,&quot;caption&quot;:&quot;&quot;,&quot;created_timestamp&quot;:&quot;0&quot;,&quot;copyright&quot;:&quot;&quot;,&quot;focal_length&quot;:&quot;0&quot;,&quot;iso&quot;:&quot;0&quot;,&quot;shutter_speed&quot;:&quot;0&quot;,&quot;title&quot;:&quot;&quot;,&quot;orientation&quot;:&quot;0&quot;}\" data-image-title=\"3 photo5105085329202850027-1024&amp;#215;767\" data-image-description=\"\" data-image-caption=\"\" data-medium-file=\"https:\/\/www.grieta.org.mx\/wp-content\/uploads\/2020\/12\/3-photo5105085329202850027-1024x767-1-300x225.jpg\" data-large-file=\"https:\/\/www.grieta.org.mx\/wp-content\/uploads\/2020\/12\/3-photo5105085329202850027-1024x767-1.jpg\" class=\"alignnone  wp-image-56038\" src=\"http:\/\/www.grieta.org.mx\/wp-content\/uploads\/2020\/12\/3-photo5105085329202850027-1024x767-1.jpg\" alt=\"\" width=\"639\" height=\"479\" srcset=\"https:\/\/www.grieta.org.mx\/wp-content\/uploads\/2020\/12\/3-photo5105085329202850027-1024x767-1.jpg 1024w, https:\/\/www.grieta.org.mx\/wp-content\/uploads\/2020\/12\/3-photo5105085329202850027-1024x767-1-300x225.jpg 300w, https:\/\/www.grieta.org.mx\/wp-content\/uploads\/2020\/12\/3-photo5105085329202850027-1024x767-1-768x575.jpg 768w, https:\/\/www.grieta.org.mx\/wp-content\/uploads\/2020\/12\/3-photo5105085329202850027-1024x767-1-668x500.jpg 668w\" sizes=\"auto, (max-width: 639px) 100vw, 639px\" \/><\/p>\n<p><img loading=\"lazy\" decoding=\"async\" data-attachment-id=\"56039\" data-permalink=\"https:\/\/www.grieta.org.mx\/index.php\/2020\/12\/17\/exigen-un-alto-a-la-privatizacion-del-agua-en-queretaro\/4-photo5105085329202850029-1024x767\/\" data-orig-file=\"https:\/\/www.grieta.org.mx\/wp-content\/uploads\/2020\/12\/4-photo5105085329202850029-1024x767-1.jpg\" data-orig-size=\"1024,767\" data-comments-opened=\"0\" data-image-meta=\"{&quot;aperture&quot;:&quot;0&quot;,&quot;credit&quot;:&quot;&quot;,&quot;camera&quot;:&quot;&quot;,&quot;caption&quot;:&quot;&quot;,&quot;created_timestamp&quot;:&quot;0&quot;,&quot;copyright&quot;:&quot;&quot;,&quot;focal_length&quot;:&quot;0&quot;,&quot;iso&quot;:&quot;0&quot;,&quot;shutter_speed&quot;:&quot;0&quot;,&quot;title&quot;:&quot;&quot;,&quot;orientation&quot;:&quot;0&quot;}\" data-image-title=\"4 photo5105085329202850029-1024&amp;#215;767\" data-image-description=\"\" data-image-caption=\"\" data-medium-file=\"https:\/\/www.grieta.org.mx\/wp-content\/uploads\/2020\/12\/4-photo5105085329202850029-1024x767-1-300x225.jpg\" data-large-file=\"https:\/\/www.grieta.org.mx\/wp-content\/uploads\/2020\/12\/4-photo5105085329202850029-1024x767-1.jpg\" class=\"alignnone  wp-image-56039\" src=\"http:\/\/www.grieta.org.mx\/wp-content\/uploads\/2020\/12\/4-photo5105085329202850029-1024x767-1.jpg\" alt=\"\" width=\"643\" height=\"482\" srcset=\"https:\/\/www.grieta.org.mx\/wp-content\/uploads\/2020\/12\/4-photo5105085329202850029-1024x767-1.jpg 1024w, https:\/\/www.grieta.org.mx\/wp-content\/uploads\/2020\/12\/4-photo5105085329202850029-1024x767-1-300x225.jpg 300w, https:\/\/www.grieta.org.mx\/wp-content\/uploads\/2020\/12\/4-photo5105085329202850029-1024x767-1-768x575.jpg 768w, https:\/\/www.grieta.org.mx\/wp-content\/uploads\/2020\/12\/4-photo5105085329202850029-1024x767-1-668x500.jpg 668w\" sizes=\"auto, (max-width: 643px) 100vw, 643px\" \/><\/p>\n<p>Vecinos de la colonia La Pradera y las comunidades de San Martin, La Monja, El Garambullal, Pie de Gallo y Buenavista solicitaron una respuesta por parte del Vocal Ejecutivo de la CEA, Enrique Abredrop Rodr\u00edguez, frente a lo que consideran el paso inicial hacia la privatizaci\u00f3n de los recursos naturales.<\/p>\n<p><img loading=\"lazy\" decoding=\"async\" data-attachment-id=\"56040\" data-permalink=\"https:\/\/www.grieta.org.mx\/index.php\/2020\/12\/17\/exigen-un-alto-a-la-privatizacion-del-agua-en-queretaro\/5-photo5105085329202850035-1024x767\/\" data-orig-file=\"https:\/\/www.grieta.org.mx\/wp-content\/uploads\/2020\/12\/5-photo5105085329202850035-1024x767-1.jpg\" data-orig-size=\"1024,767\" data-comments-opened=\"0\" data-image-meta=\"{&quot;aperture&quot;:&quot;0&quot;,&quot;credit&quot;:&quot;&quot;,&quot;camera&quot;:&quot;&quot;,&quot;caption&quot;:&quot;&quot;,&quot;created_timestamp&quot;:&quot;0&quot;,&quot;copyright&quot;:&quot;&quot;,&quot;focal_length&quot;:&quot;0&quot;,&quot;iso&quot;:&quot;0&quot;,&quot;shutter_speed&quot;:&quot;0&quot;,&quot;title&quot;:&quot;&quot;,&quot;orientation&quot;:&quot;0&quot;}\" data-image-title=\"5 photo5105085329202850035-1024&amp;#215;767\" data-image-description=\"\" data-image-caption=\"\" data-medium-file=\"https:\/\/www.grieta.org.mx\/wp-content\/uploads\/2020\/12\/5-photo5105085329202850035-1024x767-1-300x225.jpg\" data-large-file=\"https:\/\/www.grieta.org.mx\/wp-content\/uploads\/2020\/12\/5-photo5105085329202850035-1024x767-1.jpg\" class=\"alignnone  wp-image-56040\" src=\"http:\/\/www.grieta.org.mx\/wp-content\/uploads\/2020\/12\/5-photo5105085329202850035-1024x767-1.jpg\" alt=\"\" width=\"643\" height=\"482\" srcset=\"https:\/\/www.grieta.org.mx\/wp-content\/uploads\/2020\/12\/5-photo5105085329202850035-1024x767-1.jpg 1024w, https:\/\/www.grieta.org.mx\/wp-content\/uploads\/2020\/12\/5-photo5105085329202850035-1024x767-1-300x225.jpg 300w, https:\/\/www.grieta.org.mx\/wp-content\/uploads\/2020\/12\/5-photo5105085329202850035-1024x767-1-768x575.jpg 768w, https:\/\/www.grieta.org.mx\/wp-content\/uploads\/2020\/12\/5-photo5105085329202850035-1024x767-1-668x500.jpg 668w\" sizes=\"auto, (max-width: 643px) 100vw, 643px\" \/><\/p>\n<p><img loading=\"lazy\" decoding=\"async\" data-attachment-id=\"56041\" data-permalink=\"https:\/\/www.grieta.org.mx\/index.php\/2020\/12\/17\/exigen-un-alto-a-la-privatizacion-del-agua-en-queretaro\/6-photo5105085329202850037-767x1024\/\" data-orig-file=\"https:\/\/www.grieta.org.mx\/wp-content\/uploads\/2020\/12\/6-photo5105085329202850037-767x1024-1.jpg\" data-orig-size=\"767,1024\" data-comments-opened=\"0\" data-image-meta=\"{&quot;aperture&quot;:&quot;0&quot;,&quot;credit&quot;:&quot;&quot;,&quot;camera&quot;:&quot;&quot;,&quot;caption&quot;:&quot;&quot;,&quot;created_timestamp&quot;:&quot;0&quot;,&quot;copyright&quot;:&quot;&quot;,&quot;focal_length&quot;:&quot;0&quot;,&quot;iso&quot;:&quot;0&quot;,&quot;shutter_speed&quot;:&quot;0&quot;,&quot;title&quot;:&quot;&quot;,&quot;orientation&quot;:&quot;0&quot;}\" data-image-title=\"6 photo5105085329202850037-767&amp;#215;1024\" data-image-description=\"\" data-image-caption=\"\" data-medium-file=\"https:\/\/www.grieta.org.mx\/wp-content\/uploads\/2020\/12\/6-photo5105085329202850037-767x1024-1-225x300.jpg\" data-large-file=\"https:\/\/www.grieta.org.mx\/wp-content\/uploads\/2020\/12\/6-photo5105085329202850037-767x1024-1.jpg\" class=\"alignnone  wp-image-56041\" src=\"http:\/\/www.grieta.org.mx\/wp-content\/uploads\/2020\/12\/6-photo5105085329202850037-767x1024-1.jpg\" alt=\"\" width=\"644\" height=\"860\" srcset=\"https:\/\/www.grieta.org.mx\/wp-content\/uploads\/2020\/12\/6-photo5105085329202850037-767x1024-1.jpg 767w, https:\/\/www.grieta.org.mx\/wp-content\/uploads\/2020\/12\/6-photo5105085329202850037-767x1024-1-225x300.jpg 225w, https:\/\/www.grieta.org.mx\/wp-content\/uploads\/2020\/12\/6-photo5105085329202850037-767x1024-1-375x500.jpg 375w\" sizes=\"auto, (max-width: 644px) 100vw, 644px\" \/><\/p>\n<p><img loading=\"lazy\" decoding=\"async\" data-attachment-id=\"56042\" data-permalink=\"https:\/\/www.grieta.org.mx\/index.php\/2020\/12\/17\/exigen-un-alto-a-la-privatizacion-del-agua-en-queretaro\/7-photo5105085329202850053-1024x715\/\" data-orig-file=\"https:\/\/www.grieta.org.mx\/wp-content\/uploads\/2020\/12\/7-photo5105085329202850053-1024x715-1.jpg\" data-orig-size=\"1024,715\" data-comments-opened=\"0\" data-image-meta=\"{&quot;aperture&quot;:&quot;0&quot;,&quot;credit&quot;:&quot;&quot;,&quot;camera&quot;:&quot;&quot;,&quot;caption&quot;:&quot;&quot;,&quot;created_timestamp&quot;:&quot;0&quot;,&quot;copyright&quot;:&quot;&quot;,&quot;focal_length&quot;:&quot;0&quot;,&quot;iso&quot;:&quot;0&quot;,&quot;shutter_speed&quot;:&quot;0&quot;,&quot;title&quot;:&quot;&quot;,&quot;orientation&quot;:&quot;0&quot;}\" data-image-title=\"7 photo5105085329202850053-1024&amp;#215;715\" data-image-description=\"\" data-image-caption=\"\" data-medium-file=\"https:\/\/www.grieta.org.mx\/wp-content\/uploads\/2020\/12\/7-photo5105085329202850053-1024x715-1-300x209.jpg\" data-large-file=\"https:\/\/www.grieta.org.mx\/wp-content\/uploads\/2020\/12\/7-photo5105085329202850053-1024x715-1.jpg\" class=\"alignnone  wp-image-56042\" src=\"http:\/\/www.grieta.org.mx\/wp-content\/uploads\/2020\/12\/7-photo5105085329202850053-1024x715-1.jpg\" alt=\"\" width=\"642\" height=\"448\" srcset=\"https:\/\/www.grieta.org.mx\/wp-content\/uploads\/2020\/12\/7-photo5105085329202850053-1024x715-1.jpg 1024w, https:\/\/www.grieta.org.mx\/wp-content\/uploads\/2020\/12\/7-photo5105085329202850053-1024x715-1-300x209.jpg 300w, https:\/\/www.grieta.org.mx\/wp-content\/uploads\/2020\/12\/7-photo5105085329202850053-1024x715-1-768x536.jpg 768w, https:\/\/www.grieta.org.mx\/wp-content\/uploads\/2020\/12\/7-photo5105085329202850053-1024x715-1-716x500.jpg 716w\" sizes=\"auto, (max-width: 642px) 100vw, 642px\" \/><\/p>\n<p>No obstante los manifestantes no fueron atendidos por el titular de la CEA, aunque s\u00ed por dos concertadores pol\u00edticos quienes trataron de persuadir la concentraci\u00f3n.<\/p>\n<p><a href=\"https:\/\/infoqromex.com\/exigen-alto-a-la-privatizacion-del-agua-en-queretaro\/\" target=\"_blank\" rel=\"noopener\">https:\/\/infoqromex.com\/exigen-alto-a-la-privatizacion-del-agua-en-queretaro\/<\/a><\/p>\n","protected":false},"excerpt":{"rendered":"<p>Fotos: Infoqromex Noticias Infoqromex Noticias QUER\u00c9TARO, Qro., a 17 de diciembre de 2020. Alrededor de 50 personas entre vecinos, ciudadanos y activistas se manifestaron en inmediaciones de la Comisi\u00f3n Estatal &hellip; <a href=\"https:\/\/www.grieta.org.mx\/index.php\/2020\/12\/17\/exigen-un-alto-a-la-privatizacion-del-agua-en-queretaro\/\" class=\"more-link\">Leer m\u00e1s<\/a><\/p>\n","protected":false},"author":2,"featured_media":56042,"comment_status":"closed","ping_status":"closed","sticky":false,"template":"","format":"standard","meta":{"ngg_post_thumbnail":0,"_jetpack_newsletter_access":"","_jetpack_dont_email_post_to_subs":false,"_jetpack_newsletter_tier_id":0,"_jetpack_memberships_contains_paywalled_content":false,"_jetpack_memberships_contains_paid_content":false,"footnotes":""},"categories":[80,914,3030,3031,2480,2978,2,27,83],"tags":[2403],"class_list":["post-56033","post","type-post","status-publish","format-standard","has-post-thumbnail","hentry","category-cintillo","category-privatizacion-del-agua","category-crisis-del-agua-en-queretaro","category-incremento-del-costo-de-la-vida-en-queretaro","category-lucha-y-resistencia-del-pueblo-de-queretaro","category-movilizaciones-y-protestas-de-habitantes-en-queretaro","category-noticias-nacionales","category-queretaro","category-temas-nacionales","tag-crisis-del-agua","entry"],"jetpack_featured_media_url":"https:\/\/www.grieta.org.mx\/wp-content\/uploads\/2020\/12\/7-photo5105085329202850053-1024x715-1.jpg","jetpack_sharing_enabled":true,"jetpack_shortlink":"https:\/\/wp.me\/p7ZJR4-ezL","jetpack_likes_enabled":false,"jetpack-related-posts":[{"id":5234,"url":"https:\/\/www.grieta.org.mx\/index.php\/2015\/07\/06\/danos-a-la-salud-en-queretaro-por-agua-contaminada-con-arsenico\/","url_meta":{"origin":56033,"position":0},"title":"Da\u00f1os a la salud en Quer\u00e9taro por agua contaminada con ars\u00e9nico","author":"grieta","date":"6 julio, 2015","format":false,"excerpt":"06\/07\/15. Clausuran manantial con alto nivel de ars\u00e9nico Diario de Quer\u00e9taro 26\/06\/15. Investigan enfermedades por agua contaminada en Pinal de Amoles, Quer\u00e9taro La Jornada 14\/06\/15. Se intoxican 120 personas con agua contaminada con ars\u00e9nico en Qu\u00e9retaro ACadena Rasa","rel":"","context":"En &quot;NOTICIAS NACIONALES&quot;","block_context":{"text":"NOTICIAS NACIONALES","link":"https:\/\/www.grieta.org.mx\/index.php\/category\/noticias-nacionales\/"},"img":{"alt_text":"","src":"https:\/\/i0.wp.com\/www.grieta.org.mx\/wp-content\/uploads\/2018\/03\/14524434_1106112876131411_958039263622046936_o.jpg?resize=350%2C200&ssl=1","width":350,"height":200,"srcset":"https:\/\/i0.wp.com\/www.grieta.org.mx\/wp-content\/uploads\/2018\/03\/14524434_1106112876131411_958039263622046936_o.jpg?resize=350%2C200&ssl=1 1x, https:\/\/i0.wp.com\/www.grieta.org.mx\/wp-content\/uploads\/2018\/03\/14524434_1106112876131411_958039263622046936_o.jpg?resize=525%2C300&ssl=1 1.5x, https:\/\/i0.wp.com\/www.grieta.org.mx\/wp-content\/uploads\/2018\/03\/14524434_1106112876131411_958039263622046936_o.jpg?resize=700%2C400&ssl=1 2x"},"classes":[]},{"id":42168,"url":"https:\/\/www.grieta.org.mx\/index.php\/2019\/12\/11\/sin-acuerdos-en-la-pradera-queretaro\/","url_meta":{"origin":56033,"position":1},"title":"Sin acuerdos en La Pradera (Quer\u00e9taro)","author":"grieta","date":"11 diciembre, 2019","format":false,"excerpt":"Cecilia Rubalcava \/ Meganoticias Los vecinos de la pradera siguen sin llegar a un acuerdo con las autoridades para que pueda entrar la comisi\u00f3n Estatal de aguas a brindarles el servicio por lo que exigen que este acuerdo se logre antes de terminar el a\u00f1o pues no quieren seguir trabajando\u2026","rel":"","context":"En &quot;CINTILLO&quot;","block_context":{"text":"CINTILLO","link":"https:\/\/www.grieta.org.mx\/index.php\/category\/cintillo\/"},"img":{"alt_text":"","src":"https:\/\/i0.wp.com\/www.grieta.org.mx\/wp-content\/uploads\/2019\/12\/Sin-acuerdos-en-La-Pradera-qro-dic.jpg?resize=350%2C200&ssl=1","width":350,"height":200,"srcset":"https:\/\/i0.wp.com\/www.grieta.org.mx\/wp-content\/uploads\/2019\/12\/Sin-acuerdos-en-La-Pradera-qro-dic.jpg?resize=350%2C200&ssl=1 1x, https:\/\/i0.wp.com\/www.grieta.org.mx\/wp-content\/uploads\/2019\/12\/Sin-acuerdos-en-La-Pradera-qro-dic.jpg?resize=525%2C300&ssl=1 1.5x, https:\/\/i0.wp.com\/www.grieta.org.mx\/wp-content\/uploads\/2019\/12\/Sin-acuerdos-en-La-Pradera-qro-dic.jpg?resize=700%2C400&ssl=1 2x"},"classes":[]},{"id":56460,"url":"https:\/\/www.grieta.org.mx\/index.php\/2021\/01\/28\/vecinos-protestan-por-cobros-de-la-cea-de-hasta-70-mil-pesos-sin-tener-servicio-queretaro\/","url_meta":{"origin":56033,"position":2},"title":"VECINOS PROTESTAN POR COBROS DE LA CEA DE HASTA 70 MIL PESOS SIN TENER SERVICIO (Quer\u00e9taro)","author":"grieta","date":"28 enero, 2021","format":false,"excerpt":"INFOQROMEX Santiago de Quer\u00e9taro, Qro., a 28 de enero de 2021. Vecinos del fraccionamiento Paseos de San Miguel en la Delegaci\u00f3n F\u00e9lix Osores del municipio de Quer\u00e9taro protestan ante la Comisi\u00f3n Estatal de Aguas por cobros excesivos y la falta de servicio, hace seis a\u00f1os realizaron acuerdos con el Organismo\u2026","rel":"","context":"En &quot;CINTILLO&quot;","block_context":{"text":"CINTILLO","link":"https:\/\/www.grieta.org.mx\/index.php\/category\/cintillo\/"},"img":{"alt_text":"","src":"https:\/\/i0.wp.com\/www.grieta.org.mx\/wp-content\/uploads\/2021\/01\/VECINOS-PROTESTAN-POR-COBROS-DE-LA-CEA-DE-HASTA-70-MIL-PESOS-SIN-TENER-SERVICIO-qro-ene.jpg?resize=350%2C200&ssl=1","width":350,"height":200,"srcset":"https:\/\/i0.wp.com\/www.grieta.org.mx\/wp-content\/uploads\/2021\/01\/VECINOS-PROTESTAN-POR-COBROS-DE-LA-CEA-DE-HASTA-70-MIL-PESOS-SIN-TENER-SERVICIO-qro-ene.jpg?resize=350%2C200&ssl=1 1x, https:\/\/i0.wp.com\/www.grieta.org.mx\/wp-content\/uploads\/2021\/01\/VECINOS-PROTESTAN-POR-COBROS-DE-LA-CEA-DE-HASTA-70-MIL-PESOS-SIN-TENER-SERVICIO-qro-ene.jpg?resize=525%2C300&ssl=1 1.5x, https:\/\/i0.wp.com\/www.grieta.org.mx\/wp-content\/uploads\/2021\/01\/VECINOS-PROTESTAN-POR-COBROS-DE-LA-CEA-DE-HASTA-70-MIL-PESOS-SIN-TENER-SERVICIO-qro-ene.jpg?resize=700%2C400&ssl=1 2x"},"classes":[]},{"id":43299,"url":"https:\/\/www.grieta.org.mx\/index.php\/2020\/01\/21\/vecinos-de-santillan-tequisquiapan-denuncian-atropellos-en-subministro-de-agua-queretaro\/","url_meta":{"origin":56033,"position":3},"title":"Vecinos de Santill\u00e1n Tequisquiapan denuncian atropellos en subministro de agua (Quer\u00e9taro)","author":"grieta","date":"21 enero, 2020","format":false,"excerpt":"AM Quer\u00e9taro Vecinos del municipio Santill\u00e1n Tequisquiapan, denunciaron una serie de atropellos que ha sufrido 19 familias propietarias de tierras Vecinos del municipio Santill\u00e1n Tequisquiapan, de Quer\u00e9taro, denunciaron ante las autoridades correspondiente una serie de atropellos que ha sufrido 19 familias propietarias de tierras ejidales por parte de Conagua que,\u2026","rel":"","context":"En &quot;CINTILLO&quot;","block_context":{"text":"CINTILLO","link":"https:\/\/www.grieta.org.mx\/index.php\/category\/cintillo\/"},"img":{"alt_text":"","src":"https:\/\/i0.wp.com\/www.grieta.org.mx\/wp-content\/uploads\/2020\/01\/Vecinos-de-Santill%C3%A1n-Tequisquiapan-denuncian-atropellos-en-subministro-de-agua-qro-ene.jpg?resize=350%2C200&ssl=1","width":350,"height":200,"srcset":"https:\/\/i0.wp.com\/www.grieta.org.mx\/wp-content\/uploads\/2020\/01\/Vecinos-de-Santill%C3%A1n-Tequisquiapan-denuncian-atropellos-en-subministro-de-agua-qro-ene.jpg?resize=350%2C200&ssl=1 1x, https:\/\/i0.wp.com\/www.grieta.org.mx\/wp-content\/uploads\/2020\/01\/Vecinos-de-Santill%C3%A1n-Tequisquiapan-denuncian-atropellos-en-subministro-de-agua-qro-ene.jpg?resize=525%2C300&ssl=1 1.5x, https:\/\/i0.wp.com\/www.grieta.org.mx\/wp-content\/uploads\/2020\/01\/Vecinos-de-Santill%C3%A1n-Tequisquiapan-denuncian-atropellos-en-subministro-de-agua-qro-ene.jpg?resize=700%2C400&ssl=1 2x"},"classes":[]},{"id":43309,"url":"https:\/\/www.grieta.org.mx\/index.php\/2020\/01\/18\/colonos-de-la-pradera-exigen-retirar-concesion-a-aqua-queretaro\/","url_meta":{"origin":56033,"position":4},"title":"Colonos de La Pradera exigen retirar concesi\u00f3n a Aqua (Quer\u00e9taro)","author":"grieta","date":"18 enero, 2020","format":false,"excerpt":"Rafael Vigil \/ Alerta Quer\u00e9taro Noticias Habitantes del fraccionamiento La Pradera, ubicado en el municipio de El Marqu\u00e9s, se manifestaron la tarde de este s\u00e1bado en las inmediaciones del anillo vial Fray Jun\u00edpero Serra para exigir la salida de la empresa concesionaria Aqua, que dota del vital l\u00edquido a los\u2026","rel":"","context":"En &quot;CINTILLO&quot;","block_context":{"text":"CINTILLO","link":"https:\/\/www.grieta.org.mx\/index.php\/category\/cintillo\/"},"img":{"alt_text":"","src":"https:\/\/i0.wp.com\/www.grieta.org.mx\/wp-content\/uploads\/2020\/01\/Colonos-de-La-Pradera-exigen-retirar-concesi%C3%B3n-a-Aqua-qro-ene.jpg?resize=350%2C200","width":350,"height":200},"classes":[]},{"id":56541,"url":"https:\/\/www.grieta.org.mx\/index.php\/2021\/01\/23\/el-aire-mas-caro-del-mundo-lo-tiene-la-operadora-queretaro-moderno-queretaro\/","url_meta":{"origin":56033,"position":5},"title":"EL AIRE MAS CARO DEL MUNDO LO TIENE LA OPERADORA QUER\u00c9TARO MODERNO! (Quer\u00e9taro)","author":"grieta","date":"23 enero, 2021","format":false,"excerpt":"Fotos tomadas de: facebook.com\/NQD.Oficial\/ Noticias de Qro al d\u00eda Varios vecinos se reunieron este s\u00e1bado en el parque Jamadi ubicado en Zibat\u00e1, esto con el fin de hablar y organizar acciones ya legales contra la Operadora Quer\u00e9taro Moderno, quien desde hace mucho tiempo, mencionan muchos, hay problemas graves, no solo\u2026","rel":"","context":"En &quot;CINTILLO&quot;","block_context":{"text":"CINTILLO","link":"https:\/\/www.grieta.org.mx\/index.php\/category\/cintillo\/"},"img":{"alt_text":"","src":"https:\/\/i0.wp.com\/www.grieta.org.mx\/wp-content\/uploads\/2021\/01\/EL-AIRE-MAS-CARO-DEL-MUNDO-LO-TIENE-LA-OPERADORA-QUERETARO-MODERNO-qro-ene.jpg?resize=350%2C200&ssl=1","width":350,"height":200},"classes":[]}],"_links":{"self":[{"href":"https:\/\/www.grieta.org.mx\/index.php\/wp-json\/wp\/v2\/posts\/56033","targetHints":{"allow":["GET"]}}],"collection":[{"href":"https:\/\/www.grieta.org.mx\/index.php\/wp-json\/wp\/v2\/posts"}],"about":[{"href":"https:\/\/www.grieta.org.mx\/index.php\/wp-json\/wp\/v2\/types\/post"}],"author":[{"embeddable":true,"href":"https:\/\/www.grieta.org.mx\/index.php\/wp-json\/wp\/v2\/users\/2"}],"replies":[{"embeddable":true,"href":"https:\/\/www.grieta.org.mx\/index.php\/wp-json\/wp\/v2\/comments?post=56033"}],"version-history":[{"count":1,"href":"https:\/\/www.grieta.org.mx\/index.php\/wp-json\/wp\/v2\/posts\/56033\/revisions"}],"predecessor-version":[{"id":56043,"href":"https:\/\/www.grieta.org.mx\/index.php\/wp-json\/wp\/v2\/posts\/56033\/revisions\/56043"}],"wp:featuredmedia":[{"embeddable":true,"href":"https:\/\/www.grieta.org.mx\/index.php\/wp-json\/wp\/v2\/media\/56042"}],"wp:attachment":[{"href":"https:\/\/www.grieta.org.mx\/index.php\/wp-json\/wp\/v2\/media?parent=56033"}],"wp:term":[{"taxonomy":"category","embeddable":true,"href":"https:\/\/www.grieta.org.mx\/index.php\/wp-json\/wp\/v2\/categories?post=56033"},{"taxonomy":"post_tag","embeddable":true,"href":"https:\/\/www.grieta.org.mx\/index.php\/wp-json\/wp\/v2\/tags?post=56033"}],"curies":[{"name":"wp","href":"https:\/\/api.w.org\/{rel}","templated":true}]}}