{"id":55970,"date":"2020-12-23T11:54:44","date_gmt":"2020-12-23T17:54:44","guid":{"rendered":"http:\/\/www.grieta.org.mx\/?p=55970"},"modified":"2020-12-27T11:59:27","modified_gmt":"2020-12-27T17:59:27","slug":"integrantes-de-la-red-feminista-qroo-denuncian-acoso-institucional","status":"publish","type":"post","link":"https:\/\/www.grieta.org.mx\/index.php\/2020\/12\/23\/integrantes-de-la-red-feminista-qroo-denuncian-acoso-institucional\/","title":{"rendered":"Integrantes de la Red Feminista QRoo denuncian acoso institucional"},"content":{"rendered":"<p><img loading=\"lazy\" decoding=\"async\" data-attachment-id=\"55971\" data-permalink=\"https:\/\/www.grieta.org.mx\/index.php\/2020\/12\/23\/integrantes-de-la-red-feminista-qroo-denuncian-acoso-institucional\/redfeministaacoso\/\" data-orig-file=\"https:\/\/www.grieta.org.mx\/wp-content\/uploads\/2020\/12\/RedFeministaAcoso-e1609091722351.png\" data-orig-size=\"800,391\" data-comments-opened=\"0\" data-image-meta=\"{&quot;aperture&quot;:&quot;0&quot;,&quot;credit&quot;:&quot;&quot;,&quot;camera&quot;:&quot;&quot;,&quot;caption&quot;:&quot;&quot;,&quot;created_timestamp&quot;:&quot;0&quot;,&quot;copyright&quot;:&quot;&quot;,&quot;focal_length&quot;:&quot;0&quot;,&quot;iso&quot;:&quot;0&quot;,&quot;shutter_speed&quot;:&quot;0&quot;,&quot;title&quot;:&quot;&quot;,&quot;orientation&quot;:&quot;0&quot;}\" data-image-title=\"RedFeministaAcoso\" data-image-description=\"\" data-image-caption=\"\" data-medium-file=\"https:\/\/www.grieta.org.mx\/wp-content\/uploads\/2020\/12\/RedFeministaAcoso-300x146.png\" data-large-file=\"https:\/\/www.grieta.org.mx\/wp-content\/uploads\/2020\/12\/RedFeministaAcoso-1024x500.png\" src=\"http:\/\/www.grieta.org.mx\/wp-content\/uploads\/2020\/12\/RedFeministaAcoso-e1609091722351.png\" alt=\"\" width=\"800\" height=\"391\" class=\"alignnone size-full wp-image-55971\" \/><\/p>\n<p>Gustavo Guardian \/ Yucat\u00e1n a la Mano<\/p>\n<p>Fue suspendido el servicio el\u00e9ctrico de las instalaciones tomadas por las activistas<\/p>\n<p>A casi un mes de la toma del Congreso del estado, el acoso por parte de la Junta de Gobierno y Coordinaci\u00f3n Pol\u00edtica (Jugocopo) a la Red Feminista Quintanarroense se ha elevado y este lunes, al no cubrir el pago de la Comisi\u00f3n Federal de Electricidad (CFE), les fue suspendido el servicio; adem\u00e1s, las mujeres e incluso menores de edad que permanecen en el edificio legislativo son acosados por personal que se ubica a los alrededores en un intento por amedrentar al movimiento.<\/p>\n<p>Cerca de las 14 horas del pasado lunes, la CFE cort\u00f3 la energ\u00eda el\u00e9ctrica de las instalaciones del Congreso en donde permanecen desde el pasado 27 de noviembre un grupo de representantes de la Red Feminista Quintanarroense, que aglutinan 28 colectivos feministas del estado.<\/p>\n<p>\u201cEste es un SOS a la toma pac\u00edfica del Congreso, nos est\u00e1n violentando para quebrar este movimiento que ha sido pac\u00edfico en defensa de los derechos sexuales y reproductivos de las mujeres, pero tambi\u00e9n en las otras nueve acciones legislativas para que se respeten y reconozcan los derechos humanos de las mujeres\u201d, se\u00f1alaron.<\/p>\n<p>Responsabilizaron a los diputados de la XVI Legislatura, autodenominada \u201cde la paridad\u201d, ya que hay una serie de medidas cautelares emitidas desde la Comisi\u00f3n de los Derechos Humanos del estado para que se garantice el derecho a la manifestaci\u00f3n, por lo que pidieron a la Jugocopo asegurar la integridad f\u00edsica, emocional y psicol\u00f3gica de las mujeres que mantienen la protesta, as\u00ed como ni\u00f1as y ni\u00f1os que les acompa\u00f1an.<\/p>\n<p>En diversas redes sociales de los colectivos integrantes de la red compartieron una videograbaci\u00f3n en la que piden apoyo \u201csi algo pasara\u201d a las mujeres de la toma, responsabilizando a las autoridades.<\/p>\n<p>\u201cHemos sufrido acoso en las \u00faltimas horas, desde que se hizo de noche (lunes), con reuniones de servidores p\u00fablicos del Congreso en la parte trasera del edificio, as\u00ed como carros sin placas que constantemente pasan gritando y pitando frente al edificio\u201d, apuntaron.<\/p>\n<p>Indicaron que temen por su integridad \u201cen un estado que no garantiza nuestros derechos ni le importa hacerlo. Nos quitaron el suministro de la energ\u00eda el\u00e9ctrica como parte de una campa\u00f1a de acoso y violencia institucional para tratar de callarnos\u201d.<\/p>\n<p>En el transcurso de este martes no se restableci\u00f3 la energ\u00eda el\u00e9ctrica, por lo que consiguieron una planta de luz y mantuvieron encendidas latas con fuego durante toda la madrugada.<\/p>\n<p>Fuente: Novedades Quintana Roo<\/p>\n<p><a href=\"https:\/\/www.yucatanalamano.com\/integrantes-de-la-red-feminista-qroo-denuncian-acoso-institucional\/\" rel=\"noopener\" target=\"_blank\">https:\/\/www.yucatanalamano.com\/integrantes-de-la-red-feminista-qroo-denuncian-acoso-institucional\/<\/a><\/p>\n","protected":false},"excerpt":{"rendered":"<p>Gustavo Guardian \/ Yucat\u00e1n a la Mano Fue suspendido el servicio el\u00e9ctrico de las instalaciones tomadas por las activistas A casi un mes de la toma del Congreso del estado, &hellip; <a href=\"https:\/\/www.grieta.org.mx\/index.php\/2020\/12\/23\/integrantes-de-la-red-feminista-qroo-denuncian-acoso-institucional\/\" class=\"more-link\">Leer m\u00e1s<\/a><\/p>\n","protected":false},"author":2,"featured_media":55971,"comment_status":"closed","ping_status":"closed","sticky":false,"template":"","format":"standard","meta":{"ngg_post_thumbnail":0,"_jetpack_newsletter_access":"","_jetpack_dont_email_post_to_subs":false,"_jetpack_newsletter_tier_id":0,"_jetpack_memberships_contains_paywalled_content":false,"_jetpack_memberships_contains_paid_content":false,"footnotes":""},"categories":[80,3169,2,28],"tags":[648,3042],"class_list":["post-55970","post","type-post","status-publish","format-standard","has-post-thumbnail","hentry","category-cintillo","category-lucha-de-las-mujeres-en-quintana-roo","category-noticias-nacionales","category-quintana-roo","tag-acoso","tag-colectivos-feministas","entry"],"jetpack_featured_media_url":"https:\/\/www.grieta.org.mx\/wp-content\/uploads\/2020\/12\/RedFeministaAcoso-e1609091722351.png","jetpack_sharing_enabled":true,"jetpack_shortlink":"https:\/\/wp.me\/p7ZJR4-eyK","jetpack_likes_enabled":false,"jetpack-related-posts":[{"id":54944,"url":"https:\/\/www.grieta.org.mx\/index.php\/2020\/11\/10\/represion-policiaca-de-protesta-en-cancun-fue-planeada-red-feminista\/","url_meta":{"origin":55970,"position":0},"title":"Represi\u00f3n policiaca de protesta en Canc\u00fan fue planeada: Red Feminista","author":"grieta","date":"10 noviembre, 2020","format":false,"excerpt":"Foto Claroscuro Animal Pol\u00edtico Feministas exigieron al gobierno de Quintana Roo la destituci\u00f3n de Alberto Capella, as\u00ed como una disculpa p\u00fablica y la reparaci\u00f3n del da\u00f1o a todas las v\u00edctimas de la brutalidad policiaca. La Red Feminista Quintanarroense afirm\u00f3 que la dispersi\u00f3n con balazos de la protesta que se realiz\u00f3\u2026","rel":"","context":"En &quot;Abuso policiaco en Quintana Roo&quot;","block_context":{"text":"Abuso policiaco en Quintana Roo","link":"https:\/\/www.grieta.org.mx\/index.php\/category\/noticias-nacionales\/quintana-roo\/abuso-policiaco-en-quintana-roo\/"},"img":{"alt_text":"","src":"https:\/\/i0.wp.com\/www.grieta.org.mx\/wp-content\/uploads\/2020\/11\/policia_cancun_disparos_protesta-e1605206205211.jpeg?resize=350%2C200&ssl=1","width":350,"height":200,"srcset":"https:\/\/i0.wp.com\/www.grieta.org.mx\/wp-content\/uploads\/2020\/11\/policia_cancun_disparos_protesta-e1605206205211.jpeg?resize=350%2C200&ssl=1 1x, https:\/\/i0.wp.com\/www.grieta.org.mx\/wp-content\/uploads\/2020\/11\/policia_cancun_disparos_protesta-e1605206205211.jpeg?resize=525%2C300&ssl=1 1.5x, https:\/\/i0.wp.com\/www.grieta.org.mx\/wp-content\/uploads\/2020\/11\/policia_cancun_disparos_protesta-e1605206205211.jpeg?resize=700%2C400&ssl=1 2x"},"classes":[]},{"id":56723,"url":"https:\/\/www.grieta.org.mx\/index.php\/2021\/02\/01\/concluyo-enero-con-cuatro-mujeres-asesinadas-y-12-desaparecidas-en-quintana-roo-red-feminista\/","url_meta":{"origin":55970,"position":1},"title":"Concluy\u00f3 enero con cuatro mujeres asesinadas y 12 desaparecidas en Quintana Roo: Red Feminista","author":"grieta","date":"1 febrero, 2021","format":false,"excerpt":"Adriana Varillas \/ Estamos Aqu\u00ed Canc\u00fan, Q. Roo, 1 de febrero.- Enero cerr\u00f3 con el asesinato de cuatro mujeres y la desaparici\u00f3n de 12, 11 de ellas, adolescentes y una mujer de 39 a\u00f1os, inform\u00f3 la Red Feminista Quintanarroense (RFQ), al exigir el esclarecimiento de los cr\u00edmenes, la b\u00fasqueda de\u2026","rel":"","context":"En &quot;CINTILLO&quot;","block_context":{"text":"CINTILLO","link":"https:\/\/www.grieta.org.mx\/index.php\/category\/cintillo\/"},"img":{"alt_text":"","src":"https:\/\/i0.wp.com\/www.grieta.org.mx\/wp-content\/uploads\/2021\/02\/FeministasQRoo-e1612462175766.png?resize=350%2C200&ssl=1","width":350,"height":200,"srcset":"https:\/\/i0.wp.com\/www.grieta.org.mx\/wp-content\/uploads\/2021\/02\/FeministasQRoo-e1612462175766.png?resize=350%2C200&ssl=1 1x, https:\/\/i0.wp.com\/www.grieta.org.mx\/wp-content\/uploads\/2021\/02\/FeministasQRoo-e1612462175766.png?resize=525%2C300&ssl=1 1.5x, https:\/\/i0.wp.com\/www.grieta.org.mx\/wp-content\/uploads\/2021\/02\/FeministasQRoo-e1612462175766.png?resize=700%2C400&ssl=1 2x"},"classes":[]},{"id":67066,"url":"https:\/\/www.grieta.org.mx\/index.php\/2023\/06\/18\/bloquearon-carretera-federal-en-bacalar-en-protesta-contra-apagones-de-cfe-quintana-roo\/","url_meta":{"origin":55970,"position":2},"title":"Bloquearon carretera Federal en Bacalar en Protesta contra Apagones de CFE (Quintana Roo)","author":"grieta","date":"18 junio, 2023","format":false,"excerpt":"Redacci\u00f3n\/CAMBIO 22 CHETUMAL, 18 de junio.- Habitantes de la ciudad de Bacalar bloquearon el paso de la carretera Federal 307 Chetumal-Canc\u00fan en las primeras horas de la madrugada de este domingo, en protesta por los apagones que se han registrado en los \u00faltimos d\u00edas y en medio del intenso calor.\u2026","rel":"","context":"En &quot;CINTILLO&quot;","block_context":{"text":"CINTILLO","link":"https:\/\/www.grieta.org.mx\/index.php\/category\/cintillo\/"},"img":{"alt_text":"","src":"https:\/\/i0.wp.com\/www.grieta.org.mx\/wp-content\/uploads\/2023\/06\/cfe2.jpg?resize=350%2C200&ssl=1","width":350,"height":200,"srcset":"https:\/\/i0.wp.com\/www.grieta.org.mx\/wp-content\/uploads\/2023\/06\/cfe2.jpg?resize=350%2C200&ssl=1 1x, https:\/\/i0.wp.com\/www.grieta.org.mx\/wp-content\/uploads\/2023\/06\/cfe2.jpg?resize=525%2C300&ssl=1 1.5x, https:\/\/i0.wp.com\/www.grieta.org.mx\/wp-content\/uploads\/2023\/06\/cfe2.jpg?resize=700%2C400&ssl=1 2x, https:\/\/i0.wp.com\/www.grieta.org.mx\/wp-content\/uploads\/2023\/06\/cfe2.jpg?resize=1050%2C600&ssl=1 3x, https:\/\/i0.wp.com\/www.grieta.org.mx\/wp-content\/uploads\/2023\/06\/cfe2.jpg?resize=1400%2C800&ssl=1 4x"},"classes":[]},{"id":69789,"url":"https:\/\/www.grieta.org.mx\/index.php\/2024\/09\/10\/paran-labores-en-las-instalaciones-de-la-conagua-en-chetumal-quintana-roo\/","url_meta":{"origin":55970,"position":3},"title":"Paran labores en las instalaciones de la Conagua en Chetumal (Quintana Roo)","author":"grieta","date":"10 septiembre, 2024","format":false,"excerpt":"Pedro Hern\u00e1ndez \/ Quadrat\u00edn Quintana Roo OTH\u00d3N P. BLANCO, QRoo, 10 de septiembre de 2024.- Alrededor de 30 trabajadores de la Comisi\u00f3n Nacional del Agua en Quintana Roo entraron en paro total de labores, debido a que denuncian diversas irregularidades de parte de Ana Laura P\u00e9rez Guerrero, encargada de la\u2026","rel":"","context":"En &quot;CINTILLO&quot;","block_context":{"text":"CINTILLO","link":"https:\/\/www.grieta.org.mx\/index.php\/category\/cintillo\/"},"img":{"alt_text":"","src":"https:\/\/i0.wp.com\/www.grieta.org.mx\/wp-content\/uploads\/2024\/09\/Conagua-e1727143853608.jpg?resize=350%2C200&ssl=1","width":350,"height":200,"srcset":"https:\/\/i0.wp.com\/www.grieta.org.mx\/wp-content\/uploads\/2024\/09\/Conagua-e1727143853608.jpg?resize=350%2C200&ssl=1 1x, https:\/\/i0.wp.com\/www.grieta.org.mx\/wp-content\/uploads\/2024\/09\/Conagua-e1727143853608.jpg?resize=525%2C300&ssl=1 1.5x, https:\/\/i0.wp.com\/www.grieta.org.mx\/wp-content\/uploads\/2024\/09\/Conagua-e1727143853608.jpg?resize=700%2C400&ssl=1 2x"},"classes":[]},{"id":41814,"url":"https:\/\/www.grieta.org.mx\/index.php\/2019\/11\/29\/frena-el-consejo-ciudadano-de-lucha-contra-abusos-de-la-cfe-desconexion-del-servicio-a-usuarios-en-jose-maria-morelos-quintana-roo\/","url_meta":{"origin":55970,"position":4},"title":"Frena el Consejo Ciudadano de Lucha contra Abusos de la CFE desconexi\u00f3n del servicio a usuarios en Jos\u00e9 Mar\u00eda Morelos (Quintana Roo)","author":"grieta","date":"29 noviembre, 2019","format":false,"excerpt":"Agencia SIM \/ Noticaribe JOS\u00c9 MAR\u00cdA MORELOS, MX.- A pesar de existir una minuta firmada con autoridades de la Comisi\u00f3n Federal de Electricidad (CFE), en donde se comprometieron a no cortarles el servicio a m\u00e1s de 600 ciudadanos inconformes en esta cabecera municipal, hoy, personal de la paraestatal desconect\u00f3 a\u2026","rel":"","context":"En &quot;CINTILLO&quot;","block_context":{"text":"CINTILLO","link":"https:\/\/www.grieta.org.mx\/index.php\/category\/cintillo\/"},"img":{"alt_text":"","src":"https:\/\/i0.wp.com\/www.grieta.org.mx\/wp-content\/uploads\/2019\/12\/CFEJmm3.png?resize=350%2C200","width":350,"height":200},"classes":[]},{"id":41809,"url":"https:\/\/www.grieta.org.mx\/index.php\/2019\/12\/03\/cfe-no-ha-respetado-acuerdos-en-morelos-acusan-ciudadanos-quintana-roo\/","url_meta":{"origin":55970,"position":5},"title":"CFE no ha respetado acuerdos en Morelos, acusan ciudadanos (Quintana Roo)","author":"grieta","date":"3 diciembre, 2019","format":false,"excerpt":"Noticaribe JOS\u00c9 MAR\u00cdA MORELOS, MX.- La Comisi\u00f3n Federal de Electricidad se ha negado a refacturar los altos cobros recibidos por muchos ciudadanos, y que derivaron en la toma de sus instalaciones en septiembre, acus\u00f3 el ciudadano Heliodoro Mex Colli, quien se\u00f1al\u00f3 que ellos mismos pagar\u00e1n su consumo promedio, lo que\u2026","rel":"","context":"En &quot;CINTILLO&quot;","block_context":{"text":"CINTILLO","link":"https:\/\/www.grieta.org.mx\/index.php\/category\/cintillo\/"},"img":{"alt_text":"","src":"https:\/\/i0.wp.com\/www.grieta.org.mx\/wp-content\/uploads\/2019\/12\/CfeJMM-e1575491832881.png?resize=350%2C200&ssl=1","width":350,"height":200,"srcset":"https:\/\/i0.wp.com\/www.grieta.org.mx\/wp-content\/uploads\/2019\/12\/CfeJMM-e1575491832881.png?resize=350%2C200&ssl=1 1x, https:\/\/i0.wp.com\/www.grieta.org.mx\/wp-content\/uploads\/2019\/12\/CfeJMM-e1575491832881.png?resize=525%2C300&ssl=1 1.5x, https:\/\/i0.wp.com\/www.grieta.org.mx\/wp-content\/uploads\/2019\/12\/CfeJMM-e1575491832881.png?resize=700%2C400&ssl=1 2x"},"classes":[]}],"_links":{"self":[{"href":"https:\/\/www.grieta.org.mx\/index.php\/wp-json\/wp\/v2\/posts\/55970","targetHints":{"allow":["GET"]}}],"collection":[{"href":"https:\/\/www.grieta.org.mx\/index.php\/wp-json\/wp\/v2\/posts"}],"about":[{"href":"https:\/\/www.grieta.org.mx\/index.php\/wp-json\/wp\/v2\/types\/post"}],"author":[{"embeddable":true,"href":"https:\/\/www.grieta.org.mx\/index.php\/wp-json\/wp\/v2\/users\/2"}],"replies":[{"embeddable":true,"href":"https:\/\/www.grieta.org.mx\/index.php\/wp-json\/wp\/v2\/comments?post=55970"}],"version-history":[{"count":1,"href":"https:\/\/www.grieta.org.mx\/index.php\/wp-json\/wp\/v2\/posts\/55970\/revisions"}],"predecessor-version":[{"id":55972,"href":"https:\/\/www.grieta.org.mx\/index.php\/wp-json\/wp\/v2\/posts\/55970\/revisions\/55972"}],"wp:featuredmedia":[{"embeddable":true,"href":"https:\/\/www.grieta.org.mx\/index.php\/wp-json\/wp\/v2\/media\/55971"}],"wp:attachment":[{"href":"https:\/\/www.grieta.org.mx\/index.php\/wp-json\/wp\/v2\/media?parent=55970"}],"wp:term":[{"taxonomy":"category","embeddable":true,"href":"https:\/\/www.grieta.org.mx\/index.php\/wp-json\/wp\/v2\/categories?post=55970"},{"taxonomy":"post_tag","embeddable":true,"href":"https:\/\/www.grieta.org.mx\/index.php\/wp-json\/wp\/v2\/tags?post=55970"}],"curies":[{"name":"wp","href":"https:\/\/api.w.org\/{rel}","templated":true}]}}