{"id":5594,"date":"2015-08-23T15:50:26","date_gmt":"2015-08-23T15:50:26","guid":{"rendered":"http:\/\/50.22.11.12\/~grietaor\/?p=5594"},"modified":"2016-03-27T15:55:04","modified_gmt":"2016-03-27T15:55:04","slug":"el-inai-ordena-a-gobernacion-difundir-la-cifra-de-homicidios-de-mujeres-entre-2006-y-2012","status":"publish","type":"post","link":"https:\/\/www.grieta.org.mx\/index.php\/2015\/08\/23\/el-inai-ordena-a-gobernacion-difundir-la-cifra-de-homicidios-de-mujeres-entre-2006-y-2012\/","title":{"rendered":"El INAI ordena a Gobernaci\u00f3n difundir la cifra de homicidios de mujeres entre 2006 y 2012"},"content":{"rendered":"<p>Ciudad de M\u00e9xico, 23 de agosto (SinEmbargo\/Notimex\/ElDiario).- El Instituto Nacional de Transparencia instruy\u00f3 a la Secretar\u00eda de Gobernaci\u00f3n (Segob) a que d\u00e9 a conocer el n\u00famero de homicidios dolosos contra mujeres registrados entre 2006 y 2012. La decisi\u00f3n es en respuesta a un particular, al cual la secretar\u00eda indic\u00f3 que la informaci\u00f3n solicitada no era de su competencia. El particular acudi\u00f3 ante el Secretariado Ejecutivo del Sistema Nacional de Seguridad P\u00fablica (SESNSP).<\/p>\n<p>El interesado interpuso un recurso de revisi\u00f3n ante el Instituto Nacional de Transparencia, Acceso a la Informaci\u00f3n y Protecci\u00f3n de Datos Personales (INAI), el cual fue turnado a la comisionada Mar\u00eda Patricia Kurczyn Villalobos. Al analizar el caso, encontr\u00f3 que en marzo de 2012 la entonces Direcci\u00f3n General de Participaci\u00f3n Ciudadana y Prevenci\u00f3n de Delito, de la Subsecretar\u00eda de Prevenci\u00f3n y Participaci\u00f3n Ciudadana de la Segob, elabor\u00f3 un estudio especial relativo al homicidio doloso que incluye los delitos cometidos contra mujeres desde 2009.<\/p>\n<p>Adem\u00e1s advirti\u00f3 que Gobernaci\u00f3n entreg\u00f3 a la C\u00e1mara de Senadores un documento sobre los avances alcanzados en el Programa Nacional para la Prevenci\u00f3n Social de la Violencia y la Delincuencia durante 2013 y lo que ha transcurrido de 2014.<\/p>\n<p>En dicho informe se incluyen indicadores relacionados con la situaci\u00f3n de violencia y delincuencia que afecta a la poblaci\u00f3n y de manera espec\u00edfica se muestran estad\u00edsticas relacionadas con mujeres, ni\u00f1as, ni\u00f1os, adolescentes y j\u00f3venes. Por lo anterior se determin\u00f3 que la Secretar\u00eda de Gobernaci\u00f3n, en el \u00e1mbito de su competencia, conoce de informaci\u00f3n estad\u00edstica en materia de delitos, en espec\u00edfico, homicidios dolosos cometidos contra mujeres, detall\u00f3 el INAI en un comunicado.<\/p>\n<p>De forma adicional, Kurczyn resalt\u00f3 que esa secretar\u00eda ha emitido alertas de g\u00e9nero en 11 municipios del Estado de M\u00e9xico y en ocho de Morelos, lo que permite advertir que el tema relacionado con los feminicidios es de alto impacto y de enorme afectaci\u00f3n para la sociedad.<\/p>\n<p>Expuso que si bien el Secretariado Ejecutivo es competente para conocer el universo al que pertenece la informaci\u00f3n requerida por el particular, eso no exime a la Segob de haber realizado una b\u00fasqueda exhaustiva de lo solicitado, conforme a la Ley de Transparencia. En dicha b\u00fasqueda no podr\u00e1 omitir a las unidades de Pol\u00edtica Interior y An\u00e1lisis de Informaci\u00f3n, as\u00ed como de Informaci\u00f3n para la Seguridad P\u00fablica.<\/p>\n<p>Tampoco a las direcciones generales de Informaci\u00f3n Legislativa, de Coordinaci\u00f3n Intersecretarial y de Participaci\u00f3n Ciudadana para la Prevenci\u00f3n Social de la Violencia y la Delincuencia.<\/p>\n<p>Adem\u00e1s el INAI dej\u00f3 a salvo los derechos del particular a fin de que, si resulta de su inter\u00e9s, acuda al secretariado o a las Unidades de Enlace de la Procuradur\u00eda General de la Rep\u00fablica y de la Comisi\u00f3n Nacional para Prevenir y Erradicar la Violencia contra las Mujeres, para que solicite la informaci\u00f3n que sea de su utilidad.<\/p>\n<p>TRES MUJERES DESAPARECIDAS EN JU\u00c1REZ<\/p>\n<p>Tres mujeres, dos de ellas menores de edad, cuentan con reporte de ausente y la Fiscal\u00eda Especializada en Atenci\u00f3n a Mujeres V\u00edctimas del Delito por Razones de G\u00e9nero (FEM) en Chihuahua solicita la colaboraci\u00f3n de la ciudadan\u00eda para tratar de ubicarlas.<\/p>\n<p>La primera de ellas desapareci\u00f3 el 16 de agosto y es identificada como Melissa Araceli Iracheta Hern\u00e1ndez, de 17 a\u00f1os, quien fue vista por \u00faltima vez la tarde del domingo.<\/p>\n<p>La menor radica en la colonia Prados de Salv\u00e1rcar y fue descrita como una persona de cabello negro rizado con extensiones de pelo hasta la cintura, mide 1.50 metros, pesa 54 kilos y es de tez morena clara.<\/p>\n<p>El d\u00eda que sali\u00f3 de su casa llevaba un piercing en forma de diamante en la fosa nasal del lado derecho y se desconoce su vestimenta actual.<\/p>\n<p>El segundo reporte es el de la menor Mayra Alejandra Herrera V\u00e1zquez, de 14 a\u00f1os, quien se ausent\u00f3 de su casa el d\u00eda 17 de agosto, un d\u00eda antes de cumplir los 15 a\u00f1os.<\/p>\n<p>De acuerdo con la denuncia de hechos, interpuesta por su padre Samuel Hern\u00e1ndez, la menor sali\u00f3 de su domicilio ubicado en la colonia Los Aztecas para acudir a la vivienda de una vecina para comprar quesos y ya no regres\u00f3 a su hogar.<\/p>\n<p>La vecina dijo a los padres que se percat\u00f3 de que un hombre trato de agarrar por la fuerza a la menor, pero que ella se solt\u00f3. La vecina identific\u00f3 plenamente a este hombre, ya que se trata de un vecino de la calle Tzeltales.<\/p>\n<p>En el tercer caso de una mujer ausente, la persona fue identificada como Alma Ang\u00e9lica Rodr\u00edguez Trejo, de 36 a\u00f1os, quien radica en la colonia Horizontes del Sur y se ausent\u00f3 desde el d\u00eda 16 de agosto.<\/p>\n<p>La mujer lleva el cabello lacio te\u00f1ido de color casta\u00f1o con luces doradas a la altura de los hombros.<\/p>\n<p>Mide 1.56 metros de estatura y pesa 90 kilos, es de complexi\u00f3n robusta y de tez morena clara, como se\u00f1as particulares se mencion\u00f3 que tiene cicatrices en la cara a causa de la viruela y al momento de su ausencia vest\u00eda una blusa de cuello \u201cV\u201d de color mel\u00f3n y un pantal\u00f3n de mezclilla y tenis marca Converse de color azul.<\/p>\n<p>El d\u00eda de desaparici\u00f3n Alma Ang\u00e9lica acudi\u00f3 al centro comercial Las Misiones, por lo que sali\u00f3 desde las 8 de la ma\u00f1ana de su casa y no regres\u00f3. La familia report\u00f3 a la mujer hasta el d\u00eda 18 de agosto. La joven se comunic\u00f3 con su hermana recientemente y le dijo que no sab\u00eda en d\u00f3nde estaba y que se encontraba fuera de la ciudad ya que se dirig\u00eda a cobrar una herencia.<\/p>\n<p>En el caso de Mayra Alejandra Herrera, de 15 a\u00f1os, la Fiscal\u00eda Especializada en Atenci\u00f3n a Mujeres V\u00edctimas del Delito por Razones de G\u00e9nero (FEM) investiga a un hombre de 42 a\u00f1os y pareja sentimental de la menor.<\/p>\n<p>Mayra Alejandra y su novio mantuvieron comunicaci\u00f3n hasta el d\u00eda 17, cuando la felicit\u00f3 por su cumplea\u00f1os. Por la tarde la joven fue enviada por su madre a la casa de una vecina para comprar quesos y un hombre la intercept\u00f3 y la trato a agarrar por la fuerza.<\/p>\n<p>El novio de Alejandra cuenta con antecedentes penales en Estados Unidos por asalto agravado con arma mortal y ya es objeto de investigaci\u00f3n. Los investigadores esperan localizar a la adolescente en breve.<\/p>\n<p>Las personas que tengan informaci\u00f3n sobre el paradero de las mujeres, favor de comunicarse sin costo a la FGE en la Zona Norte al n\u00famero 01-800-838-6066 o bien tel\u00e9fono (656) 6293300 extensiones 58131, 58132, y 58109. Tambi\u00e9n pueden enviar un correo electr\u00f3nico a la direcci\u00f3n mujeres.ausenteszn@chihuahua.gob.mx.<\/p>\n<p>El Secretario de Seguridad P\u00fablica Municipal, C\u00e9sar Omar Mu\u00f1oz Morales, destac\u00f3 el papel de los padres de familia para proteger a sus hijas.<\/p>\n<p>\u201cEl compromiso del padre es brindar a sus hijos educaci\u00f3n y estar al pendientes de su sano desarrollo. El compromiso de la Secretaria es apoyar a los padres en la seguridad de sus hijos en la calle\u201d, dijo el funcionario.<\/p>\n<p>Indic\u00f3 que es importante que los padres mantengan una buena comunicaci\u00f3n con sus hijos adolescentes para evitar que la mala relaci\u00f3n al interior del hogar se convierta en el principal expulsor de estas mujeres.<\/p>\n<p><a href=\"http:\/\/www.sinembargo.mx\/23-08-2015\/1460293\" target=\"_blank\">www.sinembargo.mx\/23-08-2015\/1460293<\/a><\/p>\n","protected":false},"excerpt":{"rendered":"<p>Ciudad de M\u00e9xico, 23 de agosto (SinEmbargo\/Notimex\/ElDiario).- El Instituto Nacional de Transparencia instruy\u00f3 a la Secretar\u00eda de Gobernaci\u00f3n (Segob) a que d\u00e9 a conocer el n\u00famero de homicidios dolosos contra &hellip; <a href=\"https:\/\/www.grieta.org.mx\/index.php\/2015\/08\/23\/el-inai-ordena-a-gobernacion-difundir-la-cifra-de-homicidios-de-mujeres-entre-2006-y-2012\/\" class=\"more-link\">Leer m\u00e1s<\/a><\/p>\n","protected":false},"author":2,"featured_media":21928,"comment_status":"closed","ping_status":"open","sticky":false,"template":"","format":"standard","meta":{"ngg_post_thumbnail":0,"_jetpack_newsletter_access":"","_jetpack_dont_email_post_to_subs":false,"_jetpack_newsletter_tier_id":0,"_jetpack_memberships_contains_paywalled_content":false,"_jetpack_memberships_contains_paid_content":false,"footnotes":""},"categories":[367],"tags":[],"class_list":["post-5594","post","type-post","status-publish","format-standard","has-post-thumbnail","hentry","category-feminicidios-analisis","entry"],"jetpack_featured_media_url":"https:\/\/www.grieta.org.mx\/wp-content\/uploads\/2018\/03\/14524434_1106112876131411_958039263622046936_o.jpg","jetpack_sharing_enabled":true,"jetpack_shortlink":"https:\/\/wp.me\/p7ZJR4-1se","jetpack_likes_enabled":false,"jetpack-related-posts":[{"id":7768,"url":"https:\/\/www.grieta.org.mx\/index.php\/2016\/03\/13\/inai-ordena-a-sedena-entregar-version-publica-de-partes-militares-implicados-en-ataque-de-ostula\/","url_meta":{"origin":5594,"position":0},"title":"INAI ordena a Sedena entregar versi\u00f3n publica de partes militares implicados en ataque de Ostula","author":"Admin","date":"13 marzo, 2016","format":false,"excerpt":"Este domingo, el Instituto Nacional de Transparencia, Acceso a la Informaci\u00f3n y Protecci\u00f3n de Datos Personales (INAI) ha dado a conocer que instruy\u00f3 a la Secretar\u00eda de la Defensa Nacional (Sedena) entregar versi\u00f3n p\u00fablica de los partes militares sobre los hechos acontecidos en Ostula, Michoac\u00e1n, el 19 de julio de\u2026","rel":"","context":"En &quot;CINTILLO&quot;","block_context":{"text":"CINTILLO","link":"https:\/\/www.grieta.org.mx\/index.php\/category\/cintillo\/"},"img":{"alt_text":"","src":"https:\/\/i0.wp.com\/www.grieta.org.mx\/wp-content\/uploads\/2018\/03\/14524434_1106112876131411_958039263622046936_o.jpg?resize=350%2C200&ssl=1","width":350,"height":200,"srcset":"https:\/\/i0.wp.com\/www.grieta.org.mx\/wp-content\/uploads\/2018\/03\/14524434_1106112876131411_958039263622046936_o.jpg?resize=350%2C200&ssl=1 1x, https:\/\/i0.wp.com\/www.grieta.org.mx\/wp-content\/uploads\/2018\/03\/14524434_1106112876131411_958039263622046936_o.jpg?resize=525%2C300&ssl=1 1.5x, https:\/\/i0.wp.com\/www.grieta.org.mx\/wp-content\/uploads\/2018\/03\/14524434_1106112876131411_958039263622046936_o.jpg?resize=700%2C400&ssl=1 2x"},"classes":[]},{"id":32074,"url":"https:\/\/www.grieta.org.mx\/index.php\/2019\/04\/11\/sedena-insiste-en-negar-datos-sobre-uso-de-la-fuerza-en-enfrentamientos-pese-a-orden-del-inai\/","url_meta":{"origin":5594,"position":1},"title":"Sedena insiste en negar datos sobre uso de la fuerza en enfrentamientos, pese a orden del INAI","author":"grieta","date":"11 abril, 2019","format":false,"excerpt":"Por: Arturo Angel \/ Animal Pol\u00edtico La Secretar\u00eda de la Defensa Nacional (Sedena) rechaz\u00f3 nuevamente dar a conocer los informes sobre uso de la fuerza en los enfrentamientos que ha sostenido en contra de presuntos delincuentes del 2006 a la fecha, pese a que el Instituto Nacional de Acceso a\u2026","rel":"","context":"En &quot;CINTILLO&quot;","block_context":{"text":"CINTILLO","link":"https:\/\/www.grieta.org.mx\/index.php\/category\/cintillo\/"},"img":{"alt_text":"","src":"https:\/\/i0.wp.com\/www.grieta.org.mx\/wp-content\/uploads\/2019\/04\/direct-13.jpg?resize=350%2C200&ssl=1","width":350,"height":200,"srcset":"https:\/\/i0.wp.com\/www.grieta.org.mx\/wp-content\/uploads\/2019\/04\/direct-13.jpg?resize=350%2C200&ssl=1 1x, https:\/\/i0.wp.com\/www.grieta.org.mx\/wp-content\/uploads\/2019\/04\/direct-13.jpg?resize=525%2C300&ssl=1 1.5x, https:\/\/i0.wp.com\/www.grieta.org.mx\/wp-content\/uploads\/2019\/04\/direct-13.jpg?resize=700%2C400&ssl=1 2x"},"classes":[]},{"id":12760,"url":"https:\/\/www.grieta.org.mx\/index.php\/2016\/05\/22\/femicidios-se-dispararon-durante-los-anos-de-mayor-violencia\/","url_meta":{"origin":5594,"position":2},"title":"Femicidios se dispararon durante los a\u00f1os de mayor violencia","author":"grieta","date":"22 mayo, 2016","format":false,"excerpt":"Torre\u00f3n estuvo en los primeros lugares Del a\u00f1o 2010 al 2013 Torre\u00f3n se ubic\u00f3 entre las 10 ciudades a nivel nacional con mayores \u00edndices de homicidios de mujeres, seg\u00fan el estudio la violencia feminicida en M\u00e9xico, aproximaciones y tendencias 1985-2014, que fue presentado este a\u00f1o por el INMujeres, la Secretar\u00eda\u2026","rel":"","context":"En &quot;CINTILLO&quot;","block_context":{"text":"CINTILLO","link":"https:\/\/www.grieta.org.mx\/index.php\/category\/cintillo\/"},"img":{"alt_text":"","src":"https:\/\/i0.wp.com\/www.grieta.org.mx\/wp-content\/uploads\/2018\/03\/14524434_1106112876131411_958039263622046936_o.jpg?resize=350%2C200&ssl=1","width":350,"height":200,"srcset":"https:\/\/i0.wp.com\/www.grieta.org.mx\/wp-content\/uploads\/2018\/03\/14524434_1106112876131411_958039263622046936_o.jpg?resize=350%2C200&ssl=1 1x, https:\/\/i0.wp.com\/www.grieta.org.mx\/wp-content\/uploads\/2018\/03\/14524434_1106112876131411_958039263622046936_o.jpg?resize=525%2C300&ssl=1 1.5x, https:\/\/i0.wp.com\/www.grieta.org.mx\/wp-content\/uploads\/2018\/03\/14524434_1106112876131411_958039263622046936_o.jpg?resize=700%2C400&ssl=1 2x"},"classes":[]},{"id":3113,"url":"https:\/\/www.grieta.org.mx\/index.php\/2015\/09\/30\/el-amparo-de-grupo-higa-para-evitar-transparentar-credito-es-procedente-dice-inai\/","url_meta":{"origin":5594,"position":3},"title":"El amparo de Grupo Higa para evitar transparentar cr\u00e9dito es procedente, dice Inai","author":"grieta","date":"30 septiembre, 2015","format":false,"excerpt":"Daniela Barrag\u00e1n El Comisionado del Inai Joel Salas asegur\u00f3 que el amparo que concedi\u00f3 una juez para evitar que Banobras publicara informaci\u00f3n sobre obra de Higa es procedente y el proceso puede durar meses. Ciudad de M\u00e9xico, 30 de septiembre (SinEmbargo).\u2013 El amparo promovido por Autopistas de Vanguardia, filial de\u2026","rel":"","context":"En &quot;CINTILLO&quot;","block_context":{"text":"CINTILLO","link":"https:\/\/www.grieta.org.mx\/index.php\/category\/cintillo\/"},"img":{"alt_text":"","src":"https:\/\/i0.wp.com\/www.grieta.org.mx\/wp-content\/uploads\/2018\/03\/14524434_1106112876131411_958039263622046936_o.jpg?resize=350%2C200&ssl=1","width":350,"height":200,"srcset":"https:\/\/i0.wp.com\/www.grieta.org.mx\/wp-content\/uploads\/2018\/03\/14524434_1106112876131411_958039263622046936_o.jpg?resize=350%2C200&ssl=1 1x, https:\/\/i0.wp.com\/www.grieta.org.mx\/wp-content\/uploads\/2018\/03\/14524434_1106112876131411_958039263622046936_o.jpg?resize=525%2C300&ssl=1 1.5x, https:\/\/i0.wp.com\/www.grieta.org.mx\/wp-content\/uploads\/2018\/03\/14524434_1106112876131411_958039263622046936_o.jpg?resize=700%2C400&ssl=1 2x"},"classes":[]},{"id":63729,"url":"https:\/\/www.grieta.org.mx\/index.php\/2022\/03\/19\/asesinaron-a-481-mujeres-en-colima-en-nueve-anos\/","url_meta":{"origin":5594,"position":4},"title":"Asesinaron a 481 mujeres en Colima en nueve a\u00f1os","author":"grieta","date":"19 marzo, 2022","format":false,"excerpt":"Foto: Diario Avanzada Redacci\u00f3n \/ Diario Avanzada Colima, M\u00e9xico, Avanzada (19\/03\/2022).- En nueve a\u00f1os fueron asesinadas 481 mujeres en el estado de Colima, de acuerdo con datos del Instituto Nacional de Estad\u00edstica y Geograf\u00eda (Inegi) y del Secretariado Ejecutivo del Sistema Nacional de Seguridad P\u00fablica. El a\u00f1o m\u00e1s letal fue\u2026","rel":"","context":"En &quot;CINTILLO&quot;","block_context":{"text":"CINTILLO","link":"https:\/\/www.grieta.org.mx\/index.php\/category\/cintillo\/"},"img":{"alt_text":"","src":"https:\/\/i0.wp.com\/www.grieta.org.mx\/wp-content\/uploads\/2022\/03\/image-135.png?resize=350%2C200&ssl=1","width":350,"height":200,"srcset":"https:\/\/i0.wp.com\/www.grieta.org.mx\/wp-content\/uploads\/2022\/03\/image-135.png?resize=350%2C200&ssl=1 1x, https:\/\/i0.wp.com\/www.grieta.org.mx\/wp-content\/uploads\/2022\/03\/image-135.png?resize=525%2C300&ssl=1 1.5x"},"classes":[]},{"id":11216,"url":"https:\/\/www.grieta.org.mx\/index.php\/2016\/04\/25\/crece-202-en-7-anos-indice-de-asesinadas\/","url_meta":{"origin":5594,"position":5},"title":"Crece 202% en 7 a\u00f1os \u00edndice de asesinadas","author":"grieta","date":"25 abril, 2016","format":false,"excerpt":"La entidad es la quinta que m\u00e1s incremento tuvo en homicidios de mujeres, en el pa\u00eds En siete a\u00f1os los asesinatos de mujeres aumentaron 202 por ciento en Hidalgo, seg\u00fan los datos del informe La Violencia Feminicida en M\u00e9xico. Aproximaciones y Tendencias 1985-2014. El reporte presentado por la Secretar\u00eda de\u2026","rel":"","context":"En &quot;CINTILLO&quot;","block_context":{"text":"CINTILLO","link":"https:\/\/www.grieta.org.mx\/index.php\/category\/cintillo\/"},"img":{"alt_text":"","src":"https:\/\/i0.wp.com\/www.grieta.org.mx\/wp-content\/uploads\/2018\/03\/14524434_1106112876131411_958039263622046936_o.jpg?resize=350%2C200&ssl=1","width":350,"height":200,"srcset":"https:\/\/i0.wp.com\/www.grieta.org.mx\/wp-content\/uploads\/2018\/03\/14524434_1106112876131411_958039263622046936_o.jpg?resize=350%2C200&ssl=1 1x, https:\/\/i0.wp.com\/www.grieta.org.mx\/wp-content\/uploads\/2018\/03\/14524434_1106112876131411_958039263622046936_o.jpg?resize=525%2C300&ssl=1 1.5x, https:\/\/i0.wp.com\/www.grieta.org.mx\/wp-content\/uploads\/2018\/03\/14524434_1106112876131411_958039263622046936_o.jpg?resize=700%2C400&ssl=1 2x"},"classes":[]}],"_links":{"self":[{"href":"https:\/\/www.grieta.org.mx\/index.php\/wp-json\/wp\/v2\/posts\/5594","targetHints":{"allow":["GET"]}}],"collection":[{"href":"https:\/\/www.grieta.org.mx\/index.php\/wp-json\/wp\/v2\/posts"}],"about":[{"href":"https:\/\/www.grieta.org.mx\/index.php\/wp-json\/wp\/v2\/types\/post"}],"author":[{"embeddable":true,"href":"https:\/\/www.grieta.org.mx\/index.php\/wp-json\/wp\/v2\/users\/2"}],"replies":[{"embeddable":true,"href":"https:\/\/www.grieta.org.mx\/index.php\/wp-json\/wp\/v2\/comments?post=5594"}],"version-history":[{"count":1,"href":"https:\/\/www.grieta.org.mx\/index.php\/wp-json\/wp\/v2\/posts\/5594\/revisions"}],"predecessor-version":[{"id":5603,"href":"https:\/\/www.grieta.org.mx\/index.php\/wp-json\/wp\/v2\/posts\/5594\/revisions\/5603"}],"wp:featuredmedia":[{"embeddable":true,"href":"https:\/\/www.grieta.org.mx\/index.php\/wp-json\/wp\/v2\/media\/21928"}],"wp:attachment":[{"href":"https:\/\/www.grieta.org.mx\/index.php\/wp-json\/wp\/v2\/media?parent=5594"}],"wp:term":[{"taxonomy":"category","embeddable":true,"href":"https:\/\/www.grieta.org.mx\/index.php\/wp-json\/wp\/v2\/categories?post=5594"},{"taxonomy":"post_tag","embeddable":true,"href":"https:\/\/www.grieta.org.mx\/index.php\/wp-json\/wp\/v2\/tags?post=5594"}],"curies":[{"name":"wp","href":"https:\/\/api.w.org\/{rel}","templated":true}]}}