{"id":55906,"date":"2020-12-17T13:21:00","date_gmt":"2020-12-17T19:21:00","guid":{"rendered":"http:\/\/www.grieta.org.mx\/?p=55906"},"modified":"2020-12-21T13:21:32","modified_gmt":"2020-12-21T19:21:32","slug":"por-que-no-nos-recibe-el-gobernador-a-que-le-teme-red-desaparecidos-en-colima","status":"publish","type":"post","link":"https:\/\/www.grieta.org.mx\/index.php\/2020\/12\/17\/por-que-no-nos-recibe-el-gobernador-a-que-le-teme-red-desaparecidos-en-colima\/","title":{"rendered":"\u201c\u00bfPor qu\u00e9 no nos recibe el gobernador; a qu\u00e9 le teme?\u201d: Red Desaparecidos en Colima"},"content":{"rendered":"<p><img loading=\"lazy\" decoding=\"async\" data-attachment-id=\"55907\" data-permalink=\"https:\/\/www.grieta.org.mx\/index.php\/2020\/12\/17\/por-que-no-nos-recibe-el-gobernador-a-que-le-teme-red-desaparecidos-en-colima\/image-85\/\" data-orig-file=\"https:\/\/www.grieta.org.mx\/wp-content\/uploads\/2020\/12\/image-85.png\" data-orig-size=\"680,377\" data-comments-opened=\"0\" data-image-meta=\"{&quot;aperture&quot;:&quot;0&quot;,&quot;credit&quot;:&quot;&quot;,&quot;camera&quot;:&quot;&quot;,&quot;caption&quot;:&quot;&quot;,&quot;created_timestamp&quot;:&quot;0&quot;,&quot;copyright&quot;:&quot;&quot;,&quot;focal_length&quot;:&quot;0&quot;,&quot;iso&quot;:&quot;0&quot;,&quot;shutter_speed&quot;:&quot;0&quot;,&quot;title&quot;:&quot;&quot;,&quot;orientation&quot;:&quot;0&quot;}\" data-image-title=\"image-85\" data-image-description=\"\" data-image-caption=\"\" data-medium-file=\"https:\/\/www.grieta.org.mx\/wp-content\/uploads\/2020\/12\/image-85-300x166.png\" data-large-file=\"https:\/\/www.grieta.org.mx\/wp-content\/uploads\/2020\/12\/image-85.png\" class=\" wp-image-55907 aligncenter\" src=\"http:\/\/www.grieta.org.mx\/wp-content\/uploads\/2020\/12\/image-85.png\" alt=\"\" width=\"800\" height=\"444\" srcset=\"https:\/\/www.grieta.org.mx\/wp-content\/uploads\/2020\/12\/image-85.png 680w, https:\/\/www.grieta.org.mx\/wp-content\/uploads\/2020\/12\/image-85-300x166.png 300w\" sizes=\"auto, (max-width: 800px) 100vw, 800px\" \/><\/p>\n<p>Foto: Diario Avanzada<\/p>\n<p>Redacci\u00f3n \/ Diario Avanzada<\/p>\n<p>Colima, M\u00e9xico, Avanzada (17\/12\/2020).- \u201c\u00bfPor qu\u00e9 el gobernador de Colima no puede hacer una reuni\u00f3n con nosotros? \u00bfPor qu\u00e9 no nos la da (la audiencia)? \u00bfA qu\u00e9 le teme? \u00bfQu\u00e9 es lo que pasa con \u00e9l? Queremos que nos acepte una reuni\u00f3n. Ya va de salida. \u00bfQu\u00e9 le pasa? Un d\u00eda, un ratito, los diez minutos que suele dar a las personas que \u00e9l nada m\u00e1s ve de lejecitos\u201d, pregunt\u00f3 la presidenta de la Red Desaparecidos en Colima A.C., Mar\u00eda del Carmen Sep\u00falveda G\u00f3mez.<\/p>\n<p>En rueda de prensa ofrecida este jueves en la Rotonda de Colimenses Ilustres, donde desde junio pasado colocaron lonas con las fotograf\u00edas de sus familiares desaparecidos, Sep\u00falveda dijo que en Jalisco el gobernador de all\u00e1 hace una reuni\u00f3n por lo menos cada seis meses con todos los colectivos de familiares de desaparecidos del estado, que son m\u00e1s de 30.<\/p>\n<p>Dijo que los se\u00f1alamientos hacia el gobernador de Colima no son una acusaci\u00f3n, sino \u201cun pedimento que le estamos haciendo, creo yo que estamos en nuestro derecho de que nos escuche y vea las necesidades que tenemos, nada m\u00e1s eso le pedimos\u201d.<\/p>\n<p>La dirigente de la Red se\u00f1al\u00f3 que la \u00fanica vez que vieron al gobernador Peralta fue cuando entreg\u00f3 el nombramiento a la comisionada de B\u00fasqueda de Personas, pero \u201cjam\u00e1s se volvi\u00f3 a acercar a nosotros\u201d, a pesar de que desde hace mucho tiempo le han estado solicitando audiencia.<\/p>\n<p>Cuestionada sobre los planteamientos principales que har\u00edan al gobernador si \u00e9ste les concede una audiencia, Carmen Sep\u00falveda dijo que en primer lugar ser\u00eda la demanda de destituci\u00f3n de la comisionada de b\u00fasqueda, y otros planteamientos tienen que ver con casos particulares de familiares de desaparecidos, as\u00ed como exponerle las necesidades de la Red para el cumplimiento de sus tareas de b\u00fasqueda.<\/p>\n<p>\u201cLo principal que deseamos es que el gobernador nos escuche, que sepa que estamos trabajando y que no estamos en contra de nadie, simplemente estamos buscando a nuestros desaparecidos, a nuestros hijos, no decimos es que fulanito tiene la culpa, queremos a nuestros desaparecidos, nada m\u00e1s, los culpables Dios dir\u00e1, y si hay una ley\u2026 si nuestros hijos, el m\u00edo o de las compa\u00f1eras, hicieron algo, que lo paguen donde lo tengan que pagar, nada m\u00e1s\u201d.<\/p>\n<p>Sep\u00falveda Guzm\u00e1n dijo que ya se present\u00f3 la queja en la Comisi\u00f3n de Derechos Humanos del Estado de Colima (CDHEC) para pedir la destituci\u00f3n de P\u00e9rez Valdivia, llevaron oficios a cada uno de los diputados locales, se les mand\u00f3 al subsecretario de Gobernaci\u00f3n Alejandro Encinas, a la titular de la Comisi\u00f3n Nacional de B\u00fasqueda (CNB), Karla Quintana, as\u00ed como al secretario general de Gobierno, Rub\u00e9n P\u00e9rez Anguiano, y al gobernador, Jos\u00e9 Ignacio Peralta S\u00e1nchez.<\/p>\n<p><a href=\"https:\/\/www.diarioavanzada.com.mx\/?p=18264\">https:\/\/www.diarioavanzada.com.mx\/?p=18264<\/a><\/p>\n<p>&nbsp;<\/p>\n","protected":false},"excerpt":{"rendered":"<p>Foto: Diario Avanzada Redacci\u00f3n \/ Diario Avanzada Colima, M\u00e9xico, Avanzada (17\/12\/2020).- \u201c\u00bfPor qu\u00e9 el gobernador de Colima no puede hacer una reuni\u00f3n con nosotros? \u00bfPor qu\u00e9 no nos la da &hellip; <a href=\"https:\/\/www.grieta.org.mx\/index.php\/2020\/12\/17\/por-que-no-nos-recibe-el-gobernador-a-que-le-teme-red-desaparecidos-en-colima\/\" class=\"more-link\">Leer m\u00e1s<\/a><\/p>\n","protected":false},"author":2,"featured_media":55907,"comment_status":"closed","ping_status":"closed","sticky":false,"template":"","format":"standard","meta":{"ngg_post_thumbnail":0,"_jetpack_newsletter_access":"","_jetpack_dont_email_post_to_subs":false,"_jetpack_newsletter_tier_id":0,"_jetpack_memberships_contains_paywalled_content":false,"_jetpack_memberships_contains_paid_content":false,"footnotes":""},"categories":[80,13,87,1829,2,83],"tags":[1828,3018,2207],"class_list":["post-55906","post","type-post","status-publish","format-standard","has-post-thumbnail","hentry","category-cintillo","category-colima","category-desaparecidos","category-desaparecidos-en-colima","category-noticias-nacionales","category-temas-nacionales","tag-busqueda-de-desaparecidos","tag-colectivos-de-busqueda-de-desaparecidos","tag-desaparecidos-en-colima","entry"],"jetpack_featured_media_url":"https:\/\/www.grieta.org.mx\/wp-content\/uploads\/2020\/12\/image-85.png","jetpack_sharing_enabled":true,"jetpack_shortlink":"https:\/\/wp.me\/p7ZJR4-exI","jetpack_likes_enabled":false,"jetpack-related-posts":[{"id":56179,"url":"https:\/\/www.grieta.org.mx\/index.php\/2021\/01\/08\/los-rostros-de-los-desaparecidos-luchan-contra-la-indiferencia-gubernamental-colima\/","url_meta":{"origin":55906,"position":0},"title":"Los rostros de los desaparecidos luchan contra la indiferencia gubernamental (Colima)","author":"grieta","date":"8 enero, 2021","format":false,"excerpt":"Foto: Diario Avanzada Heidi de Le\u00f3n Guti\u00e9rrez \/ Diario Avanzada Colima, M\u00e9xico, Avanzada (08\/01\/2020).- A los desaparecidos les arrebataron su voz para exigir justicia, pero sus rostros, sus nombres, sus datos, se niegan a sucumbir, y aparecen de pronto, en lonas, fotograf\u00edas en las redes sociales o en forma de\u2026","rel":"","context":"En &quot;CINTILLO&quot;","block_context":{"text":"CINTILLO","link":"https:\/\/www.grieta.org.mx\/index.php\/category\/cintillo\/"},"img":{"alt_text":"","src":"https:\/\/i0.wp.com\/www.grieta.org.mx\/wp-content\/uploads\/2021\/01\/image-44.png?resize=350%2C200","width":350,"height":200,"srcset":"https:\/\/i0.wp.com\/www.grieta.org.mx\/wp-content\/uploads\/2021\/01\/image-44.png?resize=350%2C200 1x, https:\/\/i0.wp.com\/www.grieta.org.mx\/wp-content\/uploads\/2021\/01\/image-44.png?resize=525%2C300 1.5x, https:\/\/i0.wp.com\/www.grieta.org.mx\/wp-content\/uploads\/2021\/01\/image-44.png?resize=700%2C400 2x"},"classes":[]},{"id":57273,"url":"https:\/\/www.grieta.org.mx\/index.php\/2021\/02\/25\/y-nosotros-cuando-tendremos-respuesta-dos-anos-han-esperado-una-cita-con-el-gobernador-los-familiares-de-desaparecidos-colima\/","url_meta":{"origin":55906,"position":1},"title":"\u00bfY nosotros cu\u00e1ndo tendremos respuesta? Dos a\u00f1os han esperado una cita con el gobernador los familiares de desaparecidos (Colima)","author":"grieta","date":"25 febrero, 2021","format":false,"excerpt":"Imagen: Diario Avanzada Heidi de Le\u00f3n Guti\u00e9rrez \/ Diario Avanzada Colima, M\u00e9xico, Avanzada (25\/02\/2021).- Los integrantes de la Red de Personas Desaparecidas en Colima le recodaron al gobernador Ignacio Peralta S\u00e1nchez que desde hace dos a\u00f1os solicitaron una audiencia con \u00e9l y hasta la fecha no han tenido ninguna respuesta.\u2026","rel":"","context":"En &quot;CINTILLO&quot;","block_context":{"text":"CINTILLO","link":"https:\/\/www.grieta.org.mx\/index.php\/category\/cintillo\/"},"img":{"alt_text":"","src":"https:\/\/i0.wp.com\/www.grieta.org.mx\/wp-content\/uploads\/2021\/03\/y-nosotros-cua%CC%81ndo.png?resize=350%2C200&ssl=1","width":350,"height":200},"classes":[]},{"id":64330,"url":"https:\/\/www.grieta.org.mx\/index.php\/2022\/05\/31\/colectivo-exige-cambio-completo-de-quienes-nos-protegen-por-ser-parte-del-crimen-organizado-colima\/","url_meta":{"origin":55906,"position":2},"title":"Colectivo exige cambio completo de qui\u00e9nes nos protegen, por ser \u201cparte del Crimen organizado\u201d (Colima)","author":"grieta","date":"31 mayo, 2022","format":false,"excerpt":"Foto: Diario Avanzada Redacci\u00f3n \/ Diario Avanzada Colima, M\u00e9xico, Avanzada (31\/05\/2022).- La Red de Desaparecidos en Colima A.C. fij\u00f3 un posicionamiento en el que expresaron su indignaci\u00f3n luego de que el vocero Adri\u00e1n Joya revictimizara y violara los derechos humanos de los familiares de personas desaparecidas. En una rueda de\u2026","rel":"","context":"En &quot;CINTILLO&quot;","block_context":{"text":"CINTILLO","link":"https:\/\/www.grieta.org.mx\/index.php\/category\/cintillo\/"},"img":{"alt_text":"","src":"https:\/\/i0.wp.com\/www.grieta.org.mx\/wp-content\/uploads\/2022\/06\/image-211.png?resize=350%2C200&ssl=1","width":350,"height":200,"srcset":"https:\/\/i0.wp.com\/www.grieta.org.mx\/wp-content\/uploads\/2022\/06\/image-211.png?resize=350%2C200&ssl=1 1x, https:\/\/i0.wp.com\/www.grieta.org.mx\/wp-content\/uploads\/2022\/06\/image-211.png?resize=525%2C300&ssl=1 1.5x"},"classes":[]},{"id":66990,"url":"https:\/\/www.grieta.org.mx\/index.php\/2023\/05\/23\/colima-esta-hundido-en-corrupcion-es-una-porqueria-dice-eva-fundadora-de-la-red-desaparecidos-en-colima\/","url_meta":{"origin":55906,"position":3},"title":"\u201cColima est\u00e1 hundido en corrupci\u00f3n, es una porquer\u00eda\u201d, dice Eva, fundadora de la \u201cRed Desaparecidos En Colima&#8221;","author":"grieta","date":"23 mayo, 2023","format":false,"excerpt":"Imagen; Diario Avanzada Heidi de Le\u00f3n Guti\u00e9rrez \/ Diario Avanzada Colima, M\u00e9xico, Avanzada (23\/05\/2023).-\u00bfQu\u00e9 le dir\u00edas al gobierno de Colima?, se le pregunt\u00f3 a Eva, fundadora de la Red de los Desaparecidos En Colima y quien tuvo que abandonar el estado por diversas circunstancias, \u201cque dejen de hacerse tontos. Colima\u2026","rel":"","context":"En &quot;CINTILLO&quot;","block_context":{"text":"CINTILLO","link":"https:\/\/www.grieta.org.mx\/index.php\/category\/cintillo\/"},"img":{"alt_text":"","src":"https:\/\/i0.wp.com\/www.grieta.org.mx\/wp-content\/uploads\/2023\/06\/image-276.webp?resize=350%2C200&ssl=1","width":350,"height":200,"srcset":"https:\/\/i0.wp.com\/www.grieta.org.mx\/wp-content\/uploads\/2023\/06\/image-276.webp?resize=350%2C200&ssl=1 1x, https:\/\/i0.wp.com\/www.grieta.org.mx\/wp-content\/uploads\/2023\/06\/image-276.webp?resize=525%2C300&ssl=1 1.5x"},"classes":[]},{"id":59389,"url":"https:\/\/www.grieta.org.mx\/index.php\/2021\/05\/10\/maldito-gobernador-te-vas-y-nos-dejas-1600-desaparecidos-colima\/","url_meta":{"origin":55906,"position":4},"title":"\u201cMaldito gobernador\u201d, \u201cte vas y nos dejas 1600 desaparecidos\u201d  (Colima)","author":"grieta","date":"10 mayo, 2021","format":false,"excerpt":"Foto: Tlanesi.com.mx Heidi de Le\u00f3n Guti\u00e9rrez \/ Diario Avanzada Colima, M\u00e9xico, Avanzada (10\/05\/2021).- \u201cMaldito gobernador\u201d, \u201cte vas y nos dejas 1600 desaparecidos\u201d, \u201c\u00bfen alg\u00fan momento antes de su partida tendr\u00e1 la decencia de recibirnos?\u201d, fueron algunas de las consignas que los familiares de personas desaparecidos exclamaron afuera de Casa de\u2026","rel":"","context":"En &quot;CINTILLO&quot;","block_context":{"text":"CINTILLO","link":"https:\/\/www.grieta.org.mx\/index.php\/category\/cintillo\/"},"img":{"alt_text":"","src":"https:\/\/i0.wp.com\/www.grieta.org.mx\/wp-content\/uploads\/2021\/05\/image-11.png?resize=350%2C200&ssl=1","width":350,"height":200,"srcset":"https:\/\/i0.wp.com\/www.grieta.org.mx\/wp-content\/uploads\/2021\/05\/image-11.png?resize=350%2C200&ssl=1 1x, https:\/\/i0.wp.com\/www.grieta.org.mx\/wp-content\/uploads\/2021\/05\/image-11.png?resize=525%2C300&ssl=1 1.5x"},"classes":[]},{"id":60398,"url":"https:\/\/www.grieta.org.mx\/index.php\/2021\/07\/06\/familias-de-colima-recorren-jalisco-buscando-a-sus-desaparecidos\/","url_meta":{"origin":55906,"position":5},"title":"Familias de Colima recorren Jalisco buscando a sus desaparecidos","author":"grieta","date":"6 julio, 2021","format":false,"excerpt":"Foto:\u00a0 Diario Avanzada Heidi de Le\u00f3n Guti\u00e9rrez \/ Diario Avanzada Colima, M\u00e9xico, Avanzada (06\/07\/2021).- Integrantes de la Red de Personas Desaparecidas en Colima se encuentran en Jalisco para buscar a sus familiares \u00a0en hospitales, albergues,\u00a0 centros penitenciarios \u00a0y en distintos puntos de esa entidad como parte de la Jornada Nacional\u2026","rel":"","context":"En &quot;CINTILLO&quot;","block_context":{"text":"CINTILLO","link":"https:\/\/www.grieta.org.mx\/index.php\/category\/cintillo\/"},"img":{"alt_text":"","src":"https:\/\/i0.wp.com\/www.grieta.org.mx\/wp-content\/uploads\/2021\/07\/Des.png?resize=350%2C200&ssl=1","width":350,"height":200},"classes":[]}],"_links":{"self":[{"href":"https:\/\/www.grieta.org.mx\/index.php\/wp-json\/wp\/v2\/posts\/55906","targetHints":{"allow":["GET"]}}],"collection":[{"href":"https:\/\/www.grieta.org.mx\/index.php\/wp-json\/wp\/v2\/posts"}],"about":[{"href":"https:\/\/www.grieta.org.mx\/index.php\/wp-json\/wp\/v2\/types\/post"}],"author":[{"embeddable":true,"href":"https:\/\/www.grieta.org.mx\/index.php\/wp-json\/wp\/v2\/users\/2"}],"replies":[{"embeddable":true,"href":"https:\/\/www.grieta.org.mx\/index.php\/wp-json\/wp\/v2\/comments?post=55906"}],"version-history":[{"count":1,"href":"https:\/\/www.grieta.org.mx\/index.php\/wp-json\/wp\/v2\/posts\/55906\/revisions"}],"predecessor-version":[{"id":55908,"href":"https:\/\/www.grieta.org.mx\/index.php\/wp-json\/wp\/v2\/posts\/55906\/revisions\/55908"}],"wp:featuredmedia":[{"embeddable":true,"href":"https:\/\/www.grieta.org.mx\/index.php\/wp-json\/wp\/v2\/media\/55907"}],"wp:attachment":[{"href":"https:\/\/www.grieta.org.mx\/index.php\/wp-json\/wp\/v2\/media?parent=55906"}],"wp:term":[{"taxonomy":"category","embeddable":true,"href":"https:\/\/www.grieta.org.mx\/index.php\/wp-json\/wp\/v2\/categories?post=55906"},{"taxonomy":"post_tag","embeddable":true,"href":"https:\/\/www.grieta.org.mx\/index.php\/wp-json\/wp\/v2\/tags?post=55906"}],"curies":[{"name":"wp","href":"https:\/\/api.w.org\/{rel}","templated":true}]}}