{"id":55901,"date":"2020-12-17T12:35:56","date_gmt":"2020-12-17T18:35:56","guid":{"rendered":"http:\/\/www.grieta.org.mx\/?p=55901"},"modified":"2020-12-21T13:03:13","modified_gmt":"2020-12-21T19:03:13","slug":"en-2017-15-ninos-de-preescolar-en-chapala-sufren-abusos-sexuales-funcionarios-de-la-sep-no-supervisaron-condiciones-jalisco","status":"publish","type":"post","link":"https:\/\/www.grieta.org.mx\/index.php\/2020\/12\/17\/en-2017-15-ninos-de-preescolar-en-chapala-sufren-abusos-sexuales-funcionarios-de-la-sep-no-supervisaron-condiciones-jalisco\/","title":{"rendered":"En 2017 15 ni\u00f1os de preescolar en Chapala sufren abusos sexuales, funcionarios de la SEP no supervisaron condiciones (Jalisco)"},"content":{"rendered":"<p><img loading=\"lazy\" decoding=\"async\" data-attachment-id=\"55902\" data-permalink=\"https:\/\/www.grieta.org.mx\/index.php\/2020\/12\/17\/en-2017-15-ninos-de-preescolar-en-chapala-sufren-abusos-sexuales-funcionarios-de-la-sep-no-supervisaron-condiciones-jalisco\/rs1176690_2084550-dig-2013-09-09-0008-scr_1_crop1608186635590-jpg_19706387751\/\" data-orig-file=\"https:\/\/www.grieta.org.mx\/wp-content\/uploads\/2020\/12\/rs1176690_2084550-dig-2013-09-09-0008-scr_1_crop1608186635590.jpg_19706387751.jpg\" data-orig-size=\"753,464\" data-comments-opened=\"0\" data-image-meta=\"{&quot;aperture&quot;:&quot;0&quot;,&quot;credit&quot;:&quot;&quot;,&quot;camera&quot;:&quot;&quot;,&quot;caption&quot;:&quot;&quot;,&quot;created_timestamp&quot;:&quot;1608554559&quot;,&quot;copyright&quot;:&quot;&quot;,&quot;focal_length&quot;:&quot;0&quot;,&quot;iso&quot;:&quot;0&quot;,&quot;shutter_speed&quot;:&quot;0&quot;,&quot;title&quot;:&quot;&quot;,&quot;orientation&quot;:&quot;1&quot;}\" data-image-title=\"rs1176690_2084550-dig-2013-09-09-0008-scr_1_crop1608186635590.jpg_1970638775(1)\" data-image-description=\"\" data-image-caption=\"\" data-medium-file=\"https:\/\/www.grieta.org.mx\/wp-content\/uploads\/2020\/12\/rs1176690_2084550-dig-2013-09-09-0008-scr_1_crop1608186635590.jpg_19706387751-300x185.jpg\" data-large-file=\"https:\/\/www.grieta.org.mx\/wp-content\/uploads\/2020\/12\/rs1176690_2084550-dig-2013-09-09-0008-scr_1_crop1608186635590.jpg_19706387751.jpg\" class=\" wp-image-55902 aligncenter\" src=\"http:\/\/www.grieta.org.mx\/wp-content\/uploads\/2020\/12\/rs1176690_2084550-dig-2013-09-09-0008-scr_1_crop1608186635590.jpg_19706387751.jpg\" alt=\"\" width=\"801\" height=\"494\" srcset=\"https:\/\/www.grieta.org.mx\/wp-content\/uploads\/2020\/12\/rs1176690_2084550-dig-2013-09-09-0008-scr_1_crop1608186635590.jpg_19706387751.jpg 753w, https:\/\/www.grieta.org.mx\/wp-content\/uploads\/2020\/12\/rs1176690_2084550-dig-2013-09-09-0008-scr_1_crop1608186635590.jpg_19706387751-300x185.jpg 300w\" sizes=\"auto, (max-width: 801px) 100vw, 801px\" \/><\/p>\n<p>Foto: El Informador- archivo<\/p>\n<p>AP \/ El Informador<\/p>\n<p>La Comisi\u00f3n Nacional de los Derechos Humanos dio a conocer el mi\u00e9rcoles un informe en el que\u00a0<strong>considera acreditado que 15 menores sufrieron abusos sexuales en 2017 en un centro de preescolar de\u00a0Chapala, y cree que otros 43 ni\u00f1os podr\u00edan haber padecido violencia similar.<\/strong><\/p>\n<p>La dependencia, que vigila la actuaci\u00f3n de funcionarios y emite &#8220;recomendaciones&#8221; que no son vinculantes pero si de marcado car\u00e1cter simb\u00f3lico, agreg\u00f3 que\u00a0<strong>tales delitos no fueron investigados correctamente en su momento, por lo que pide a las autoridades retomar las pesquisas y reparar de forma integral a las v\u00edctimas<\/strong>.<\/p>\n<p>Los abusos fueron denunciados en abril de 2017 por padres de los menores y han sido probados en el caso de 10 ni\u00f1as y 5 ni\u00f1os. Sin embargo, seg\u00fan las indagaciones de la CNDH, al menos otros 43 menores \u2014cuyas identidades no fueron establecidas\u2014 tambi\u00e9n podr\u00edan haber sido afectados, &#8220;lo que implica que\u00a0<strong>el n\u00famero total de v\u00edctimas ser\u00edan al menos 58&#8243;,<\/strong>\u00a0alerta el informe.<\/p>\n<p>La comisi\u00f3n explic\u00f3 que tres funcionarios de la Secretar\u00eda de Educaci\u00f3n P\u00fablica de Jalisco no supervisaron las condiciones en que se impart\u00edan clases extracurriculares en ese centro, &#8220;lo que deriv\u00f3 en actos de violencia sexual&#8221;.<\/p>\n<p>El informe relata que algunos menores sufrieron lesiones, otros fueron sujetos a tocamientos, o se les oblig\u00f3 a realizar actividades sexuales o a ser &#8220;espectadores&#8221; de todos los abusos.<\/p>\n<p><strong>La fiscal\u00eda del estado &#8220;incurri\u00f3 en omisiones e irregularidades durante la integraci\u00f3n de dos carpetas de investigaci\u00f3n iniciadas por estos hechos&#8221;, y los peritos &#8220;cometieron diferentes anomal\u00edas en la emisi\u00f3n de dict\u00e1menes periciales relativos a las valoraciones m\u00e9dicas y psicol\u00f3gicas&#8221; practicadas a los ni\u00f1os,<\/strong>\u00a0concluye la Comisi\u00f3n.<\/p>\n<p>Ante estos hechos,\u00a0<strong>la\u00a0CNDH\u00a0pidi\u00f3 a las autoridades de Jalisco el pago de una indemnizaci\u00f3n justa y otorgarles a las v\u00edctimas atenci\u00f3n psicol\u00f3gica y m\u00e9dica, as\u00ed como investigar a los presuntos responsables directos e indirectos<\/strong>\u00a0de los abusos y que se emita una disculpa p\u00fablica por las violaciones graves cometidas.<\/p>\n<p>Aconsej\u00f3 tambi\u00e9n tomar una serie de medidas para prevenir nuevos casos de abusos sexuales a menores, atender de forma especializada a los afectados por este tipo de violencia, revisar la situaci\u00f3n de otras escuelas y analizar la pertinencia de colocar c\u00e1maras en los centros para monitorear sus actividades.<\/p>\n<p><a href=\"https:\/\/www.informador.mx\/jalisco\/La-CNDH-acredita-abusos-a-15-ninos-de-preescolar-en-Chapala-20201217-0001.html\">https:\/\/www.informador.mx\/jalisco\/La-CNDH-acredita-abusos-a-15-ninos-de-preescolar-en-Chapala-20201217-0001.html<\/a><\/p>\n","protected":false},"excerpt":{"rendered":"<p>Foto: El Informador- archivo AP \/ El Informador La Comisi\u00f3n Nacional de los Derechos Humanos dio a conocer el mi\u00e9rcoles un informe en el que\u00a0considera acreditado que 15 menores sufrieron &hellip; <a href=\"https:\/\/www.grieta.org.mx\/index.php\/2020\/12\/17\/en-2017-15-ninos-de-preescolar-en-chapala-sufren-abusos-sexuales-funcionarios-de-la-sep-no-supervisaron-condiciones-jalisco\/\" class=\"more-link\">Leer m\u00e1s<\/a><\/p>\n","protected":false},"author":2,"featured_media":55902,"comment_status":"closed","ping_status":"closed","sticky":false,"template":"","format":"standard","meta":{"ngg_post_thumbnail":0,"_jetpack_newsletter_access":"","_jetpack_dont_email_post_to_subs":false,"_jetpack_newsletter_tier_id":0,"_jetpack_memberships_contains_paywalled_content":false,"_jetpack_memberships_contains_paid_content":false,"footnotes":""},"categories":[80,20,1827,2303,2,83],"tags":[678,2362,3065],"class_list":["post-55901","post","type-post","status-publish","format-standard","has-post-thumbnail","hentry","category-cintillo","category-jalisco","category-la-ninez-en-la-tormenta-capitalista","category-la-ninez-en-la-tormenta-en-jalisco","category-noticias-nacionales","category-temas-nacionales","tag-abuso-infantil","tag-la-ninez-en-la-tormenta","tag-violencia-contra-la-ninez","entry"],"jetpack_featured_media_url":"https:\/\/www.grieta.org.mx\/wp-content\/uploads\/2020\/12\/rs1176690_2084550-dig-2013-09-09-0008-scr_1_crop1608186635590.jpg_19706387751.jpg","jetpack_sharing_enabled":true,"jetpack_shortlink":"https:\/\/wp.me\/p7ZJR4-exD","jetpack_likes_enabled":false,"jetpack-related-posts":[{"id":71549,"url":"https:\/\/www.grieta.org.mx\/index.php\/2025\/04\/06\/nombrar-los-abusos-sexuales-y-la-orfandad-en-comunidades-indigenas-es-tambien-defensa-del-territorio-senala-activista-ayuuk-oaxaca\/","url_meta":{"origin":55901,"position":0},"title":"Nombrar los abusos sexuales y la orfandad en comunidades ind\u00edgenas es tambi\u00e9n defensa del territorio se\u00f1ala Activista Ayuuk (Oaxaca)","author":"grieta","date":"6 abril, 2025","format":false,"excerpt":"Imagen: Istmo Press Diana Mnaz \/ Istmo Press Oaxaca, Oax.- Para el activista Ayuuk, Filadelfo Desiderio Aldaz, nombrar y visibilizar los abusos sexuales y la orfandad en comunidades ind\u00edgenas es tambi\u00e9n defensa del territorio. Originario de la comunidad Ayuuk de Estancia de Morelos e del municipio de Santiago Atitl\u00e1n, Oaxaca\u2026","rel":"","context":"En &quot;CINTILLO&quot;","block_context":{"text":"CINTILLO","link":"https:\/\/www.grieta.org.mx\/index.php\/category\/cintillo\/"},"img":{"alt_text":"","src":"https:\/\/i0.wp.com\/www.grieta.org.mx\/wp-content\/uploads\/2025\/04\/254e8cb3-6bfe-40a9-9cee-3e0c3774db2e-800x445-1.jpeg?resize=350%2C200&ssl=1","width":350,"height":200,"srcset":"https:\/\/i0.wp.com\/www.grieta.org.mx\/wp-content\/uploads\/2025\/04\/254e8cb3-6bfe-40a9-9cee-3e0c3774db2e-800x445-1.jpeg?resize=350%2C200&ssl=1 1x, https:\/\/i0.wp.com\/www.grieta.org.mx\/wp-content\/uploads\/2025\/04\/254e8cb3-6bfe-40a9-9cee-3e0c3774db2e-800x445-1.jpeg?resize=525%2C300&ssl=1 1.5x, https:\/\/i0.wp.com\/www.grieta.org.mx\/wp-content\/uploads\/2025\/04\/254e8cb3-6bfe-40a9-9cee-3e0c3774db2e-800x445-1.jpeg?resize=700%2C400&ssl=1 2x"},"classes":[]},{"id":46161,"url":"https:\/\/www.grieta.org.mx\/index.php\/2020\/03\/12\/protestan-alumnas-de-udeg-contra-acoso-jalisco\/","url_meta":{"origin":55901,"position":1},"title":"Protestan alumnas de UdeG contra acoso (Jalisco)","author":"grieta","date":"12 marzo, 2020","format":false,"excerpt":"Foto: Zona Docs Redacci\u00f3n \/ El Diario NTR Alumnas de 12 preparatorias de la Universidad de Guadalajara se manifestaron este jueves frente al edificio de Rector\u00eda para exigir un cese a la violencia de g\u00e9nero. La manifestaci\u00f3n parti\u00f3 de la Prepa 1 hacia el edificio administrativo. Las estudiantes portaron cartelones\u2026","rel":"","context":"En &quot;CINTILLO&quot;","block_context":{"text":"CINTILLO","link":"https:\/\/www.grieta.org.mx\/index.php\/category\/cintillo\/"},"img":{"alt_text":"","src":"https:\/\/i0.wp.com\/www.grieta.org.mx\/wp-content\/uploads\/2020\/03\/2020-03-12_06-03-44___9505.jpg?resize=350%2C200&ssl=1","width":350,"height":200},"classes":[]},{"id":32792,"url":"https:\/\/www.grieta.org.mx\/index.php\/2019\/04\/26\/reportan-mas-de-4-mil-menores-asesinados-en-tres-anos-en-mexico\/","url_meta":{"origin":55901,"position":2},"title":"Reportan m\u00e1s de 4 mil menores asesinados en tres a\u00f1os en M\u00e9xico","author":"grieta","date":"26 abril, 2019","format":false,"excerpt":"Lizett Ximena Mej\u00eda\/Excelsior CIUDAD DE M\u00c9XICO. Desde el 2015 hasta el d\u00eda de hoy han sido asesinados 4 mil 299 ni\u00f1os, ni\u00f1as y adolescentes en M\u00e9xico. De acuerdo con la Red por los Derechos de la Infancia en M\u00e9xico (REDIM), los homicidios aumentaron 42% en estos \u00faltimos tres a\u00f1os debido\u2026","rel":"","context":"En &quot;CINTILLO&quot;","block_context":{"text":"CINTILLO","link":"https:\/\/www.grieta.org.mx\/index.php\/category\/cintillo\/"},"img":{"alt_text":"","src":"https:\/\/i0.wp.com\/www.grieta.org.mx\/wp-content\/uploads\/2019\/05\/2137754.jpg?resize=350%2C200&ssl=1","width":350,"height":200},"classes":[]},{"id":65588,"url":"https:\/\/www.grieta.org.mx\/index.php\/2022\/10\/22\/jalisco-segundo-lugar-en-feminicidios-infantiles\/","url_meta":{"origin":55901,"position":3},"title":"Jalisco, segundo lugar en feminicidios infantiles","author":"grieta","date":"22 octubre, 2022","format":false,"excerpt":"Imagen: Cuartoscuro Redacci\u00f3n \/ El Diario TNR Jalisco se ubica en el segundo sitio a nivel nacional con m\u00e1s feminicidios infantiles y adolescentes, el cuarto lugar con m\u00e1s hospitalizaciones de menores de edad por violencia sexual, y quinto lugar en homicidios de menores de 0 a 17 a\u00f1os, precis\u00f3 Tania\u2026","rel":"","context":"En &quot;CINTILLO&quot;","block_context":{"text":"CINTILLO","link":"https:\/\/www.grieta.org.mx\/index.php\/category\/cintillo\/"},"img":{"alt_text":"","src":"https:\/\/i0.wp.com\/www.grieta.org.mx\/wp-content\/uploads\/2022\/10\/2022-10-22_03-10-55___5899.jpg?resize=350%2C200&ssl=1","width":350,"height":200,"srcset":"https:\/\/i0.wp.com\/www.grieta.org.mx\/wp-content\/uploads\/2022\/10\/2022-10-22_03-10-55___5899.jpg?resize=350%2C200&ssl=1 1x, https:\/\/i0.wp.com\/www.grieta.org.mx\/wp-content\/uploads\/2022\/10\/2022-10-22_03-10-55___5899.jpg?resize=525%2C300&ssl=1 1.5x, https:\/\/i0.wp.com\/www.grieta.org.mx\/wp-content\/uploads\/2022\/10\/2022-10-22_03-10-55___5899.jpg?resize=700%2C400&ssl=1 2x"},"classes":[]},{"id":66574,"url":"https:\/\/www.grieta.org.mx\/index.php\/2023\/03\/14\/protestan-ante-udeg-y-estado-para-pedir-justicia-para-daniela-jalisco\/","url_meta":{"origin":55901,"position":4},"title":"Protestan ante UdeG y estado para pedir justicia para Daniela (Jalisco)","author":"grieta","date":"14 marzo, 2023","format":false,"excerpt":"Imagen: Especial Edgar Flores \/ El Diario NTR En 2015, Daniela B\u00e1ez fue abusada sexualmente por un profesor de la Preparatoria de Chapala de la Universidad de Guadalajara (UdeG) y a la fecha la justicia no llega para ella, por lo que ayer decidi\u00f3 manifestarse en compa\u00f1\u00eda de familiares y\u2026","rel":"","context":"En &quot;CINTILLO&quot;","block_context":{"text":"CINTILLO","link":"https:\/\/www.grieta.org.mx\/index.php\/category\/cintillo\/"},"img":{"alt_text":"","src":"https:\/\/i0.wp.com\/www.grieta.org.mx\/wp-content\/uploads\/2023\/03\/2023-03-14_03-03-33___2532.jpg?resize=350%2C200&ssl=1","width":350,"height":200,"srcset":"https:\/\/i0.wp.com\/www.grieta.org.mx\/wp-content\/uploads\/2023\/03\/2023-03-14_03-03-33___2532.jpg?resize=350%2C200&ssl=1 1x, https:\/\/i0.wp.com\/www.grieta.org.mx\/wp-content\/uploads\/2023\/03\/2023-03-14_03-03-33___2532.jpg?resize=525%2C300&ssl=1 1.5x, https:\/\/i0.wp.com\/www.grieta.org.mx\/wp-content\/uploads\/2023\/03\/2023-03-14_03-03-33___2532.jpg?resize=700%2C400&ssl=1 2x"},"classes":[]},{"id":38240,"url":"https:\/\/www.grieta.org.mx\/index.php\/2019\/08\/17\/se-solidarizan-por-violencia-contra-las-mujeres-jalisco\/","url_meta":{"origin":55901,"position":5},"title":"Se solidarizan por violencia contra las mujeres (Jalisco)","author":"grieta","date":"17 agosto, 2019","format":false,"excerpt":"Foto: F Atilano. \/ El Informador Exigen justicia por caso de menor violada por polic\u00edas en la Ciudad de M\u00e9xico Redacci\u00f3n \/ El Informador Cerca de 200 manifestantes protestaron en la Plaza de Armas, en solidaridad y exigiendo justicia por el caso de una joven de 17 a\u00f1os quien presuntamente\u2026","rel":"","context":"En &quot;CINTILLO&quot;","block_context":{"text":"CINTILLO","link":"https:\/\/www.grieta.org.mx\/index.php\/category\/cintillo\/"},"img":{"alt_text":"","src":"https:\/\/i0.wp.com\/www.grieta.org.mx\/wp-content\/uploads\/2019\/08\/imagen_feminismox_feministasx31311658x_crop1566026510984.jpg_1970638775.jpg?resize=350%2C200&ssl=1","width":350,"height":200,"srcset":"https:\/\/i0.wp.com\/www.grieta.org.mx\/wp-content\/uploads\/2019\/08\/imagen_feminismox_feministasx31311658x_crop1566026510984.jpg_1970638775.jpg?resize=350%2C200&ssl=1 1x, https:\/\/i0.wp.com\/www.grieta.org.mx\/wp-content\/uploads\/2019\/08\/imagen_feminismox_feministasx31311658x_crop1566026510984.jpg_1970638775.jpg?resize=525%2C300&ssl=1 1.5x, https:\/\/i0.wp.com\/www.grieta.org.mx\/wp-content\/uploads\/2019\/08\/imagen_feminismox_feministasx31311658x_crop1566026510984.jpg_1970638775.jpg?resize=700%2C400&ssl=1 2x"},"classes":[]}],"_links":{"self":[{"href":"https:\/\/www.grieta.org.mx\/index.php\/wp-json\/wp\/v2\/posts\/55901","targetHints":{"allow":["GET"]}}],"collection":[{"href":"https:\/\/www.grieta.org.mx\/index.php\/wp-json\/wp\/v2\/posts"}],"about":[{"href":"https:\/\/www.grieta.org.mx\/index.php\/wp-json\/wp\/v2\/types\/post"}],"author":[{"embeddable":true,"href":"https:\/\/www.grieta.org.mx\/index.php\/wp-json\/wp\/v2\/users\/2"}],"replies":[{"embeddable":true,"href":"https:\/\/www.grieta.org.mx\/index.php\/wp-json\/wp\/v2\/comments?post=55901"}],"version-history":[{"count":1,"href":"https:\/\/www.grieta.org.mx\/index.php\/wp-json\/wp\/v2\/posts\/55901\/revisions"}],"predecessor-version":[{"id":55905,"href":"https:\/\/www.grieta.org.mx\/index.php\/wp-json\/wp\/v2\/posts\/55901\/revisions\/55905"}],"wp:featuredmedia":[{"embeddable":true,"href":"https:\/\/www.grieta.org.mx\/index.php\/wp-json\/wp\/v2\/media\/55902"}],"wp:attachment":[{"href":"https:\/\/www.grieta.org.mx\/index.php\/wp-json\/wp\/v2\/media?parent=55901"}],"wp:term":[{"taxonomy":"category","embeddable":true,"href":"https:\/\/www.grieta.org.mx\/index.php\/wp-json\/wp\/v2\/categories?post=55901"},{"taxonomy":"post_tag","embeddable":true,"href":"https:\/\/www.grieta.org.mx\/index.php\/wp-json\/wp\/v2\/tags?post=55901"}],"curies":[{"name":"wp","href":"https:\/\/api.w.org\/{rel}","templated":true}]}}