{"id":55889,"date":"2020-12-06T11:30:26","date_gmt":"2020-12-06T17:30:26","guid":{"rendered":"http:\/\/www.grieta.org.mx\/?p=55889"},"modified":"2020-12-21T11:36:23","modified_gmt":"2020-12-21T17:36:23","slug":"con-fotografias-de-decenas-desaparecidos-adornan-arbol-de-navidad-en-el-zocalo-puebla","status":"publish","type":"post","link":"https:\/\/www.grieta.org.mx\/index.php\/2020\/12\/06\/con-fotografias-de-decenas-desaparecidos-adornan-arbol-de-navidad-en-el-zocalo-puebla\/","title":{"rendered":"Con fotograf\u00edas de decenas desaparecidos \u201cadornan\u201d \u00e1rbol de navidad en el z\u00f3calo Puebla"},"content":{"rendered":"<p><a href=\"http:\/\/www.grieta.org.mx\/wp-content\/uploads\/2020\/12\/201206AFdesaparecido02.jpg\"><img loading=\"lazy\" decoding=\"async\" data-attachment-id=\"55890\" data-permalink=\"https:\/\/www.grieta.org.mx\/index.php\/2020\/12\/06\/con-fotografias-de-decenas-desaparecidos-adornan-arbol-de-navidad-en-el-zocalo-puebla\/201206afdesaparecido02\/\" data-orig-file=\"https:\/\/www.grieta.org.mx\/wp-content\/uploads\/2020\/12\/201206AFdesaparecido02.jpg\" data-orig-size=\"1159,773\" data-comments-opened=\"0\" data-image-meta=\"{&quot;aperture&quot;:&quot;0&quot;,&quot;credit&quot;:&quot;&quot;,&quot;camera&quot;:&quot;&quot;,&quot;caption&quot;:&quot;&quot;,&quot;created_timestamp&quot;:&quot;0&quot;,&quot;copyright&quot;:&quot;&quot;,&quot;focal_length&quot;:&quot;0&quot;,&quot;iso&quot;:&quot;0&quot;,&quot;shutter_speed&quot;:&quot;0&quot;,&quot;title&quot;:&quot;&quot;,&quot;orientation&quot;:&quot;0&quot;}\" data-image-title=\"201206AFdesaparecido02\" data-image-description=\"\" data-image-caption=\"\" data-medium-file=\"https:\/\/www.grieta.org.mx\/wp-content\/uploads\/2020\/12\/201206AFdesaparecido02-300x200.jpg\" data-large-file=\"https:\/\/www.grieta.org.mx\/wp-content\/uploads\/2020\/12\/201206AFdesaparecido02-1024x683.jpg\" class=\"aligncenter wp-image-55890\" src=\"http:\/\/www.grieta.org.mx\/wp-content\/uploads\/2020\/12\/201206AFdesaparecido02.jpg\" alt=\"\" width=\"800\" height=\"534\" srcset=\"https:\/\/www.grieta.org.mx\/wp-content\/uploads\/2020\/12\/201206AFdesaparecido02.jpg 1159w, https:\/\/www.grieta.org.mx\/wp-content\/uploads\/2020\/12\/201206AFdesaparecido02-300x200.jpg 300w, https:\/\/www.grieta.org.mx\/wp-content\/uploads\/2020\/12\/201206AFdesaparecido02-1024x683.jpg 1024w, https:\/\/www.grieta.org.mx\/wp-content\/uploads\/2020\/12\/201206AFdesaparecido02-768x512.jpg 768w, https:\/\/www.grieta.org.mx\/wp-content\/uploads\/2020\/12\/201206AFdesaparecido02-750x500.jpg 750w\" sizes=\"auto, (max-width: 800px) 100vw, 800px\" \/><\/a><\/p>\n<p>Aurelio Fern\u00e1ndez \/ La Jornada de Oriente<\/p>\n<p>Familiares de personas desaparecidas en Puebla colocaron fotograf\u00edas de las v\u00edctimas en un \u00e1rbol del z\u00f3calo de la capital para conmemorar la navidad y recordar a las autoridades poblanas que ellos no podr\u00e1n regresar a sus casas a abrazar a sus hijos, hermanos, padres o esposos, durante esta \u00e9poca.<\/p>\n<p>\u201cEsto representa este \u00e1rbol, la esperanza de buscarlos porque los vamos a encontrar (\u2026) tambi\u00e9n deber\u00eda representar una afrenta para el Estado, porque sigue estando en deuda con las familias de los desaparecidos; nuestro \u00e1rbol se quedar\u00e1 hasta el tres de enero, esperamos que en alg\u00fan momento que pasen \u2013las autoridades\u2013, lo vean, y les de verg\u00fcenza y se agachen o por lo menos les llegue un poquito al ego y se pongan a trabar\u201d, expresaron este domingo.<\/p>\n<p>Mar\u00eda Luisa Rojas Baroja, vocera del colectivo \u201cVoz de los Desaparecidos\u201d, acus\u00f3 que Puebla vive una epidemia igual de grave que la del coronavirus, la cual se trata de la desaparici\u00f3n de personas y la impunidad que hay en los casos.<\/p>\n<p>En su intervenci\u00f3n, la activista acus\u00f3 a la administraci\u00f3n estatal y a la Fiscal\u00eda General del Estado (FGE) de tener una deuda con los cientos de familias de personas que no han podido ser localizadas, al no dar con el paradero de las v\u00edctimas.<\/p>\n<p>Con un tono firme pero que a la vez denotaba melancol\u00eda, Rojas indic\u00f3 que, a diferencia de los funcionarios de alto rango en Puebla, las familias de desaparecidos no podr\u00e1n llegar a su casa en navidad y darle un abrazo a sus seres queridos, pues ya no est\u00e1n y no han sido encontrados.<\/p>\n<p>En ese sentido, hizo un llamado a los integrantes de la FGE as\u00ed como del gobierno estatal para que cumplan con su labor y puedan regresar a sus casas con la satisfacci\u00f3n de haber dado con el paradero de alguna v\u00edctima.<\/p>\n<p>\u201cNosotros querremos dar un abrazo y nuestros brazos estar\u00e1n vac\u00edos. No es suficiente lo que hacen, exigimos resultados, queremos recordarles que las investigaciones no son eternas\u201d, coment\u00f3.<\/p>\n<p>Acus\u00f3 que muchas denuncias no se hacen formales debido a que las familias tienen miedo o no tienen recursos econ\u00f3micos suficientes para trasladarse a las agencias del Ministerio P\u00fablico y para \u201crepartir oficios\u201d que, dijo, es labor de las autoridades pero se les delega a los familiares.<\/p>\n<p>La vocera del colectivo record\u00f3 que el Congreso local mantiene archivado un proyecto de Ley de Desapariciones en Puebla, el cual fue elaborado con la ayuda del Instituto Ellacur\u00eda de la Universidad Iberoamericana (Ibero), \u201cpero ni as\u00ed logran abordar el tema\u201d \u2013acot\u00f3\u2013.<\/p>\n<p>Record\u00f3 que en el transcurso de 2020 fueron encontradas dos fosas clandestinas en el municipio de Quecholac, el cual forma parte del \u201ctri\u00e1ngulo rojo\u201d que es una zona de alta incidencia delictiva en el estado, ubicada en la zona centro-oriente, pero refiri\u00f3 que es necesario contar con equipo cient\u00edfico para hacer pruebas periciales y determinar las identidades de los restos humanos encontrados.<\/p>\n<p>La activista tambi\u00e9n hizo un llamado a quienes pudieron participar en la desaparici\u00f3n de alguna persona para que d\u00e9 informaci\u00f3n al respecto, pues indic\u00f3 que las familias no buscan culpables sino tener a sus seres queridos si est\u00e1n con vida o saber si es que fueron asesinados.<\/p>\n<p>\u201cNosotros al final del d\u00eda no buscamos culpables, pretender justicia es un sue\u00f1o, m\u00e1s grande y m\u00e1s fuerte que el sue\u00f1o americano, pretender alcanzar la justicia en Puebla, hablamos de una utop\u00eda, hablar de impunidad es de lo que m\u00e1s est\u00e1 plagado Puebla. Qu\u00e9 queremos, encontrarlos, solo encontrarlos\u201d, expres\u00f3.<br \/>\n<a href=\"https:\/\/www.lajornadadeoriente.com.mx\/puebla\/desaparecidos-adornan-arbol-de-navidad\/\">https:\/\/www.lajornadadeoriente.com.mx\/puebla\/desaparecidos-adornan-arbol-de-navidad\/<\/a><\/p>\n","protected":false},"excerpt":{"rendered":"<p>Aurelio Fern\u00e1ndez \/ La Jornada de Oriente Familiares de personas desaparecidas en Puebla colocaron fotograf\u00edas de las v\u00edctimas en un \u00e1rbol del z\u00f3calo de la capital para conmemorar la navidad &hellip; <a href=\"https:\/\/www.grieta.org.mx\/index.php\/2020\/12\/06\/con-fotografias-de-decenas-desaparecidos-adornan-arbol-de-navidad-en-el-zocalo-puebla\/\" class=\"more-link\">Leer m\u00e1s<\/a><\/p>\n","protected":false},"author":1,"featured_media":55890,"comment_status":"closed","ping_status":"closed","sticky":false,"template":"","format":"standard","meta":{"ngg_post_thumbnail":0,"_jetpack_newsletter_access":"","_jetpack_dont_email_post_to_subs":false,"_jetpack_newsletter_tier_id":0,"_jetpack_memberships_contains_paywalled_content":false,"_jetpack_memberships_contains_paid_content":false,"footnotes":""},"categories":[80,87,1045,2,26,83],"tags":[121,856,2485],"class_list":["post-55889","post","type-post","status-publish","format-standard","has-post-thumbnail","hentry","category-cintillo","category-desaparecidos","category-desaparecidos-en-puebla","category-noticias-nacionales","category-puebla","category-temas-nacionales","tag-desaparecidos","tag-fosas-clandestinas","tag-rastreadoras","entry"],"jetpack_featured_media_url":"https:\/\/www.grieta.org.mx\/wp-content\/uploads\/2020\/12\/201206AFdesaparecido02.jpg","jetpack_sharing_enabled":true,"jetpack_shortlink":"https:\/\/wp.me\/p7ZJR4-exr","jetpack_likes_enabled":false,"jetpack-related-posts":[{"id":65987,"url":"https:\/\/www.grieta.org.mx\/index.php\/2022\/12\/24\/nayarit-familiares-montan-el-desgarrador-arbol-de-navidad-para-recordar-a-los-desaparecidos-en-la-entidad\/","url_meta":{"origin":55889,"position":0},"title":"Nayarit: familiares montan el desgarrador \u00e1rbol de Navidad para recordar a los desaparecidos en la entidad","author":"grieta","date":"24 diciembre, 2022","format":false,"excerpt":"Imagen: Especial Karina Cancino \/ El Heraldo de M\u00e9xico El Colectivo Familias Unidas por Nayarit (COFAUNAY) coloc\u00f3 un \u00e1rbol de Navidad frente a la catedral de la Asunci\u00f3n de Tepic, para conmemorar y exigir el regreso de personas desaparecidas, en la v\u00edspera de la Nochebuena. El \"\u00c1rbol de la Esperanza\"\u00a0muestra\u2026","rel":"","context":"En &quot;CINTILLO&quot;","block_context":{"text":"CINTILLO","link":"https:\/\/www.grieta.org.mx\/index.php\/category\/cintillo\/"},"img":{"alt_text":"","src":"https:\/\/i0.wp.com\/www.grieta.org.mx\/wp-content\/uploads\/2022\/12\/f768x1-642795_642922_5050.jpeg?resize=350%2C200&ssl=1","width":350,"height":200,"srcset":"https:\/\/i0.wp.com\/www.grieta.org.mx\/wp-content\/uploads\/2022\/12\/f768x1-642795_642922_5050.jpeg?resize=350%2C200&ssl=1 1x, https:\/\/i0.wp.com\/www.grieta.org.mx\/wp-content\/uploads\/2022\/12\/f768x1-642795_642922_5050.jpeg?resize=525%2C300&ssl=1 1.5x, https:\/\/i0.wp.com\/www.grieta.org.mx\/wp-content\/uploads\/2022\/12\/f768x1-642795_642922_5050.jpeg?resize=700%2C400&ssl=1 2x"},"classes":[]},{"id":62946,"url":"https:\/\/www.grieta.org.mx\/index.php\/2021\/12\/24\/denuncian-en-redes-a-funcionarios-del-gobierno-estatal-intentando-retirar-del-arbol-navideno-las-fotografias-de-las-personas-desaparecida-jalisco\/","url_meta":{"origin":55889,"position":1},"title":"Denuncian en redes a funcionarios del gobierno estatal intentando retirar del \u00e1rbol navide\u00f1o las fotograf\u00edas de las personas desaparecida (Jalisco)","author":"grieta","date":"24 diciembre, 2021","format":false,"excerpt":"Foto: Especial Redacci\u00f3n \/ El Diario NTR Despu\u00e9s de que en redes sociales se difundieron diversos videos donde funcionarios del gobierno de Jalisco intentan retirar del \u00e1rbol navide\u00f1o las fotograf\u00edas de las personas desaparecidas, instalado en Plaza Liberaci\u00f3n, el gobierno de Jalisco neg\u00f3 haber dado alguna indicaci\u00f3n al respecto. Aunque\u2026","rel":"","context":"En &quot;CINTILLO&quot;","block_context":{"text":"CINTILLO","link":"https:\/\/www.grieta.org.mx\/index.php\/category\/cintillo\/"},"img":{"alt_text":"","src":"https:\/\/i0.wp.com\/www.grieta.org.mx\/wp-content\/uploads\/2021\/12\/2021-12-24_11-12-23___1547.png?resize=350%2C200&ssl=1","width":350,"height":200,"srcset":"https:\/\/i0.wp.com\/www.grieta.org.mx\/wp-content\/uploads\/2021\/12\/2021-12-24_11-12-23___1547.png?resize=350%2C200&ssl=1 1x, https:\/\/i0.wp.com\/www.grieta.org.mx\/wp-content\/uploads\/2021\/12\/2021-12-24_11-12-23___1547.png?resize=525%2C300&ssl=1 1.5x, https:\/\/i0.wp.com\/www.grieta.org.mx\/wp-content\/uploads\/2021\/12\/2021-12-24_11-12-23___1547.png?resize=700%2C400&ssl=1 2x"},"classes":[]},{"id":45506,"url":"https:\/\/www.grieta.org.mx\/index.php\/2020\/03\/03\/colectivo-de-puebla-si-encontro-a-desaparecidos-tras-intervenir-fosas-clandestinas-en-veracruz\/","url_meta":{"origin":55889,"position":2},"title":"Colectivo de Puebla s\u00ed encontr\u00f3 a desaparecidos tras intervenir fosas clandestinas en Veracruz","author":"Admin","date":"3 marzo, 2020","format":false,"excerpt":"Magarely Hern\u00e1ndez \/ P\u00e1gina Negra Tras intervenir fosas clandestinas en el estado de Veracruz, el colectivo \u201cVoz de los Desaparecidos\u201d de Puebla encontr\u00f3 restos de personas que podr\u00edan ser algunos poblanos buscados desde hace varios meses e incluso a\u00f1os. As\u00ed lo confirm\u00f3 a P\u00c1GINA NEGRA Mar\u00eda Luisa N\u00fa\u00f1ez, vocera del\u2026","rel":"","context":"En &quot;CINTILLO&quot;","block_context":{"text":"CINTILLO","link":"https:\/\/www.grieta.org.mx\/index.php\/category\/cintillo\/"},"img":{"alt_text":"","src":"https:\/\/i0.wp.com\/www.grieta.org.mx\/wp-content\/uploads\/2020\/03\/Captura-de-pantalla-2020-03-04-a-las-12.03.59-p.m..png?resize=350%2C200&ssl=1","width":350,"height":200,"srcset":"https:\/\/i0.wp.com\/www.grieta.org.mx\/wp-content\/uploads\/2020\/03\/Captura-de-pantalla-2020-03-04-a-las-12.03.59-p.m..png?resize=350%2C200&ssl=1 1x, https:\/\/i0.wp.com\/www.grieta.org.mx\/wp-content\/uploads\/2020\/03\/Captura-de-pantalla-2020-03-04-a-las-12.03.59-p.m..png?resize=525%2C300&ssl=1 1.5x"},"classes":[]},{"id":53520,"url":"https:\/\/www.grieta.org.mx\/index.php\/2020\/09\/08\/con-planton-familiares-de-tres-desaparecidos-exigen-a-la-fiscalia-de-puebla-retomar-investigacion\/","url_meta":{"origin":55889,"position":3},"title":"Con plant\u00f3n, familiares de tres desaparecidos exigen a la Fiscal\u00eda de Puebla retomar investigaci\u00f3n","author":"Admin","date":"8 septiembre, 2020","format":false,"excerpt":"Gabriela Hern\u00e1ndez \/ Proceso PUEBLA, Pue. (apro).- Familiares de tres j\u00f3venes del municipio de Xicotepec de Ju\u00e1rez, quienes hoy cumplen cuatro a\u00f1os de haber desaparecido, montaron un plant\u00f3n afuera de la Fiscal\u00eda General del estado (FGE) para exigir que se investigue el caso. Acompa\u00f1ados de amigos y activistas, los parientes\u2026","rel":"","context":"En &quot;CINTILLO&quot;","block_context":{"text":"CINTILLO","link":"https:\/\/www.grieta.org.mx\/index.php\/category\/cintillo\/"},"img":{"alt_text":"","src":"https:\/\/i0.wp.com\/www.grieta.org.mx\/wp-content\/uploads\/2020\/09\/Captura-de-Pantalla-2020-09-18-a-las-17.49.41.png?resize=350%2C200&ssl=1","width":350,"height":200,"srcset":"https:\/\/i0.wp.com\/www.grieta.org.mx\/wp-content\/uploads\/2020\/09\/Captura-de-Pantalla-2020-09-18-a-las-17.49.41.png?resize=350%2C200&ssl=1 1x, https:\/\/i0.wp.com\/www.grieta.org.mx\/wp-content\/uploads\/2020\/09\/Captura-de-Pantalla-2020-09-18-a-las-17.49.41.png?resize=525%2C300&ssl=1 1.5x, https:\/\/i0.wp.com\/www.grieta.org.mx\/wp-content\/uploads\/2020\/09\/Captura-de-Pantalla-2020-09-18-a-las-17.49.41.png?resize=700%2C400&ssl=1 2x"},"classes":[]},{"id":62940,"url":"https:\/\/www.grieta.org.mx\/index.php\/2021\/12\/22\/huellas-de-amor-cuelga-50-fotos-de-desaparecidos-en-arbol-navideno-en-jalisco\/","url_meta":{"origin":55889,"position":4},"title":"Huellas de amor cuelga 50 fotos de desaparecidos en \u00e1rbol navide\u00f1o en Jalisco","author":"grieta","date":"22 diciembre, 2021","format":false,"excerpt":"Foto: Rosario \u00c1lvarez Rosario \u00c1lvarez \/ Telediario En Jalisco 15 mil 148 familias tienen alg\u00fan familiar desaparecido, de acuerdo al \u00faltimo corte del Registro Nacional de Personas Desaparecidas y No Localizadas. Tras este dato, el colectivo Huellas de Amor,\u00a0colg\u00f3 m\u00e1s de 50 fichas de b\u00fasqueda de hombres y mujeres alrededor\u2026","rel":"","context":"En &quot;CINTILLO&quot;","block_context":{"text":"CINTILLO","link":"https:\/\/www.grieta.org.mx\/index.php\/category\/cintillo\/"},"img":{"alt_text":"","src":"https:\/\/i0.wp.com\/www.grieta.org.mx\/wp-content\/uploads\/2021\/12\/arbol-navidad-instalado-plaza-liberacion.jpg?resize=350%2C200&ssl=1","width":350,"height":200,"srcset":"https:\/\/i0.wp.com\/www.grieta.org.mx\/wp-content\/uploads\/2021\/12\/arbol-navidad-instalado-plaza-liberacion.jpg?resize=350%2C200&ssl=1 1x, https:\/\/i0.wp.com\/www.grieta.org.mx\/wp-content\/uploads\/2021\/12\/arbol-navidad-instalado-plaza-liberacion.jpg?resize=525%2C300&ssl=1 1.5x, https:\/\/i0.wp.com\/www.grieta.org.mx\/wp-content\/uploads\/2021\/12\/arbol-navidad-instalado-plaza-liberacion.jpg?resize=700%2C400&ssl=1 2x"},"classes":[]},{"id":53070,"url":"https:\/\/www.grieta.org.mx\/index.php\/2020\/08\/30\/aun-en-el-confinamiento-siguen-desapariciones-en-puebla\/","url_meta":{"origin":55889,"position":5},"title":"A\u00fan en el confinamiento, siguen desapariciones en Puebla","author":"Admin","date":"30 agosto, 2020","format":false,"excerpt":"Gabriela Hern\u00e1ndez \/ Proceso PUEBLA, Pue. (proceso.com.mx).- En el D\u00eda Internacional del Desaparecido, el Colectivo Voz de los Desaparecidos de Puebla advirti\u00f3 que a\u00fan en el confinamiento se siguen presentando casos de personas no localizadas en esta entidad. Mar\u00eda Luisa N\u00fa\u00f1ez Barojas, representante del colectivo, dijo que de enero a\u2026","rel":"","context":"En &quot;CINTILLO&quot;","block_context":{"text":"CINTILLO","link":"https:\/\/www.grieta.org.mx\/index.php\/category\/cintillo\/"},"img":{"alt_text":"","src":"https:\/\/i0.wp.com\/www.grieta.org.mx\/wp-content\/uploads\/2020\/09\/desaparecidos-puebla-870x522-1.jpg?resize=350%2C200&ssl=1","width":350,"height":200,"srcset":"https:\/\/i0.wp.com\/www.grieta.org.mx\/wp-content\/uploads\/2020\/09\/desaparecidos-puebla-870x522-1.jpg?resize=350%2C200&ssl=1 1x, https:\/\/i0.wp.com\/www.grieta.org.mx\/wp-content\/uploads\/2020\/09\/desaparecidos-puebla-870x522-1.jpg?resize=525%2C300&ssl=1 1.5x, https:\/\/i0.wp.com\/www.grieta.org.mx\/wp-content\/uploads\/2020\/09\/desaparecidos-puebla-870x522-1.jpg?resize=700%2C400&ssl=1 2x"},"classes":[]}],"_links":{"self":[{"href":"https:\/\/www.grieta.org.mx\/index.php\/wp-json\/wp\/v2\/posts\/55889","targetHints":{"allow":["GET"]}}],"collection":[{"href":"https:\/\/www.grieta.org.mx\/index.php\/wp-json\/wp\/v2\/posts"}],"about":[{"href":"https:\/\/www.grieta.org.mx\/index.php\/wp-json\/wp\/v2\/types\/post"}],"author":[{"embeddable":true,"href":"https:\/\/www.grieta.org.mx\/index.php\/wp-json\/wp\/v2\/users\/1"}],"replies":[{"embeddable":true,"href":"https:\/\/www.grieta.org.mx\/index.php\/wp-json\/wp\/v2\/comments?post=55889"}],"version-history":[{"count":1,"href":"https:\/\/www.grieta.org.mx\/index.php\/wp-json\/wp\/v2\/posts\/55889\/revisions"}],"predecessor-version":[{"id":55891,"href":"https:\/\/www.grieta.org.mx\/index.php\/wp-json\/wp\/v2\/posts\/55889\/revisions\/55891"}],"wp:featuredmedia":[{"embeddable":true,"href":"https:\/\/www.grieta.org.mx\/index.php\/wp-json\/wp\/v2\/media\/55890"}],"wp:attachment":[{"href":"https:\/\/www.grieta.org.mx\/index.php\/wp-json\/wp\/v2\/media?parent=55889"}],"wp:term":[{"taxonomy":"category","embeddable":true,"href":"https:\/\/www.grieta.org.mx\/index.php\/wp-json\/wp\/v2\/categories?post=55889"},{"taxonomy":"post_tag","embeddable":true,"href":"https:\/\/www.grieta.org.mx\/index.php\/wp-json\/wp\/v2\/tags?post=55889"}],"curies":[{"name":"wp","href":"https:\/\/api.w.org\/{rel}","templated":true}]}}