{"id":55837,"date":"2020-12-14T17:57:07","date_gmt":"2020-12-14T23:57:07","guid":{"rendered":"http:\/\/www.grieta.org.mx\/?p=55837"},"modified":"2020-12-18T18:03:57","modified_gmt":"2020-12-19T00:03:57","slug":"sin-estudio-ambiental-regional-inauguran-parque-eolico-en-tizimin","status":"publish","type":"post","link":"https:\/\/www.grieta.org.mx\/index.php\/2020\/12\/14\/sin-estudio-ambiental-regional-inauguran-parque-eolico-en-tizimin\/","title":{"rendered":"Sin estudio ambiental regional, inauguran parque e\u00f3lico en Tizim\u00edn"},"content":{"rendered":"<p><img loading=\"lazy\" decoding=\"async\" data-attachment-id=\"55838\" data-permalink=\"https:\/\/www.grieta.org.mx\/index.php\/2020\/12\/14\/sin-estudio-ambiental-regional-inauguran-parque-eolico-en-tizimin\/eolico-tizimin\/\" data-orig-file=\"https:\/\/www.grieta.org.mx\/wp-content\/uploads\/2020\/12\/eolico-tizimin-e1608335952388.jpg\" data-orig-size=\"800,450\" data-comments-opened=\"0\" data-image-meta=\"{&quot;aperture&quot;:&quot;0&quot;,&quot;credit&quot;:&quot;&quot;,&quot;camera&quot;:&quot;&quot;,&quot;caption&quot;:&quot;&quot;,&quot;created_timestamp&quot;:&quot;0&quot;,&quot;copyright&quot;:&quot;&quot;,&quot;focal_length&quot;:&quot;0&quot;,&quot;iso&quot;:&quot;0&quot;,&quot;shutter_speed&quot;:&quot;0&quot;,&quot;title&quot;:&quot;&quot;,&quot;orientation&quot;:&quot;1&quot;}\" data-image-title=\"eolico-tizimin\" data-image-description=\"\" data-image-caption=\"\" data-medium-file=\"https:\/\/www.grieta.org.mx\/wp-content\/uploads\/2020\/12\/eolico-tizimin-300x169.jpg\" data-large-file=\"https:\/\/www.grieta.org.mx\/wp-content\/uploads\/2020\/12\/eolico-tizimin-1024x576.jpg\" src=\"http:\/\/www.grieta.org.mx\/wp-content\/uploads\/2020\/12\/eolico-tizimin-e1608335952388.jpg\" alt=\"\" width=\"800\" height=\"450\" class=\"alignnone size-full wp-image-55838\" \/><\/p>\n<p>Haz Ruido<\/p>\n<blockquote><p>Adem\u00e1s, anunciaron la construcci\u00f3n de otro en esa misma localidad del oriente y Vila presume que est\u00e1n en puerta otros 24 megaproyectos en Yucat\u00e1n.<\/p><\/blockquote>\n<p>Tizim\u00edn, Yucat\u00e1n, 14 de diciembre de 2020.-El gobernador Mauricio Vila Dosal inaugur\u00f3 oficialmente el Parque E\u00f3lico de Tizim\u00edn, en el que se invirtieron 150 millones de d\u00f3lares. En total, ya est\u00e1n operando cinco de estos megaproyectos en Yucat\u00e1n y se pretenden levantar otros 24, a pesar de que hasta el momento no se ha realizado una evaluaci\u00f3n regional de los impactos ambientales y sociales que provocar\u00edan en su conjunto.<\/p>\n<p>Esta ma\u00f1ana, el mandatario cort\u00f3 el list\u00f3n inaugural de dicha obra y dio a conocer la futura inversi\u00f3n para la construcci\u00f3n de un parque espejo a \u00e9ste, el cual ser\u00e1 el Tizim\u00edn Fase 2, en dicha localidad del oriente del estado.<\/p>\n<p>La compa\u00f1\u00eda due\u00f1a del parque e\u00f3lico se llama Fuerza y Energ\u00eda Limpia de Tizim\u00edn, y \u00e9ste se levant\u00f3 en la comisar\u00eda de Yohact\u00fan de Hidalgo. En el acto se inform\u00f3 que produce 321 Gigawatts por hora (GW\/h) al a\u00f1o.<\/p>\n<p>El director de la compa\u00f1\u00eda, Jaime de la Rosa Frigolet, dijo que desde que empez\u00f3 a funcionar ha contribuido con la producci\u00f3n de m\u00e1s de 640 GW\/h, lo que significa el abastecimiento de 115 mil hogares yucatecos. Supuestamente con esta energ\u00eda producida se ha evitado emisiones por cerca de 70 mil toneladas de di\u00f3xido de carbono.<\/p>\n<p>En su mensaje, Vila Dosal se\u00f1al\u00f3 que, para combatir el cambio clim\u00e1tico, que sus efectos se han visto reflejados en los fen\u00f3menos meteorol\u00f3gicos y la \u00e9poca de lluvias m\u00e1s intensa desde que se tiene registro en Yucat\u00e1n, es importante que las autoridades puedan promover proyectos de energ\u00edas limpias, que a la vez generan crecimiento econ\u00f3mico y contribuyen a bajar las tarifas de electricidad, puesto que en el estado se tiene una de las m\u00e1s altas en todo el pa\u00eds.<\/p>\n<p>El mandatario record\u00f3 que en la entidad se est\u00e1n impulsando otros 24 proyectos de este tipo. Actualmente funcionan tres  parques e\u00f3licos en Tizim\u00edn, Dzilam de Bravo y Progreso, y dos fotovoltaicos en Peto y Progreso.<\/p>\n<p>El parque e\u00f3lico inaugurado este lunes cuenta con 40 aerogeneradores de 2.1 MW cada uno. La energ\u00eda que ah\u00ed se produce es llevada por una l\u00ednea de alta tensi\u00f3n de 47 km hasta el punto de interconexi\u00f3n en la Subestaci\u00f3n de la Comisi\u00f3n Federal de Electricidad (CFE) de Tizim\u00edn, de donde es distribuida.<\/p>\n<p>De acuerdo con los directivos de la empresa, han trabajado de la mano con los pobladores de las comisar\u00edas de Yohact\u00fan, Nuevo Ejido, Xkalach y Santa Clara en consejos consultivos para permitirles operar ah\u00ed. Como parte de los acuerdos tomados, remodelaron la cl\u00ednica de salud de Yohact\u00fan de Hidalgo, dotaron de celdas solares para los sistemas de bombeo de agua potable, e impulsaron un proyecto de internet gratuito para la comunidad.<\/p>\n<p>\u00bfY la evaluaci\u00f3n regional? <\/p>\n<p>Cabe mencionar que en los \u00faltimos a\u00f1os, investigadores y acad\u00e9micos de la asociaci\u00f3n Articulaci\u00f3n Yucat\u00e1n insisten en que la instalaci\u00f3n de los m\u00e1s de 20 megaproyectos e\u00f3licos y solares en el territorio representa un riesgo regional, porque hasta el momento no se ha realizado una evaluaci\u00f3n de los impactos ambientales y sociales que provocar\u00edan.<\/p>\n<p>Aseguran  que el modelo de desarrollo y de implementaci\u00f3n de \u00e9stos representa una amenaza, debido a las caracter\u00edsticas t\u00edpicas de su infraestructura y porque se pretenden instalar en zonas de alta biodiversidad.<\/p>\n<p>Se\u00f1alan que la Ley de Transici\u00f3n Energ\u00e9tica establece en su art\u00edculo 19 que es obligaci\u00f3n de la Semarnat hacer una Evaluaci\u00f3n Ambiental Estrat\u00e9gica Regional en las zonas donde hay un alto potencial energ\u00e9tico, pero hasta la fecha no se ha realizado en la Pen\u00ednsula, a pesar de que se est\u00e1 autorizando una importante cantidad de megaproyectos e\u00f3licos y fotovoltaicos.<\/p>\n<p>Por su parte, la agrupaci\u00f3n M\u00fauch\u2019 X\u00edimbal, la cual une a miembros de m\u00e1s de 20 comunidades mayas de Yucat\u00e1n, ha reiterado en m\u00faltiples ocasiones que estos megaproyectos provocan el despojo de su tierra y territorio. En ese sentido, rechazan que empresas privadas se hagan con el control de miles de hect\u00e1reas de tierras mayas y construyan en ellas parques de energ\u00edas limpias que atentan contra sus valores comunitarios, ambientales, culturales y espirituales.<\/p>\n<p><a href=\"https:\/\/www.hazruido.mx\/reportes\/sin-estudio-ambiental-regional-inauguran-parque-eolico-en-tizimin\/\" rel=\"noopener\" target=\"_blank\">https:\/\/www.hazruido.mx\/reportes\/sin-estudio-ambiental-regional-inauguran-parque-eolico-en-tizimin\/<\/a><\/p>\n","protected":false},"excerpt":{"rendered":"<p>Haz Ruido Adem\u00e1s, anunciaron la construcci\u00f3n de otro en esa misma localidad del oriente y Vila presume que est\u00e1n en puerta otros 24 megaproyectos en Yucat\u00e1n. Tizim\u00edn, Yucat\u00e1n, 14 de &hellip; <a href=\"https:\/\/www.grieta.org.mx\/index.php\/2020\/12\/14\/sin-estudio-ambiental-regional-inauguran-parque-eolico-en-tizimin\/\" class=\"more-link\">Leer m\u00e1s<\/a><\/p>\n","protected":false},"author":2,"featured_media":55838,"comment_status":"closed","ping_status":"closed","sticky":false,"template":"","format":"standard","meta":{"ngg_post_thumbnail":0,"_jetpack_newsletter_access":"","_jetpack_dont_email_post_to_subs":false,"_jetpack_newsletter_tier_id":0,"_jetpack_memberships_contains_paywalled_content":false,"_jetpack_memberships_contains_paid_content":false,"footnotes":""},"categories":[80,3,922,952,2,540,37,1051,1058,36],"tags":[516],"class_list":["post-55837","post","type-post","status-publish","format-standard","has-post-thumbnail","hentry","category-cintillo","category-megaproyectos","category-megaproyectos-estados","category-mp-yucatan","category-noticias-nacionales","category-parque-eolico-dzilam-de-bravo-yucatan","category-parques-eolicos","category-parques-eolicos-y-solares-en-yucatan","category-parques-eolicos-y-solares-en-yucatan-mp-yucatan","category-yucatan","tag-parques-eolicos","entry"],"jetpack_featured_media_url":"https:\/\/www.grieta.org.mx\/wp-content\/uploads\/2020\/12\/eolico-tizimin-e1608335952388.jpg","jetpack_sharing_enabled":true,"jetpack_shortlink":"https:\/\/wp.me\/p7ZJR4-ewB","jetpack_likes_enabled":false,"jetpack-related-posts":[{"id":6189,"url":"https:\/\/www.grieta.org.mx\/index.php\/2016\/08\/29\/avanzan-proyectos-de-parques-eolicos-en-yucatan\/","url_meta":{"origin":55837,"position":0},"title":"Avanzan proyectos de parques e\u00f3licos en Yucat\u00e1n","author":"grieta","date":"29 agosto, 2016","format":false,"excerpt":"29\/08\/16. Sorpresa en obra e\u00f3lica (Yucat\u00e1n) Diario de Yucat\u00e1n 11\/06\/16. En Yucat\u00e1n, empresas de energ\u00eda e\u00f3lica obtendr\u00e1n cr\u00e9ditos hipotecando tierras mayas Mayapolitikon 31\/03\/16. Motul y Ticul \u201cacaparan\u201d parques e\u00f3licos y solares en Yucat\u00e1n Mayapolitikon 03\/12\/15. Pronto nuevo parque e\u00f3lico Diario de Yucat\u00e1n 23\/10\/15. Primer parque e\u00f3lico de Yucat\u00e1n 'alimentar\u00e1' todos\u2026","rel":"","context":"En &quot;16. Pueblo Maya&quot;","block_context":{"text":"16. Pueblo Maya","link":"https:\/\/www.grieta.org.mx\/index.php\/category\/espejos-de-la-resistencia\/16-pueblo-maya\/"},"img":{"alt_text":"","src":"https:\/\/i0.wp.com\/www.grieta.org.mx\/wp-content\/uploads\/2018\/03\/14524434_1106112876131411_958039263622046936_o.jpg?resize=350%2C200&ssl=1","width":350,"height":200,"srcset":"https:\/\/i0.wp.com\/www.grieta.org.mx\/wp-content\/uploads\/2018\/03\/14524434_1106112876131411_958039263622046936_o.jpg?resize=350%2C200&ssl=1 1x, https:\/\/i0.wp.com\/www.grieta.org.mx\/wp-content\/uploads\/2018\/03\/14524434_1106112876131411_958039263622046936_o.jpg?resize=525%2C300&ssl=1 1.5x, https:\/\/i0.wp.com\/www.grieta.org.mx\/wp-content\/uploads\/2018\/03\/14524434_1106112876131411_958039263622046936_o.jpg?resize=700%2C400&ssl=1 2x"},"classes":[]},{"id":39054,"url":"https:\/\/www.grieta.org.mx\/index.php\/2019\/09\/08\/parques-eolicos-y-solares-un-riesgo-regional-yucatan\/","url_meta":{"origin":55837,"position":1},"title":"Parques e\u00f3licos y solares, un riesgo regional (Yucat\u00e1n)","author":"grieta","date":"8 septiembre, 2019","format":false,"excerpt":"Estos megaproyectos se levantan a pesar de que no se realiz\u00f3 una evaluaci\u00f3n regional de las afectaciones ambientales y conflictos sociales que provocan en la Pen\u00ednsula de Yucat\u00e1n. Por Herbeth Escalante\/Fotograf\u00eda de Cuauht\u00e9moc Moreno\/Haz ruido M\u00e9rida, Yucat\u00e1n.- Investigadores de la asociaci\u00f3n Articulaci\u00f3n Yucat\u00e1n insisten en que la instalaci\u00f3n de m\u00e1s\u2026","rel":"","context":"En &quot;CINTILLO&quot;","block_context":{"text":"CINTILLO","link":"https:\/\/www.grieta.org.mx\/index.php\/category\/cintillo\/"},"img":{"alt_text":"","src":"https:\/\/i0.wp.com\/www.grieta.org.mx\/wp-content\/uploads\/2019\/09\/parque-eolico-560x416.jpg?resize=350%2C200&ssl=1","width":350,"height":200,"srcset":"https:\/\/i0.wp.com\/www.grieta.org.mx\/wp-content\/uploads\/2019\/09\/parque-eolico-560x416.jpg?resize=350%2C200&ssl=1 1x, https:\/\/i0.wp.com\/www.grieta.org.mx\/wp-content\/uploads\/2019\/09\/parque-eolico-560x416.jpg?resize=525%2C300&ssl=1 1.5x"},"classes":[]},{"id":34349,"url":"https:\/\/www.grieta.org.mx\/index.php\/2019\/06\/06\/no-se-evaluaron-riesgos-de-megaproyectos-de-energias-alternativas-yucatan\/","url_meta":{"origin":55837,"position":2},"title":"No se evaluaron riesgos de megaproyectos de energ\u00edas alternativas (Yucat\u00e1n)","author":"grieta","date":"6 junio, 2019","format":false,"excerpt":"David Rico\/PorEsto! En Yucat\u00e1n hay 20 megaproyectos de energ\u00edas alternativas, e\u00f3lica y fotovoltaica, pero la mayor\u00eda no cumple con los est\u00e1ndares nacionales e internacionales, en particular con lo que tiene que ver con las consultas a los pueblos ind\u00edgenas y en cuanto a la evaluaci\u00f3n de impacto ambiental, destac\u00f3 ayer\u2026","rel":"","context":"En &quot;CINTILLO&quot;","block_context":{"text":"CINTILLO","link":"https:\/\/www.grieta.org.mx\/index.php\/category\/cintillo\/"},"img":{"alt_text":"","src":"https:\/\/i0.wp.com\/www.grieta.org.mx\/wp-content\/uploads\/2019\/06\/loc11-0506ar016.jpg?resize=350%2C200&ssl=1","width":350,"height":200,"srcset":"https:\/\/i0.wp.com\/www.grieta.org.mx\/wp-content\/uploads\/2019\/06\/loc11-0506ar016.jpg?resize=350%2C200&ssl=1 1x, https:\/\/i0.wp.com\/www.grieta.org.mx\/wp-content\/uploads\/2019\/06\/loc11-0506ar016.jpg?resize=525%2C300&ssl=1 1.5x, https:\/\/i0.wp.com\/www.grieta.org.mx\/wp-content\/uploads\/2019\/06\/loc11-0506ar016.jpg?resize=700%2C400&ssl=1 2x"},"classes":[]},{"id":25360,"url":"https:\/\/www.grieta.org.mx\/index.php\/2018\/07\/31\/en-la-ilegalidad-los-20-proyectos-de-energia-renovable-en-yucatan\/","url_meta":{"origin":55837,"position":3},"title":"En la ilegalidad los 20 proyectos de energ\u00eda renovable en Yucat\u00e1n","author":"grieta","date":"31 julio, 2018","format":false,"excerpt":"Yucat\u00e1n Ahora Bajo la ilegalidad se desarrollan los 20 megaproyectos de energ\u00eda renovable en Yucat\u00e1n, ya que ninguno ha hecho la Evaluaci\u00f3n Ambiental Estrat\u00e9gica (EAE) y s\u00f3lo dos ya efectuaron una Consulta Ind\u00edgena pero ambas s\u00f3lo benefician al sector empresarial, afirm\u00f3 el especialista de la Unidad M\u00e9rida del Centro de\u2026","rel":"","context":"En &quot;16. Pueblo Maya&quot;","block_context":{"text":"16. Pueblo Maya","link":"https:\/\/www.grieta.org.mx\/index.php\/category\/espejos-de-la-resistencia\/16-pueblo-maya\/"},"img":{"alt_text":"","src":"https:\/\/i0.wp.com\/www.grieta.org.mx\/wp-content\/uploads\/2018\/08\/Eolicas.png?resize=350%2C200&ssl=1","width":350,"height":200,"srcset":"https:\/\/i0.wp.com\/www.grieta.org.mx\/wp-content\/uploads\/2018\/08\/Eolicas.png?resize=350%2C200&ssl=1 1x, https:\/\/i0.wp.com\/www.grieta.org.mx\/wp-content\/uploads\/2018\/08\/Eolicas.png?resize=525%2C300&ssl=1 1.5x, https:\/\/i0.wp.com\/www.grieta.org.mx\/wp-content\/uploads\/2018\/08\/Eolicas.png?resize=700%2C400&ssl=1 2x"},"classes":[]},{"id":54206,"url":"https:\/\/www.grieta.org.mx\/index.php\/2020\/10\/14\/parques-eolicos-causaron-las-inundaciones-afirman-ejidatarios-de-ixil-yucatan\/","url_meta":{"origin":55837,"position":4},"title":"\u201cParques e\u00f3licos causaron las inundaciones\u201d, afirman ejidatarios de Ixil (Yucat\u00e1n)","author":"grieta","date":"14 octubre, 2020","format":false,"excerpt":"MayaPolitikon \u201cTengo sesenta a\u00f1os y jam\u00e1s hab\u00eda visto inundaciones como estas que padecemos hoy\u201d, dice Cecilio Cisneros, un ejidatario de Ixil cuyo comisariado encabeza la resistencia a la entrada de parques e\u00f3licos en el territorio. \u00bf\u201dHacia d\u00f3nde quieren que corra el agua, si le han bloqueado el paso hacia la\u2026","rel":"","context":"En &quot;CINTILLO&quot;","block_context":{"text":"CINTILLO","link":"https:\/\/www.grieta.org.mx\/index.php\/category\/cintillo\/"},"img":{"alt_text":"","src":"https:\/\/i0.wp.com\/www.grieta.org.mx\/wp-content\/uploads\/2020\/10\/CecilioCisneros.png?resize=350%2C200","width":350,"height":200},"classes":[]},{"id":45739,"url":"https:\/\/www.grieta.org.mx\/index.php\/2020\/02\/29\/yucatan-pierde-manglar-a-causa-de-parques-eolicos-y-fotovoltaicos-denuncian\/","url_meta":{"origin":55837,"position":5},"title":"Yucat\u00e1n pierde manglar a causa de parques e\u00f3licos y fotovoltaicos, denuncian","author":"grieta","date":"29 febrero, 2020","format":false,"excerpt":"J\u00e9ssica Garc\u00eda \/ Noticaribe M\u00c9RIDA, MX.- M\u00e1s de dos mil 500 hect\u00e1reas de manglar se encuentran en proceso de degradaci\u00f3n en la regi\u00f3n de Yucat\u00e1n, como consecuencia de la construcci\u00f3n de carreteras y el desarrollo de parques e\u00f3licos y fotovoltaicos. Bajo la premisa que marca la Ley General de Cambio\u2026","rel":"","context":"En &quot;CINTILLO&quot;","block_context":{"text":"CINTILLO","link":"https:\/\/www.grieta.org.mx\/index.php\/category\/cintillo\/"},"img":{"alt_text":"","src":"https:\/\/i0.wp.com\/www.grieta.org.mx\/wp-content\/uploads\/2020\/03\/eolico-e1583534162483.png?resize=350%2C200&ssl=1","width":350,"height":200,"srcset":"https:\/\/i0.wp.com\/www.grieta.org.mx\/wp-content\/uploads\/2020\/03\/eolico-e1583534162483.png?resize=350%2C200&ssl=1 1x, https:\/\/i0.wp.com\/www.grieta.org.mx\/wp-content\/uploads\/2020\/03\/eolico-e1583534162483.png?resize=525%2C300&ssl=1 1.5x, https:\/\/i0.wp.com\/www.grieta.org.mx\/wp-content\/uploads\/2020\/03\/eolico-e1583534162483.png?resize=700%2C400&ssl=1 2x"},"classes":[]}],"_links":{"self":[{"href":"https:\/\/www.grieta.org.mx\/index.php\/wp-json\/wp\/v2\/posts\/55837","targetHints":{"allow":["GET"]}}],"collection":[{"href":"https:\/\/www.grieta.org.mx\/index.php\/wp-json\/wp\/v2\/posts"}],"about":[{"href":"https:\/\/www.grieta.org.mx\/index.php\/wp-json\/wp\/v2\/types\/post"}],"author":[{"embeddable":true,"href":"https:\/\/www.grieta.org.mx\/index.php\/wp-json\/wp\/v2\/users\/2"}],"replies":[{"embeddable":true,"href":"https:\/\/www.grieta.org.mx\/index.php\/wp-json\/wp\/v2\/comments?post=55837"}],"version-history":[{"count":1,"href":"https:\/\/www.grieta.org.mx\/index.php\/wp-json\/wp\/v2\/posts\/55837\/revisions"}],"predecessor-version":[{"id":55839,"href":"https:\/\/www.grieta.org.mx\/index.php\/wp-json\/wp\/v2\/posts\/55837\/revisions\/55839"}],"wp:featuredmedia":[{"embeddable":true,"href":"https:\/\/www.grieta.org.mx\/index.php\/wp-json\/wp\/v2\/media\/55838"}],"wp:attachment":[{"href":"https:\/\/www.grieta.org.mx\/index.php\/wp-json\/wp\/v2\/media?parent=55837"}],"wp:term":[{"taxonomy":"category","embeddable":true,"href":"https:\/\/www.grieta.org.mx\/index.php\/wp-json\/wp\/v2\/categories?post=55837"},{"taxonomy":"post_tag","embeddable":true,"href":"https:\/\/www.grieta.org.mx\/index.php\/wp-json\/wp\/v2\/tags?post=55837"}],"curies":[{"name":"wp","href":"https:\/\/api.w.org\/{rel}","templated":true}]}}