{"id":55773,"date":"2020-12-02T17:42:49","date_gmt":"2020-12-02T23:42:49","guid":{"rendered":"http:\/\/www.grieta.org.mx\/?p=55773"},"modified":"2020-12-13T17:48:33","modified_gmt":"2020-12-13T23:48:33","slug":"acusan-que-construccion-de-barda-dana-cerros-en-la-canada-queretaro","status":"publish","type":"post","link":"https:\/\/www.grieta.org.mx\/index.php\/2020\/12\/02\/acusan-que-construccion-de-barda-dana-cerros-en-la-canada-queretaro\/","title":{"rendered":"Acusan que construcci\u00f3n de barda da\u00f1a cerros en La Ca\u00f1ada (Quer\u00e9taro)"},"content":{"rendered":"<p><img loading=\"lazy\" decoding=\"async\" data-attachment-id=\"55774\" data-permalink=\"https:\/\/www.grieta.org.mx\/index.php\/2020\/12\/02\/acusan-que-construccion-de-barda-dana-cerros-en-la-canada-queretaro\/acusan-que-construccion-de-barda-dana-cerros-en-la-canada-qro-dic\/\" data-orig-file=\"https:\/\/www.grieta.org.mx\/wp-content\/uploads\/2020\/12\/Acusan-que-construccion-de-barda-dana-cerros-en-La-Canada-qro-dic.jpg\" data-orig-size=\"696,340\" data-comments-opened=\"0\" data-image-meta=\"{&quot;aperture&quot;:&quot;0&quot;,&quot;credit&quot;:&quot;&quot;,&quot;camera&quot;:&quot;&quot;,&quot;caption&quot;:&quot;&quot;,&quot;created_timestamp&quot;:&quot;0&quot;,&quot;copyright&quot;:&quot;&quot;,&quot;focal_length&quot;:&quot;0&quot;,&quot;iso&quot;:&quot;0&quot;,&quot;shutter_speed&quot;:&quot;0&quot;,&quot;title&quot;:&quot;&quot;,&quot;orientation&quot;:&quot;0&quot;}\" data-image-title=\"Acusan que construcci\u00f3n de barda da\u00f1a cerros en La Ca\u00f1ada qro dic\" data-image-description=\"\" data-image-caption=\"\" data-medium-file=\"https:\/\/www.grieta.org.mx\/wp-content\/uploads\/2020\/12\/Acusan-que-construccion-de-barda-dana-cerros-en-La-Canada-qro-dic-300x147.jpg\" data-large-file=\"https:\/\/www.grieta.org.mx\/wp-content\/uploads\/2020\/12\/Acusan-que-construccion-de-barda-dana-cerros-en-La-Canada-qro-dic.jpg\" class=\"alignnone  wp-image-55774\" src=\"http:\/\/www.grieta.org.mx\/wp-content\/uploads\/2020\/12\/Acusan-que-construccion-de-barda-dana-cerros-en-La-Canada-qro-dic.jpg\" alt=\"\" width=\"643\" height=\"314\" srcset=\"https:\/\/www.grieta.org.mx\/wp-content\/uploads\/2020\/12\/Acusan-que-construccion-de-barda-dana-cerros-en-La-Canada-qro-dic.jpg 696w, https:\/\/www.grieta.org.mx\/wp-content\/uploads\/2020\/12\/Acusan-que-construccion-de-barda-dana-cerros-en-La-Canada-qro-dic-300x147.jpg 300w\" sizes=\"auto, (max-width: 643px) 100vw, 643px\" \/><\/p>\n<h6>Un grupo de ciudadanos denunciaron da\u00f1o ambiental y ecol\u00f3gico por la construcci\u00f3n de una barda en La Ca\u00f1ada. Foto: Especial<\/h6>\n<p>Anaid Mendoza \/ C\u00f3digo Qro<\/p>\n<h2><strong>La organizaci\u00f3n civil \u00abRescatemos los cerros de La Ca\u00f1ada\u00bb asegura que la construcci\u00f3n de una barda en la ampliaci\u00f3n de un fraccionamiento causa da\u00f1o ecol\u00f3gico y ambiental en el municipio de El Marqu\u00e9s<\/strong><\/h2>\n<p>Un grupo de la sociedad civil, <strong>denominado \u201cRescatemos los cerros de La Ca\u00f1ada\u201d, asegura que la construcci\u00f3n de una barda perimetral<\/strong> en los cerros de esta demarcaci\u00f3n causa da\u00f1o ecol\u00f3gico y ambiental; barda que forma parte de la ampliaci\u00f3n del fraccionamiento propiedad de la inmobiliaria Millahue, S.A. de C.V y Productos de Uva.<\/p>\n<p>El integrante de la organizaci\u00f3n Sa\u00fal Hern\u00e1ndez indic\u00f3 que la agrupaci\u00f3n est\u00e1 conformada por habitantes de La Ca\u00f1ada, perteneciente al Municipio de El Marqu\u00e9s, con el fin de preservar las laderas, pe\u00f1as y cerros de la demarcaci\u00f3n, <strong>as\u00ed como vigilar la normatividad aplicable en desarrollo urbano sustentable, en respeto a una vida digna.<\/strong><\/p>\n<p>En ese contexto, <strong>Sa\u00fal Hern\u00e1ndez abund\u00f3 que la barda de tabique blanco cuya construcci\u00f3n inici\u00f3 hace seis meses<\/strong> en el cerro a espaldas del pante\u00f3n municipal, provoca una clara contaminaci\u00f3n visual en el entorno y medio ambiente en la cabecera municipal.<\/p>\n<p>\u201cEsta obra, tiene un gran impacto ambiental, no solo en la poblaci\u00f3n de La Ca\u00f1ada, sino que tambi\u00e9n en todo el estado de Quer\u00e9taro y en distintas colonias, caus\u00e1ndoles da\u00f1o ecol\u00f3gico, debido a que <strong>se han presentado deslaves y contaminaci\u00f3n al r\u00edo por las descargas ilegales de aguas residuales<\/strong> que hemos documentado desde que inici\u00f3 esta obra y que contin\u00faa\u201d.<\/p>\n<p>Asimismo, Victorino Coronel, otro integrante de la organizaci\u00f3n, inform\u00f3 que el pasado 27 de octubre presentaron <strong>una denuncia ante la Procuradur\u00eda Estatal de Protecci\u00f3n al Medio Ambiente y Desarrollo Urbano (Pepmadu),<\/strong> autoridad que posteriormente les confirm\u00f3 que la obra se encuentra suspendida.<\/p>\n<p>Sin embargo, <strong>la organizaci\u00f3n exigi\u00f3 un alto a los cambios de uso de suelo, permutas, donaciones y ventas<\/strong> de las \u00e1reas naturales protegidas y que los tres niveles de Gobierno, revisen el cumplimiento de las normas ambientales a trav\u00e9s de visitas, supervisiones, peritajes, levantamiento topogr\u00e1fico y estudios tanto de impacto ambiental como ecol\u00f3gico.<\/p>\n<p><a href=\"http:\/\/www.codigoqro.mx\/2020\/12\/02\/acusan-que-construccion-de-barda-dana-cerros-en-la-canada\/\" target=\"_blank\" rel=\"noopener\">http:\/\/www.codigoqro.mx\/2020\/12\/02\/acusan-que-construccion-de-barda-dana-cerros-en-la-canada\/<\/a><\/p>\n","protected":false},"excerpt":{"rendered":"<p>Un grupo de ciudadanos denunciaron da\u00f1o ambiental y ecol\u00f3gico por la construcci\u00f3n de una barda en La Ca\u00f1ada. Foto: Especial Anaid Mendoza \/ C\u00f3digo Qro La organizaci\u00f3n civil \u00abRescatemos los &hellip; <a href=\"https:\/\/www.grieta.org.mx\/index.php\/2020\/12\/02\/acusan-que-construccion-de-barda-dana-cerros-en-la-canada-queretaro\/\" class=\"more-link\">Leer m\u00e1s<\/a><\/p>\n","protected":false},"author":2,"featured_media":55774,"comment_status":"closed","ping_status":"closed","sticky":false,"template":"","format":"standard","meta":{"ngg_post_thumbnail":0,"_jetpack_newsletter_access":"","_jetpack_dont_email_post_to_subs":false,"_jetpack_newsletter_tier_id":0,"_jetpack_memberships_contains_paywalled_content":false,"_jetpack_memberships_contains_paid_content":false,"footnotes":""},"categories":[80,2481,2533,1277,2480,2978,2,27],"tags":[1210,223],"class_list":["post-55773","post","type-post","status-publish","format-standard","has-post-thumbnail","hentry","category-cintillo","category-conflictos-ambientales-en-queretaro","category-conflictos-por-desarrollos-inmobiliarios-en-queretaro","category-despojo-de-tierras-en-queretaro","category-lucha-y-resistencia-del-pueblo-de-queretaro","category-movilizaciones-y-protestas-de-habitantes-en-queretaro","category-noticias-nacionales","category-queretaro","tag-conflictos-por-desarrollos-inmobiliarios","tag-ecocidio","entry"],"jetpack_featured_media_url":"https:\/\/www.grieta.org.mx\/wp-content\/uploads\/2020\/12\/Acusan-que-construccion-de-barda-dana-cerros-en-La-Canada-qro-dic.jpg","jetpack_sharing_enabled":true,"jetpack_shortlink":"https:\/\/wp.me\/p7ZJR4-evz","jetpack_likes_enabled":false,"jetpack-related-posts":[{"id":55464,"url":"https:\/\/www.grieta.org.mx\/index.php\/2020\/11\/25\/denuncian-ante-semarnat-y-profepa-la-construccion-de-punto-olivo-en-queretaro\/","url_meta":{"origin":55773,"position":0},"title":"Denuncian ante Semarnat y Profepa la construcci\u00f3n de \u201cPunto Olivo\u201d, en Quer\u00e9taro","author":"grieta","date":"25 noviembre, 2020","format":false,"excerpt":"Las car\u00e1tulas de las denuncias que difunden desde la p\u00e1gina \u201cCiudadanos Reforestando Quer\u00e9taro\u201d. Iv\u00e1n Aldama Garnica \/ Liberta de Palabra En un video promocional, es difundido que el desarrollo se ubica \u201centre dos hermosas \u00e1reas naturales protegidas\u201d. Quer\u00e9taro, Qro.- Federico Orozco Mouret y Jessica Guerrero Nieto anunciaron que interpusieron una\u2026","rel":"","context":"En &quot;CINTILLO&quot;","block_context":{"text":"CINTILLO","link":"https:\/\/www.grieta.org.mx\/index.php\/category\/cintillo\/"},"img":{"alt_text":"","src":"https:\/\/i0.wp.com\/www.grieta.org.mx\/wp-content\/uploads\/2020\/11\/Denuncian-ante-Semarnat-y-Profepa-la-construccio%CC%81n-de-Punto-Olivo-en-Quere%CC%81taro-1024x536-1.jpg?resize=350%2C200&ssl=1","width":350,"height":200,"srcset":"https:\/\/i0.wp.com\/www.grieta.org.mx\/wp-content\/uploads\/2020\/11\/Denuncian-ante-Semarnat-y-Profepa-la-construccio%CC%81n-de-Punto-Olivo-en-Quere%CC%81taro-1024x536-1.jpg?resize=350%2C200&ssl=1 1x, https:\/\/i0.wp.com\/www.grieta.org.mx\/wp-content\/uploads\/2020\/11\/Denuncian-ante-Semarnat-y-Profepa-la-construccio%CC%81n-de-Punto-Olivo-en-Quere%CC%81taro-1024x536-1.jpg?resize=525%2C300&ssl=1 1.5x, https:\/\/i0.wp.com\/www.grieta.org.mx\/wp-content\/uploads\/2020\/11\/Denuncian-ante-Semarnat-y-Profepa-la-construccio%CC%81n-de-Punto-Olivo-en-Quere%CC%81taro-1024x536-1.jpg?resize=700%2C400&ssl=1 2x"},"classes":[]},{"id":33077,"url":"https:\/\/www.grieta.org.mx\/index.php\/2019\/05\/07\/ecologista-acusa-a-desarolladores-por-incendio-en-pena-colorada-queretaro\/","url_meta":{"origin":55773,"position":1},"title":"Ecologista acusa a desarolladores por incendio en Pe\u00f1a Colorada (Quer\u00e9taro)","author":"grieta","date":"7 mayo, 2019","format":false,"excerpt":"El fuego arras\u00f3 con 15 hect\u00e1reas y ahora podr\u00edan querer construir, dice Am\u00e9rica Vizca\u00edno Alejandro Pay\u00e1n V\u00e1zquez \/ El Diario de Quer\u00e9taro El incendio registrado la tarde del domingo en las inmediaciones de la zona protegida conocida como Pe\u00f1a Colorada podr\u00eda haber sido provocado por desarrolladores, indic\u00f3 Am\u00e9rica Vizca\u00edno Sahag\u00fan,\u2026","rel":"","context":"En &quot;CINTILLO&quot;","block_context":{"text":"CINTILLO","link":"https:\/\/www.grieta.org.mx\/index.php\/category\/cintillo\/"},"img":{"alt_text":"","src":"https:\/\/i0.wp.com\/www.grieta.org.mx\/wp-content\/uploads\/2019\/05\/q11-incendio_0.jpg?resize=350%2C200&ssl=1","width":350,"height":200,"srcset":"https:\/\/i0.wp.com\/www.grieta.org.mx\/wp-content\/uploads\/2019\/05\/q11-incendio_0.jpg?resize=350%2C200&ssl=1 1x, https:\/\/i0.wp.com\/www.grieta.org.mx\/wp-content\/uploads\/2019\/05\/q11-incendio_0.jpg?resize=525%2C300&ssl=1 1.5x"},"classes":[]},{"id":16581,"url":"https:\/\/www.grieta.org.mx\/index.php\/2016\/07\/21\/conflictos-ambientales-por-desarrollos-urbanos-en-queretaro\/","url_meta":{"origin":55773,"position":2},"title":"Conflictos ambientales por desarrollos urbanos en Quer\u00e9taro","author":"grieta","date":"21 julio, 2016","format":false,"excerpt":"21\/07\/16. Analizan ambientalistas con Calzada Mercado, tema de Pe\u00f1a Colorada AM Quer\u00e9taro 12\/07\/16. Demanda Am\u00e9rica suspender desarrollo en Pe\u00f1a Colorada Plaza de Armas 09\/07\/16. Exhortan ambientalistas a imponer sanciones por caso Pe\u00f1a Colorada AM Quer\u00e9taro 14\/08\/15. Tendr\u00edan inter\u00e9s en Pe\u00f1a Colorada AM Quer\u00e9taro 12\/08\/15. No fuimos consultados para decreto: ejidatarios\u2026","rel":"","context":"En &quot;\u00c1reas naturales protegidas&quot;","block_context":{"text":"\u00c1reas naturales protegidas","link":"https:\/\/www.grieta.org.mx\/index.php\/category\/megaproyectos\/areas-naturales-protegidas\/"},"img":{"alt_text":"","src":"https:\/\/i0.wp.com\/www.grieta.org.mx\/wp-content\/uploads\/2018\/03\/14524434_1106112876131411_958039263622046936_o.jpg?resize=350%2C200&ssl=1","width":350,"height":200,"srcset":"https:\/\/i0.wp.com\/www.grieta.org.mx\/wp-content\/uploads\/2018\/03\/14524434_1106112876131411_958039263622046936_o.jpg?resize=350%2C200&ssl=1 1x, https:\/\/i0.wp.com\/www.grieta.org.mx\/wp-content\/uploads\/2018\/03\/14524434_1106112876131411_958039263622046936_o.jpg?resize=525%2C300&ssl=1 1.5x, https:\/\/i0.wp.com\/www.grieta.org.mx\/wp-content\/uploads\/2018\/03\/14524434_1106112876131411_958039263622046936_o.jpg?resize=700%2C400&ssl=1 2x"},"classes":[]},{"id":5252,"url":"https:\/\/www.grieta.org.mx\/index.php\/2016\/03\/15\/impacto-ambiental-en-queretaro-por-construccion-de-centro-comercial\/","url_meta":{"origin":55773,"position":3},"title":"Impacto ambiental en Quer\u00e9taro por construcci\u00f3n de centro comercial","author":"grieta","date":"15 marzo, 2016","format":false,"excerpt":"15\/03\/16. Vigilar\u00e1n que cumplan requisitos para construcci\u00f3n de supermercado AM Quer\u00e9taro 14\/03\/15. Se oponen a llegada de supermercado AM Quer\u00e9taro 9\/03\/15. Desechan acci\u00f3n popular promovida por vecinos por cambios en el uso de suelo AM Quer\u00e9taro 04\/08\/15. Oposici\u00f3n a supermercado en Milenio III Noticias de Quer\u00e9taro","rel":"","context":"En &quot;NOTICIAS NACIONALES&quot;","block_context":{"text":"NOTICIAS NACIONALES","link":"https:\/\/www.grieta.org.mx\/index.php\/category\/noticias-nacionales\/"},"img":{"alt_text":"","src":"https:\/\/i0.wp.com\/www.grieta.org.mx\/wp-content\/uploads\/2018\/03\/14524434_1106112876131411_958039263622046936_o.jpg?resize=350%2C200&ssl=1","width":350,"height":200,"srcset":"https:\/\/i0.wp.com\/www.grieta.org.mx\/wp-content\/uploads\/2018\/03\/14524434_1106112876131411_958039263622046936_o.jpg?resize=350%2C200&ssl=1 1x, https:\/\/i0.wp.com\/www.grieta.org.mx\/wp-content\/uploads\/2018\/03\/14524434_1106112876131411_958039263622046936_o.jpg?resize=525%2C300&ssl=1 1.5x, https:\/\/i0.wp.com\/www.grieta.org.mx\/wp-content\/uploads\/2018\/03\/14524434_1106112876131411_958039263622046936_o.jpg?resize=700%2C400&ssl=1 2x"},"classes":[]},{"id":56460,"url":"https:\/\/www.grieta.org.mx\/index.php\/2021\/01\/28\/vecinos-protestan-por-cobros-de-la-cea-de-hasta-70-mil-pesos-sin-tener-servicio-queretaro\/","url_meta":{"origin":55773,"position":4},"title":"VECINOS PROTESTAN POR COBROS DE LA CEA DE HASTA 70 MIL PESOS SIN TENER SERVICIO (Quer\u00e9taro)","author":"grieta","date":"28 enero, 2021","format":false,"excerpt":"INFOQROMEX Santiago de Quer\u00e9taro, Qro., a 28 de enero de 2021. Vecinos del fraccionamiento Paseos de San Miguel en la Delegaci\u00f3n F\u00e9lix Osores del municipio de Quer\u00e9taro protestan ante la Comisi\u00f3n Estatal de Aguas por cobros excesivos y la falta de servicio, hace seis a\u00f1os realizaron acuerdos con el Organismo\u2026","rel":"","context":"En &quot;CINTILLO&quot;","block_context":{"text":"CINTILLO","link":"https:\/\/www.grieta.org.mx\/index.php\/category\/cintillo\/"},"img":{"alt_text":"","src":"https:\/\/i0.wp.com\/www.grieta.org.mx\/wp-content\/uploads\/2021\/01\/VECINOS-PROTESTAN-POR-COBROS-DE-LA-CEA-DE-HASTA-70-MIL-PESOS-SIN-TENER-SERVICIO-qro-ene.jpg?resize=350%2C200&ssl=1","width":350,"height":200,"srcset":"https:\/\/i0.wp.com\/www.grieta.org.mx\/wp-content\/uploads\/2021\/01\/VECINOS-PROTESTAN-POR-COBROS-DE-LA-CEA-DE-HASTA-70-MIL-PESOS-SIN-TENER-SERVICIO-qro-ene.jpg?resize=350%2C200&ssl=1 1x, https:\/\/i0.wp.com\/www.grieta.org.mx\/wp-content\/uploads\/2021\/01\/VECINOS-PROTESTAN-POR-COBROS-DE-LA-CEA-DE-HASTA-70-MIL-PESOS-SIN-TENER-SERVICIO-qro-ene.jpg?resize=525%2C300&ssl=1 1.5x, https:\/\/i0.wp.com\/www.grieta.org.mx\/wp-content\/uploads\/2021\/01\/VECINOS-PROTESTAN-POR-COBROS-DE-LA-CEA-DE-HASTA-70-MIL-PESOS-SIN-TENER-SERVICIO-qro-ene.jpg?resize=700%2C400&ssl=1 2x"},"classes":[]},{"id":33911,"url":"https:\/\/www.grieta.org.mx\/index.php\/2019\/05\/27\/denuncian-habitantes-de-la-8-de-diciembre-que-incendios-son-provocados-queretaro\/","url_meta":{"origin":55773,"position":5},"title":"Denuncian habitantes de la 8 de diciembre que incendios son provocados (Quer\u00e9taro)","author":"grieta","date":"27 mayo, 2019","format":false,"excerpt":"Al recorrer las faldas del cerro en donde se encuentra vegetaci\u00f3n quemada, los colonos advirtieron que de continuar los incendios y la deforestaci\u00f3n, se generar\u00e1 un problema de seguridad y ecol\u00f3gico Redacci\u00f3n \/ Diario de Quer\u00e9taro Habitantes de la colonia 8 de diciembre, en la delegaci\u00f3n Villa Cayetano Rubio, denunciaron\u2026","rel":"","context":"En &quot;CINTILLO&quot;","block_context":{"text":"CINTILLO","link":"https:\/\/www.grieta.org.mx\/index.php\/category\/cintillo\/"},"img":{"alt_text":"","src":"https:\/\/i0.wp.com\/www.grieta.org.mx\/wp-content\/uploads\/2019\/05\/Vecinos-de-la.jpg?resize=350%2C200&ssl=1","width":350,"height":200,"srcset":"https:\/\/i0.wp.com\/www.grieta.org.mx\/wp-content\/uploads\/2019\/05\/Vecinos-de-la.jpg?resize=350%2C200&ssl=1 1x, https:\/\/i0.wp.com\/www.grieta.org.mx\/wp-content\/uploads\/2019\/05\/Vecinos-de-la.jpg?resize=525%2C300&ssl=1 1.5x, https:\/\/i0.wp.com\/www.grieta.org.mx\/wp-content\/uploads\/2019\/05\/Vecinos-de-la.jpg?resize=700%2C400&ssl=1 2x"},"classes":[]}],"_links":{"self":[{"href":"https:\/\/www.grieta.org.mx\/index.php\/wp-json\/wp\/v2\/posts\/55773","targetHints":{"allow":["GET"]}}],"collection":[{"href":"https:\/\/www.grieta.org.mx\/index.php\/wp-json\/wp\/v2\/posts"}],"about":[{"href":"https:\/\/www.grieta.org.mx\/index.php\/wp-json\/wp\/v2\/types\/post"}],"author":[{"embeddable":true,"href":"https:\/\/www.grieta.org.mx\/index.php\/wp-json\/wp\/v2\/users\/2"}],"replies":[{"embeddable":true,"href":"https:\/\/www.grieta.org.mx\/index.php\/wp-json\/wp\/v2\/comments?post=55773"}],"version-history":[{"count":1,"href":"https:\/\/www.grieta.org.mx\/index.php\/wp-json\/wp\/v2\/posts\/55773\/revisions"}],"predecessor-version":[{"id":55775,"href":"https:\/\/www.grieta.org.mx\/index.php\/wp-json\/wp\/v2\/posts\/55773\/revisions\/55775"}],"wp:featuredmedia":[{"embeddable":true,"href":"https:\/\/www.grieta.org.mx\/index.php\/wp-json\/wp\/v2\/media\/55774"}],"wp:attachment":[{"href":"https:\/\/www.grieta.org.mx\/index.php\/wp-json\/wp\/v2\/media?parent=55773"}],"wp:term":[{"taxonomy":"category","embeddable":true,"href":"https:\/\/www.grieta.org.mx\/index.php\/wp-json\/wp\/v2\/categories?post=55773"},{"taxonomy":"post_tag","embeddable":true,"href":"https:\/\/www.grieta.org.mx\/index.php\/wp-json\/wp\/v2\/tags?post=55773"}],"curies":[{"name":"wp","href":"https:\/\/api.w.org\/{rel}","templated":true}]}}